{"id":89277,"date":"2021-11-16T00:57:17","date_gmt":"2021-11-15T23:57:17","guid":{"rendered":"https:\/\/territorialchallenges.com\/?p=89277"},"modified":"2022-05-02T21:59:23","modified_gmt":"2022-05-02T19:59:23","slug":"covid-19-les-collectivites-territoriales-a-lheure-du-numerique-responsable","status":"publish","type":"post","link":"https:\/\/territorialchallenges.com\/pt\/2021\/11\/16\/covid-19-les-collectivites-territoriales-a-lheure-du-numerique-responsable\/89277\/","title":{"rendered":"Covid 19: Autoridades locais na era da tecnologia digital respons\u00e1vel"},"content":{"rendered":"<p>TI Verde, ou simplesmente &quot;tecnologia digital respons\u00e1vel&quot;, \u00e9 um termo que hoje est\u00e1 firmemente estabelecido em todas as empresas de alta tecnologia. Surgiu originalmente no in\u00edcio da d\u00e9cada de 1990 como um conceito de ponta bastante abstrato, uma poss\u00edvel teoria ideol\u00f3gica ecol\u00f3gica para o mundo da TI. Desde seu surgimento na d\u00e9cada de\u2026 <\/p>\n<div class=\"pmpro_content_message\">Artigo dispon\u00edvel somente para assinantes.<br \/><a href=\"https:\/\/territorialchallenges.com\/wp-login.php\">Conecte-se<\/a><br \/><a href=\"https:\/\/territorialchallenges.com\/pt\/wp-login.php\/?action=register\">Registrar<\/a><\/div>","protected":false},"excerpt":{"rendered":"<p>Le green IT ou tout simplement en fran\u00e7ais \u00abnum\u00e9rique responsable\u00bb, est une expression inscrite aujourd\u2019hui dans le marbre de chaque entreprise de l\u2019industrie high-tech. A l\u2019origine, vers le d\u00e9but des ann\u00e9es 90, elle \u00e9tait apparue comme un \u00e9tat de l\u2019art bien abstrait, une possible th\u00e9orie id\u00e9ologique \u00e9cologique du monde informatique. Depuis son apparition dans le... <\/p>\n<div class=\"pmpro_content_message\">Artigo dispon\u00edvel somente para assinantes.<br \/><a href=\"https:\/\/territorialchallenges.com\/wp-login.php\">Conecte-se<\/a><br \/><a href=\"https:\/\/territorialchallenges.com\/pt\/wp-login.php\/?action=register\">Registrar<\/a><\/div>","protected":false},"author":11,"featured_media":89278,"comment_status":"open","ping_status":"open","sticky":true,"template":"","format":"standard","meta":{"pmpro_default_level":0,"footnotes":""},"categories":[130,117],"tags":[],"blocksy_meta":"","yoast_head":"<!-- This site is optimized with the Yoast SEO plugin v21.5 - https:\/\/yoast.com\/wordpress\/plugins\/seo\/ -->\n<title>Covid 19 : Les collectivit\u00e9s territoriales \u00e0 l\u2019heure du num\u00e9rique responsable - Territorial Challenges<\/title>\n<meta name=\"robots\" content=\"index, follow, max-snippet:-1, max-image-preview:large, max-video-preview:-1\" \/>\n<link rel=\"canonical\" href=\"https:\/\/territorialchallenges.com\/pt\/2021\/11\/16\/covid-19-les-collectivites-territoriales-a-lheure-du-numerique-responsable\/89277\/\" \/>\n<meta property=\"og:locale\" content=\"pt_PT\" \/>\n<meta property=\"og:type\" content=\"article\" \/>\n<meta property=\"og:title\" content=\"Covid 19 : Les collectivit\u00e9s territoriales \u00e0 l\u2019heure du num\u00e9rique responsable - Territorial Challenges\" \/>\n<meta property=\"og:description\" content=\"Le green IT ou tout simplement en fran\u00e7ais \u00abnum\u00e9rique responsable\u00bb, est une expression inscrite aujourd\u2019hui dans le marbre de chaque entreprise de l\u2019industrie high-tech. A l\u2019origine, vers le d\u00e9but des ann\u00e9es 90, elle \u00e9tait apparue comme un \u00e9tat de l\u2019art bien abstrait, une possible th\u00e9orie id\u00e9ologique \u00e9cologique du monde informatique. Depuis son apparition dans le [&hellip;]\" \/>\n<meta property=\"og:url\" content=\"https:\/\/territorialchallenges.com\/pt\/2021\/11\/16\/covid-19-les-collectivites-territoriales-a-lheure-du-numerique-responsable\/89277\/\" \/>\n<meta property=\"og:site_name\" content=\"Territorial Challenges\" \/>\n<meta property=\"article:published_time\" content=\"2021-11-15T23:57:17+00:00\" \/>\n<meta property=\"article:modified_time\" content=\"2022-05-02T19:59:23+00:00\" \/>\n<meta property=\"og:image\" content=\"https:\/\/territorialchallenges.com\/wp-content\/uploads\/2021\/02\/reflexionfaiteimageville.jpg\" \/>\n\t<meta property=\"og:image:width\" content=\"1920\" \/>\n\t<meta property=\"og:image:height\" content=\"1143\" \/>\n\t<meta property=\"og:image:type\" content=\"image\/jpeg\" \/>\n<meta name=\"author\" content=\"ni.abdi\" \/>\n<meta name=\"twitter:card\" content=\"summary_large_image\" \/>\n<meta name=\"twitter:creator\" content=\"@Ni.abdi\" \/>\n<meta name=\"twitter:label1\" content=\"Escrito por\" \/>\n\t<meta name=\"twitter:data1\" content=\"ni.abdi\" \/>\n\t<meta name=\"twitter:label2\" content=\"Tempo estimado de leitura\" \/>\n\t<meta name=\"twitter:data2\" content=\"3 minutos\" \/>\n<script type=\"application\/ld+json\" class=\"yoast-schema-graph\">{\"@context\":\"https:\/\/schema.org\",\"@graph\":[{\"@type\":\"Article\",\"@id\":\"https:\/\/territorialchallenges.com\/2021\/11\/16\/covid-19-les-collectivites-territoriales-a-lheure-du-numerique-responsable\/89277\/#article\",\"isPartOf\":{\"@id\":\"https:\/\/territorialchallenges.com\/2021\/11\/16\/covid-19-les-collectivites-territoriales-a-lheure-du-numerique-responsable\/89277\/\"},\"author\":{\"name\":\"ni.abdi\",\"@id\":\"https:\/\/territorialchallenges.com\/#\/schema\/person\/098f145c7c61a021c425e010f840080f\"},\"headline\":\"Covid 19 : Les collectivit\u00e9s territoriales \u00e0 l\u2019heure du num\u00e9rique responsable\",\"datePublished\":\"2021-11-15T23:57:17+00:00\",\"dateModified\":\"2022-05-02T19:59:23+00:00\",\"mainEntityOfPage\":{\"@id\":\"https:\/\/territorialchallenges.com\/2021\/11\/16\/covid-19-les-collectivites-territoriales-a-lheure-du-numerique-responsable\/89277\/\"},\"wordCount\":656,\"commentCount\":0,\"publisher\":{\"@id\":\"https:\/\/territorialchallenges.com\/#organization\"},\"articleSection\":[\"R\u00e9flexion faite\",\"\u00c9cosyst\u00e8me\"],\"inLanguage\":\"pt-PT\"},{\"@type\":\"WebPage\",\"@id\":\"https:\/\/territorialchallenges.com\/2021\/11\/16\/covid-19-les-collectivites-territoriales-a-lheure-du-numerique-responsable\/89277\/\",\"url\":\"https:\/\/territorialchallenges.com\/2021\/11\/16\/covid-19-les-collectivites-territoriales-a-lheure-du-numerique-responsable\/89277\/\",\"name\":\"Covid 19 : Les collectivit\u00e9s territoriales \u00e0 l\u2019heure du num\u00e9rique responsable - Territorial Challenges\",\"isPartOf\":{\"@id\":\"https:\/\/territorialchallenges.com\/#website\"},\"datePublished\":\"2021-11-15T23:57:17+00:00\",\"dateModified\":\"2022-05-02T19:59:23+00:00\",\"breadcrumb\":{\"@id\":\"https:\/\/territorialchallenges.com\/2021\/11\/16\/covid-19-les-collectivites-territoriales-a-lheure-du-numerique-responsable\/89277\/#breadcrumb\"},\"inLanguage\":\"pt-PT\",\"potentialAction\":[{\"@type\":\"ReadAction\",\"target\":[\"https:\/\/territorialchallenges.com\/2021\/11\/16\/covid-19-les-collectivites-territoriales-a-lheure-du-numerique-responsable\/89277\/\"]}]},{\"@type\":\"BreadcrumbList\",\"@id\":\"https:\/\/territorialchallenges.com\/2021\/11\/16\/covid-19-les-collectivites-territoriales-a-lheure-du-numerique-responsable\/89277\/#breadcrumb\",\"itemListElement\":[{\"@type\":\"ListItem\",\"position\":1,\"name\":\"Home\",\"item\":\"https:\/\/territorialchallenges.com\/\"},{\"@type\":\"ListItem\",\"position\":2,\"name\":\"Covid 19 : Les collectivit\u00e9s territoriales \u00e0 l\u2019heure du num\u00e9rique responsable\"}]},{\"@type\":\"WebSite\",\"@id\":\"https:\/\/territorialchallenges.com\/#website\",\"url\":\"https:\/\/territorialchallenges.com\/\",\"name\":\"Territorial Challenges\",\"description\":\"Veille Internationale - Strat\u00e9gie Intelligentes - Bonnes pratiques\",\"publisher\":{\"@id\":\"https:\/\/territorialchallenges.com\/#organization\"},\"potentialAction\":[{\"@type\":\"SearchAction\",\"target\":{\"@type\":\"EntryPoint\",\"urlTemplate\":\"https:\/\/territorialchallenges.com\/?s={search_term_string}\"},\"query-input\":\"required name=search_term_string\"}],\"inLanguage\":\"pt-PT\"},{\"@type\":\"Organization\",\"@id\":\"https:\/\/territorialchallenges.com\/#organization\",\"name\":\"Territorial Challenges\",\"url\":\"https:\/\/territorialchallenges.com\/\",\"logo\":{\"@type\":\"ImageObject\",\"inLanguage\":\"pt-PT\",\"@id\":\"https:\/\/territorialchallenges.com\/#\/schema\/logo\/image\/\",\"url\":\"https:\/\/territorialchallenges.com\/wp-content\/uploads\/2023\/10\/logo-1.png\",\"contentUrl\":\"https:\/\/territorialchallenges.com\/wp-content\/uploads\/2023\/10\/logo-1.png\",\"width\":1832,\"height\":576,\"caption\":\"Territorial Challenges\"},\"image\":{\"@id\":\"https:\/\/territorialchallenges.com\/#\/schema\/logo\/image\/\"}},{\"@type\":\"Person\",\"@id\":\"https:\/\/territorialchallenges.com\/#\/schema\/person\/098f145c7c61a021c425e010f840080f\",\"name\":\"ni.abdi\",\"image\":{\"@type\":\"ImageObject\",\"inLanguage\":\"pt-PT\",\"@id\":\"https:\/\/territorialchallenges.com\/#\/schema\/person\/image\/\",\"url\":\"https:\/\/secure.gravatar.com\/avatar\/2a2f2491f3c80039986ba989b1e4b510?s=96&d=identicon&r=g\",\"contentUrl\":\"https:\/\/secure.gravatar.com\/avatar\/2a2f2491f3c80039986ba989b1e4b510?s=96&d=identicon&r=g\",\"caption\":\"ni.abdi\"},\"sameAs\":[\"https:\/\/twitter.com\/Ni.abdi\"],\"url\":\"https:\/\/territorialchallenges.com\/pt\/author\/ni-abdi\/\"}]}<\/script>\n<!-- \/ Yoast SEO plugin. -->","yoast_head_json":{"title":"Covid 19 : Les collectivit\u00e9s territoriales \u00e0 l\u2019heure du num\u00e9rique responsable - Territorial Challenges","robots":{"index":"index","follow":"follow","max-snippet":"max-snippet:-1","max-image-preview":"max-image-preview:large","max-video-preview":"max-video-preview:-1"},"canonical":"https:\/\/territorialchallenges.com\/pt\/2021\/11\/16\/covid-19-les-collectivites-territoriales-a-lheure-du-numerique-responsable\/89277\/","og_locale":"pt_PT","og_type":"article","og_title":"Covid 19 : Les collectivit\u00e9s territoriales \u00e0 l\u2019heure du num\u00e9rique responsable - Territorial Challenges","og_description":"Le green IT ou tout simplement en fran\u00e7ais \u00abnum\u00e9rique responsable\u00bb, est une expression inscrite aujourd\u2019hui dans le marbre de chaque entreprise de l\u2019industrie high-tech. A l\u2019origine, vers le d\u00e9but des ann\u00e9es 90, elle \u00e9tait apparue comme un \u00e9tat de l\u2019art bien abstrait, une possible th\u00e9orie id\u00e9ologique \u00e9cologique du monde informatique. Depuis son apparition dans le [&hellip;]","og_url":"https:\/\/territorialchallenges.com\/pt\/2021\/11\/16\/covid-19-les-collectivites-territoriales-a-lheure-du-numerique-responsable\/89277\/","og_site_name":"Territorial Challenges","article_published_time":"2021-11-15T23:57:17+00:00","article_modified_time":"2022-05-02T19:59:23+00:00","og_image":[{"width":1920,"height":1143,"url":"https:\/\/territorialchallenges.com\/wp-content\/uploads\/2021\/02\/reflexionfaiteimageville.jpg","type":"image\/jpeg"}],"author":"ni.abdi","twitter_card":"summary_large_image","twitter_creator":"@Ni.abdi","twitter_misc":{"Escrito por":"ni.abdi","Tempo estimado de leitura":"3 minutos"},"schema":{"@context":"https:\/\/schema.org","@graph":[{"@type":"Article","@id":"https:\/\/territorialchallenges.com\/2021\/11\/16\/covid-19-les-collectivites-territoriales-a-lheure-du-numerique-responsable\/89277\/#article","isPartOf":{"@id":"https:\/\/territorialchallenges.com\/2021\/11\/16\/covid-19-les-collectivites-territoriales-a-lheure-du-numerique-responsable\/89277\/"},"author":{"name":"ni.abdi","@id":"https:\/\/territorialchallenges.com\/#\/schema\/person\/098f145c7c61a021c425e010f840080f"},"headline":"Covid 19 : Les collectivit\u00e9s territoriales \u00e0 l\u2019heure du num\u00e9rique responsable","datePublished":"2021-11-15T23:57:17+00:00","dateModified":"2022-05-02T19:59:23+00:00","mainEntityOfPage":{"@id":"https:\/\/territorialchallenges.com\/2021\/11\/16\/covid-19-les-collectivites-territoriales-a-lheure-du-numerique-responsable\/89277\/"},"wordCount":656,"commentCount":0,"publisher":{"@id":"https:\/\/territorialchallenges.com\/#organization"},"articleSection":["R\u00e9flexion faite","\u00c9cosyst\u00e8me"],"inLanguage":"pt-PT"},{"@type":"WebPage","@id":"https:\/\/territorialchallenges.com\/2021\/11\/16\/covid-19-les-collectivites-territoriales-a-lheure-du-numerique-responsable\/89277\/","url":"https:\/\/territorialchallenges.com\/2021\/11\/16\/covid-19-les-collectivites-territoriales-a-lheure-du-numerique-responsable\/89277\/","name":"Covid 19 : Les collectivit\u00e9s territoriales \u00e0 l\u2019heure du num\u00e9rique responsable - Territorial Challenges","isPartOf":{"@id":"https:\/\/territorialchallenges.com\/#website"},"datePublished":"2021-11-15T23:57:17+00:00","dateModified":"2022-05-02T19:59:23+00:00","breadcrumb":{"@id":"https:\/\/territorialchallenges.com\/2021\/11\/16\/covid-19-les-collectivites-territoriales-a-lheure-du-numerique-responsable\/89277\/#breadcrumb"},"inLanguage":"pt-PT","potentialAction":[{"@type":"ReadAction","target":["https:\/\/territorialchallenges.com\/2021\/11\/16\/covid-19-les-collectivites-territoriales-a-lheure-du-numerique-responsable\/89277\/"]}]},{"@type":"BreadcrumbList","@id":"https:\/\/territorialchallenges.com\/2021\/11\/16\/covid-19-les-collectivites-territoriales-a-lheure-du-numerique-responsable\/89277\/#breadcrumb","itemListElement":[{"@type":"ListItem","position":1,"name":"Home","item":"https:\/\/territorialchallenges.com\/"},{"@type":"ListItem","position":2,"name":"Covid 19 : Les collectivit\u00e9s territoriales \u00e0 l\u2019heure du num\u00e9rique responsable"}]},{"@type":"WebSite","@id":"https:\/\/territorialchallenges.com\/#website","url":"https:\/\/territorialchallenges.com\/","name":"Desafios territoriais","description":"Monitoramento Internacional - Estrat\u00e9gias Inteligentes - Melhores Pr\u00e1ticas","publisher":{"@id":"https:\/\/territorialchallenges.com\/#organization"},"potentialAction":[{"@type":"SearchAction","target":{"@type":"EntryPoint","urlTemplate":"https:\/\/territorialchallenges.com\/?s={search_term_string}"},"query-input":"required name=search_term_string"}],"inLanguage":"pt-PT"},{"@type":"Organization","@id":"https:\/\/territorialchallenges.com\/#organization","name":"Desafios territoriais","url":"https:\/\/territorialchallenges.com\/","logo":{"@type":"ImageObject","inLanguage":"pt-PT","@id":"https:\/\/territorialchallenges.com\/#\/schema\/logo\/image\/","url":"https:\/\/territorialchallenges.com\/wp-content\/uploads\/2023\/10\/logo-1.png","contentUrl":"https:\/\/territorialchallenges.com\/wp-content\/uploads\/2023\/10\/logo-1.png","width":1832,"height":576,"caption":"Territorial Challenges"},"image":{"@id":"https:\/\/territorialchallenges.com\/#\/schema\/logo\/image\/"}},{"@type":"Person","@id":"https:\/\/territorialchallenges.com\/#\/schema\/person\/098f145c7c61a021c425e010f840080f","name":"ni.abdi","image":{"@type":"ImageObject","inLanguage":"pt-PT","@id":"https:\/\/territorialchallenges.com\/#\/schema\/person\/image\/","url":"https:\/\/secure.gravatar.com\/avatar\/2a2f2491f3c80039986ba989b1e4b510?s=96&d=identicon&r=g","contentUrl":"https:\/\/secure.gravatar.com\/avatar\/2a2f2491f3c80039986ba989b1e4b510?s=96&d=identicon&r=g","caption":"ni.abdi"},"sameAs":["https:\/\/twitter.com\/Ni.abdi"],"url":"https:\/\/territorialchallenges.com\/pt\/author\/ni-abdi\/"}]}},"_links":{"self":[{"href":"https:\/\/territorialchallenges.com\/pt\/wp-json\/wp\/v2\/posts\/89277"}],"collection":[{"href":"https:\/\/territorialchallenges.com\/pt\/wp-json\/wp\/v2\/posts"}],"about":[{"href":"https:\/\/territorialchallenges.com\/pt\/wp-json\/wp\/v2\/types\/post"}],"author":[{"embeddable":true,"href":"https:\/\/territorialchallenges.com\/pt\/wp-json\/wp\/v2\/users\/11"}],"replies":[{"embeddable":true,"href":"https:\/\/territorialchallenges.com\/pt\/wp-json\/wp\/v2\/comments?post=89277"}],"version-history":[{"count":1,"href":"https:\/\/territorialchallenges.com\/pt\/wp-json\/wp\/v2\/posts\/89277\/revisions"}],"predecessor-version":[{"id":89282,"href":"https:\/\/territorialchallenges.com\/pt\/wp-json\/wp\/v2\/posts\/89277\/revisions\/89282"}],"wp:featuredmedia":[{"embeddable":true,"href":"https:\/\/territorialchallenges.com\/pt\/wp-json\/wp\/v2\/media\/89278"}],"wp:attachment":[{"href":"https:\/\/territorialchallenges.com\/pt\/wp-json\/wp\/v2\/media?parent=89277"}],"wp:term":[{"taxonomy":"category","embeddable":true,"href":"https:\/\/territorialchallenges.com\/pt\/wp-json\/wp\/v2\/categories?post=89277"},{"taxonomy":"post_tag","embeddable":true,"href":"https:\/\/territorialchallenges.com\/pt\/wp-json\/wp\/v2\/tags?post=89277"}],"curies":[{"name":"wp","href":"https:\/\/api.w.org\/{rel}","templated":true}]}}