{"id":88807,"date":"2021-11-01T09:59:37","date_gmt":"2021-11-01T08:59:37","guid":{"rendered":"https:\/\/territorialchallenges.com\/?p=88807"},"modified":"2022-05-02T22:04:01","modified_gmt":"2022-05-02T20:04:01","slug":"en-region-centre-du-portugal-meme-les-cultures-locales-participent-au-concept-smart-city","status":"publish","type":"post","link":"https:\/\/territorialchallenges.com\/pt\/2021\/11\/01\/en-region-centre-du-portugal-meme-les-cultures-locales-participent-au-concept-smart-city\/88807\/","title":{"rendered":"Na regi\u00e3o centro de Portugal, at\u00e9 as culturas locais participam do conceito de Cidade Inteligente"},"content":{"rendered":"<p>Em Portugal, os munic\u00edpios est\u00e3o cada vez mais atentos \u00e0s inova\u00e7\u00f5es tecnol\u00f3gicas capazes de construir cidades inteligentes, promovendo estilos de vida saud\u00e1veis, o uso respons\u00e1vel dos espa\u00e7os p\u00fablicos, o desenvolvimento sustent\u00e1vel e a melhoria da qualidade de vida. Tudo isto coloca s\u00e9rios desafios \u00e0 gest\u00e3o municipal, nomeadamente no que diz respeito a\u2026 <\/p>\n<div class=\"pmpro_content_message\">Artigo dispon\u00edvel somente para assinantes.<br \/><a href=\"https:\/\/territorialchallenges.com\/wp-login.php\">Conecte-se<\/a><br \/><a href=\"https:\/\/territorialchallenges.com\/pt\/wp-login.php\/?action=register\">Registrar<\/a><\/div>","protected":false},"excerpt":{"rendered":"<p>Au Portugal, les municipalit\u00e9s sont de plus en plus conscientes des innovations technologiques capables de construire des villes intelligentes, de promouvoir un mode de vie sain, une utilisation responsable des espaces publics, le d\u00e9veloppement durable et une qualit\u00e9 de vie croissante. Tout cela entra\u00eene de s\u00e9rieux d\u00e9fis pour la gestion municipale, notamment en ce qui... <\/p>\n<div class=\"pmpro_content_message\">Artigo dispon\u00edvel somente para assinantes.<br \/><a href=\"https:\/\/territorialchallenges.com\/wp-login.php\">Conecte-se<\/a><br \/><a href=\"https:\/\/territorialchallenges.com\/pt\/wp-login.php\/?action=register\">Registrar<\/a><\/div>","protected":false},"author":11,"featured_media":88808,"comment_status":"open","ping_status":"open","sticky":true,"template":"","format":"standard","meta":{"pmpro_default_level":0,"footnotes":""},"categories":[19,127],"tags":[],"blocksy_meta":"","yoast_head":"<!-- This site is optimized with the Yoast SEO plugin v21.5 - https:\/\/yoast.com\/wordpress\/plugins\/seo\/ -->\n<title>En r\u00e9gion centre du Portugal, m\u00eame les cultures locales participent au concept Smart City - Territorial Challenges<\/title>\n<meta name=\"robots\" content=\"index, follow, max-snippet:-1, max-image-preview:large, max-video-preview:-1\" \/>\n<link rel=\"canonical\" href=\"https:\/\/territorialchallenges.com\/pt\/2021\/11\/01\/en-region-centre-du-portugal-meme-les-cultures-locales-participent-au-concept-smart-city\/88807\/\" \/>\n<meta property=\"og:locale\" content=\"pt_PT\" \/>\n<meta property=\"og:type\" content=\"article\" \/>\n<meta property=\"og:title\" content=\"En r\u00e9gion centre du Portugal, m\u00eame les cultures locales participent au concept Smart City - Territorial Challenges\" \/>\n<meta property=\"og:description\" content=\"Au Portugal, les municipalit\u00e9s sont de plus en plus conscientes des innovations technologiques capables de construire des villes intelligentes, de promouvoir un mode de vie sain, une utilisation responsable des espaces publics, le d\u00e9veloppement durable et une qualit\u00e9 de vie croissante. Tout cela entra\u00eene de s\u00e9rieux d\u00e9fis pour la gestion municipale, notamment en ce qui [&hellip;]\" \/>\n<meta property=\"og:url\" content=\"https:\/\/territorialchallenges.com\/pt\/2021\/11\/01\/en-region-centre-du-portugal-meme-les-cultures-locales-participent-au-concept-smart-city\/88807\/\" \/>\n<meta property=\"og:site_name\" content=\"Territorial Challenges\" \/>\n<meta property=\"article:published_time\" content=\"2021-11-01T08:59:37+00:00\" \/>\n<meta property=\"article:modified_time\" content=\"2022-05-02T20:04:01+00:00\" \/>\n<meta property=\"og:image\" content=\"https:\/\/territorialchallenges.com\/wp-content\/uploads\/2021\/02\/smartcitiesimageportugal.jpg\" \/>\n\t<meta property=\"og:image:width\" content=\"1920\" \/>\n\t<meta property=\"og:image:height\" content=\"1279\" \/>\n\t<meta property=\"og:image:type\" content=\"image\/jpeg\" \/>\n<meta name=\"author\" content=\"ni.abdi\" \/>\n<meta name=\"twitter:card\" content=\"summary_large_image\" \/>\n<meta name=\"twitter:creator\" content=\"@Ni.abdi\" \/>\n<meta name=\"twitter:label1\" content=\"Escrito por\" \/>\n\t<meta name=\"twitter:data1\" content=\"ni.abdi\" \/>\n\t<meta name=\"twitter:label2\" content=\"Tempo estimado de leitura\" \/>\n\t<meta name=\"twitter:data2\" content=\"9 minutos\" \/>\n<script type=\"application\/ld+json\" class=\"yoast-schema-graph\">{\"@context\":\"https:\/\/schema.org\",\"@graph\":[{\"@type\":\"Article\",\"@id\":\"https:\/\/territorialchallenges.com\/2021\/11\/01\/en-region-centre-du-portugal-meme-les-cultures-locales-participent-au-concept-smart-city\/88807\/#article\",\"isPartOf\":{\"@id\":\"https:\/\/territorialchallenges.com\/2021\/11\/01\/en-region-centre-du-portugal-meme-les-cultures-locales-participent-au-concept-smart-city\/88807\/\"},\"author\":{\"name\":\"ni.abdi\",\"@id\":\"https:\/\/territorialchallenges.com\/#\/schema\/person\/098f145c7c61a021c425e010f840080f\"},\"headline\":\"En r\u00e9gion centre du Portugal, m\u00eame les cultures locales participent au concept Smart City\",\"datePublished\":\"2021-11-01T08:59:37+00:00\",\"dateModified\":\"2022-05-02T20:04:01+00:00\",\"mainEntityOfPage\":{\"@id\":\"https:\/\/territorialchallenges.com\/2021\/11\/01\/en-region-centre-du-portugal-meme-les-cultures-locales-participent-au-concept-smart-city\/88807\/\"},\"wordCount\":1797,\"commentCount\":0,\"publisher\":{\"@id\":\"https:\/\/territorialchallenges.com\/#organization\"},\"articleSection\":[\"Territoires Intelligents\",\"Actualit\u00e9 Europe\"],\"inLanguage\":\"pt-PT\"},{\"@type\":\"WebPage\",\"@id\":\"https:\/\/territorialchallenges.com\/2021\/11\/01\/en-region-centre-du-portugal-meme-les-cultures-locales-participent-au-concept-smart-city\/88807\/\",\"url\":\"https:\/\/territorialchallenges.com\/2021\/11\/01\/en-region-centre-du-portugal-meme-les-cultures-locales-participent-au-concept-smart-city\/88807\/\",\"name\":\"En r\u00e9gion centre du Portugal, m\u00eame les cultures locales participent au concept Smart City - Territorial Challenges\",\"isPartOf\":{\"@id\":\"https:\/\/territorialchallenges.com\/#website\"},\"datePublished\":\"2021-11-01T08:59:37+00:00\",\"dateModified\":\"2022-05-02T20:04:01+00:00\",\"breadcrumb\":{\"@id\":\"https:\/\/territorialchallenges.com\/2021\/11\/01\/en-region-centre-du-portugal-meme-les-cultures-locales-participent-au-concept-smart-city\/88807\/#breadcrumb\"},\"inLanguage\":\"pt-PT\",\"potentialAction\":[{\"@type\":\"ReadAction\",\"target\":[\"https:\/\/territorialchallenges.com\/2021\/11\/01\/en-region-centre-du-portugal-meme-les-cultures-locales-participent-au-concept-smart-city\/88807\/\"]}]},{\"@type\":\"BreadcrumbList\",\"@id\":\"https:\/\/territorialchallenges.com\/2021\/11\/01\/en-region-centre-du-portugal-meme-les-cultures-locales-participent-au-concept-smart-city\/88807\/#breadcrumb\",\"itemListElement\":[{\"@type\":\"ListItem\",\"position\":1,\"name\":\"Home\",\"item\":\"https:\/\/territorialchallenges.com\/\"},{\"@type\":\"ListItem\",\"position\":2,\"name\":\"En r\u00e9gion centre du Portugal, m\u00eame les cultures locales participent au concept Smart City\"}]},{\"@type\":\"WebSite\",\"@id\":\"https:\/\/territorialchallenges.com\/#website\",\"url\":\"https:\/\/territorialchallenges.com\/\",\"name\":\"Territorial Challenges\",\"description\":\"Veille Internationale - Strat\u00e9gie Intelligentes - Bonnes pratiques\",\"publisher\":{\"@id\":\"https:\/\/territorialchallenges.com\/#organization\"},\"potentialAction\":[{\"@type\":\"SearchAction\",\"target\":{\"@type\":\"EntryPoint\",\"urlTemplate\":\"https:\/\/territorialchallenges.com\/?s={search_term_string}\"},\"query-input\":\"required name=search_term_string\"}],\"inLanguage\":\"pt-PT\"},{\"@type\":\"Organization\",\"@id\":\"https:\/\/territorialchallenges.com\/#organization\",\"name\":\"Territorial Challenges\",\"url\":\"https:\/\/territorialchallenges.com\/\",\"logo\":{\"@type\":\"ImageObject\",\"inLanguage\":\"pt-PT\",\"@id\":\"https:\/\/territorialchallenges.com\/#\/schema\/logo\/image\/\",\"url\":\"https:\/\/territorialchallenges.com\/wp-content\/uploads\/2023\/10\/logo-1.png\",\"contentUrl\":\"https:\/\/territorialchallenges.com\/wp-content\/uploads\/2023\/10\/logo-1.png\",\"width\":1832,\"height\":576,\"caption\":\"Territorial Challenges\"},\"image\":{\"@id\":\"https:\/\/territorialchallenges.com\/#\/schema\/logo\/image\/\"}},{\"@type\":\"Person\",\"@id\":\"https:\/\/territorialchallenges.com\/#\/schema\/person\/098f145c7c61a021c425e010f840080f\",\"name\":\"ni.abdi\",\"image\":{\"@type\":\"ImageObject\",\"inLanguage\":\"pt-PT\",\"@id\":\"https:\/\/territorialchallenges.com\/#\/schema\/person\/image\/\",\"url\":\"https:\/\/secure.gravatar.com\/avatar\/2a2f2491f3c80039986ba989b1e4b510?s=96&d=identicon&r=g\",\"contentUrl\":\"https:\/\/secure.gravatar.com\/avatar\/2a2f2491f3c80039986ba989b1e4b510?s=96&d=identicon&r=g\",\"caption\":\"ni.abdi\"},\"sameAs\":[\"https:\/\/twitter.com\/Ni.abdi\"],\"url\":\"https:\/\/territorialchallenges.com\/pt\/author\/ni-abdi\/\"}]}<\/script>\n<!-- \/ Yoast SEO plugin. -->","yoast_head_json":{"title":"En r\u00e9gion centre du Portugal, m\u00eame les cultures locales participent au concept Smart City - Territorial Challenges","robots":{"index":"index","follow":"follow","max-snippet":"max-snippet:-1","max-image-preview":"max-image-preview:large","max-video-preview":"max-video-preview:-1"},"canonical":"https:\/\/territorialchallenges.com\/pt\/2021\/11\/01\/en-region-centre-du-portugal-meme-les-cultures-locales-participent-au-concept-smart-city\/88807\/","og_locale":"pt_PT","og_type":"article","og_title":"En r\u00e9gion centre du Portugal, m\u00eame les cultures locales participent au concept Smart City - Territorial Challenges","og_description":"Au Portugal, les municipalit\u00e9s sont de plus en plus conscientes des innovations technologiques capables de construire des villes intelligentes, de promouvoir un mode de vie sain, une utilisation responsable des espaces publics, le d\u00e9veloppement durable et une qualit\u00e9 de vie croissante. Tout cela entra\u00eene de s\u00e9rieux d\u00e9fis pour la gestion municipale, notamment en ce qui [&hellip;]","og_url":"https:\/\/territorialchallenges.com\/pt\/2021\/11\/01\/en-region-centre-du-portugal-meme-les-cultures-locales-participent-au-concept-smart-city\/88807\/","og_site_name":"Territorial Challenges","article_published_time":"2021-11-01T08:59:37+00:00","article_modified_time":"2022-05-02T20:04:01+00:00","og_image":[{"width":1920,"height":1279,"url":"https:\/\/territorialchallenges.com\/wp-content\/uploads\/2021\/02\/smartcitiesimageportugal.jpg","type":"image\/jpeg"}],"author":"ni.abdi","twitter_card":"summary_large_image","twitter_creator":"@Ni.abdi","twitter_misc":{"Escrito por":"ni.abdi","Tempo estimado de leitura":"9 minutos"},"schema":{"@context":"https:\/\/schema.org","@graph":[{"@type":"Article","@id":"https:\/\/territorialchallenges.com\/2021\/11\/01\/en-region-centre-du-portugal-meme-les-cultures-locales-participent-au-concept-smart-city\/88807\/#article","isPartOf":{"@id":"https:\/\/territorialchallenges.com\/2021\/11\/01\/en-region-centre-du-portugal-meme-les-cultures-locales-participent-au-concept-smart-city\/88807\/"},"author":{"name":"ni.abdi","@id":"https:\/\/territorialchallenges.com\/#\/schema\/person\/098f145c7c61a021c425e010f840080f"},"headline":"En r\u00e9gion centre du Portugal, m\u00eame les cultures locales participent au concept Smart City","datePublished":"2021-11-01T08:59:37+00:00","dateModified":"2022-05-02T20:04:01+00:00","mainEntityOfPage":{"@id":"https:\/\/territorialchallenges.com\/2021\/11\/01\/en-region-centre-du-portugal-meme-les-cultures-locales-participent-au-concept-smart-city\/88807\/"},"wordCount":1797,"commentCount":0,"publisher":{"@id":"https:\/\/territorialchallenges.com\/#organization"},"articleSection":["Territoires Intelligents","Actualit\u00e9 Europe"],"inLanguage":"pt-PT"},{"@type":"WebPage","@id":"https:\/\/territorialchallenges.com\/2021\/11\/01\/en-region-centre-du-portugal-meme-les-cultures-locales-participent-au-concept-smart-city\/88807\/","url":"https:\/\/territorialchallenges.com\/2021\/11\/01\/en-region-centre-du-portugal-meme-les-cultures-locales-participent-au-concept-smart-city\/88807\/","name":"En r\u00e9gion centre du Portugal, m\u00eame les cultures locales participent au concept Smart City - Territorial Challenges","isPartOf":{"@id":"https:\/\/territorialchallenges.com\/#website"},"datePublished":"2021-11-01T08:59:37+00:00","dateModified":"2022-05-02T20:04:01+00:00","breadcrumb":{"@id":"https:\/\/territorialchallenges.com\/2021\/11\/01\/en-region-centre-du-portugal-meme-les-cultures-locales-participent-au-concept-smart-city\/88807\/#breadcrumb"},"inLanguage":"pt-PT","potentialAction":[{"@type":"ReadAction","target":["https:\/\/territorialchallenges.com\/2021\/11\/01\/en-region-centre-du-portugal-meme-les-cultures-locales-participent-au-concept-smart-city\/88807\/"]}]},{"@type":"BreadcrumbList","@id":"https:\/\/territorialchallenges.com\/2021\/11\/01\/en-region-centre-du-portugal-meme-les-cultures-locales-participent-au-concept-smart-city\/88807\/#breadcrumb","itemListElement":[{"@type":"ListItem","position":1,"name":"Home","item":"https:\/\/territorialchallenges.com\/"},{"@type":"ListItem","position":2,"name":"En r\u00e9gion centre du Portugal, m\u00eame les cultures locales participent au concept Smart City"}]},{"@type":"WebSite","@id":"https:\/\/territorialchallenges.com\/#website","url":"https:\/\/territorialchallenges.com\/","name":"Desafios territoriais","description":"Monitoramento Internacional - Estrat\u00e9gias Inteligentes - Melhores Pr\u00e1ticas","publisher":{"@id":"https:\/\/territorialchallenges.com\/#organization"},"potentialAction":[{"@type":"SearchAction","target":{"@type":"EntryPoint","urlTemplate":"https:\/\/territorialchallenges.com\/?s={search_term_string}"},"query-input":"required name=search_term_string"}],"inLanguage":"pt-PT"},{"@type":"Organization","@id":"https:\/\/territorialchallenges.com\/#organization","name":"Desafios territoriais","url":"https:\/\/territorialchallenges.com\/","logo":{"@type":"ImageObject","inLanguage":"pt-PT","@id":"https:\/\/territorialchallenges.com\/#\/schema\/logo\/image\/","url":"https:\/\/territorialchallenges.com\/wp-content\/uploads\/2023\/10\/logo-1.png","contentUrl":"https:\/\/territorialchallenges.com\/wp-content\/uploads\/2023\/10\/logo-1.png","width":1832,"height":576,"caption":"Territorial Challenges"},"image":{"@id":"https:\/\/territorialchallenges.com\/#\/schema\/logo\/image\/"}},{"@type":"Person","@id":"https:\/\/territorialchallenges.com\/#\/schema\/person\/098f145c7c61a021c425e010f840080f","name":"ni.abdi","image":{"@type":"ImageObject","inLanguage":"pt-PT","@id":"https:\/\/territorialchallenges.com\/#\/schema\/person\/image\/","url":"https:\/\/secure.gravatar.com\/avatar\/2a2f2491f3c80039986ba989b1e4b510?s=96&d=identicon&r=g","contentUrl":"https:\/\/secure.gravatar.com\/avatar\/2a2f2491f3c80039986ba989b1e4b510?s=96&d=identicon&r=g","caption":"ni.abdi"},"sameAs":["https:\/\/twitter.com\/Ni.abdi"],"url":"https:\/\/territorialchallenges.com\/pt\/author\/ni-abdi\/"}]}},"_links":{"self":[{"href":"https:\/\/territorialchallenges.com\/pt\/wp-json\/wp\/v2\/posts\/88807"}],"collection":[{"href":"https:\/\/territorialchallenges.com\/pt\/wp-json\/wp\/v2\/posts"}],"about":[{"href":"https:\/\/territorialchallenges.com\/pt\/wp-json\/wp\/v2\/types\/post"}],"author":[{"embeddable":true,"href":"https:\/\/territorialchallenges.com\/pt\/wp-json\/wp\/v2\/users\/11"}],"replies":[{"embeddable":true,"href":"https:\/\/territorialchallenges.com\/pt\/wp-json\/wp\/v2\/comments?post=88807"}],"version-history":[{"count":1,"href":"https:\/\/territorialchallenges.com\/pt\/wp-json\/wp\/v2\/posts\/88807\/revisions"}],"predecessor-version":[{"id":88812,"href":"https:\/\/territorialchallenges.com\/pt\/wp-json\/wp\/v2\/posts\/88807\/revisions\/88812"}],"wp:featuredmedia":[{"embeddable":true,"href":"https:\/\/territorialchallenges.com\/pt\/wp-json\/wp\/v2\/media\/88808"}],"wp:attachment":[{"href":"https:\/\/territorialchallenges.com\/pt\/wp-json\/wp\/v2\/media?parent=88807"}],"wp:term":[{"taxonomy":"category","embeddable":true,"href":"https:\/\/territorialchallenges.com\/pt\/wp-json\/wp\/v2\/categories?post=88807"},{"taxonomy":"post_tag","embeddable":true,"href":"https:\/\/territorialchallenges.com\/pt\/wp-json\/wp\/v2\/tags?post=88807"}],"curies":[{"name":"wp","href":"https:\/\/api.w.org\/{rel}","templated":true}]}}