{"id":88187,"date":"2021-10-17T23:48:06","date_gmt":"2021-10-17T21:48:06","guid":{"rendered":"https:\/\/territorialchallenges.com\/?p=88187"},"modified":"2023-07-20T09:40:27","modified_gmt":"2023-07-20T07:40:27","slug":"les-autorites-locales-et-la-maintenance-preventive-des-infrastructures","status":"publish","type":"post","link":"https:\/\/territorialchallenges.com\/pt\/2021\/10\/17\/les-autorites-locales-et-la-maintenance-preventive-des-infrastructures\/88187\/","title":{"rendered":"Autoridades locais e manuten\u00e7\u00e3o preventiva de infraestruturas"},"content":{"rendered":"<p>Prefeitos e seus representantes s\u00e3o como a f\u00e1scia dos nossos m\u00fasculos. Semelhante \u00e0 complexa rede de tecido conjuntivo que nos ajuda a nos movimentar, existe uma vasta rede de representantes eleitos na Fran\u00e7a, em 34.968 munic\u00edpios, que atuam como o material conectivo que mant\u00e9m incansavelmente a nossa sociedade unida. \u00c0 medida que os cidad\u00e3os cuidam de suas fam\u00edlias e\u2026 <\/p>\n<div class=\"pmpro_content_message\">Artigo dispon\u00edvel somente para assinantes.<br \/><a href=\"https:\/\/territorialchallenges.com\/wp-login.php\">Conecte-se<\/a><br \/><a href=\"https:\/\/territorialchallenges.com\/pt\/wp-login.php\/?action=register\">Registrar<\/a><\/div>","protected":false},"excerpt":{"rendered":"<p>Les maires et leurs adjoints sont comme les fascias de nos muscles.\u00a0Semblable au r\u00e9seau complexe de tissus conjonctifs qui nous aident \u00e0 bouger, il existe un vaste r\u00e9seau d\u2019\u00e9lus en France, dans 34968 communes qui agissent comme le mat\u00e9riau conjonctif qui maintient inlassablement notre soci\u00e9t\u00e9 ensemble. Alors que les citoyens s&rsquo;occupent de leur famille et... <\/p>\n<div class=\"pmpro_content_message\">Artigo dispon\u00edvel somente para assinantes.<br \/><a href=\"https:\/\/territorialchallenges.com\/wp-login.php\">Conecte-se<\/a><br \/><a href=\"https:\/\/territorialchallenges.com\/pt\/wp-login.php\/?action=register\">Registrar<\/a><\/div>","protected":false},"author":11,"featured_media":88188,"comment_status":"open","ping_status":"open","sticky":true,"template":"","format":"standard","meta":{"pmpro_default_level":0,"footnotes":""},"categories":[130,117],"tags":[],"blocksy_meta":"","yoast_head":"<!-- This site is optimized with the Yoast SEO plugin v21.5 - https:\/\/yoast.com\/wordpress\/plugins\/seo\/ -->\n<title>Les autorit\u00e9s locales et la maintenance pr\u00e9ventive des infrastructures - Territorial Challenges<\/title>\n<meta name=\"robots\" content=\"index, follow, max-snippet:-1, max-image-preview:large, max-video-preview:-1\" \/>\n<link rel=\"canonical\" href=\"https:\/\/territorialchallenges.com\/pt\/2021\/10\/17\/les-autorites-locales-et-la-maintenance-preventive-des-infrastructures\/88187\/\" \/>\n<meta property=\"og:locale\" content=\"pt_PT\" \/>\n<meta property=\"og:type\" content=\"article\" \/>\n<meta property=\"og:title\" content=\"Les autorit\u00e9s locales et la maintenance pr\u00e9ventive des infrastructures - Territorial Challenges\" \/>\n<meta property=\"og:description\" content=\"Les maires et leurs adjoints sont comme les fascias de nos muscles.\u00a0Semblable au r\u00e9seau complexe de tissus conjonctifs qui nous aident \u00e0 bouger, il existe un vaste r\u00e9seau d\u2019\u00e9lus en France, dans 34968 communes qui agissent comme le mat\u00e9riau conjonctif qui maintient inlassablement notre soci\u00e9t\u00e9 ensemble. Alors que les citoyens s&rsquo;occupent de leur famille et [&hellip;]\" \/>\n<meta property=\"og:url\" content=\"https:\/\/territorialchallenges.com\/pt\/2021\/10\/17\/les-autorites-locales-et-la-maintenance-preventive-des-infrastructures\/88187\/\" \/>\n<meta property=\"og:site_name\" content=\"Territorial Challenges\" \/>\n<meta property=\"article:published_time\" content=\"2021-10-17T21:48:06+00:00\" \/>\n<meta property=\"article:modified_time\" content=\"2023-07-20T07:40:27+00:00\" \/>\n<meta property=\"og:image\" content=\"https:\/\/territorialchallenges.com\/wp-content\/uploads\/2021\/01\/reflexionfaiteimage170121.jpg\" \/>\n\t<meta property=\"og:image:width\" content=\"1920\" \/>\n\t<meta property=\"og:image:height\" content=\"1280\" \/>\n\t<meta property=\"og:image:type\" content=\"image\/jpeg\" \/>\n<meta name=\"author\" content=\"ni.abdi\" \/>\n<meta name=\"twitter:card\" content=\"summary_large_image\" \/>\n<meta name=\"twitter:creator\" content=\"@Ni.abdi\" \/>\n<meta name=\"twitter:label1\" content=\"Escrito por\" \/>\n\t<meta name=\"twitter:data1\" content=\"ni.abdi\" \/>\n\t<meta name=\"twitter:label2\" content=\"Tempo estimado de leitura\" \/>\n\t<meta name=\"twitter:data2\" content=\"3 minutos\" \/>\n<script type=\"application\/ld+json\" class=\"yoast-schema-graph\">{\"@context\":\"https:\/\/schema.org\",\"@graph\":[{\"@type\":\"Article\",\"@id\":\"https:\/\/territorialchallenges.com\/2021\/10\/17\/les-autorites-locales-et-la-maintenance-preventive-des-infrastructures\/88187\/#article\",\"isPartOf\":{\"@id\":\"https:\/\/territorialchallenges.com\/2021\/10\/17\/les-autorites-locales-et-la-maintenance-preventive-des-infrastructures\/88187\/\"},\"author\":{\"name\":\"ni.abdi\",\"@id\":\"https:\/\/territorialchallenges.com\/#\/schema\/person\/098f145c7c61a021c425e010f840080f\"},\"headline\":\"Les autorit\u00e9s locales et la maintenance pr\u00e9ventive des infrastructures\",\"datePublished\":\"2021-10-17T21:48:06+00:00\",\"dateModified\":\"2023-07-20T07:40:27+00:00\",\"mainEntityOfPage\":{\"@id\":\"https:\/\/territorialchallenges.com\/2021\/10\/17\/les-autorites-locales-et-la-maintenance-preventive-des-infrastructures\/88187\/\"},\"wordCount\":657,\"commentCount\":0,\"publisher\":{\"@id\":\"https:\/\/territorialchallenges.com\/#organization\"},\"articleSection\":[\"R\u00e9flexion faite\",\"\u00c9cosyst\u00e8me\"],\"inLanguage\":\"pt-PT\"},{\"@type\":\"WebPage\",\"@id\":\"https:\/\/territorialchallenges.com\/2021\/10\/17\/les-autorites-locales-et-la-maintenance-preventive-des-infrastructures\/88187\/\",\"url\":\"https:\/\/territorialchallenges.com\/2021\/10\/17\/les-autorites-locales-et-la-maintenance-preventive-des-infrastructures\/88187\/\",\"name\":\"Les autorit\u00e9s locales et la maintenance pr\u00e9ventive des infrastructures - Territorial Challenges\",\"isPartOf\":{\"@id\":\"https:\/\/territorialchallenges.com\/#website\"},\"datePublished\":\"2021-10-17T21:48:06+00:00\",\"dateModified\":\"2023-07-20T07:40:27+00:00\",\"breadcrumb\":{\"@id\":\"https:\/\/territorialchallenges.com\/2021\/10\/17\/les-autorites-locales-et-la-maintenance-preventive-des-infrastructures\/88187\/#breadcrumb\"},\"inLanguage\":\"pt-PT\",\"potentialAction\":[{\"@type\":\"ReadAction\",\"target\":[\"https:\/\/territorialchallenges.com\/2021\/10\/17\/les-autorites-locales-et-la-maintenance-preventive-des-infrastructures\/88187\/\"]}]},{\"@type\":\"BreadcrumbList\",\"@id\":\"https:\/\/territorialchallenges.com\/2021\/10\/17\/les-autorites-locales-et-la-maintenance-preventive-des-infrastructures\/88187\/#breadcrumb\",\"itemListElement\":[{\"@type\":\"ListItem\",\"position\":1,\"name\":\"Home\",\"item\":\"https:\/\/territorialchallenges.com\/\"},{\"@type\":\"ListItem\",\"position\":2,\"name\":\"Les autorit\u00e9s locales et la maintenance pr\u00e9ventive des infrastructures\"}]},{\"@type\":\"WebSite\",\"@id\":\"https:\/\/territorialchallenges.com\/#website\",\"url\":\"https:\/\/territorialchallenges.com\/\",\"name\":\"Territorial Challenges\",\"description\":\"Veille Internationale - Strat\u00e9gie Intelligentes - Bonnes pratiques\",\"publisher\":{\"@id\":\"https:\/\/territorialchallenges.com\/#organization\"},\"potentialAction\":[{\"@type\":\"SearchAction\",\"target\":{\"@type\":\"EntryPoint\",\"urlTemplate\":\"https:\/\/territorialchallenges.com\/?s={search_term_string}\"},\"query-input\":\"required name=search_term_string\"}],\"inLanguage\":\"pt-PT\"},{\"@type\":\"Organization\",\"@id\":\"https:\/\/territorialchallenges.com\/#organization\",\"name\":\"Territorial Challenges\",\"url\":\"https:\/\/territorialchallenges.com\/\",\"logo\":{\"@type\":\"ImageObject\",\"inLanguage\":\"pt-PT\",\"@id\":\"https:\/\/territorialchallenges.com\/#\/schema\/logo\/image\/\",\"url\":\"https:\/\/territorialchallenges.com\/wp-content\/uploads\/2023\/10\/logo-1.png\",\"contentUrl\":\"https:\/\/territorialchallenges.com\/wp-content\/uploads\/2023\/10\/logo-1.png\",\"width\":1832,\"height\":576,\"caption\":\"Territorial Challenges\"},\"image\":{\"@id\":\"https:\/\/territorialchallenges.com\/#\/schema\/logo\/image\/\"}},{\"@type\":\"Person\",\"@id\":\"https:\/\/territorialchallenges.com\/#\/schema\/person\/098f145c7c61a021c425e010f840080f\",\"name\":\"ni.abdi\",\"image\":{\"@type\":\"ImageObject\",\"inLanguage\":\"pt-PT\",\"@id\":\"https:\/\/territorialchallenges.com\/#\/schema\/person\/image\/\",\"url\":\"https:\/\/secure.gravatar.com\/avatar\/2a2f2491f3c80039986ba989b1e4b510?s=96&d=identicon&r=g\",\"contentUrl\":\"https:\/\/secure.gravatar.com\/avatar\/2a2f2491f3c80039986ba989b1e4b510?s=96&d=identicon&r=g\",\"caption\":\"ni.abdi\"},\"sameAs\":[\"https:\/\/twitter.com\/Ni.abdi\"],\"url\":\"https:\/\/territorialchallenges.com\/pt\/author\/ni-abdi\/\"}]}<\/script>\n<!-- \/ Yoast SEO plugin. -->","yoast_head_json":{"title":"Les autorit\u00e9s locales et la maintenance pr\u00e9ventive des infrastructures - Territorial Challenges","robots":{"index":"index","follow":"follow","max-snippet":"max-snippet:-1","max-image-preview":"max-image-preview:large","max-video-preview":"max-video-preview:-1"},"canonical":"https:\/\/territorialchallenges.com\/pt\/2021\/10\/17\/les-autorites-locales-et-la-maintenance-preventive-des-infrastructures\/88187\/","og_locale":"pt_PT","og_type":"article","og_title":"Les autorit\u00e9s locales et la maintenance pr\u00e9ventive des infrastructures - Territorial Challenges","og_description":"Les maires et leurs adjoints sont comme les fascias de nos muscles.\u00a0Semblable au r\u00e9seau complexe de tissus conjonctifs qui nous aident \u00e0 bouger, il existe un vaste r\u00e9seau d\u2019\u00e9lus en France, dans 34968 communes qui agissent comme le mat\u00e9riau conjonctif qui maintient inlassablement notre soci\u00e9t\u00e9 ensemble. Alors que les citoyens s&rsquo;occupent de leur famille et [&hellip;]","og_url":"https:\/\/territorialchallenges.com\/pt\/2021\/10\/17\/les-autorites-locales-et-la-maintenance-preventive-des-infrastructures\/88187\/","og_site_name":"Territorial Challenges","article_published_time":"2021-10-17T21:48:06+00:00","article_modified_time":"2023-07-20T07:40:27+00:00","og_image":[{"width":1920,"height":1280,"url":"https:\/\/territorialchallenges.com\/wp-content\/uploads\/2021\/01\/reflexionfaiteimage170121.jpg","type":"image\/jpeg"}],"author":"ni.abdi","twitter_card":"summary_large_image","twitter_creator":"@Ni.abdi","twitter_misc":{"Escrito por":"ni.abdi","Tempo estimado de leitura":"3 minutos"},"schema":{"@context":"https:\/\/schema.org","@graph":[{"@type":"Article","@id":"https:\/\/territorialchallenges.com\/2021\/10\/17\/les-autorites-locales-et-la-maintenance-preventive-des-infrastructures\/88187\/#article","isPartOf":{"@id":"https:\/\/territorialchallenges.com\/2021\/10\/17\/les-autorites-locales-et-la-maintenance-preventive-des-infrastructures\/88187\/"},"author":{"name":"ni.abdi","@id":"https:\/\/territorialchallenges.com\/#\/schema\/person\/098f145c7c61a021c425e010f840080f"},"headline":"Les autorit\u00e9s locales et la maintenance pr\u00e9ventive des infrastructures","datePublished":"2021-10-17T21:48:06+00:00","dateModified":"2023-07-20T07:40:27+00:00","mainEntityOfPage":{"@id":"https:\/\/territorialchallenges.com\/2021\/10\/17\/les-autorites-locales-et-la-maintenance-preventive-des-infrastructures\/88187\/"},"wordCount":657,"commentCount":0,"publisher":{"@id":"https:\/\/territorialchallenges.com\/#organization"},"articleSection":["R\u00e9flexion faite","\u00c9cosyst\u00e8me"],"inLanguage":"pt-PT"},{"@type":"WebPage","@id":"https:\/\/territorialchallenges.com\/2021\/10\/17\/les-autorites-locales-et-la-maintenance-preventive-des-infrastructures\/88187\/","url":"https:\/\/territorialchallenges.com\/2021\/10\/17\/les-autorites-locales-et-la-maintenance-preventive-des-infrastructures\/88187\/","name":"Les autorit\u00e9s locales et la maintenance pr\u00e9ventive des infrastructures - Territorial Challenges","isPartOf":{"@id":"https:\/\/territorialchallenges.com\/#website"},"datePublished":"2021-10-17T21:48:06+00:00","dateModified":"2023-07-20T07:40:27+00:00","breadcrumb":{"@id":"https:\/\/territorialchallenges.com\/2021\/10\/17\/les-autorites-locales-et-la-maintenance-preventive-des-infrastructures\/88187\/#breadcrumb"},"inLanguage":"pt-PT","potentialAction":[{"@type":"ReadAction","target":["https:\/\/territorialchallenges.com\/2021\/10\/17\/les-autorites-locales-et-la-maintenance-preventive-des-infrastructures\/88187\/"]}]},{"@type":"BreadcrumbList","@id":"https:\/\/territorialchallenges.com\/2021\/10\/17\/les-autorites-locales-et-la-maintenance-preventive-des-infrastructures\/88187\/#breadcrumb","itemListElement":[{"@type":"ListItem","position":1,"name":"Home","item":"https:\/\/territorialchallenges.com\/"},{"@type":"ListItem","position":2,"name":"Les autorit\u00e9s locales et la maintenance pr\u00e9ventive des infrastructures"}]},{"@type":"WebSite","@id":"https:\/\/territorialchallenges.com\/#website","url":"https:\/\/territorialchallenges.com\/","name":"Desafios territoriais","description":"Monitoramento Internacional - Estrat\u00e9gias Inteligentes - Melhores Pr\u00e1ticas","publisher":{"@id":"https:\/\/territorialchallenges.com\/#organization"},"potentialAction":[{"@type":"SearchAction","target":{"@type":"EntryPoint","urlTemplate":"https:\/\/territorialchallenges.com\/?s={search_term_string}"},"query-input":"required name=search_term_string"}],"inLanguage":"pt-PT"},{"@type":"Organization","@id":"https:\/\/territorialchallenges.com\/#organization","name":"Desafios territoriais","url":"https:\/\/territorialchallenges.com\/","logo":{"@type":"ImageObject","inLanguage":"pt-PT","@id":"https:\/\/territorialchallenges.com\/#\/schema\/logo\/image\/","url":"https:\/\/territorialchallenges.com\/wp-content\/uploads\/2023\/10\/logo-1.png","contentUrl":"https:\/\/territorialchallenges.com\/wp-content\/uploads\/2023\/10\/logo-1.png","width":1832,"height":576,"caption":"Territorial Challenges"},"image":{"@id":"https:\/\/territorialchallenges.com\/#\/schema\/logo\/image\/"}},{"@type":"Person","@id":"https:\/\/territorialchallenges.com\/#\/schema\/person\/098f145c7c61a021c425e010f840080f","name":"ni.abdi","image":{"@type":"ImageObject","inLanguage":"pt-PT","@id":"https:\/\/territorialchallenges.com\/#\/schema\/person\/image\/","url":"https:\/\/secure.gravatar.com\/avatar\/2a2f2491f3c80039986ba989b1e4b510?s=96&d=identicon&r=g","contentUrl":"https:\/\/secure.gravatar.com\/avatar\/2a2f2491f3c80039986ba989b1e4b510?s=96&d=identicon&r=g","caption":"ni.abdi"},"sameAs":["https:\/\/twitter.com\/Ni.abdi"],"url":"https:\/\/territorialchallenges.com\/pt\/author\/ni-abdi\/"}]}},"_links":{"self":[{"href":"https:\/\/territorialchallenges.com\/pt\/wp-json\/wp\/v2\/posts\/88187"}],"collection":[{"href":"https:\/\/territorialchallenges.com\/pt\/wp-json\/wp\/v2\/posts"}],"about":[{"href":"https:\/\/territorialchallenges.com\/pt\/wp-json\/wp\/v2\/types\/post"}],"author":[{"embeddable":true,"href":"https:\/\/territorialchallenges.com\/pt\/wp-json\/wp\/v2\/users\/11"}],"replies":[{"embeddable":true,"href":"https:\/\/territorialchallenges.com\/pt\/wp-json\/wp\/v2\/comments?post=88187"}],"version-history":[{"count":2,"href":"https:\/\/territorialchallenges.com\/pt\/wp-json\/wp\/v2\/posts\/88187\/revisions"}],"predecessor-version":[{"id":120791,"href":"https:\/\/territorialchallenges.com\/pt\/wp-json\/wp\/v2\/posts\/88187\/revisions\/120791"}],"wp:featuredmedia":[{"embeddable":true,"href":"https:\/\/territorialchallenges.com\/pt\/wp-json\/wp\/v2\/media\/88188"}],"wp:attachment":[{"href":"https:\/\/territorialchallenges.com\/pt\/wp-json\/wp\/v2\/media?parent=88187"}],"wp:term":[{"taxonomy":"category","embeddable":true,"href":"https:\/\/territorialchallenges.com\/pt\/wp-json\/wp\/v2\/categories?post=88187"},{"taxonomy":"post_tag","embeddable":true,"href":"https:\/\/territorialchallenges.com\/pt\/wp-json\/wp\/v2\/tags?post=88187"}],"curies":[{"name":"wp","href":"https:\/\/api.w.org\/{rel}","templated":true}]}}