{"id":86738,"date":"2021-09-07T22:51:16","date_gmt":"2021-09-07T20:51:16","guid":{"rendered":"https:\/\/territorialchallenges.com\/?p=86738"},"modified":"2022-05-03T10:14:20","modified_gmt":"2022-05-03T08:14:20","slug":"transition-ecologique-quand-les-maires-vont-plus-vite-que-le-gouvernement","status":"publish","type":"post","link":"https:\/\/territorialchallenges.com\/pt\/2021\/09\/07\/transition-ecologique-quand-les-maires-vont-plus-vite-que-le-gouvernement\/86738\/","title":{"rendered":"Transi\u00e7\u00e3o ecol\u00f3gica: quando os prefeitos agem mais r\u00e1pido que o governo"},"content":{"rendered":"<p>Nos Estados Unidos, diante dos obst\u00e1culos enfrentados durante os quatro anos do governo Trump, alguns prefeitos assumiram a lideran\u00e7a e recorreram a solu\u00e7\u00f5es digitais para concluir com sucesso sua transi\u00e7\u00e3o ecol\u00f3gica. Tudo isso prenuncia a ascens\u00e3o de autoridades locais eleitas que, diante da hesita\u00e7\u00e3o dos governos em oferecer uma pol\u00edtica energ\u00e9tica voltada para o futuro, preferem assumir a lideran\u00e7a... <\/p>\n<div class=\"pmpro_content_message\">Artigo dispon\u00edvel somente para assinantes.<br \/><a href=\"https:\/\/territorialchallenges.com\/wp-login.php\">Conecte-se<\/a><br \/><a href=\"https:\/\/territorialchallenges.com\/pt\/wp-login.php\/?action=register\">Registrar<\/a><\/div>","protected":false},"excerpt":{"rendered":"<p>Aux Etats-Unis, face aux freins durant quatre ann\u00e9es de l&rsquo;administration Trump, certains maires ont pris les devants et se sont tourn\u00e9s vers les solutions num\u00e9riques pour r\u00e9ussir leur transition \u00e9cologique. Tout cela pr\u00e9figure la mont\u00e9e en puissance d\u2019\u00e9lus locaux qui devant les h\u00e9sitations des gouvernements \u00e0 offrir une politique \u00e9nerg\u00e9tique d\u2019anticipation, pr\u00e9f\u00e8rent prendre les devants,... <\/p>\n<div class=\"pmpro_content_message\">Artigo dispon\u00edvel somente para assinantes.<br \/><a href=\"https:\/\/territorialchallenges.com\/wp-login.php\">Conecte-se<\/a><br \/><a href=\"https:\/\/territorialchallenges.com\/pt\/wp-login.php\/?action=register\">Registrar<\/a><\/div>","protected":false},"author":11,"featured_media":86739,"comment_status":"open","ping_status":"open","sticky":true,"template":"","format":"standard","meta":{"pmpro_default_level":0,"footnotes":""},"categories":[130,117],"tags":[],"blocksy_meta":"","yoast_head":"<!-- This site is optimized with the Yoast SEO plugin v21.5 - https:\/\/yoast.com\/wordpress\/plugins\/seo\/ -->\n<title>Transition \u00e9cologique : quand les maires vont plus vite que le gouvernement - Territorial Challenges<\/title>\n<meta name=\"robots\" content=\"index, follow, max-snippet:-1, max-image-preview:large, max-video-preview:-1\" \/>\n<link rel=\"canonical\" href=\"https:\/\/territorialchallenges.com\/pt\/2021\/09\/07\/transition-ecologique-quand-les-maires-vont-plus-vite-que-le-gouvernement\/86738\/\" \/>\n<meta property=\"og:locale\" content=\"pt_PT\" \/>\n<meta property=\"og:type\" content=\"article\" \/>\n<meta property=\"og:title\" content=\"Transition \u00e9cologique : quand les maires vont plus vite que le gouvernement - Territorial Challenges\" \/>\n<meta property=\"og:description\" content=\"Aux Etats-Unis, face aux freins durant quatre ann\u00e9es de l&rsquo;administration Trump, certains maires ont pris les devants et se sont tourn\u00e9s vers les solutions num\u00e9riques pour r\u00e9ussir leur transition \u00e9cologique. Tout cela pr\u00e9figure la mont\u00e9e en puissance d\u2019\u00e9lus locaux qui devant les h\u00e9sitations des gouvernements \u00e0 offrir une politique \u00e9nerg\u00e9tique d\u2019anticipation, pr\u00e9f\u00e8rent prendre les devants, [&hellip;]\" \/>\n<meta property=\"og:url\" content=\"https:\/\/territorialchallenges.com\/pt\/2021\/09\/07\/transition-ecologique-quand-les-maires-vont-plus-vite-que-le-gouvernement\/86738\/\" \/>\n<meta property=\"og:site_name\" content=\"Territorial Challenges\" \/>\n<meta property=\"article:published_time\" content=\"2021-09-07T20:51:16+00:00\" \/>\n<meta property=\"article:modified_time\" content=\"2022-05-03T08:14:20+00:00\" \/>\n<meta property=\"og:image\" content=\"https:\/\/territorialchallenges.com\/wp-content\/uploads\/2020\/12\/mayor.jpg\" \/>\n\t<meta property=\"og:image:width\" content=\"1920\" \/>\n\t<meta property=\"og:image:height\" content=\"1280\" \/>\n\t<meta property=\"og:image:type\" content=\"image\/jpeg\" \/>\n<meta name=\"author\" content=\"ni.abdi\" \/>\n<meta name=\"twitter:card\" content=\"summary_large_image\" \/>\n<meta name=\"twitter:creator\" content=\"@Ni.abdi\" \/>\n<meta name=\"twitter:label1\" content=\"Escrito por\" \/>\n\t<meta name=\"twitter:data1\" content=\"ni.abdi\" \/>\n\t<meta name=\"twitter:label2\" content=\"Tempo estimado de leitura\" \/>\n\t<meta name=\"twitter:data2\" content=\"3 minutos\" \/>\n<script type=\"application\/ld+json\" class=\"yoast-schema-graph\">{\"@context\":\"https:\/\/schema.org\",\"@graph\":[{\"@type\":\"Article\",\"@id\":\"https:\/\/territorialchallenges.com\/2021\/09\/07\/transition-ecologique-quand-les-maires-vont-plus-vite-que-le-gouvernement\/86738\/#article\",\"isPartOf\":{\"@id\":\"https:\/\/territorialchallenges.com\/2021\/09\/07\/transition-ecologique-quand-les-maires-vont-plus-vite-que-le-gouvernement\/86738\/\"},\"author\":{\"name\":\"ni.abdi\",\"@id\":\"https:\/\/territorialchallenges.com\/#\/schema\/person\/098f145c7c61a021c425e010f840080f\"},\"headline\":\"Transition \u00e9cologique : quand les maires vont plus vite que le gouvernement\",\"datePublished\":\"2021-09-07T20:51:16+00:00\",\"dateModified\":\"2022-05-03T08:14:20+00:00\",\"mainEntityOfPage\":{\"@id\":\"https:\/\/territorialchallenges.com\/2021\/09\/07\/transition-ecologique-quand-les-maires-vont-plus-vite-que-le-gouvernement\/86738\/\"},\"wordCount\":609,\"commentCount\":0,\"publisher\":{\"@id\":\"https:\/\/territorialchallenges.com\/#organization\"},\"articleSection\":[\"R\u00e9flexion faite\",\"\u00c9cosyst\u00e8me\"],\"inLanguage\":\"pt-PT\"},{\"@type\":\"WebPage\",\"@id\":\"https:\/\/territorialchallenges.com\/2021\/09\/07\/transition-ecologique-quand-les-maires-vont-plus-vite-que-le-gouvernement\/86738\/\",\"url\":\"https:\/\/territorialchallenges.com\/2021\/09\/07\/transition-ecologique-quand-les-maires-vont-plus-vite-que-le-gouvernement\/86738\/\",\"name\":\"Transition \u00e9cologique : quand les maires vont plus vite que le gouvernement - Territorial Challenges\",\"isPartOf\":{\"@id\":\"https:\/\/territorialchallenges.com\/#website\"},\"datePublished\":\"2021-09-07T20:51:16+00:00\",\"dateModified\":\"2022-05-03T08:14:20+00:00\",\"breadcrumb\":{\"@id\":\"https:\/\/territorialchallenges.com\/2021\/09\/07\/transition-ecologique-quand-les-maires-vont-plus-vite-que-le-gouvernement\/86738\/#breadcrumb\"},\"inLanguage\":\"pt-PT\",\"potentialAction\":[{\"@type\":\"ReadAction\",\"target\":[\"https:\/\/territorialchallenges.com\/2021\/09\/07\/transition-ecologique-quand-les-maires-vont-plus-vite-que-le-gouvernement\/86738\/\"]}]},{\"@type\":\"BreadcrumbList\",\"@id\":\"https:\/\/territorialchallenges.com\/2021\/09\/07\/transition-ecologique-quand-les-maires-vont-plus-vite-que-le-gouvernement\/86738\/#breadcrumb\",\"itemListElement\":[{\"@type\":\"ListItem\",\"position\":1,\"name\":\"Home\",\"item\":\"https:\/\/territorialchallenges.com\/\"},{\"@type\":\"ListItem\",\"position\":2,\"name\":\"Transition \u00e9cologique : quand les maires vont plus vite que le gouvernement\"}]},{\"@type\":\"WebSite\",\"@id\":\"https:\/\/territorialchallenges.com\/#website\",\"url\":\"https:\/\/territorialchallenges.com\/\",\"name\":\"Territorial Challenges\",\"description\":\"Veille Internationale - Strat\u00e9gie Intelligentes - Bonnes pratiques\",\"publisher\":{\"@id\":\"https:\/\/territorialchallenges.com\/#organization\"},\"potentialAction\":[{\"@type\":\"SearchAction\",\"target\":{\"@type\":\"EntryPoint\",\"urlTemplate\":\"https:\/\/territorialchallenges.com\/?s={search_term_string}\"},\"query-input\":\"required name=search_term_string\"}],\"inLanguage\":\"pt-PT\"},{\"@type\":\"Organization\",\"@id\":\"https:\/\/territorialchallenges.com\/#organization\",\"name\":\"Territorial Challenges\",\"url\":\"https:\/\/territorialchallenges.com\/\",\"logo\":{\"@type\":\"ImageObject\",\"inLanguage\":\"pt-PT\",\"@id\":\"https:\/\/territorialchallenges.com\/#\/schema\/logo\/image\/\",\"url\":\"https:\/\/territorialchallenges.com\/wp-content\/uploads\/2023\/10\/logo-1.png\",\"contentUrl\":\"https:\/\/territorialchallenges.com\/wp-content\/uploads\/2023\/10\/logo-1.png\",\"width\":1832,\"height\":576,\"caption\":\"Territorial Challenges\"},\"image\":{\"@id\":\"https:\/\/territorialchallenges.com\/#\/schema\/logo\/image\/\"}},{\"@type\":\"Person\",\"@id\":\"https:\/\/territorialchallenges.com\/#\/schema\/person\/098f145c7c61a021c425e010f840080f\",\"name\":\"ni.abdi\",\"image\":{\"@type\":\"ImageObject\",\"inLanguage\":\"pt-PT\",\"@id\":\"https:\/\/territorialchallenges.com\/#\/schema\/person\/image\/\",\"url\":\"https:\/\/secure.gravatar.com\/avatar\/2a2f2491f3c80039986ba989b1e4b510?s=96&d=identicon&r=g\",\"contentUrl\":\"https:\/\/secure.gravatar.com\/avatar\/2a2f2491f3c80039986ba989b1e4b510?s=96&d=identicon&r=g\",\"caption\":\"ni.abdi\"},\"sameAs\":[\"https:\/\/twitter.com\/Ni.abdi\"],\"url\":\"https:\/\/territorialchallenges.com\/pt\/author\/ni-abdi\/\"}]}<\/script>\n<!-- \/ Yoast SEO plugin. -->","yoast_head_json":{"title":"Transition \u00e9cologique : quand les maires vont plus vite que le gouvernement - Territorial Challenges","robots":{"index":"index","follow":"follow","max-snippet":"max-snippet:-1","max-image-preview":"max-image-preview:large","max-video-preview":"max-video-preview:-1"},"canonical":"https:\/\/territorialchallenges.com\/pt\/2021\/09\/07\/transition-ecologique-quand-les-maires-vont-plus-vite-que-le-gouvernement\/86738\/","og_locale":"pt_PT","og_type":"article","og_title":"Transition \u00e9cologique : quand les maires vont plus vite que le gouvernement - Territorial Challenges","og_description":"Aux Etats-Unis, face aux freins durant quatre ann\u00e9es de l&rsquo;administration Trump, certains maires ont pris les devants et se sont tourn\u00e9s vers les solutions num\u00e9riques pour r\u00e9ussir leur transition \u00e9cologique. Tout cela pr\u00e9figure la mont\u00e9e en puissance d\u2019\u00e9lus locaux qui devant les h\u00e9sitations des gouvernements \u00e0 offrir une politique \u00e9nerg\u00e9tique d\u2019anticipation, pr\u00e9f\u00e8rent prendre les devants, [&hellip;]","og_url":"https:\/\/territorialchallenges.com\/pt\/2021\/09\/07\/transition-ecologique-quand-les-maires-vont-plus-vite-que-le-gouvernement\/86738\/","og_site_name":"Territorial Challenges","article_published_time":"2021-09-07T20:51:16+00:00","article_modified_time":"2022-05-03T08:14:20+00:00","og_image":[{"width":1920,"height":1280,"url":"https:\/\/territorialchallenges.com\/wp-content\/uploads\/2020\/12\/mayor.jpg","type":"image\/jpeg"}],"author":"ni.abdi","twitter_card":"summary_large_image","twitter_creator":"@Ni.abdi","twitter_misc":{"Escrito por":"ni.abdi","Tempo estimado de leitura":"3 minutos"},"schema":{"@context":"https:\/\/schema.org","@graph":[{"@type":"Article","@id":"https:\/\/territorialchallenges.com\/2021\/09\/07\/transition-ecologique-quand-les-maires-vont-plus-vite-que-le-gouvernement\/86738\/#article","isPartOf":{"@id":"https:\/\/territorialchallenges.com\/2021\/09\/07\/transition-ecologique-quand-les-maires-vont-plus-vite-que-le-gouvernement\/86738\/"},"author":{"name":"ni.abdi","@id":"https:\/\/territorialchallenges.com\/#\/schema\/person\/098f145c7c61a021c425e010f840080f"},"headline":"Transition \u00e9cologique : quand les maires vont plus vite que le gouvernement","datePublished":"2021-09-07T20:51:16+00:00","dateModified":"2022-05-03T08:14:20+00:00","mainEntityOfPage":{"@id":"https:\/\/territorialchallenges.com\/2021\/09\/07\/transition-ecologique-quand-les-maires-vont-plus-vite-que-le-gouvernement\/86738\/"},"wordCount":609,"commentCount":0,"publisher":{"@id":"https:\/\/territorialchallenges.com\/#organization"},"articleSection":["R\u00e9flexion faite","\u00c9cosyst\u00e8me"],"inLanguage":"pt-PT"},{"@type":"WebPage","@id":"https:\/\/territorialchallenges.com\/2021\/09\/07\/transition-ecologique-quand-les-maires-vont-plus-vite-que-le-gouvernement\/86738\/","url":"https:\/\/territorialchallenges.com\/2021\/09\/07\/transition-ecologique-quand-les-maires-vont-plus-vite-que-le-gouvernement\/86738\/","name":"Transition \u00e9cologique : quand les maires vont plus vite que le gouvernement - Territorial Challenges","isPartOf":{"@id":"https:\/\/territorialchallenges.com\/#website"},"datePublished":"2021-09-07T20:51:16+00:00","dateModified":"2022-05-03T08:14:20+00:00","breadcrumb":{"@id":"https:\/\/territorialchallenges.com\/2021\/09\/07\/transition-ecologique-quand-les-maires-vont-plus-vite-que-le-gouvernement\/86738\/#breadcrumb"},"inLanguage":"pt-PT","potentialAction":[{"@type":"ReadAction","target":["https:\/\/territorialchallenges.com\/2021\/09\/07\/transition-ecologique-quand-les-maires-vont-plus-vite-que-le-gouvernement\/86738\/"]}]},{"@type":"BreadcrumbList","@id":"https:\/\/territorialchallenges.com\/2021\/09\/07\/transition-ecologique-quand-les-maires-vont-plus-vite-que-le-gouvernement\/86738\/#breadcrumb","itemListElement":[{"@type":"ListItem","position":1,"name":"Home","item":"https:\/\/territorialchallenges.com\/"},{"@type":"ListItem","position":2,"name":"Transition \u00e9cologique : quand les maires vont plus vite que le gouvernement"}]},{"@type":"WebSite","@id":"https:\/\/territorialchallenges.com\/#website","url":"https:\/\/territorialchallenges.com\/","name":"Desafios territoriais","description":"Monitoramento Internacional - Estrat\u00e9gias Inteligentes - Melhores Pr\u00e1ticas","publisher":{"@id":"https:\/\/territorialchallenges.com\/#organization"},"potentialAction":[{"@type":"SearchAction","target":{"@type":"EntryPoint","urlTemplate":"https:\/\/territorialchallenges.com\/?s={search_term_string}"},"query-input":"required name=search_term_string"}],"inLanguage":"pt-PT"},{"@type":"Organization","@id":"https:\/\/territorialchallenges.com\/#organization","name":"Desafios territoriais","url":"https:\/\/territorialchallenges.com\/","logo":{"@type":"ImageObject","inLanguage":"pt-PT","@id":"https:\/\/territorialchallenges.com\/#\/schema\/logo\/image\/","url":"https:\/\/territorialchallenges.com\/wp-content\/uploads\/2023\/10\/logo-1.png","contentUrl":"https:\/\/territorialchallenges.com\/wp-content\/uploads\/2023\/10\/logo-1.png","width":1832,"height":576,"caption":"Territorial Challenges"},"image":{"@id":"https:\/\/territorialchallenges.com\/#\/schema\/logo\/image\/"}},{"@type":"Person","@id":"https:\/\/territorialchallenges.com\/#\/schema\/person\/098f145c7c61a021c425e010f840080f","name":"ni.abdi","image":{"@type":"ImageObject","inLanguage":"pt-PT","@id":"https:\/\/territorialchallenges.com\/#\/schema\/person\/image\/","url":"https:\/\/secure.gravatar.com\/avatar\/2a2f2491f3c80039986ba989b1e4b510?s=96&d=identicon&r=g","contentUrl":"https:\/\/secure.gravatar.com\/avatar\/2a2f2491f3c80039986ba989b1e4b510?s=96&d=identicon&r=g","caption":"ni.abdi"},"sameAs":["https:\/\/twitter.com\/Ni.abdi"],"url":"https:\/\/territorialchallenges.com\/pt\/author\/ni-abdi\/"}]}},"_links":{"self":[{"href":"https:\/\/territorialchallenges.com\/pt\/wp-json\/wp\/v2\/posts\/86738"}],"collection":[{"href":"https:\/\/territorialchallenges.com\/pt\/wp-json\/wp\/v2\/posts"}],"about":[{"href":"https:\/\/territorialchallenges.com\/pt\/wp-json\/wp\/v2\/types\/post"}],"author":[{"embeddable":true,"href":"https:\/\/territorialchallenges.com\/pt\/wp-json\/wp\/v2\/users\/11"}],"replies":[{"embeddable":true,"href":"https:\/\/territorialchallenges.com\/pt\/wp-json\/wp\/v2\/comments?post=86738"}],"version-history":[{"count":1,"href":"https:\/\/territorialchallenges.com\/pt\/wp-json\/wp\/v2\/posts\/86738\/revisions"}],"predecessor-version":[{"id":86743,"href":"https:\/\/territorialchallenges.com\/pt\/wp-json\/wp\/v2\/posts\/86738\/revisions\/86743"}],"wp:featuredmedia":[{"embeddable":true,"href":"https:\/\/territorialchallenges.com\/pt\/wp-json\/wp\/v2\/media\/86739"}],"wp:attachment":[{"href":"https:\/\/territorialchallenges.com\/pt\/wp-json\/wp\/v2\/media?parent=86738"}],"wp:term":[{"taxonomy":"category","embeddable":true,"href":"https:\/\/territorialchallenges.com\/pt\/wp-json\/wp\/v2\/categories?post=86738"},{"taxonomy":"post_tag","embeddable":true,"href":"https:\/\/territorialchallenges.com\/pt\/wp-json\/wp\/v2\/tags?post=86738"}],"curies":[{"name":"wp","href":"https:\/\/api.w.org\/{rel}","templated":true}]}}