{"id":86711,"date":"2021-09-04T23:17:45","date_gmt":"2021-09-04T21:17:45","guid":{"rendered":"https:\/\/territorialchallenges.com\/?p=86711"},"modified":"2022-05-03T10:15:39","modified_gmt":"2022-05-03T08:15:39","slug":"hollande-un-hub-de-technologies-inclusives-a-apeldoorn","status":"publish","type":"post","link":"https:\/\/territorialchallenges.com\/pt\/2021\/09\/04\/hollande-un-hub-de-technologies-inclusives-a-apeldoorn\/86711\/","title":{"rendered":"Holanda: Um centro de tecnologias inclusivas em Apeldoorn"},"content":{"rendered":"<p>O centro dever\u00e1 ajudar pessoas com defici\u00eancia e idosos a encontrar empregos sustent\u00e1veis nesta cidade de mais de 100.000 habitantes no oeste dos Pa\u00edses Baixos, que acaba de ser selecionada pelo F\u00f3rum Econ\u00f4mico Mundial como uma das 36 cidades pioneiras em territ\u00f3rios inteligentes. Um total de oito empresas, organiza\u00e7\u00f5es e institui\u00e7\u00f5es de conhecimento do\u2026 <\/p>\n<div class=\"pmpro_content_message\">Artigo dispon\u00edvel somente para assinantes.<br \/><a href=\"https:\/\/territorialchallenges.com\/wp-login.php\">Conecte-se<\/a><br \/><a href=\"https:\/\/territorialchallenges.com\/pt\/wp-login.php\/?action=register\">Registrar<\/a><\/div>","protected":false},"excerpt":{"rendered":"<p>Ce centre devrait aider les personnes handicap\u00e9es et les seniors \u00e0 trouver un emploi durable dans cette ville, de plus de 100.000 habitants de l&rsquo;ouest des Pays-Bas qui vient d&rsquo;\u00eatre s\u00e9lectionn\u00e9e par le World Economic Forum, parmi 36 villes pionni\u00e8res dans les territoires intelligents. Au total, huit entreprises, organisations et institutions du savoir de la... <\/p>\n<div class=\"pmpro_content_message\">Artigo dispon\u00edvel somente para assinantes.<br \/><a href=\"https:\/\/territorialchallenges.com\/wp-login.php\">Conecte-se<\/a><br \/><a href=\"https:\/\/territorialchallenges.com\/pt\/wp-login.php\/?action=register\">Registrar<\/a><\/div>","protected":false},"author":11,"featured_media":86712,"comment_status":"open","ping_status":"open","sticky":true,"template":"","format":"standard","meta":{"pmpro_default_level":0,"footnotes":""},"categories":[19,127],"tags":[],"blocksy_meta":"","yoast_head":"<!-- This site is optimized with the Yoast SEO plugin v21.5 - https:\/\/yoast.com\/wordpress\/plugins\/seo\/ -->\n<title>Hollande: Un hub de technologies inclusives \u00e0 Apeldoorn - Territorial Challenges<\/title>\n<meta name=\"robots\" content=\"index, follow, max-snippet:-1, max-image-preview:large, max-video-preview:-1\" \/>\n<link rel=\"canonical\" href=\"https:\/\/territorialchallenges.com\/pt\/2021\/09\/04\/hollande-un-hub-de-technologies-inclusives-a-apeldoorn\/86711\/\" \/>\n<meta property=\"og:locale\" content=\"pt_PT\" \/>\n<meta property=\"og:type\" content=\"article\" \/>\n<meta property=\"og:title\" content=\"Hollande: Un hub de technologies inclusives \u00e0 Apeldoorn - Territorial Challenges\" \/>\n<meta property=\"og:description\" content=\"Ce centre devrait aider les personnes handicap\u00e9es et les seniors \u00e0 trouver un emploi durable dans cette ville, de plus de 100.000 habitants de l&rsquo;ouest des Pays-Bas qui vient d&rsquo;\u00eatre s\u00e9lectionn\u00e9e par le World Economic Forum, parmi 36 villes pionni\u00e8res dans les territoires intelligents. Au total, huit entreprises, organisations et institutions du savoir de la [&hellip;]\" \/>\n<meta property=\"og:url\" content=\"https:\/\/territorialchallenges.com\/pt\/2021\/09\/04\/hollande-un-hub-de-technologies-inclusives-a-apeldoorn\/86711\/\" \/>\n<meta property=\"og:site_name\" content=\"Territorial Challenges\" \/>\n<meta property=\"article:published_time\" content=\"2021-09-04T21:17:45+00:00\" \/>\n<meta property=\"article:modified_time\" content=\"2022-05-03T08:15:39+00:00\" \/>\n<meta property=\"og:image\" content=\"https:\/\/territorialchallenges.com\/wp-content\/uploads\/2020\/12\/apeldoorn-1431948_1920.jpg\" \/>\n\t<meta property=\"og:image:width\" content=\"1920\" \/>\n\t<meta property=\"og:image:height\" content=\"1280\" \/>\n\t<meta property=\"og:image:type\" content=\"image\/jpeg\" \/>\n<meta name=\"author\" content=\"ni.abdi\" \/>\n<meta name=\"twitter:card\" content=\"summary_large_image\" \/>\n<meta name=\"twitter:creator\" content=\"@Ni.abdi\" \/>\n<meta name=\"twitter:label1\" content=\"Escrito por\" \/>\n\t<meta name=\"twitter:data1\" content=\"ni.abdi\" \/>\n\t<meta name=\"twitter:label2\" content=\"Tempo estimado de leitura\" \/>\n\t<meta name=\"twitter:data2\" content=\"3 minutos\" \/>\n<script type=\"application\/ld+json\" class=\"yoast-schema-graph\">{\"@context\":\"https:\/\/schema.org\",\"@graph\":[{\"@type\":\"Article\",\"@id\":\"https:\/\/territorialchallenges.com\/2021\/09\/04\/hollande-un-hub-de-technologies-inclusives-a-apeldoorn\/86711\/#article\",\"isPartOf\":{\"@id\":\"https:\/\/territorialchallenges.com\/2021\/09\/04\/hollande-un-hub-de-technologies-inclusives-a-apeldoorn\/86711\/\"},\"author\":{\"name\":\"ni.abdi\",\"@id\":\"https:\/\/territorialchallenges.com\/#\/schema\/person\/098f145c7c61a021c425e010f840080f\"},\"headline\":\"Hollande: Un hub de technologies inclusives \u00e0 Apeldoorn\",\"datePublished\":\"2021-09-04T21:17:45+00:00\",\"dateModified\":\"2022-05-03T08:15:39+00:00\",\"mainEntityOfPage\":{\"@id\":\"https:\/\/territorialchallenges.com\/2021\/09\/04\/hollande-un-hub-de-technologies-inclusives-a-apeldoorn\/86711\/\"},\"wordCount\":588,\"commentCount\":0,\"publisher\":{\"@id\":\"https:\/\/territorialchallenges.com\/#organization\"},\"articleSection\":[\"Territoires Intelligents\",\"Actualit\u00e9 Europe\"],\"inLanguage\":\"pt-PT\"},{\"@type\":\"WebPage\",\"@id\":\"https:\/\/territorialchallenges.com\/2021\/09\/04\/hollande-un-hub-de-technologies-inclusives-a-apeldoorn\/86711\/\",\"url\":\"https:\/\/territorialchallenges.com\/2021\/09\/04\/hollande-un-hub-de-technologies-inclusives-a-apeldoorn\/86711\/\",\"name\":\"Hollande: Un hub de technologies inclusives \u00e0 Apeldoorn - Territorial Challenges\",\"isPartOf\":{\"@id\":\"https:\/\/territorialchallenges.com\/#website\"},\"datePublished\":\"2021-09-04T21:17:45+00:00\",\"dateModified\":\"2022-05-03T08:15:39+00:00\",\"breadcrumb\":{\"@id\":\"https:\/\/territorialchallenges.com\/2021\/09\/04\/hollande-un-hub-de-technologies-inclusives-a-apeldoorn\/86711\/#breadcrumb\"},\"inLanguage\":\"pt-PT\",\"potentialAction\":[{\"@type\":\"ReadAction\",\"target\":[\"https:\/\/territorialchallenges.com\/2021\/09\/04\/hollande-un-hub-de-technologies-inclusives-a-apeldoorn\/86711\/\"]}]},{\"@type\":\"BreadcrumbList\",\"@id\":\"https:\/\/territorialchallenges.com\/2021\/09\/04\/hollande-un-hub-de-technologies-inclusives-a-apeldoorn\/86711\/#breadcrumb\",\"itemListElement\":[{\"@type\":\"ListItem\",\"position\":1,\"name\":\"Home\",\"item\":\"https:\/\/territorialchallenges.com\/\"},{\"@type\":\"ListItem\",\"position\":2,\"name\":\"Hollande: Un hub de technologies inclusives \u00e0 Apeldoorn\"}]},{\"@type\":\"WebSite\",\"@id\":\"https:\/\/territorialchallenges.com\/#website\",\"url\":\"https:\/\/territorialchallenges.com\/\",\"name\":\"Territorial Challenges\",\"description\":\"Veille Internationale - Strat\u00e9gie Intelligentes - Bonnes pratiques\",\"publisher\":{\"@id\":\"https:\/\/territorialchallenges.com\/#organization\"},\"potentialAction\":[{\"@type\":\"SearchAction\",\"target\":{\"@type\":\"EntryPoint\",\"urlTemplate\":\"https:\/\/territorialchallenges.com\/?s={search_term_string}\"},\"query-input\":\"required name=search_term_string\"}],\"inLanguage\":\"pt-PT\"},{\"@type\":\"Organization\",\"@id\":\"https:\/\/territorialchallenges.com\/#organization\",\"name\":\"Territorial Challenges\",\"url\":\"https:\/\/territorialchallenges.com\/\",\"logo\":{\"@type\":\"ImageObject\",\"inLanguage\":\"pt-PT\",\"@id\":\"https:\/\/territorialchallenges.com\/#\/schema\/logo\/image\/\",\"url\":\"https:\/\/territorialchallenges.com\/wp-content\/uploads\/2023\/10\/logo-1.png\",\"contentUrl\":\"https:\/\/territorialchallenges.com\/wp-content\/uploads\/2023\/10\/logo-1.png\",\"width\":1832,\"height\":576,\"caption\":\"Territorial Challenges\"},\"image\":{\"@id\":\"https:\/\/territorialchallenges.com\/#\/schema\/logo\/image\/\"}},{\"@type\":\"Person\",\"@id\":\"https:\/\/territorialchallenges.com\/#\/schema\/person\/098f145c7c61a021c425e010f840080f\",\"name\":\"ni.abdi\",\"image\":{\"@type\":\"ImageObject\",\"inLanguage\":\"pt-PT\",\"@id\":\"https:\/\/territorialchallenges.com\/#\/schema\/person\/image\/\",\"url\":\"https:\/\/secure.gravatar.com\/avatar\/2a2f2491f3c80039986ba989b1e4b510?s=96&d=identicon&r=g\",\"contentUrl\":\"https:\/\/secure.gravatar.com\/avatar\/2a2f2491f3c80039986ba989b1e4b510?s=96&d=identicon&r=g\",\"caption\":\"ni.abdi\"},\"sameAs\":[\"https:\/\/twitter.com\/Ni.abdi\"],\"url\":\"https:\/\/territorialchallenges.com\/pt\/author\/ni-abdi\/\"}]}<\/script>\n<!-- \/ Yoast SEO plugin. -->","yoast_head_json":{"title":"Hollande: Un hub de technologies inclusives \u00e0 Apeldoorn - Territorial Challenges","robots":{"index":"index","follow":"follow","max-snippet":"max-snippet:-1","max-image-preview":"max-image-preview:large","max-video-preview":"max-video-preview:-1"},"canonical":"https:\/\/territorialchallenges.com\/pt\/2021\/09\/04\/hollande-un-hub-de-technologies-inclusives-a-apeldoorn\/86711\/","og_locale":"pt_PT","og_type":"article","og_title":"Hollande: Un hub de technologies inclusives \u00e0 Apeldoorn - Territorial Challenges","og_description":"Ce centre devrait aider les personnes handicap\u00e9es et les seniors \u00e0 trouver un emploi durable dans cette ville, de plus de 100.000 habitants de l&rsquo;ouest des Pays-Bas qui vient d&rsquo;\u00eatre s\u00e9lectionn\u00e9e par le World Economic Forum, parmi 36 villes pionni\u00e8res dans les territoires intelligents. Au total, huit entreprises, organisations et institutions du savoir de la [&hellip;]","og_url":"https:\/\/territorialchallenges.com\/pt\/2021\/09\/04\/hollande-un-hub-de-technologies-inclusives-a-apeldoorn\/86711\/","og_site_name":"Territorial Challenges","article_published_time":"2021-09-04T21:17:45+00:00","article_modified_time":"2022-05-03T08:15:39+00:00","og_image":[{"width":1920,"height":1280,"url":"https:\/\/territorialchallenges.com\/wp-content\/uploads\/2020\/12\/apeldoorn-1431948_1920.jpg","type":"image\/jpeg"}],"author":"ni.abdi","twitter_card":"summary_large_image","twitter_creator":"@Ni.abdi","twitter_misc":{"Escrito por":"ni.abdi","Tempo estimado de leitura":"3 minutos"},"schema":{"@context":"https:\/\/schema.org","@graph":[{"@type":"Article","@id":"https:\/\/territorialchallenges.com\/2021\/09\/04\/hollande-un-hub-de-technologies-inclusives-a-apeldoorn\/86711\/#article","isPartOf":{"@id":"https:\/\/territorialchallenges.com\/2021\/09\/04\/hollande-un-hub-de-technologies-inclusives-a-apeldoorn\/86711\/"},"author":{"name":"ni.abdi","@id":"https:\/\/territorialchallenges.com\/#\/schema\/person\/098f145c7c61a021c425e010f840080f"},"headline":"Hollande: Un hub de technologies inclusives \u00e0 Apeldoorn","datePublished":"2021-09-04T21:17:45+00:00","dateModified":"2022-05-03T08:15:39+00:00","mainEntityOfPage":{"@id":"https:\/\/territorialchallenges.com\/2021\/09\/04\/hollande-un-hub-de-technologies-inclusives-a-apeldoorn\/86711\/"},"wordCount":588,"commentCount":0,"publisher":{"@id":"https:\/\/territorialchallenges.com\/#organization"},"articleSection":["Territoires Intelligents","Actualit\u00e9 Europe"],"inLanguage":"pt-PT"},{"@type":"WebPage","@id":"https:\/\/territorialchallenges.com\/2021\/09\/04\/hollande-un-hub-de-technologies-inclusives-a-apeldoorn\/86711\/","url":"https:\/\/territorialchallenges.com\/2021\/09\/04\/hollande-un-hub-de-technologies-inclusives-a-apeldoorn\/86711\/","name":"Hollande: Un hub de technologies inclusives \u00e0 Apeldoorn - Territorial Challenges","isPartOf":{"@id":"https:\/\/territorialchallenges.com\/#website"},"datePublished":"2021-09-04T21:17:45+00:00","dateModified":"2022-05-03T08:15:39+00:00","breadcrumb":{"@id":"https:\/\/territorialchallenges.com\/2021\/09\/04\/hollande-un-hub-de-technologies-inclusives-a-apeldoorn\/86711\/#breadcrumb"},"inLanguage":"pt-PT","potentialAction":[{"@type":"ReadAction","target":["https:\/\/territorialchallenges.com\/2021\/09\/04\/hollande-un-hub-de-technologies-inclusives-a-apeldoorn\/86711\/"]}]},{"@type":"BreadcrumbList","@id":"https:\/\/territorialchallenges.com\/2021\/09\/04\/hollande-un-hub-de-technologies-inclusives-a-apeldoorn\/86711\/#breadcrumb","itemListElement":[{"@type":"ListItem","position":1,"name":"Home","item":"https:\/\/territorialchallenges.com\/"},{"@type":"ListItem","position":2,"name":"Hollande: Un hub de technologies inclusives \u00e0 Apeldoorn"}]},{"@type":"WebSite","@id":"https:\/\/territorialchallenges.com\/#website","url":"https:\/\/territorialchallenges.com\/","name":"Desafios territoriais","description":"Monitoramento Internacional - Estrat\u00e9gias Inteligentes - Melhores Pr\u00e1ticas","publisher":{"@id":"https:\/\/territorialchallenges.com\/#organization"},"potentialAction":[{"@type":"SearchAction","target":{"@type":"EntryPoint","urlTemplate":"https:\/\/territorialchallenges.com\/?s={search_term_string}"},"query-input":"required name=search_term_string"}],"inLanguage":"pt-PT"},{"@type":"Organization","@id":"https:\/\/territorialchallenges.com\/#organization","name":"Desafios territoriais","url":"https:\/\/territorialchallenges.com\/","logo":{"@type":"ImageObject","inLanguage":"pt-PT","@id":"https:\/\/territorialchallenges.com\/#\/schema\/logo\/image\/","url":"https:\/\/territorialchallenges.com\/wp-content\/uploads\/2023\/10\/logo-1.png","contentUrl":"https:\/\/territorialchallenges.com\/wp-content\/uploads\/2023\/10\/logo-1.png","width":1832,"height":576,"caption":"Territorial Challenges"},"image":{"@id":"https:\/\/territorialchallenges.com\/#\/schema\/logo\/image\/"}},{"@type":"Person","@id":"https:\/\/territorialchallenges.com\/#\/schema\/person\/098f145c7c61a021c425e010f840080f","name":"ni.abdi","image":{"@type":"ImageObject","inLanguage":"pt-PT","@id":"https:\/\/territorialchallenges.com\/#\/schema\/person\/image\/","url":"https:\/\/secure.gravatar.com\/avatar\/2a2f2491f3c80039986ba989b1e4b510?s=96&d=identicon&r=g","contentUrl":"https:\/\/secure.gravatar.com\/avatar\/2a2f2491f3c80039986ba989b1e4b510?s=96&d=identicon&r=g","caption":"ni.abdi"},"sameAs":["https:\/\/twitter.com\/Ni.abdi"],"url":"https:\/\/territorialchallenges.com\/pt\/author\/ni-abdi\/"}]}},"_links":{"self":[{"href":"https:\/\/territorialchallenges.com\/pt\/wp-json\/wp\/v2\/posts\/86711"}],"collection":[{"href":"https:\/\/territorialchallenges.com\/pt\/wp-json\/wp\/v2\/posts"}],"about":[{"href":"https:\/\/territorialchallenges.com\/pt\/wp-json\/wp\/v2\/types\/post"}],"author":[{"embeddable":true,"href":"https:\/\/territorialchallenges.com\/pt\/wp-json\/wp\/v2\/users\/11"}],"replies":[{"embeddable":true,"href":"https:\/\/territorialchallenges.com\/pt\/wp-json\/wp\/v2\/comments?post=86711"}],"version-history":[{"count":1,"href":"https:\/\/territorialchallenges.com\/pt\/wp-json\/wp\/v2\/posts\/86711\/revisions"}],"predecessor-version":[{"id":86716,"href":"https:\/\/territorialchallenges.com\/pt\/wp-json\/wp\/v2\/posts\/86711\/revisions\/86716"}],"wp:featuredmedia":[{"embeddable":true,"href":"https:\/\/territorialchallenges.com\/pt\/wp-json\/wp\/v2\/media\/86712"}],"wp:attachment":[{"href":"https:\/\/territorialchallenges.com\/pt\/wp-json\/wp\/v2\/media?parent=86711"}],"wp:term":[{"taxonomy":"category","embeddable":true,"href":"https:\/\/territorialchallenges.com\/pt\/wp-json\/wp\/v2\/categories?post=86711"},{"taxonomy":"post_tag","embeddable":true,"href":"https:\/\/territorialchallenges.com\/pt\/wp-json\/wp\/v2\/tags?post=86711"}],"curies":[{"name":"wp","href":"https:\/\/api.w.org\/{rel}","templated":true}]}}