{"id":86676,"date":"2020-11-27T10:07:54","date_gmt":"2020-11-27T09:07:54","guid":{"rendered":"https:\/\/territorialchallenges.com\/?p=86676"},"modified":"2020-11-27T10:07:54","modified_gmt":"2020-11-27T09:07:54","slug":"jeff-merritt-linfluenceur-smart-cities-du-world-economic-forum","status":"publish","type":"post","link":"https:\/\/territorialchallenges.com\/pt\/2020\/11\/27\/jeff-merritt-linfluenceur-smart-cities-du-world-economic-forum\/86676\/","title":{"rendered":"Jeff Merritt, influenciador dos Territ\u00f3rios Inteligentes do F\u00f3rum Econ\u00f4mico Mundial"},"content":{"rendered":"<p>Aos 42 anos, o americano Jeff Merritt \u00e9 a for\u00e7a motriz por tr\u00e1s da estrat\u00e9gia de inova\u00e7\u00e3o urbana no F\u00f3rum Econ\u00f4mico Mundial (FEM). Ele desempenhou um papel fundamental na sele\u00e7\u00e3o, em meados de novembro, de 36 cidades de 22 pa\u00edses e seis continentes para lan\u00e7ar o novo roteiro de pol\u00edticas globais para... <\/p>\n<div class=\"pmpro_content_message\">Artigo dispon\u00edvel somente para assinantes.<br \/><a href=\"https:\/\/territorialchallenges.com\/wp-login.php\">Conecte-se<\/a><br \/><a href=\"https:\/\/territorialchallenges.com\/pt\/wp-login.php\/?action=register\">Registrar<\/a><\/div>","protected":false},"excerpt":{"rendered":"<p>A 42 ans, l&rsquo;am\u00e9ricain Jeff Merritt, est le ma\u00eetre \u00e0 penser de la strat\u00e9gie en mati\u00e8re d&rsquo;innovation urbaine au World Economic Forum (WEF). On peut dire qu&rsquo;il a jou\u00e9 un r\u00f4le important dans le choix mi-novembre, des 36 villes de 22 pays et six continents, pour lancer la nouvelle feuille de route politique mondiale pour... <\/p>\n<div class=\"pmpro_content_message\">Artigo dispon\u00edvel somente para assinantes.<br \/><a href=\"https:\/\/territorialchallenges.com\/wp-login.php\">Conecte-se<\/a><br \/><a href=\"https:\/\/territorialchallenges.com\/pt\/wp-login.php\/?action=register\">Registrar<\/a><\/div>","protected":false},"author":11,"featured_media":86677,"comment_status":"open","ping_status":"open","sticky":true,"template":"","format":"standard","meta":{"pmpro_default_level":0,"footnotes":""},"categories":[126,117],"tags":[],"blocksy_meta":"","yoast_head":"<!-- This site is optimized with the Yoast SEO plugin v21.5 - https:\/\/yoast.com\/wordpress\/plugins\/seo\/ -->\n<title>Jeff Merritt, l&#039;influenceur Territoires Intelligents du World Economic Forum - Territorial Challenges<\/title>\n<meta name=\"robots\" content=\"index, follow, max-snippet:-1, max-image-preview:large, max-video-preview:-1\" \/>\n<link rel=\"canonical\" href=\"https:\/\/territorialchallenges.com\/pt\/2020\/11\/27\/jeff-merritt-linfluenceur-smart-cities-du-world-economic-forum\/86676\/\" \/>\n<meta property=\"og:locale\" content=\"pt_PT\" \/>\n<meta property=\"og:type\" content=\"article\" \/>\n<meta property=\"og:title\" content=\"Jeff Merritt, l&#039;influenceur Territoires Intelligents du World Economic Forum - Territorial Challenges\" \/>\n<meta property=\"og:description\" content=\"A 42 ans, l&rsquo;am\u00e9ricain Jeff Merritt, est le ma\u00eetre \u00e0 penser de la strat\u00e9gie en mati\u00e8re d&rsquo;innovation urbaine au World Economic Forum (WEF). On peut dire qu&rsquo;il a jou\u00e9 un r\u00f4le important dans le choix mi-novembre, des 36 villes de 22 pays et six continents, pour lancer la nouvelle feuille de route politique mondiale pour [&hellip;]\" \/>\n<meta property=\"og:url\" content=\"https:\/\/territorialchallenges.com\/pt\/2020\/11\/27\/jeff-merritt-linfluenceur-smart-cities-du-world-economic-forum\/86676\/\" \/>\n<meta property=\"og:site_name\" content=\"Territorial Challenges\" \/>\n<meta property=\"article:published_time\" content=\"2020-11-27T09:07:54+00:00\" \/>\n<meta property=\"og:image\" content=\"https:\/\/territorialchallenges.com\/wp-content\/uploads\/2020\/11\/JeffMerrittonparledeux.jpg\" \/>\n\t<meta property=\"og:image:width\" content=\"3008\" \/>\n\t<meta property=\"og:image:height\" content=\"2000\" \/>\n\t<meta property=\"og:image:type\" content=\"image\/jpeg\" \/>\n<meta name=\"author\" content=\"ni.abdi\" \/>\n<meta name=\"twitter:card\" content=\"summary_large_image\" \/>\n<meta name=\"twitter:creator\" content=\"@Ni.abdi\" \/>\n<meta name=\"twitter:label1\" content=\"Escrito por\" \/>\n\t<meta name=\"twitter:data1\" content=\"ni.abdi\" \/>\n\t<meta name=\"twitter:label2\" content=\"Tempo estimado de leitura\" \/>\n\t<meta name=\"twitter:data2\" content=\"3 minutos\" \/>\n<script type=\"application\/ld+json\" class=\"yoast-schema-graph\">{\"@context\":\"https:\/\/schema.org\",\"@graph\":[{\"@type\":\"Article\",\"@id\":\"https:\/\/territorialchallenges.com\/2020\/11\/27\/jeff-merritt-linfluenceur-smart-cities-du-world-economic-forum\/86676\/#article\",\"isPartOf\":{\"@id\":\"https:\/\/territorialchallenges.com\/2020\/11\/27\/jeff-merritt-linfluenceur-smart-cities-du-world-economic-forum\/86676\/\"},\"author\":{\"name\":\"ni.abdi\",\"@id\":\"https:\/\/territorialchallenges.com\/#\/schema\/person\/098f145c7c61a021c425e010f840080f\"},\"headline\":\"Jeff Merritt, l&rsquo;influenceur Territoires Intelligents du World Economic Forum\",\"datePublished\":\"2020-11-27T09:07:54+00:00\",\"dateModified\":\"2020-11-27T09:07:54+00:00\",\"mainEntityOfPage\":{\"@id\":\"https:\/\/territorialchallenges.com\/2020\/11\/27\/jeff-merritt-linfluenceur-smart-cities-du-world-economic-forum\/86676\/\"},\"wordCount\":652,\"commentCount\":0,\"publisher\":{\"@id\":\"https:\/\/territorialchallenges.com\/#organization\"},\"articleSection\":[\"On parle d'eux\",\"\u00c9cosyst\u00e8me\"],\"inLanguage\":\"pt-PT\"},{\"@type\":\"WebPage\",\"@id\":\"https:\/\/territorialchallenges.com\/2020\/11\/27\/jeff-merritt-linfluenceur-smart-cities-du-world-economic-forum\/86676\/\",\"url\":\"https:\/\/territorialchallenges.com\/2020\/11\/27\/jeff-merritt-linfluenceur-smart-cities-du-world-economic-forum\/86676\/\",\"name\":\"Jeff Merritt, l'influenceur Territoires Intelligents du World Economic Forum - Territorial Challenges\",\"isPartOf\":{\"@id\":\"https:\/\/territorialchallenges.com\/#website\"},\"datePublished\":\"2020-11-27T09:07:54+00:00\",\"dateModified\":\"2020-11-27T09:07:54+00:00\",\"breadcrumb\":{\"@id\":\"https:\/\/territorialchallenges.com\/2020\/11\/27\/jeff-merritt-linfluenceur-smart-cities-du-world-economic-forum\/86676\/#breadcrumb\"},\"inLanguage\":\"pt-PT\",\"potentialAction\":[{\"@type\":\"ReadAction\",\"target\":[\"https:\/\/territorialchallenges.com\/2020\/11\/27\/jeff-merritt-linfluenceur-smart-cities-du-world-economic-forum\/86676\/\"]}]},{\"@type\":\"BreadcrumbList\",\"@id\":\"https:\/\/territorialchallenges.com\/2020\/11\/27\/jeff-merritt-linfluenceur-smart-cities-du-world-economic-forum\/86676\/#breadcrumb\",\"itemListElement\":[{\"@type\":\"ListItem\",\"position\":1,\"name\":\"Home\",\"item\":\"https:\/\/territorialchallenges.com\/\"},{\"@type\":\"ListItem\",\"position\":2,\"name\":\"Jeff Merritt, l&rsquo;influenceur Territoires Intelligents du World Economic Forum\"}]},{\"@type\":\"WebSite\",\"@id\":\"https:\/\/territorialchallenges.com\/#website\",\"url\":\"https:\/\/territorialchallenges.com\/\",\"name\":\"Territorial Challenges\",\"description\":\"Veille Internationale - Strat\u00e9gie Intelligentes - Bonnes pratiques\",\"publisher\":{\"@id\":\"https:\/\/territorialchallenges.com\/#organization\"},\"potentialAction\":[{\"@type\":\"SearchAction\",\"target\":{\"@type\":\"EntryPoint\",\"urlTemplate\":\"https:\/\/territorialchallenges.com\/?s={search_term_string}\"},\"query-input\":\"required name=search_term_string\"}],\"inLanguage\":\"pt-PT\"},{\"@type\":\"Organization\",\"@id\":\"https:\/\/territorialchallenges.com\/#organization\",\"name\":\"Territorial Challenges\",\"url\":\"https:\/\/territorialchallenges.com\/\",\"logo\":{\"@type\":\"ImageObject\",\"inLanguage\":\"pt-PT\",\"@id\":\"https:\/\/territorialchallenges.com\/#\/schema\/logo\/image\/\",\"url\":\"https:\/\/territorialchallenges.com\/wp-content\/uploads\/2023\/10\/logo-1.png\",\"contentUrl\":\"https:\/\/territorialchallenges.com\/wp-content\/uploads\/2023\/10\/logo-1.png\",\"width\":1832,\"height\":576,\"caption\":\"Territorial Challenges\"},\"image\":{\"@id\":\"https:\/\/territorialchallenges.com\/#\/schema\/logo\/image\/\"}},{\"@type\":\"Person\",\"@id\":\"https:\/\/territorialchallenges.com\/#\/schema\/person\/098f145c7c61a021c425e010f840080f\",\"name\":\"ni.abdi\",\"image\":{\"@type\":\"ImageObject\",\"inLanguage\":\"pt-PT\",\"@id\":\"https:\/\/territorialchallenges.com\/#\/schema\/person\/image\/\",\"url\":\"https:\/\/secure.gravatar.com\/avatar\/2a2f2491f3c80039986ba989b1e4b510?s=96&d=identicon&r=g\",\"contentUrl\":\"https:\/\/secure.gravatar.com\/avatar\/2a2f2491f3c80039986ba989b1e4b510?s=96&d=identicon&r=g\",\"caption\":\"ni.abdi\"},\"sameAs\":[\"https:\/\/twitter.com\/Ni.abdi\"],\"url\":\"https:\/\/territorialchallenges.com\/pt\/author\/ni-abdi\/\"}]}<\/script>\n<!-- \/ Yoast SEO plugin. -->","yoast_head_json":{"title":"Jeff Merritt, l'influenceur Territoires Intelligents du World Economic Forum - Territorial Challenges","robots":{"index":"index","follow":"follow","max-snippet":"max-snippet:-1","max-image-preview":"max-image-preview:large","max-video-preview":"max-video-preview:-1"},"canonical":"https:\/\/territorialchallenges.com\/pt\/2020\/11\/27\/jeff-merritt-linfluenceur-smart-cities-du-world-economic-forum\/86676\/","og_locale":"pt_PT","og_type":"article","og_title":"Jeff Merritt, l'influenceur Territoires Intelligents du World Economic Forum - Territorial Challenges","og_description":"A 42 ans, l&rsquo;am\u00e9ricain Jeff Merritt, est le ma\u00eetre \u00e0 penser de la strat\u00e9gie en mati\u00e8re d&rsquo;innovation urbaine au World Economic Forum (WEF). On peut dire qu&rsquo;il a jou\u00e9 un r\u00f4le important dans le choix mi-novembre, des 36 villes de 22 pays et six continents, pour lancer la nouvelle feuille de route politique mondiale pour [&hellip;]","og_url":"https:\/\/territorialchallenges.com\/pt\/2020\/11\/27\/jeff-merritt-linfluenceur-smart-cities-du-world-economic-forum\/86676\/","og_site_name":"Territorial Challenges","article_published_time":"2020-11-27T09:07:54+00:00","og_image":[{"width":3008,"height":2000,"url":"https:\/\/territorialchallenges.com\/wp-content\/uploads\/2020\/11\/JeffMerrittonparledeux.jpg","type":"image\/jpeg"}],"author":"ni.abdi","twitter_card":"summary_large_image","twitter_creator":"@Ni.abdi","twitter_misc":{"Escrito por":"ni.abdi","Tempo estimado de leitura":"3 minutos"},"schema":{"@context":"https:\/\/schema.org","@graph":[{"@type":"Article","@id":"https:\/\/territorialchallenges.com\/2020\/11\/27\/jeff-merritt-linfluenceur-smart-cities-du-world-economic-forum\/86676\/#article","isPartOf":{"@id":"https:\/\/territorialchallenges.com\/2020\/11\/27\/jeff-merritt-linfluenceur-smart-cities-du-world-economic-forum\/86676\/"},"author":{"name":"ni.abdi","@id":"https:\/\/territorialchallenges.com\/#\/schema\/person\/098f145c7c61a021c425e010f840080f"},"headline":"Jeff Merritt, l&rsquo;influenceur Territoires Intelligents du World Economic Forum","datePublished":"2020-11-27T09:07:54+00:00","dateModified":"2020-11-27T09:07:54+00:00","mainEntityOfPage":{"@id":"https:\/\/territorialchallenges.com\/2020\/11\/27\/jeff-merritt-linfluenceur-smart-cities-du-world-economic-forum\/86676\/"},"wordCount":652,"commentCount":0,"publisher":{"@id":"https:\/\/territorialchallenges.com\/#organization"},"articleSection":["On parle d'eux","\u00c9cosyst\u00e8me"],"inLanguage":"pt-PT"},{"@type":"WebPage","@id":"https:\/\/territorialchallenges.com\/2020\/11\/27\/jeff-merritt-linfluenceur-smart-cities-du-world-economic-forum\/86676\/","url":"https:\/\/territorialchallenges.com\/2020\/11\/27\/jeff-merritt-linfluenceur-smart-cities-du-world-economic-forum\/86676\/","name":"Jeff Merritt, l'influenceur Territoires Intelligents du World Economic Forum - Territorial Challenges","isPartOf":{"@id":"https:\/\/territorialchallenges.com\/#website"},"datePublished":"2020-11-27T09:07:54+00:00","dateModified":"2020-11-27T09:07:54+00:00","breadcrumb":{"@id":"https:\/\/territorialchallenges.com\/2020\/11\/27\/jeff-merritt-linfluenceur-smart-cities-du-world-economic-forum\/86676\/#breadcrumb"},"inLanguage":"pt-PT","potentialAction":[{"@type":"ReadAction","target":["https:\/\/territorialchallenges.com\/2020\/11\/27\/jeff-merritt-linfluenceur-smart-cities-du-world-economic-forum\/86676\/"]}]},{"@type":"BreadcrumbList","@id":"https:\/\/territorialchallenges.com\/2020\/11\/27\/jeff-merritt-linfluenceur-smart-cities-du-world-economic-forum\/86676\/#breadcrumb","itemListElement":[{"@type":"ListItem","position":1,"name":"Home","item":"https:\/\/territorialchallenges.com\/"},{"@type":"ListItem","position":2,"name":"Jeff Merritt, l&rsquo;influenceur Territoires Intelligents du World Economic Forum"}]},{"@type":"WebSite","@id":"https:\/\/territorialchallenges.com\/#website","url":"https:\/\/territorialchallenges.com\/","name":"Desafios territoriais","description":"Monitoramento Internacional - Estrat\u00e9gias Inteligentes - Melhores Pr\u00e1ticas","publisher":{"@id":"https:\/\/territorialchallenges.com\/#organization"},"potentialAction":[{"@type":"SearchAction","target":{"@type":"EntryPoint","urlTemplate":"https:\/\/territorialchallenges.com\/?s={search_term_string}"},"query-input":"required name=search_term_string"}],"inLanguage":"pt-PT"},{"@type":"Organization","@id":"https:\/\/territorialchallenges.com\/#organization","name":"Desafios territoriais","url":"https:\/\/territorialchallenges.com\/","logo":{"@type":"ImageObject","inLanguage":"pt-PT","@id":"https:\/\/territorialchallenges.com\/#\/schema\/logo\/image\/","url":"https:\/\/territorialchallenges.com\/wp-content\/uploads\/2023\/10\/logo-1.png","contentUrl":"https:\/\/territorialchallenges.com\/wp-content\/uploads\/2023\/10\/logo-1.png","width":1832,"height":576,"caption":"Territorial Challenges"},"image":{"@id":"https:\/\/territorialchallenges.com\/#\/schema\/logo\/image\/"}},{"@type":"Person","@id":"https:\/\/territorialchallenges.com\/#\/schema\/person\/098f145c7c61a021c425e010f840080f","name":"ni.abdi","image":{"@type":"ImageObject","inLanguage":"pt-PT","@id":"https:\/\/territorialchallenges.com\/#\/schema\/person\/image\/","url":"https:\/\/secure.gravatar.com\/avatar\/2a2f2491f3c80039986ba989b1e4b510?s=96&d=identicon&r=g","contentUrl":"https:\/\/secure.gravatar.com\/avatar\/2a2f2491f3c80039986ba989b1e4b510?s=96&d=identicon&r=g","caption":"ni.abdi"},"sameAs":["https:\/\/twitter.com\/Ni.abdi"],"url":"https:\/\/territorialchallenges.com\/pt\/author\/ni-abdi\/"}]}},"_links":{"self":[{"href":"https:\/\/territorialchallenges.com\/pt\/wp-json\/wp\/v2\/posts\/86676"}],"collection":[{"href":"https:\/\/territorialchallenges.com\/pt\/wp-json\/wp\/v2\/posts"}],"about":[{"href":"https:\/\/territorialchallenges.com\/pt\/wp-json\/wp\/v2\/types\/post"}],"author":[{"embeddable":true,"href":"https:\/\/territorialchallenges.com\/pt\/wp-json\/wp\/v2\/users\/11"}],"replies":[{"embeddable":true,"href":"https:\/\/territorialchallenges.com\/pt\/wp-json\/wp\/v2\/comments?post=86676"}],"version-history":[{"count":1,"href":"https:\/\/territorialchallenges.com\/pt\/wp-json\/wp\/v2\/posts\/86676\/revisions"}],"predecessor-version":[{"id":86681,"href":"https:\/\/territorialchallenges.com\/pt\/wp-json\/wp\/v2\/posts\/86676\/revisions\/86681"}],"wp:featuredmedia":[{"embeddable":true,"href":"https:\/\/territorialchallenges.com\/pt\/wp-json\/wp\/v2\/media\/86677"}],"wp:attachment":[{"href":"https:\/\/territorialchallenges.com\/pt\/wp-json\/wp\/v2\/media?parent=86676"}],"wp:term":[{"taxonomy":"category","embeddable":true,"href":"https:\/\/territorialchallenges.com\/pt\/wp-json\/wp\/v2\/categories?post=86676"},{"taxonomy":"post_tag","embeddable":true,"href":"https:\/\/territorialchallenges.com\/pt\/wp-json\/wp\/v2\/tags?post=86676"}],"curies":[{"name":"wp","href":"https:\/\/api.w.org\/{rel}","templated":true}]}}