{"id":86370,"date":"2020-10-12T21:36:53","date_gmt":"2020-10-12T19:36:53","guid":{"rendered":"https:\/\/territorialchallenges.com\/?p=86370"},"modified":"2026-02-19T11:37:43","modified_gmt":"2026-02-19T10:37:43","slug":"belgrade-et-son-futur-systeme-dalerte-pour-controler-les-inondations","status":"publish","type":"post","link":"https:\/\/territorialchallenges.com\/pt\/2020\/10\/12\/belgrade-et-son-futur-systeme-dalerte-pour-controler-les-inondations\/86370\/","title":{"rendered":"Belgrado e seu futuro sistema de alerta de inunda\u00e7\u00f5es"},"content":{"rendered":"<p>Em 6 de outubro, a Prefeitura e o Instituto Hidrometeorol\u00f3gico S\u00e9rvio (RHMZ) assinaram um acordo de coopera\u00e7\u00e3o entre Belgrado e a institui\u00e7\u00e3o para encontrar uma solu\u00e7\u00e3o para a inevitabilidade das enchentes que submergem a capital todos os anos. O munic\u00edpio apresentou o projeto como &quot;o estabelecimento de um sistema de alerta precoce para\u2026 <\/p>\n<div class=\"pmpro_content_message\">Artigo dispon\u00edvel somente para assinantes.<br \/><a href=\"https:\/\/territorialchallenges.com\/wp-login.php\">Conecte-se<\/a><br \/><a href=\"https:\/\/territorialchallenges.com\/pt\/wp-login.php\/?action=register\">Registrar<\/a><\/div>","protected":false},"excerpt":{"rendered":"<p>Le 6 octobre, la mairie et l&rsquo;Institut hydro-m\u00e9t\u00e9orologique de Serbie (RHMZ), ont sign\u00e9 un accord de coop\u00e9ration entre Belgrade et cette institution afin de trouver un rem\u00e8de \u00e0 la fatalit\u00e9 des inondations qui chaque ann\u00e9e submergent la capitale. La municipalit\u00e9 a pr\u00e9sent\u00e9 le projet comme \u00e9tant \u00ab\u00a0la mise en place d&rsquo;un syst\u00e8me d&rsquo;alerte pr\u00e9coce pour... <\/p>\n<div class=\"pmpro_content_message\">Artigo dispon\u00edvel somente para assinantes.<br \/><a href=\"https:\/\/territorialchallenges.com\/wp-login.php\">Conecte-se<\/a><br \/><a href=\"https:\/\/territorialchallenges.com\/pt\/wp-login.php\/?action=register\">Registrar<\/a><\/div>","protected":false},"author":11,"featured_media":86371,"comment_status":"open","ping_status":"open","sticky":true,"template":"","format":"standard","meta":{"pmpro_default_level":0,"footnotes":""},"categories":[120,117],"tags":[],"blocksy_meta":"","yoast_head":"<!-- This site is optimized with the Yoast SEO plugin v21.5 - https:\/\/yoast.com\/wordpress\/plugins\/seo\/ -->\n<title>Belgrade et son futur syst\u00e8me d&#039;alerte pour contr\u00f4ler les inondations - Territorial Challenges<\/title>\n<meta name=\"robots\" content=\"index, follow, max-snippet:-1, max-image-preview:large, max-video-preview:-1\" \/>\n<link rel=\"canonical\" href=\"https:\/\/territorialchallenges.com\/pt\/2020\/10\/12\/belgrade-et-son-futur-systeme-dalerte-pour-controler-les-inondations\/86370\/\" \/>\n<meta property=\"og:locale\" content=\"pt_PT\" \/>\n<meta property=\"og:type\" content=\"article\" \/>\n<meta property=\"og:title\" content=\"Belgrade et son futur syst\u00e8me d&#039;alerte pour contr\u00f4ler les inondations - Territorial Challenges\" \/>\n<meta property=\"og:description\" content=\"Le 6 octobre, la mairie et l&rsquo;Institut hydro-m\u00e9t\u00e9orologique de Serbie (RHMZ), ont sign\u00e9 un accord de coop\u00e9ration entre Belgrade et cette institution afin de trouver un rem\u00e8de \u00e0 la fatalit\u00e9 des inondations qui chaque ann\u00e9e submergent la capitale. La municipalit\u00e9 a pr\u00e9sent\u00e9 le projet comme \u00e9tant \u00ab\u00a0la mise en place d&rsquo;un syst\u00e8me d&rsquo;alerte pr\u00e9coce pour [&hellip;]\" \/>\n<meta property=\"og:url\" content=\"https:\/\/territorialchallenges.com\/pt\/2020\/10\/12\/belgrade-et-son-futur-systeme-dalerte-pour-controler-les-inondations\/86370\/\" \/>\n<meta property=\"og:site_name\" content=\"Territorial Challenges\" \/>\n<meta property=\"article:published_time\" content=\"2020-10-12T19:36:53+00:00\" \/>\n<meta property=\"article:modified_time\" content=\"2026-02-19T10:37:43+00:00\" \/>\n<meta property=\"og:image\" content=\"https:\/\/territorialchallenges.com\/wp-content\/uploads\/2020\/10\/belgradephoto.jpg\" \/>\n\t<meta property=\"og:image:width\" content=\"1920\" \/>\n\t<meta property=\"og:image:height\" content=\"746\" \/>\n\t<meta property=\"og:image:type\" content=\"image\/jpeg\" \/>\n<meta name=\"author\" content=\"ni.abdi\" \/>\n<meta name=\"twitter:card\" content=\"summary_large_image\" \/>\n<meta name=\"twitter:creator\" content=\"@Ni.abdi\" \/>\n<meta name=\"twitter:label1\" content=\"Escrito por\" \/>\n\t<meta name=\"twitter:data1\" content=\"ni.abdi\" \/>\n\t<meta name=\"twitter:label2\" content=\"Tempo estimado de leitura\" \/>\n\t<meta name=\"twitter:data2\" content=\"4 minutos\" \/>\n<script type=\"application\/ld+json\" class=\"yoast-schema-graph\">{\"@context\":\"https:\/\/schema.org\",\"@graph\":[{\"@type\":\"Article\",\"@id\":\"https:\/\/territorialchallenges.com\/2020\/10\/12\/belgrade-et-son-futur-systeme-dalerte-pour-controler-les-inondations\/86370\/#article\",\"isPartOf\":{\"@id\":\"https:\/\/territorialchallenges.com\/2020\/10\/12\/belgrade-et-son-futur-systeme-dalerte-pour-controler-les-inondations\/86370\/\"},\"author\":{\"name\":\"ni.abdi\",\"@id\":\"https:\/\/territorialchallenges.com\/#\/schema\/person\/098f145c7c61a021c425e010f840080f\"},\"headline\":\"Belgrade et son futur syst\u00e8me d&rsquo;alerte pour contr\u00f4ler les inondations\",\"datePublished\":\"2020-10-12T19:36:53+00:00\",\"dateModified\":\"2026-02-19T10:37:43+00:00\",\"mainEntityOfPage\":{\"@id\":\"https:\/\/territorialchallenges.com\/2020\/10\/12\/belgrade-et-son-futur-systeme-dalerte-pour-controler-les-inondations\/86370\/\"},\"wordCount\":699,\"commentCount\":0,\"publisher\":{\"@id\":\"https:\/\/territorialchallenges.com\/#organization\"},\"articleSection\":[\"Il s'est pass\u00e9 \u00e0\",\"\u00c9cosyst\u00e8me\"],\"inLanguage\":\"pt-PT\"},{\"@type\":\"WebPage\",\"@id\":\"https:\/\/territorialchallenges.com\/2020\/10\/12\/belgrade-et-son-futur-systeme-dalerte-pour-controler-les-inondations\/86370\/\",\"url\":\"https:\/\/territorialchallenges.com\/2020\/10\/12\/belgrade-et-son-futur-systeme-dalerte-pour-controler-les-inondations\/86370\/\",\"name\":\"Belgrade et son futur syst\u00e8me d'alerte pour contr\u00f4ler les inondations - Territorial Challenges\",\"isPartOf\":{\"@id\":\"https:\/\/territorialchallenges.com\/#website\"},\"datePublished\":\"2020-10-12T19:36:53+00:00\",\"dateModified\":\"2026-02-19T10:37:43+00:00\",\"breadcrumb\":{\"@id\":\"https:\/\/territorialchallenges.com\/2020\/10\/12\/belgrade-et-son-futur-systeme-dalerte-pour-controler-les-inondations\/86370\/#breadcrumb\"},\"inLanguage\":\"pt-PT\",\"potentialAction\":[{\"@type\":\"ReadAction\",\"target\":[\"https:\/\/territorialchallenges.com\/2020\/10\/12\/belgrade-et-son-futur-systeme-dalerte-pour-controler-les-inondations\/86370\/\"]}]},{\"@type\":\"BreadcrumbList\",\"@id\":\"https:\/\/territorialchallenges.com\/2020\/10\/12\/belgrade-et-son-futur-systeme-dalerte-pour-controler-les-inondations\/86370\/#breadcrumb\",\"itemListElement\":[{\"@type\":\"ListItem\",\"position\":1,\"name\":\"Home\",\"item\":\"https:\/\/territorialchallenges.com\/\"},{\"@type\":\"ListItem\",\"position\":2,\"name\":\"Belgrade et son futur syst\u00e8me d&rsquo;alerte pour contr\u00f4ler les inondations\"}]},{\"@type\":\"WebSite\",\"@id\":\"https:\/\/territorialchallenges.com\/#website\",\"url\":\"https:\/\/territorialchallenges.com\/\",\"name\":\"Territorial Challenges\",\"description\":\"Veille Internationale - Strat\u00e9gie Intelligentes - Bonnes pratiques\",\"publisher\":{\"@id\":\"https:\/\/territorialchallenges.com\/#organization\"},\"potentialAction\":[{\"@type\":\"SearchAction\",\"target\":{\"@type\":\"EntryPoint\",\"urlTemplate\":\"https:\/\/territorialchallenges.com\/?s={search_term_string}\"},\"query-input\":\"required name=search_term_string\"}],\"inLanguage\":\"pt-PT\"},{\"@type\":\"Organization\",\"@id\":\"https:\/\/territorialchallenges.com\/#organization\",\"name\":\"Territorial Challenges\",\"url\":\"https:\/\/territorialchallenges.com\/\",\"logo\":{\"@type\":\"ImageObject\",\"inLanguage\":\"pt-PT\",\"@id\":\"https:\/\/territorialchallenges.com\/#\/schema\/logo\/image\/\",\"url\":\"https:\/\/territorialchallenges.com\/wp-content\/uploads\/2023\/10\/logo-1.png\",\"contentUrl\":\"https:\/\/territorialchallenges.com\/wp-content\/uploads\/2023\/10\/logo-1.png\",\"width\":1832,\"height\":576,\"caption\":\"Territorial Challenges\"},\"image\":{\"@id\":\"https:\/\/territorialchallenges.com\/#\/schema\/logo\/image\/\"}},{\"@type\":\"Person\",\"@id\":\"https:\/\/territorialchallenges.com\/#\/schema\/person\/098f145c7c61a021c425e010f840080f\",\"name\":\"ni.abdi\",\"image\":{\"@type\":\"ImageObject\",\"inLanguage\":\"pt-PT\",\"@id\":\"https:\/\/territorialchallenges.com\/#\/schema\/person\/image\/\",\"url\":\"https:\/\/secure.gravatar.com\/avatar\/2a2f2491f3c80039986ba989b1e4b510?s=96&d=identicon&r=g\",\"contentUrl\":\"https:\/\/secure.gravatar.com\/avatar\/2a2f2491f3c80039986ba989b1e4b510?s=96&d=identicon&r=g\",\"caption\":\"ni.abdi\"},\"sameAs\":[\"https:\/\/twitter.com\/Ni.abdi\"],\"url\":\"https:\/\/territorialchallenges.com\/pt\/author\/ni-abdi\/\"}]}<\/script>\n<!-- \/ Yoast SEO plugin. -->","yoast_head_json":{"title":"Belgrade et son futur syst\u00e8me d'alerte pour contr\u00f4ler les inondations - Territorial Challenges","robots":{"index":"index","follow":"follow","max-snippet":"max-snippet:-1","max-image-preview":"max-image-preview:large","max-video-preview":"max-video-preview:-1"},"canonical":"https:\/\/territorialchallenges.com\/pt\/2020\/10\/12\/belgrade-et-son-futur-systeme-dalerte-pour-controler-les-inondations\/86370\/","og_locale":"pt_PT","og_type":"article","og_title":"Belgrade et son futur syst\u00e8me d'alerte pour contr\u00f4ler les inondations - Territorial Challenges","og_description":"Le 6 octobre, la mairie et l&rsquo;Institut hydro-m\u00e9t\u00e9orologique de Serbie (RHMZ), ont sign\u00e9 un accord de coop\u00e9ration entre Belgrade et cette institution afin de trouver un rem\u00e8de \u00e0 la fatalit\u00e9 des inondations qui chaque ann\u00e9e submergent la capitale. La municipalit\u00e9 a pr\u00e9sent\u00e9 le projet comme \u00e9tant \u00ab\u00a0la mise en place d&rsquo;un syst\u00e8me d&rsquo;alerte pr\u00e9coce pour [&hellip;]","og_url":"https:\/\/territorialchallenges.com\/pt\/2020\/10\/12\/belgrade-et-son-futur-systeme-dalerte-pour-controler-les-inondations\/86370\/","og_site_name":"Territorial Challenges","article_published_time":"2020-10-12T19:36:53+00:00","article_modified_time":"2026-02-19T10:37:43+00:00","og_image":[{"width":1920,"height":746,"url":"https:\/\/territorialchallenges.com\/wp-content\/uploads\/2020\/10\/belgradephoto.jpg","type":"image\/jpeg"}],"author":"ni.abdi","twitter_card":"summary_large_image","twitter_creator":"@Ni.abdi","twitter_misc":{"Escrito por":"ni.abdi","Tempo estimado de leitura":"4 minutos"},"schema":{"@context":"https:\/\/schema.org","@graph":[{"@type":"Article","@id":"https:\/\/territorialchallenges.com\/2020\/10\/12\/belgrade-et-son-futur-systeme-dalerte-pour-controler-les-inondations\/86370\/#article","isPartOf":{"@id":"https:\/\/territorialchallenges.com\/2020\/10\/12\/belgrade-et-son-futur-systeme-dalerte-pour-controler-les-inondations\/86370\/"},"author":{"name":"ni.abdi","@id":"https:\/\/territorialchallenges.com\/#\/schema\/person\/098f145c7c61a021c425e010f840080f"},"headline":"Belgrade et son futur syst\u00e8me d&rsquo;alerte pour contr\u00f4ler les inondations","datePublished":"2020-10-12T19:36:53+00:00","dateModified":"2026-02-19T10:37:43+00:00","mainEntityOfPage":{"@id":"https:\/\/territorialchallenges.com\/2020\/10\/12\/belgrade-et-son-futur-systeme-dalerte-pour-controler-les-inondations\/86370\/"},"wordCount":699,"commentCount":0,"publisher":{"@id":"https:\/\/territorialchallenges.com\/#organization"},"articleSection":["Il s'est pass\u00e9 \u00e0","\u00c9cosyst\u00e8me"],"inLanguage":"pt-PT"},{"@type":"WebPage","@id":"https:\/\/territorialchallenges.com\/2020\/10\/12\/belgrade-et-son-futur-systeme-dalerte-pour-controler-les-inondations\/86370\/","url":"https:\/\/territorialchallenges.com\/2020\/10\/12\/belgrade-et-son-futur-systeme-dalerte-pour-controler-les-inondations\/86370\/","name":"Belgrade et son futur syst\u00e8me d'alerte pour contr\u00f4ler les inondations - Territorial Challenges","isPartOf":{"@id":"https:\/\/territorialchallenges.com\/#website"},"datePublished":"2020-10-12T19:36:53+00:00","dateModified":"2026-02-19T10:37:43+00:00","breadcrumb":{"@id":"https:\/\/territorialchallenges.com\/2020\/10\/12\/belgrade-et-son-futur-systeme-dalerte-pour-controler-les-inondations\/86370\/#breadcrumb"},"inLanguage":"pt-PT","potentialAction":[{"@type":"ReadAction","target":["https:\/\/territorialchallenges.com\/2020\/10\/12\/belgrade-et-son-futur-systeme-dalerte-pour-controler-les-inondations\/86370\/"]}]},{"@type":"BreadcrumbList","@id":"https:\/\/territorialchallenges.com\/2020\/10\/12\/belgrade-et-son-futur-systeme-dalerte-pour-controler-les-inondations\/86370\/#breadcrumb","itemListElement":[{"@type":"ListItem","position":1,"name":"Home","item":"https:\/\/territorialchallenges.com\/"},{"@type":"ListItem","position":2,"name":"Belgrade et son futur syst\u00e8me d&rsquo;alerte pour contr\u00f4ler les inondations"}]},{"@type":"WebSite","@id":"https:\/\/territorialchallenges.com\/#website","url":"https:\/\/territorialchallenges.com\/","name":"Desafios territoriais","description":"Monitoramento Internacional - Estrat\u00e9gias Inteligentes - Melhores Pr\u00e1ticas","publisher":{"@id":"https:\/\/territorialchallenges.com\/#organization"},"potentialAction":[{"@type":"SearchAction","target":{"@type":"EntryPoint","urlTemplate":"https:\/\/territorialchallenges.com\/?s={search_term_string}"},"query-input":"required name=search_term_string"}],"inLanguage":"pt-PT"},{"@type":"Organization","@id":"https:\/\/territorialchallenges.com\/#organization","name":"Desafios territoriais","url":"https:\/\/territorialchallenges.com\/","logo":{"@type":"ImageObject","inLanguage":"pt-PT","@id":"https:\/\/territorialchallenges.com\/#\/schema\/logo\/image\/","url":"https:\/\/territorialchallenges.com\/wp-content\/uploads\/2023\/10\/logo-1.png","contentUrl":"https:\/\/territorialchallenges.com\/wp-content\/uploads\/2023\/10\/logo-1.png","width":1832,"height":576,"caption":"Territorial Challenges"},"image":{"@id":"https:\/\/territorialchallenges.com\/#\/schema\/logo\/image\/"}},{"@type":"Person","@id":"https:\/\/territorialchallenges.com\/#\/schema\/person\/098f145c7c61a021c425e010f840080f","name":"ni.abdi","image":{"@type":"ImageObject","inLanguage":"pt-PT","@id":"https:\/\/territorialchallenges.com\/#\/schema\/person\/image\/","url":"https:\/\/secure.gravatar.com\/avatar\/2a2f2491f3c80039986ba989b1e4b510?s=96&d=identicon&r=g","contentUrl":"https:\/\/secure.gravatar.com\/avatar\/2a2f2491f3c80039986ba989b1e4b510?s=96&d=identicon&r=g","caption":"ni.abdi"},"sameAs":["https:\/\/twitter.com\/Ni.abdi"],"url":"https:\/\/territorialchallenges.com\/pt\/author\/ni-abdi\/"}]}},"_links":{"self":[{"href":"https:\/\/territorialchallenges.com\/pt\/wp-json\/wp\/v2\/posts\/86370"}],"collection":[{"href":"https:\/\/territorialchallenges.com\/pt\/wp-json\/wp\/v2\/posts"}],"about":[{"href":"https:\/\/territorialchallenges.com\/pt\/wp-json\/wp\/v2\/types\/post"}],"author":[{"embeddable":true,"href":"https:\/\/territorialchallenges.com\/pt\/wp-json\/wp\/v2\/users\/11"}],"replies":[{"embeddable":true,"href":"https:\/\/territorialchallenges.com\/pt\/wp-json\/wp\/v2\/comments?post=86370"}],"version-history":[{"count":2,"href":"https:\/\/territorialchallenges.com\/pt\/wp-json\/wp\/v2\/posts\/86370\/revisions"}],"predecessor-version":[{"id":125555,"href":"https:\/\/territorialchallenges.com\/pt\/wp-json\/wp\/v2\/posts\/86370\/revisions\/125555"}],"wp:featuredmedia":[{"embeddable":true,"href":"https:\/\/territorialchallenges.com\/pt\/wp-json\/wp\/v2\/media\/86371"}],"wp:attachment":[{"href":"https:\/\/territorialchallenges.com\/pt\/wp-json\/wp\/v2\/media?parent=86370"}],"wp:term":[{"taxonomy":"category","embeddable":true,"href":"https:\/\/territorialchallenges.com\/pt\/wp-json\/wp\/v2\/categories?post=86370"},{"taxonomy":"post_tag","embeddable":true,"href":"https:\/\/territorialchallenges.com\/pt\/wp-json\/wp\/v2\/tags?post=86370"}],"curies":[{"name":"wp","href":"https:\/\/api.w.org\/{rel}","templated":true}]}}