{"id":86277,"date":"2020-09-28T22:11:41","date_gmt":"2020-09-28T20:11:41","guid":{"rendered":"https:\/\/territorialchallenges.com\/?p=86277"},"modified":"2020-09-28T22:11:41","modified_gmt":"2020-09-28T20:11:41","slug":"la-competition-saccelere-entre-les-villes-intelligentes-durant-le-covid-19","status":"publish","type":"post","link":"https:\/\/territorialchallenges.com\/pt\/2020\/09\/28\/la-competition-saccelere-entre-les-villes-intelligentes-durant-le-covid-19\/86277\/","title":{"rendered":"A competi\u00e7\u00e3o entre cidades inteligentes acelera durante a COVID-19"},"content":{"rendered":"<p>Apresentado em setembro, o &quot;\u00cdndice de Cidades Inteligentes 2020&quot; refor\u00e7a a vis\u00e3o da Territorial Challenges de que as boas pr\u00e1ticas na transi\u00e7\u00e3o digital dos territ\u00f3rios ser\u00e3o medidas por competi\u00e7\u00f5es internacionais, e n\u00e3o nacionais. Produzido pela IMD Business School (Instituto de Gest\u00e3o de Lausanne, na Su\u00ed\u00e7a) e pela Universidade de\u2026 <\/p>\n<div class=\"pmpro_content_message\">Artigo dispon\u00edvel somente para assinantes.<br \/><a href=\"https:\/\/territorialchallenges.com\/wp-login.php\">Conecte-se<\/a><br \/><a href=\"https:\/\/territorialchallenges.com\/pt\/wp-login.php\/?action=register\">Registrar<\/a><\/div>","protected":false},"excerpt":{"rendered":"<p>D\u00e9voil\u00e9 durant ce mois de septembre, le \u00ab\u00a0Smart City Index 2020\u00a0\u00bb conforte la vision de Territorial Challenges que les bonnes pratiques en mati\u00e8re de transition num\u00e9rique des territoires, auront pour \u00ab\u00a0unit\u00e9 de mesure\u00a0\u00bb les comp\u00e9titions internationales et non pas nationales. \u00a0R\u00e9alis\u00e9 par l&rsquo;IMD Business School (institut de management de Lausanne en Suisse) et l&rsquo;Universit\u00e9 de... <\/p>\n<div class=\"pmpro_content_message\">Artigo dispon\u00edvel somente para assinantes.<br \/><a href=\"https:\/\/territorialchallenges.com\/wp-login.php\">Conecte-se<\/a><br \/><a href=\"https:\/\/territorialchallenges.com\/pt\/wp-login.php\/?action=register\">Registrar<\/a><\/div>","protected":false},"author":11,"featured_media":86278,"comment_status":"open","ping_status":"open","sticky":true,"template":"","format":"standard","meta":{"pmpro_default_level":0,"footnotes":""},"categories":[130,117],"tags":[],"blocksy_meta":"","yoast_head":"<!-- This site is optimized with the Yoast SEO plugin v21.5 - https:\/\/yoast.com\/wordpress\/plugins\/seo\/ -->\n<title>La comp\u00e9tition s&#039;acc\u00e9l\u00e8re entre les villes intelligentes durant le COVID 19 - Territorial Challenges<\/title>\n<meta name=\"robots\" content=\"index, follow, max-snippet:-1, max-image-preview:large, max-video-preview:-1\" \/>\n<link rel=\"canonical\" href=\"https:\/\/territorialchallenges.com\/pt\/2020\/09\/28\/la-competition-saccelere-entre-les-villes-intelligentes-durant-le-covid-19\/86277\/\" \/>\n<meta property=\"og:locale\" content=\"pt_PT\" \/>\n<meta property=\"og:type\" content=\"article\" \/>\n<meta property=\"og:title\" content=\"La comp\u00e9tition s&#039;acc\u00e9l\u00e8re entre les villes intelligentes durant le COVID 19 - Territorial Challenges\" \/>\n<meta property=\"og:description\" content=\"D\u00e9voil\u00e9 durant ce mois de septembre, le \u00ab\u00a0Smart City Index 2020\u00a0\u00bb conforte la vision de Territorial Challenges que les bonnes pratiques en mati\u00e8re de transition num\u00e9rique des territoires, auront pour \u00ab\u00a0unit\u00e9 de mesure\u00a0\u00bb les comp\u00e9titions internationales et non pas nationales. \u00a0R\u00e9alis\u00e9 par l&rsquo;IMD Business School (institut de management de Lausanne en Suisse) et l&rsquo;Universit\u00e9 de [&hellip;]\" \/>\n<meta property=\"og:url\" content=\"https:\/\/territorialchallenges.com\/pt\/2020\/09\/28\/la-competition-saccelere-entre-les-villes-intelligentes-durant-le-covid-19\/86277\/\" \/>\n<meta property=\"og:site_name\" content=\"Territorial Challenges\" \/>\n<meta property=\"article:published_time\" content=\"2020-09-28T20:11:41+00:00\" \/>\n<meta property=\"og:image\" content=\"https:\/\/territorialchallenges.com\/wp-content\/uploads\/2020\/09\/businessman-4194853_1920.jpg\" \/>\n\t<meta property=\"og:image:width\" content=\"1920\" \/>\n\t<meta property=\"og:image:height\" content=\"905\" \/>\n\t<meta property=\"og:image:type\" content=\"image\/jpeg\" \/>\n<meta name=\"author\" content=\"ni.abdi\" \/>\n<meta name=\"twitter:card\" content=\"summary_large_image\" \/>\n<meta name=\"twitter:creator\" content=\"@Ni.abdi\" \/>\n<meta name=\"twitter:label1\" content=\"Escrito por\" \/>\n\t<meta name=\"twitter:data1\" content=\"ni.abdi\" \/>\n\t<meta name=\"twitter:label2\" content=\"Tempo estimado de leitura\" \/>\n\t<meta name=\"twitter:data2\" content=\"4 minutos\" \/>\n<script type=\"application\/ld+json\" class=\"yoast-schema-graph\">{\"@context\":\"https:\/\/schema.org\",\"@graph\":[{\"@type\":\"Article\",\"@id\":\"https:\/\/territorialchallenges.com\/2020\/09\/28\/la-competition-saccelere-entre-les-villes-intelligentes-durant-le-covid-19\/86277\/#article\",\"isPartOf\":{\"@id\":\"https:\/\/territorialchallenges.com\/2020\/09\/28\/la-competition-saccelere-entre-les-villes-intelligentes-durant-le-covid-19\/86277\/\"},\"author\":{\"name\":\"ni.abdi\",\"@id\":\"https:\/\/territorialchallenges.com\/#\/schema\/person\/098f145c7c61a021c425e010f840080f\"},\"headline\":\"La comp\u00e9tition s&rsquo;acc\u00e9l\u00e8re entre les villes intelligentes durant le COVID 19\",\"datePublished\":\"2020-09-28T20:11:41+00:00\",\"dateModified\":\"2020-09-28T20:11:41+00:00\",\"mainEntityOfPage\":{\"@id\":\"https:\/\/territorialchallenges.com\/2020\/09\/28\/la-competition-saccelere-entre-les-villes-intelligentes-durant-le-covid-19\/86277\/\"},\"wordCount\":776,\"commentCount\":0,\"publisher\":{\"@id\":\"https:\/\/territorialchallenges.com\/#organization\"},\"articleSection\":[\"R\u00e9flexion faite\",\"\u00c9cosyst\u00e8me\"],\"inLanguage\":\"pt-PT\"},{\"@type\":\"WebPage\",\"@id\":\"https:\/\/territorialchallenges.com\/2020\/09\/28\/la-competition-saccelere-entre-les-villes-intelligentes-durant-le-covid-19\/86277\/\",\"url\":\"https:\/\/territorialchallenges.com\/2020\/09\/28\/la-competition-saccelere-entre-les-villes-intelligentes-durant-le-covid-19\/86277\/\",\"name\":\"La comp\u00e9tition s'acc\u00e9l\u00e8re entre les villes intelligentes durant le COVID 19 - Territorial Challenges\",\"isPartOf\":{\"@id\":\"https:\/\/territorialchallenges.com\/#website\"},\"datePublished\":\"2020-09-28T20:11:41+00:00\",\"dateModified\":\"2020-09-28T20:11:41+00:00\",\"breadcrumb\":{\"@id\":\"https:\/\/territorialchallenges.com\/2020\/09\/28\/la-competition-saccelere-entre-les-villes-intelligentes-durant-le-covid-19\/86277\/#breadcrumb\"},\"inLanguage\":\"pt-PT\",\"potentialAction\":[{\"@type\":\"ReadAction\",\"target\":[\"https:\/\/territorialchallenges.com\/2020\/09\/28\/la-competition-saccelere-entre-les-villes-intelligentes-durant-le-covid-19\/86277\/\"]}]},{\"@type\":\"BreadcrumbList\",\"@id\":\"https:\/\/territorialchallenges.com\/2020\/09\/28\/la-competition-saccelere-entre-les-villes-intelligentes-durant-le-covid-19\/86277\/#breadcrumb\",\"itemListElement\":[{\"@type\":\"ListItem\",\"position\":1,\"name\":\"Home\",\"item\":\"https:\/\/territorialchallenges.com\/\"},{\"@type\":\"ListItem\",\"position\":2,\"name\":\"La comp\u00e9tition s&rsquo;acc\u00e9l\u00e8re entre les villes intelligentes durant le COVID 19\"}]},{\"@type\":\"WebSite\",\"@id\":\"https:\/\/territorialchallenges.com\/#website\",\"url\":\"https:\/\/territorialchallenges.com\/\",\"name\":\"Territorial Challenges\",\"description\":\"Veille Internationale - Strat\u00e9gie Intelligentes - Bonnes pratiques\",\"publisher\":{\"@id\":\"https:\/\/territorialchallenges.com\/#organization\"},\"potentialAction\":[{\"@type\":\"SearchAction\",\"target\":{\"@type\":\"EntryPoint\",\"urlTemplate\":\"https:\/\/territorialchallenges.com\/?s={search_term_string}\"},\"query-input\":\"required name=search_term_string\"}],\"inLanguage\":\"pt-PT\"},{\"@type\":\"Organization\",\"@id\":\"https:\/\/territorialchallenges.com\/#organization\",\"name\":\"Territorial Challenges\",\"url\":\"https:\/\/territorialchallenges.com\/\",\"logo\":{\"@type\":\"ImageObject\",\"inLanguage\":\"pt-PT\",\"@id\":\"https:\/\/territorialchallenges.com\/#\/schema\/logo\/image\/\",\"url\":\"https:\/\/territorialchallenges.com\/wp-content\/uploads\/2023\/10\/logo-1.png\",\"contentUrl\":\"https:\/\/territorialchallenges.com\/wp-content\/uploads\/2023\/10\/logo-1.png\",\"width\":1832,\"height\":576,\"caption\":\"Territorial Challenges\"},\"image\":{\"@id\":\"https:\/\/territorialchallenges.com\/#\/schema\/logo\/image\/\"}},{\"@type\":\"Person\",\"@id\":\"https:\/\/territorialchallenges.com\/#\/schema\/person\/098f145c7c61a021c425e010f840080f\",\"name\":\"ni.abdi\",\"image\":{\"@type\":\"ImageObject\",\"inLanguage\":\"pt-PT\",\"@id\":\"https:\/\/territorialchallenges.com\/#\/schema\/person\/image\/\",\"url\":\"https:\/\/secure.gravatar.com\/avatar\/2a2f2491f3c80039986ba989b1e4b510?s=96&d=identicon&r=g\",\"contentUrl\":\"https:\/\/secure.gravatar.com\/avatar\/2a2f2491f3c80039986ba989b1e4b510?s=96&d=identicon&r=g\",\"caption\":\"ni.abdi\"},\"sameAs\":[\"https:\/\/twitter.com\/Ni.abdi\"],\"url\":\"https:\/\/territorialchallenges.com\/pt\/author\/ni-abdi\/\"}]}<\/script>\n<!-- \/ Yoast SEO plugin. -->","yoast_head_json":{"title":"La comp\u00e9tition s'acc\u00e9l\u00e8re entre les villes intelligentes durant le COVID 19 - Territorial Challenges","robots":{"index":"index","follow":"follow","max-snippet":"max-snippet:-1","max-image-preview":"max-image-preview:large","max-video-preview":"max-video-preview:-1"},"canonical":"https:\/\/territorialchallenges.com\/pt\/2020\/09\/28\/la-competition-saccelere-entre-les-villes-intelligentes-durant-le-covid-19\/86277\/","og_locale":"pt_PT","og_type":"article","og_title":"La comp\u00e9tition s'acc\u00e9l\u00e8re entre les villes intelligentes durant le COVID 19 - Territorial Challenges","og_description":"D\u00e9voil\u00e9 durant ce mois de septembre, le \u00ab\u00a0Smart City Index 2020\u00a0\u00bb conforte la vision de Territorial Challenges que les bonnes pratiques en mati\u00e8re de transition num\u00e9rique des territoires, auront pour \u00ab\u00a0unit\u00e9 de mesure\u00a0\u00bb les comp\u00e9titions internationales et non pas nationales. \u00a0R\u00e9alis\u00e9 par l&rsquo;IMD Business School (institut de management de Lausanne en Suisse) et l&rsquo;Universit\u00e9 de [&hellip;]","og_url":"https:\/\/territorialchallenges.com\/pt\/2020\/09\/28\/la-competition-saccelere-entre-les-villes-intelligentes-durant-le-covid-19\/86277\/","og_site_name":"Territorial Challenges","article_published_time":"2020-09-28T20:11:41+00:00","og_image":[{"width":1920,"height":905,"url":"https:\/\/territorialchallenges.com\/wp-content\/uploads\/2020\/09\/businessman-4194853_1920.jpg","type":"image\/jpeg"}],"author":"ni.abdi","twitter_card":"summary_large_image","twitter_creator":"@Ni.abdi","twitter_misc":{"Escrito por":"ni.abdi","Tempo estimado de leitura":"4 minutos"},"schema":{"@context":"https:\/\/schema.org","@graph":[{"@type":"Article","@id":"https:\/\/territorialchallenges.com\/2020\/09\/28\/la-competition-saccelere-entre-les-villes-intelligentes-durant-le-covid-19\/86277\/#article","isPartOf":{"@id":"https:\/\/territorialchallenges.com\/2020\/09\/28\/la-competition-saccelere-entre-les-villes-intelligentes-durant-le-covid-19\/86277\/"},"author":{"name":"ni.abdi","@id":"https:\/\/territorialchallenges.com\/#\/schema\/person\/098f145c7c61a021c425e010f840080f"},"headline":"La comp\u00e9tition s&rsquo;acc\u00e9l\u00e8re entre les villes intelligentes durant le COVID 19","datePublished":"2020-09-28T20:11:41+00:00","dateModified":"2020-09-28T20:11:41+00:00","mainEntityOfPage":{"@id":"https:\/\/territorialchallenges.com\/2020\/09\/28\/la-competition-saccelere-entre-les-villes-intelligentes-durant-le-covid-19\/86277\/"},"wordCount":776,"commentCount":0,"publisher":{"@id":"https:\/\/territorialchallenges.com\/#organization"},"articleSection":["R\u00e9flexion faite","\u00c9cosyst\u00e8me"],"inLanguage":"pt-PT"},{"@type":"WebPage","@id":"https:\/\/territorialchallenges.com\/2020\/09\/28\/la-competition-saccelere-entre-les-villes-intelligentes-durant-le-covid-19\/86277\/","url":"https:\/\/territorialchallenges.com\/2020\/09\/28\/la-competition-saccelere-entre-les-villes-intelligentes-durant-le-covid-19\/86277\/","name":"La comp\u00e9tition s'acc\u00e9l\u00e8re entre les villes intelligentes durant le COVID 19 - Territorial Challenges","isPartOf":{"@id":"https:\/\/territorialchallenges.com\/#website"},"datePublished":"2020-09-28T20:11:41+00:00","dateModified":"2020-09-28T20:11:41+00:00","breadcrumb":{"@id":"https:\/\/territorialchallenges.com\/2020\/09\/28\/la-competition-saccelere-entre-les-villes-intelligentes-durant-le-covid-19\/86277\/#breadcrumb"},"inLanguage":"pt-PT","potentialAction":[{"@type":"ReadAction","target":["https:\/\/territorialchallenges.com\/2020\/09\/28\/la-competition-saccelere-entre-les-villes-intelligentes-durant-le-covid-19\/86277\/"]}]},{"@type":"BreadcrumbList","@id":"https:\/\/territorialchallenges.com\/2020\/09\/28\/la-competition-saccelere-entre-les-villes-intelligentes-durant-le-covid-19\/86277\/#breadcrumb","itemListElement":[{"@type":"ListItem","position":1,"name":"Home","item":"https:\/\/territorialchallenges.com\/"},{"@type":"ListItem","position":2,"name":"La comp\u00e9tition s&rsquo;acc\u00e9l\u00e8re entre les villes intelligentes durant le COVID 19"}]},{"@type":"WebSite","@id":"https:\/\/territorialchallenges.com\/#website","url":"https:\/\/territorialchallenges.com\/","name":"Desafios territoriais","description":"Monitoramento Internacional - Estrat\u00e9gias Inteligentes - Melhores Pr\u00e1ticas","publisher":{"@id":"https:\/\/territorialchallenges.com\/#organization"},"potentialAction":[{"@type":"SearchAction","target":{"@type":"EntryPoint","urlTemplate":"https:\/\/territorialchallenges.com\/?s={search_term_string}"},"query-input":"required name=search_term_string"}],"inLanguage":"pt-PT"},{"@type":"Organization","@id":"https:\/\/territorialchallenges.com\/#organization","name":"Desafios territoriais","url":"https:\/\/territorialchallenges.com\/","logo":{"@type":"ImageObject","inLanguage":"pt-PT","@id":"https:\/\/territorialchallenges.com\/#\/schema\/logo\/image\/","url":"https:\/\/territorialchallenges.com\/wp-content\/uploads\/2023\/10\/logo-1.png","contentUrl":"https:\/\/territorialchallenges.com\/wp-content\/uploads\/2023\/10\/logo-1.png","width":1832,"height":576,"caption":"Territorial Challenges"},"image":{"@id":"https:\/\/territorialchallenges.com\/#\/schema\/logo\/image\/"}},{"@type":"Person","@id":"https:\/\/territorialchallenges.com\/#\/schema\/person\/098f145c7c61a021c425e010f840080f","name":"ni.abdi","image":{"@type":"ImageObject","inLanguage":"pt-PT","@id":"https:\/\/territorialchallenges.com\/#\/schema\/person\/image\/","url":"https:\/\/secure.gravatar.com\/avatar\/2a2f2491f3c80039986ba989b1e4b510?s=96&d=identicon&r=g","contentUrl":"https:\/\/secure.gravatar.com\/avatar\/2a2f2491f3c80039986ba989b1e4b510?s=96&d=identicon&r=g","caption":"ni.abdi"},"sameAs":["https:\/\/twitter.com\/Ni.abdi"],"url":"https:\/\/territorialchallenges.com\/pt\/author\/ni-abdi\/"}]}},"_links":{"self":[{"href":"https:\/\/territorialchallenges.com\/pt\/wp-json\/wp\/v2\/posts\/86277"}],"collection":[{"href":"https:\/\/territorialchallenges.com\/pt\/wp-json\/wp\/v2\/posts"}],"about":[{"href":"https:\/\/territorialchallenges.com\/pt\/wp-json\/wp\/v2\/types\/post"}],"author":[{"embeddable":true,"href":"https:\/\/territorialchallenges.com\/pt\/wp-json\/wp\/v2\/users\/11"}],"replies":[{"embeddable":true,"href":"https:\/\/territorialchallenges.com\/pt\/wp-json\/wp\/v2\/comments?post=86277"}],"version-history":[{"count":1,"href":"https:\/\/territorialchallenges.com\/pt\/wp-json\/wp\/v2\/posts\/86277\/revisions"}],"predecessor-version":[{"id":86282,"href":"https:\/\/territorialchallenges.com\/pt\/wp-json\/wp\/v2\/posts\/86277\/revisions\/86282"}],"wp:featuredmedia":[{"embeddable":true,"href":"https:\/\/territorialchallenges.com\/pt\/wp-json\/wp\/v2\/media\/86278"}],"wp:attachment":[{"href":"https:\/\/territorialchallenges.com\/pt\/wp-json\/wp\/v2\/media?parent=86277"}],"wp:term":[{"taxonomy":"category","embeddable":true,"href":"https:\/\/territorialchallenges.com\/pt\/wp-json\/wp\/v2\/categories?post=86277"},{"taxonomy":"post_tag","embeddable":true,"href":"https:\/\/territorialchallenges.com\/pt\/wp-json\/wp\/v2\/tags?post=86277"}],"curies":[{"name":"wp","href":"https:\/\/api.w.org\/{rel}","templated":true}]}}