{"id":85885,"date":"2020-08-02T18:01:56","date_gmt":"2020-08-02T16:01:56","guid":{"rendered":"https:\/\/territorialchallenges.com\/?p=85885"},"modified":"2020-08-02T18:01:56","modified_gmt":"2020-08-02T16:01:56","slug":"le-marche-des-villes-intelligentes-et-la-valeur-a-lheure-de-lincertitude-covid-19","status":"publish","type":"post","link":"https:\/\/territorialchallenges.com\/pt\/2020\/08\/02\/le-marche-des-villes-intelligentes-et-la-valeur-a-lheure-de-lincertitude-covid-19\/85885\/","title":{"rendered":"O Mercado de Cidades Inteligentes e o \u201cValor\u201d na Era da Incerteza da COVID-19"},"content":{"rendered":"<p>Autoridades eleitas municipais e intermunicipais acabaram de assumir seus cargos em meio a uma grave crise sanit\u00e1ria. No entanto, elas j\u00e1 enfrentam apelos de defensores da melhoria da vida urbana por meio do uso de tecnologia digital nos servi\u00e7os aos cidad\u00e3os. Ap\u00f3s v\u00e1rias semanas de tentativas e erros desde o in\u00edcio da pandemia... <\/p>\n<div class=\"pmpro_content_message\">Artigo dispon\u00edvel somente para assinantes.<br \/><a href=\"https:\/\/territorialchallenges.com\/wp-login.php\">Conecte-se<\/a><br \/><a href=\"https:\/\/territorialchallenges.com\/pt\/wp-login.php\/?action=register\">Registrar<\/a><\/div>","protected":false},"excerpt":{"rendered":"<p>Les \u00e9lus municipaux et intercommunaux viennent juste de prendre leur fonction dans un environnement de crise sanitaire majeur. Mais, Ils se trouvent d\u00e9j\u00e0 confront\u00e9s aux sollicitations des promoteurs de l&rsquo;am\u00e9lioration de la vie en ville, par l&rsquo;apport du num\u00e9rique dans les services aux citoyens. Apr\u00e8s quelques semaines de t\u00e2tonnement, depuis le d\u00e9but de la pand\u00e9mie... <\/p>\n<div class=\"pmpro_content_message\">Artigo dispon\u00edvel somente para assinantes.<br \/><a href=\"https:\/\/territorialchallenges.com\/wp-login.php\">Conecte-se<\/a><br \/><a href=\"https:\/\/territorialchallenges.com\/pt\/wp-login.php\/?action=register\">Registrar<\/a><\/div>","protected":false},"author":11,"featured_media":85887,"comment_status":"open","ping_status":"open","sticky":true,"template":"","format":"standard","meta":{"pmpro_default_level":0,"footnotes":""},"categories":[130,117],"tags":[],"blocksy_meta":"","yoast_head":"<!-- This site is optimized with the Yoast SEO plugin v21.5 - https:\/\/yoast.com\/wordpress\/plugins\/seo\/ -->\n<title>Le march\u00e9 des villes intelligentes et la &quot;valeur&quot; \u00e0 l&#039;heure de l&#039;incertitude COVID 19 - Territorial Challenges<\/title>\n<meta name=\"robots\" content=\"index, follow, max-snippet:-1, max-image-preview:large, max-video-preview:-1\" \/>\n<link rel=\"canonical\" href=\"https:\/\/territorialchallenges.com\/pt\/2020\/08\/02\/le-marche-des-villes-intelligentes-et-la-valeur-a-lheure-de-lincertitude-covid-19\/85885\/\" \/>\n<meta property=\"og:locale\" content=\"pt_PT\" \/>\n<meta property=\"og:type\" content=\"article\" \/>\n<meta property=\"og:title\" content=\"Le march\u00e9 des villes intelligentes et la &quot;valeur&quot; \u00e0 l&#039;heure de l&#039;incertitude COVID 19 - Territorial Challenges\" \/>\n<meta property=\"og:description\" content=\"Les \u00e9lus municipaux et intercommunaux viennent juste de prendre leur fonction dans un environnement de crise sanitaire majeur. Mais, Ils se trouvent d\u00e9j\u00e0 confront\u00e9s aux sollicitations des promoteurs de l&rsquo;am\u00e9lioration de la vie en ville, par l&rsquo;apport du num\u00e9rique dans les services aux citoyens. Apr\u00e8s quelques semaines de t\u00e2tonnement, depuis le d\u00e9but de la pand\u00e9mie [&hellip;]\" \/>\n<meta property=\"og:url\" content=\"https:\/\/territorialchallenges.com\/pt\/2020\/08\/02\/le-marche-des-villes-intelligentes-et-la-valeur-a-lheure-de-lincertitude-covid-19\/85885\/\" \/>\n<meta property=\"og:site_name\" content=\"Territorial Challenges\" \/>\n<meta property=\"article:published_time\" content=\"2020-08-02T16:01:56+00:00\" \/>\n<meta property=\"og:image\" content=\"https:\/\/territorialchallenges.com\/wp-content\/uploads\/2020\/08\/amsterdam.jpg\" \/>\n\t<meta property=\"og:image:width\" content=\"1920\" \/>\n\t<meta property=\"og:image:height\" content=\"1280\" \/>\n\t<meta property=\"og:image:type\" content=\"image\/jpeg\" \/>\n<meta name=\"author\" content=\"ni.abdi\" \/>\n<meta name=\"twitter:card\" content=\"summary_large_image\" \/>\n<meta name=\"twitter:creator\" content=\"@Ni.abdi\" \/>\n<meta name=\"twitter:label1\" content=\"Escrito por\" \/>\n\t<meta name=\"twitter:data1\" content=\"ni.abdi\" \/>\n\t<meta name=\"twitter:label2\" content=\"Tempo estimado de leitura\" \/>\n\t<meta name=\"twitter:data2\" content=\"4 minutos\" \/>\n<script type=\"application\/ld+json\" class=\"yoast-schema-graph\">{\"@context\":\"https:\/\/schema.org\",\"@graph\":[{\"@type\":\"Article\",\"@id\":\"https:\/\/territorialchallenges.com\/2020\/08\/02\/le-marche-des-villes-intelligentes-et-la-valeur-a-lheure-de-lincertitude-covid-19\/85885\/#article\",\"isPartOf\":{\"@id\":\"https:\/\/territorialchallenges.com\/2020\/08\/02\/le-marche-des-villes-intelligentes-et-la-valeur-a-lheure-de-lincertitude-covid-19\/85885\/\"},\"author\":{\"name\":\"ni.abdi\",\"@id\":\"https:\/\/territorialchallenges.com\/#\/schema\/person\/098f145c7c61a021c425e010f840080f\"},\"headline\":\"Le march\u00e9 des villes intelligentes et la \u00ab\u00a0valeur\u00a0\u00bb \u00e0 l&rsquo;heure de l&rsquo;incertitude COVID 19\",\"datePublished\":\"2020-08-02T16:01:56+00:00\",\"dateModified\":\"2020-08-02T16:01:56+00:00\",\"mainEntityOfPage\":{\"@id\":\"https:\/\/territorialchallenges.com\/2020\/08\/02\/le-marche-des-villes-intelligentes-et-la-valeur-a-lheure-de-lincertitude-covid-19\/85885\/\"},\"wordCount\":783,\"commentCount\":0,\"publisher\":{\"@id\":\"https:\/\/territorialchallenges.com\/#organization\"},\"articleSection\":[\"R\u00e9flexion faite\",\"\u00c9cosyst\u00e8me\"],\"inLanguage\":\"pt-PT\"},{\"@type\":\"WebPage\",\"@id\":\"https:\/\/territorialchallenges.com\/2020\/08\/02\/le-marche-des-villes-intelligentes-et-la-valeur-a-lheure-de-lincertitude-covid-19\/85885\/\",\"url\":\"https:\/\/territorialchallenges.com\/2020\/08\/02\/le-marche-des-villes-intelligentes-et-la-valeur-a-lheure-de-lincertitude-covid-19\/85885\/\",\"name\":\"Le march\u00e9 des villes intelligentes et la \\\"valeur\\\" \u00e0 l'heure de l'incertitude COVID 19 - Territorial Challenges\",\"isPartOf\":{\"@id\":\"https:\/\/territorialchallenges.com\/#website\"},\"datePublished\":\"2020-08-02T16:01:56+00:00\",\"dateModified\":\"2020-08-02T16:01:56+00:00\",\"breadcrumb\":{\"@id\":\"https:\/\/territorialchallenges.com\/2020\/08\/02\/le-marche-des-villes-intelligentes-et-la-valeur-a-lheure-de-lincertitude-covid-19\/85885\/#breadcrumb\"},\"inLanguage\":\"pt-PT\",\"potentialAction\":[{\"@type\":\"ReadAction\",\"target\":[\"https:\/\/territorialchallenges.com\/2020\/08\/02\/le-marche-des-villes-intelligentes-et-la-valeur-a-lheure-de-lincertitude-covid-19\/85885\/\"]}]},{\"@type\":\"BreadcrumbList\",\"@id\":\"https:\/\/territorialchallenges.com\/2020\/08\/02\/le-marche-des-villes-intelligentes-et-la-valeur-a-lheure-de-lincertitude-covid-19\/85885\/#breadcrumb\",\"itemListElement\":[{\"@type\":\"ListItem\",\"position\":1,\"name\":\"Home\",\"item\":\"https:\/\/territorialchallenges.com\/\"},{\"@type\":\"ListItem\",\"position\":2,\"name\":\"Le march\u00e9 des villes intelligentes et la \u00ab\u00a0valeur\u00a0\u00bb \u00e0 l&rsquo;heure de l&rsquo;incertitude COVID 19\"}]},{\"@type\":\"WebSite\",\"@id\":\"https:\/\/territorialchallenges.com\/#website\",\"url\":\"https:\/\/territorialchallenges.com\/\",\"name\":\"Territorial Challenges\",\"description\":\"Veille Internationale - Strat\u00e9gie Intelligentes - Bonnes pratiques\",\"publisher\":{\"@id\":\"https:\/\/territorialchallenges.com\/#organization\"},\"potentialAction\":[{\"@type\":\"SearchAction\",\"target\":{\"@type\":\"EntryPoint\",\"urlTemplate\":\"https:\/\/territorialchallenges.com\/?s={search_term_string}\"},\"query-input\":\"required name=search_term_string\"}],\"inLanguage\":\"pt-PT\"},{\"@type\":\"Organization\",\"@id\":\"https:\/\/territorialchallenges.com\/#organization\",\"name\":\"Territorial Challenges\",\"url\":\"https:\/\/territorialchallenges.com\/\",\"logo\":{\"@type\":\"ImageObject\",\"inLanguage\":\"pt-PT\",\"@id\":\"https:\/\/territorialchallenges.com\/#\/schema\/logo\/image\/\",\"url\":\"https:\/\/territorialchallenges.com\/wp-content\/uploads\/2023\/10\/logo-1.png\",\"contentUrl\":\"https:\/\/territorialchallenges.com\/wp-content\/uploads\/2023\/10\/logo-1.png\",\"width\":1832,\"height\":576,\"caption\":\"Territorial Challenges\"},\"image\":{\"@id\":\"https:\/\/territorialchallenges.com\/#\/schema\/logo\/image\/\"}},{\"@type\":\"Person\",\"@id\":\"https:\/\/territorialchallenges.com\/#\/schema\/person\/098f145c7c61a021c425e010f840080f\",\"name\":\"ni.abdi\",\"image\":{\"@type\":\"ImageObject\",\"inLanguage\":\"pt-PT\",\"@id\":\"https:\/\/territorialchallenges.com\/#\/schema\/person\/image\/\",\"url\":\"https:\/\/secure.gravatar.com\/avatar\/2a2f2491f3c80039986ba989b1e4b510?s=96&d=identicon&r=g\",\"contentUrl\":\"https:\/\/secure.gravatar.com\/avatar\/2a2f2491f3c80039986ba989b1e4b510?s=96&d=identicon&r=g\",\"caption\":\"ni.abdi\"},\"sameAs\":[\"https:\/\/twitter.com\/Ni.abdi\"],\"url\":\"https:\/\/territorialchallenges.com\/pt\/author\/ni-abdi\/\"}]}<\/script>\n<!-- \/ Yoast SEO plugin. -->","yoast_head_json":{"title":"Le march\u00e9 des villes intelligentes et la \"valeur\" \u00e0 l'heure de l'incertitude COVID 19 - Territorial Challenges","robots":{"index":"index","follow":"follow","max-snippet":"max-snippet:-1","max-image-preview":"max-image-preview:large","max-video-preview":"max-video-preview:-1"},"canonical":"https:\/\/territorialchallenges.com\/pt\/2020\/08\/02\/le-marche-des-villes-intelligentes-et-la-valeur-a-lheure-de-lincertitude-covid-19\/85885\/","og_locale":"pt_PT","og_type":"article","og_title":"Le march\u00e9 des villes intelligentes et la \"valeur\" \u00e0 l'heure de l'incertitude COVID 19 - Territorial Challenges","og_description":"Les \u00e9lus municipaux et intercommunaux viennent juste de prendre leur fonction dans un environnement de crise sanitaire majeur. Mais, Ils se trouvent d\u00e9j\u00e0 confront\u00e9s aux sollicitations des promoteurs de l&rsquo;am\u00e9lioration de la vie en ville, par l&rsquo;apport du num\u00e9rique dans les services aux citoyens. Apr\u00e8s quelques semaines de t\u00e2tonnement, depuis le d\u00e9but de la pand\u00e9mie [&hellip;]","og_url":"https:\/\/territorialchallenges.com\/pt\/2020\/08\/02\/le-marche-des-villes-intelligentes-et-la-valeur-a-lheure-de-lincertitude-covid-19\/85885\/","og_site_name":"Territorial Challenges","article_published_time":"2020-08-02T16:01:56+00:00","og_image":[{"width":1920,"height":1280,"url":"https:\/\/territorialchallenges.com\/wp-content\/uploads\/2020\/08\/amsterdam.jpg","type":"image\/jpeg"}],"author":"ni.abdi","twitter_card":"summary_large_image","twitter_creator":"@Ni.abdi","twitter_misc":{"Escrito por":"ni.abdi","Tempo estimado de leitura":"4 minutos"},"schema":{"@context":"https:\/\/schema.org","@graph":[{"@type":"Article","@id":"https:\/\/territorialchallenges.com\/2020\/08\/02\/le-marche-des-villes-intelligentes-et-la-valeur-a-lheure-de-lincertitude-covid-19\/85885\/#article","isPartOf":{"@id":"https:\/\/territorialchallenges.com\/2020\/08\/02\/le-marche-des-villes-intelligentes-et-la-valeur-a-lheure-de-lincertitude-covid-19\/85885\/"},"author":{"name":"ni.abdi","@id":"https:\/\/territorialchallenges.com\/#\/schema\/person\/098f145c7c61a021c425e010f840080f"},"headline":"Le march\u00e9 des villes intelligentes et la \u00ab\u00a0valeur\u00a0\u00bb \u00e0 l&rsquo;heure de l&rsquo;incertitude COVID 19","datePublished":"2020-08-02T16:01:56+00:00","dateModified":"2020-08-02T16:01:56+00:00","mainEntityOfPage":{"@id":"https:\/\/territorialchallenges.com\/2020\/08\/02\/le-marche-des-villes-intelligentes-et-la-valeur-a-lheure-de-lincertitude-covid-19\/85885\/"},"wordCount":783,"commentCount":0,"publisher":{"@id":"https:\/\/territorialchallenges.com\/#organization"},"articleSection":["R\u00e9flexion faite","\u00c9cosyst\u00e8me"],"inLanguage":"pt-PT"},{"@type":"WebPage","@id":"https:\/\/territorialchallenges.com\/2020\/08\/02\/le-marche-des-villes-intelligentes-et-la-valeur-a-lheure-de-lincertitude-covid-19\/85885\/","url":"https:\/\/territorialchallenges.com\/2020\/08\/02\/le-marche-des-villes-intelligentes-et-la-valeur-a-lheure-de-lincertitude-covid-19\/85885\/","name":"Le march\u00e9 des villes intelligentes et la \"valeur\" \u00e0 l'heure de l'incertitude COVID 19 - Territorial Challenges","isPartOf":{"@id":"https:\/\/territorialchallenges.com\/#website"},"datePublished":"2020-08-02T16:01:56+00:00","dateModified":"2020-08-02T16:01:56+00:00","breadcrumb":{"@id":"https:\/\/territorialchallenges.com\/2020\/08\/02\/le-marche-des-villes-intelligentes-et-la-valeur-a-lheure-de-lincertitude-covid-19\/85885\/#breadcrumb"},"inLanguage":"pt-PT","potentialAction":[{"@type":"ReadAction","target":["https:\/\/territorialchallenges.com\/2020\/08\/02\/le-marche-des-villes-intelligentes-et-la-valeur-a-lheure-de-lincertitude-covid-19\/85885\/"]}]},{"@type":"BreadcrumbList","@id":"https:\/\/territorialchallenges.com\/2020\/08\/02\/le-marche-des-villes-intelligentes-et-la-valeur-a-lheure-de-lincertitude-covid-19\/85885\/#breadcrumb","itemListElement":[{"@type":"ListItem","position":1,"name":"Home","item":"https:\/\/territorialchallenges.com\/"},{"@type":"ListItem","position":2,"name":"Le march\u00e9 des villes intelligentes et la \u00ab\u00a0valeur\u00a0\u00bb \u00e0 l&rsquo;heure de l&rsquo;incertitude COVID 19"}]},{"@type":"WebSite","@id":"https:\/\/territorialchallenges.com\/#website","url":"https:\/\/territorialchallenges.com\/","name":"Desafios territoriais","description":"Monitoramento Internacional - Estrat\u00e9gias Inteligentes - Melhores Pr\u00e1ticas","publisher":{"@id":"https:\/\/territorialchallenges.com\/#organization"},"potentialAction":[{"@type":"SearchAction","target":{"@type":"EntryPoint","urlTemplate":"https:\/\/territorialchallenges.com\/?s={search_term_string}"},"query-input":"required name=search_term_string"}],"inLanguage":"pt-PT"},{"@type":"Organization","@id":"https:\/\/territorialchallenges.com\/#organization","name":"Desafios territoriais","url":"https:\/\/territorialchallenges.com\/","logo":{"@type":"ImageObject","inLanguage":"pt-PT","@id":"https:\/\/territorialchallenges.com\/#\/schema\/logo\/image\/","url":"https:\/\/territorialchallenges.com\/wp-content\/uploads\/2023\/10\/logo-1.png","contentUrl":"https:\/\/territorialchallenges.com\/wp-content\/uploads\/2023\/10\/logo-1.png","width":1832,"height":576,"caption":"Territorial Challenges"},"image":{"@id":"https:\/\/territorialchallenges.com\/#\/schema\/logo\/image\/"}},{"@type":"Person","@id":"https:\/\/territorialchallenges.com\/#\/schema\/person\/098f145c7c61a021c425e010f840080f","name":"ni.abdi","image":{"@type":"ImageObject","inLanguage":"pt-PT","@id":"https:\/\/territorialchallenges.com\/#\/schema\/person\/image\/","url":"https:\/\/secure.gravatar.com\/avatar\/2a2f2491f3c80039986ba989b1e4b510?s=96&d=identicon&r=g","contentUrl":"https:\/\/secure.gravatar.com\/avatar\/2a2f2491f3c80039986ba989b1e4b510?s=96&d=identicon&r=g","caption":"ni.abdi"},"sameAs":["https:\/\/twitter.com\/Ni.abdi"],"url":"https:\/\/territorialchallenges.com\/pt\/author\/ni-abdi\/"}]}},"_links":{"self":[{"href":"https:\/\/territorialchallenges.com\/pt\/wp-json\/wp\/v2\/posts\/85885"}],"collection":[{"href":"https:\/\/territorialchallenges.com\/pt\/wp-json\/wp\/v2\/posts"}],"about":[{"href":"https:\/\/territorialchallenges.com\/pt\/wp-json\/wp\/v2\/types\/post"}],"author":[{"embeddable":true,"href":"https:\/\/territorialchallenges.com\/pt\/wp-json\/wp\/v2\/users\/11"}],"replies":[{"embeddable":true,"href":"https:\/\/territorialchallenges.com\/pt\/wp-json\/wp\/v2\/comments?post=85885"}],"version-history":[{"count":1,"href":"https:\/\/territorialchallenges.com\/pt\/wp-json\/wp\/v2\/posts\/85885\/revisions"}],"predecessor-version":[{"id":85891,"href":"https:\/\/territorialchallenges.com\/pt\/wp-json\/wp\/v2\/posts\/85885\/revisions\/85891"}],"wp:featuredmedia":[{"embeddable":true,"href":"https:\/\/territorialchallenges.com\/pt\/wp-json\/wp\/v2\/media\/85887"}],"wp:attachment":[{"href":"https:\/\/territorialchallenges.com\/pt\/wp-json\/wp\/v2\/media?parent=85885"}],"wp:term":[{"taxonomy":"category","embeddable":true,"href":"https:\/\/territorialchallenges.com\/pt\/wp-json\/wp\/v2\/categories?post=85885"},{"taxonomy":"post_tag","embeddable":true,"href":"https:\/\/territorialchallenges.com\/pt\/wp-json\/wp\/v2\/tags?post=85885"}],"curies":[{"name":"wp","href":"https:\/\/api.w.org\/{rel}","templated":true}]}}