{"id":85748,"date":"2020-07-03T08:38:09","date_gmt":"2020-07-03T06:38:09","guid":{"rendered":"https:\/\/territorialchallenges.com\/?p=85748"},"modified":"2020-07-03T08:38:09","modified_gmt":"2020-07-03T06:38:09","slug":"les-musees-suisses-a-lheure-de-lefficacite-energetique","status":"publish","type":"post","link":"https:\/\/territorialchallenges.com\/pt\/2020\/07\/03\/les-musees-suisses-a-lheure-de-lefficacite-energetique\/85748\/","title":{"rendered":"Museus su\u00ed\u00e7os na era da efici\u00eancia energ\u00e9tica"},"content":{"rendered":"<p>Obras de arte sens\u00edveis, edif\u00edcios antigos, visitantes exigentes: museus exigem muita energia para manter suas obras de arte e infraestrutura. Muitas obras de arte armazenadas em salas e dep\u00f3sitos de museus s\u00e3o sens\u00edveis ao clima interno. Isso \u00e9 especialmente verdadeiro para obras em papel. Idealmente, essas obras requerem temperaturas entre\u2026 <\/p>\n<div class=\"pmpro_content_message\">Artigo dispon\u00edvel somente para assinantes.<br \/><a href=\"https:\/\/territorialchallenges.com\/wp-login.php\">Conecte-se<\/a><br \/><a href=\"https:\/\/territorialchallenges.com\/pt\/wp-login.php\/?action=register\">Registrar<\/a><\/div>","protected":false},"excerpt":{"rendered":"<p>\u0152uvres d&rsquo;art sensibles, b\u00e2timents anciens, visiteurs exigeants: les mus\u00e9es ont besoin de beaucoup d&rsquo;\u00e9nergie pour entretenir l&rsquo;art et les infrastructures. De nombreuses \u0153uvres d&rsquo;art stock\u00e9es dans des salles de mus\u00e9e et des d\u00e9p\u00f4ts sont sensibles au climat int\u00e9rieur. Cela est particuli\u00e8rement vrai pour les \u0153uvres sur papier. Id\u00e9alement, ces \u0153uvres n\u00e9cessitent des temp\u00e9ratures comprises entre... <\/p>\n<div class=\"pmpro_content_message\">Artigo dispon\u00edvel somente para assinantes.<br \/><a href=\"https:\/\/territorialchallenges.com\/wp-login.php\">Conecte-se<\/a><br \/><a href=\"https:\/\/territorialchallenges.com\/pt\/wp-login.php\/?action=register\">Registrar<\/a><\/div>","protected":false},"author":11,"featured_media":85749,"comment_status":"open","ping_status":"open","sticky":true,"template":"","format":"standard","meta":{"pmpro_default_level":0,"footnotes":""},"categories":[18,127],"tags":[],"blocksy_meta":"","yoast_head":"<!-- This site is optimized with the Yoast SEO plugin v21.5 - https:\/\/yoast.com\/wordpress\/plugins\/seo\/ -->\n<title>Les mus\u00e9es suisses \u00e0 l&#039;heure de l&#039;efficacit\u00e9 \u00e9nerg\u00e9tique - Territorial Challenges<\/title>\n<meta name=\"robots\" content=\"index, follow, max-snippet:-1, max-image-preview:large, max-video-preview:-1\" \/>\n<link rel=\"canonical\" href=\"https:\/\/territorialchallenges.com\/pt\/2020\/07\/03\/les-musees-suisses-a-lheure-de-lefficacite-energetique\/85748\/\" \/>\n<meta property=\"og:locale\" content=\"pt_PT\" \/>\n<meta property=\"og:type\" content=\"article\" \/>\n<meta property=\"og:title\" content=\"Les mus\u00e9es suisses \u00e0 l&#039;heure de l&#039;efficacit\u00e9 \u00e9nerg\u00e9tique - Territorial Challenges\" \/>\n<meta property=\"og:description\" content=\"\u0152uvres d&rsquo;art sensibles, b\u00e2timents anciens, visiteurs exigeants: les mus\u00e9es ont besoin de beaucoup d&rsquo;\u00e9nergie pour entretenir l&rsquo;art et les infrastructures. De nombreuses \u0153uvres d&rsquo;art stock\u00e9es dans des salles de mus\u00e9e et des d\u00e9p\u00f4ts sont sensibles au climat int\u00e9rieur. Cela est particuli\u00e8rement vrai pour les \u0153uvres sur papier. Id\u00e9alement, ces \u0153uvres n\u00e9cessitent des temp\u00e9ratures comprises entre [&hellip;]\" \/>\n<meta property=\"og:url\" content=\"https:\/\/territorialchallenges.com\/pt\/2020\/07\/03\/les-musees-suisses-a-lheure-de-lefficacite-energetique\/85748\/\" \/>\n<meta property=\"og:site_name\" content=\"Territorial Challenges\" \/>\n<meta property=\"article:published_time\" content=\"2020-07-03T06:38:09+00:00\" \/>\n<meta property=\"og:image\" content=\"https:\/\/territorialchallenges.com\/wp-content\/uploads\/2020\/07\/lugano-5245384_1920.jpg\" \/>\n\t<meta property=\"og:image:width\" content=\"1920\" \/>\n\t<meta property=\"og:image:height\" content=\"1280\" \/>\n\t<meta property=\"og:image:type\" content=\"image\/jpeg\" \/>\n<meta name=\"author\" content=\"ni.abdi\" \/>\n<meta name=\"twitter:card\" content=\"summary_large_image\" \/>\n<meta name=\"twitter:creator\" content=\"@Ni.abdi\" \/>\n<meta name=\"twitter:label1\" content=\"Escrito por\" \/>\n\t<meta name=\"twitter:data1\" content=\"ni.abdi\" \/>\n\t<meta name=\"twitter:label2\" content=\"Tempo estimado de leitura\" \/>\n\t<meta name=\"twitter:data2\" content=\"2 minutos\" \/>\n<script type=\"application\/ld+json\" class=\"yoast-schema-graph\">{\"@context\":\"https:\/\/schema.org\",\"@graph\":[{\"@type\":\"Article\",\"@id\":\"https:\/\/territorialchallenges.com\/2020\/07\/03\/les-musees-suisses-a-lheure-de-lefficacite-energetique\/85748\/#article\",\"isPartOf\":{\"@id\":\"https:\/\/territorialchallenges.com\/2020\/07\/03\/les-musees-suisses-a-lheure-de-lefficacite-energetique\/85748\/\"},\"author\":{\"name\":\"ni.abdi\",\"@id\":\"https:\/\/territorialchallenges.com\/#\/schema\/person\/098f145c7c61a021c425e010f840080f\"},\"headline\":\"Les mus\u00e9es suisses \u00e0 l&rsquo;heure de l&rsquo;efficacit\u00e9 \u00e9nerg\u00e9tique\",\"datePublished\":\"2020-07-03T06:38:09+00:00\",\"dateModified\":\"2020-07-03T06:38:09+00:00\",\"mainEntityOfPage\":{\"@id\":\"https:\/\/territorialchallenges.com\/2020\/07\/03\/les-musees-suisses-a-lheure-de-lefficacite-energetique\/85748\/\"},\"wordCount\":520,\"commentCount\":0,\"publisher\":{\"@id\":\"https:\/\/territorialchallenges.com\/#organization\"},\"articleSection\":[\"Transition \u00c9nerg\u00e9tique\",\"Actualit\u00e9 Europe\"],\"inLanguage\":\"pt-PT\"},{\"@type\":\"WebPage\",\"@id\":\"https:\/\/territorialchallenges.com\/2020\/07\/03\/les-musees-suisses-a-lheure-de-lefficacite-energetique\/85748\/\",\"url\":\"https:\/\/territorialchallenges.com\/2020\/07\/03\/les-musees-suisses-a-lheure-de-lefficacite-energetique\/85748\/\",\"name\":\"Les mus\u00e9es suisses \u00e0 l'heure de l'efficacit\u00e9 \u00e9nerg\u00e9tique - Territorial Challenges\",\"isPartOf\":{\"@id\":\"https:\/\/territorialchallenges.com\/#website\"},\"datePublished\":\"2020-07-03T06:38:09+00:00\",\"dateModified\":\"2020-07-03T06:38:09+00:00\",\"breadcrumb\":{\"@id\":\"https:\/\/territorialchallenges.com\/2020\/07\/03\/les-musees-suisses-a-lheure-de-lefficacite-energetique\/85748\/#breadcrumb\"},\"inLanguage\":\"pt-PT\",\"potentialAction\":[{\"@type\":\"ReadAction\",\"target\":[\"https:\/\/territorialchallenges.com\/2020\/07\/03\/les-musees-suisses-a-lheure-de-lefficacite-energetique\/85748\/\"]}]},{\"@type\":\"BreadcrumbList\",\"@id\":\"https:\/\/territorialchallenges.com\/2020\/07\/03\/les-musees-suisses-a-lheure-de-lefficacite-energetique\/85748\/#breadcrumb\",\"itemListElement\":[{\"@type\":\"ListItem\",\"position\":1,\"name\":\"Home\",\"item\":\"https:\/\/territorialchallenges.com\/\"},{\"@type\":\"ListItem\",\"position\":2,\"name\":\"Les mus\u00e9es suisses \u00e0 l&rsquo;heure de l&rsquo;efficacit\u00e9 \u00e9nerg\u00e9tique\"}]},{\"@type\":\"WebSite\",\"@id\":\"https:\/\/territorialchallenges.com\/#website\",\"url\":\"https:\/\/territorialchallenges.com\/\",\"name\":\"Territorial Challenges\",\"description\":\"Veille Internationale - Strat\u00e9gie Intelligentes - Bonnes pratiques\",\"publisher\":{\"@id\":\"https:\/\/territorialchallenges.com\/#organization\"},\"potentialAction\":[{\"@type\":\"SearchAction\",\"target\":{\"@type\":\"EntryPoint\",\"urlTemplate\":\"https:\/\/territorialchallenges.com\/?s={search_term_string}\"},\"query-input\":\"required name=search_term_string\"}],\"inLanguage\":\"pt-PT\"},{\"@type\":\"Organization\",\"@id\":\"https:\/\/territorialchallenges.com\/#organization\",\"name\":\"Territorial Challenges\",\"url\":\"https:\/\/territorialchallenges.com\/\",\"logo\":{\"@type\":\"ImageObject\",\"inLanguage\":\"pt-PT\",\"@id\":\"https:\/\/territorialchallenges.com\/#\/schema\/logo\/image\/\",\"url\":\"https:\/\/territorialchallenges.com\/wp-content\/uploads\/2023\/10\/logo-1.png\",\"contentUrl\":\"https:\/\/territorialchallenges.com\/wp-content\/uploads\/2023\/10\/logo-1.png\",\"width\":1832,\"height\":576,\"caption\":\"Territorial Challenges\"},\"image\":{\"@id\":\"https:\/\/territorialchallenges.com\/#\/schema\/logo\/image\/\"}},{\"@type\":\"Person\",\"@id\":\"https:\/\/territorialchallenges.com\/#\/schema\/person\/098f145c7c61a021c425e010f840080f\",\"name\":\"ni.abdi\",\"image\":{\"@type\":\"ImageObject\",\"inLanguage\":\"pt-PT\",\"@id\":\"https:\/\/territorialchallenges.com\/#\/schema\/person\/image\/\",\"url\":\"https:\/\/secure.gravatar.com\/avatar\/2a2f2491f3c80039986ba989b1e4b510?s=96&d=identicon&r=g\",\"contentUrl\":\"https:\/\/secure.gravatar.com\/avatar\/2a2f2491f3c80039986ba989b1e4b510?s=96&d=identicon&r=g\",\"caption\":\"ni.abdi\"},\"sameAs\":[\"https:\/\/twitter.com\/Ni.abdi\"],\"url\":\"https:\/\/territorialchallenges.com\/pt\/author\/ni-abdi\/\"}]}<\/script>\n<!-- \/ Yoast SEO plugin. -->","yoast_head_json":{"title":"Les mus\u00e9es suisses \u00e0 l'heure de l'efficacit\u00e9 \u00e9nerg\u00e9tique - Territorial Challenges","robots":{"index":"index","follow":"follow","max-snippet":"max-snippet:-1","max-image-preview":"max-image-preview:large","max-video-preview":"max-video-preview:-1"},"canonical":"https:\/\/territorialchallenges.com\/pt\/2020\/07\/03\/les-musees-suisses-a-lheure-de-lefficacite-energetique\/85748\/","og_locale":"pt_PT","og_type":"article","og_title":"Les mus\u00e9es suisses \u00e0 l'heure de l'efficacit\u00e9 \u00e9nerg\u00e9tique - Territorial Challenges","og_description":"\u0152uvres d&rsquo;art sensibles, b\u00e2timents anciens, visiteurs exigeants: les mus\u00e9es ont besoin de beaucoup d&rsquo;\u00e9nergie pour entretenir l&rsquo;art et les infrastructures. De nombreuses \u0153uvres d&rsquo;art stock\u00e9es dans des salles de mus\u00e9e et des d\u00e9p\u00f4ts sont sensibles au climat int\u00e9rieur. Cela est particuli\u00e8rement vrai pour les \u0153uvres sur papier. Id\u00e9alement, ces \u0153uvres n\u00e9cessitent des temp\u00e9ratures comprises entre [&hellip;]","og_url":"https:\/\/territorialchallenges.com\/pt\/2020\/07\/03\/les-musees-suisses-a-lheure-de-lefficacite-energetique\/85748\/","og_site_name":"Territorial Challenges","article_published_time":"2020-07-03T06:38:09+00:00","og_image":[{"width":1920,"height":1280,"url":"https:\/\/territorialchallenges.com\/wp-content\/uploads\/2020\/07\/lugano-5245384_1920.jpg","type":"image\/jpeg"}],"author":"ni.abdi","twitter_card":"summary_large_image","twitter_creator":"@Ni.abdi","twitter_misc":{"Escrito por":"ni.abdi","Tempo estimado de leitura":"2 minutos"},"schema":{"@context":"https:\/\/schema.org","@graph":[{"@type":"Article","@id":"https:\/\/territorialchallenges.com\/2020\/07\/03\/les-musees-suisses-a-lheure-de-lefficacite-energetique\/85748\/#article","isPartOf":{"@id":"https:\/\/territorialchallenges.com\/2020\/07\/03\/les-musees-suisses-a-lheure-de-lefficacite-energetique\/85748\/"},"author":{"name":"ni.abdi","@id":"https:\/\/territorialchallenges.com\/#\/schema\/person\/098f145c7c61a021c425e010f840080f"},"headline":"Les mus\u00e9es suisses \u00e0 l&rsquo;heure de l&rsquo;efficacit\u00e9 \u00e9nerg\u00e9tique","datePublished":"2020-07-03T06:38:09+00:00","dateModified":"2020-07-03T06:38:09+00:00","mainEntityOfPage":{"@id":"https:\/\/territorialchallenges.com\/2020\/07\/03\/les-musees-suisses-a-lheure-de-lefficacite-energetique\/85748\/"},"wordCount":520,"commentCount":0,"publisher":{"@id":"https:\/\/territorialchallenges.com\/#organization"},"articleSection":["Transition \u00c9nerg\u00e9tique","Actualit\u00e9 Europe"],"inLanguage":"pt-PT"},{"@type":"WebPage","@id":"https:\/\/territorialchallenges.com\/2020\/07\/03\/les-musees-suisses-a-lheure-de-lefficacite-energetique\/85748\/","url":"https:\/\/territorialchallenges.com\/2020\/07\/03\/les-musees-suisses-a-lheure-de-lefficacite-energetique\/85748\/","name":"Les mus\u00e9es suisses \u00e0 l'heure de l'efficacit\u00e9 \u00e9nerg\u00e9tique - Territorial Challenges","isPartOf":{"@id":"https:\/\/territorialchallenges.com\/#website"},"datePublished":"2020-07-03T06:38:09+00:00","dateModified":"2020-07-03T06:38:09+00:00","breadcrumb":{"@id":"https:\/\/territorialchallenges.com\/2020\/07\/03\/les-musees-suisses-a-lheure-de-lefficacite-energetique\/85748\/#breadcrumb"},"inLanguage":"pt-PT","potentialAction":[{"@type":"ReadAction","target":["https:\/\/territorialchallenges.com\/2020\/07\/03\/les-musees-suisses-a-lheure-de-lefficacite-energetique\/85748\/"]}]},{"@type":"BreadcrumbList","@id":"https:\/\/territorialchallenges.com\/2020\/07\/03\/les-musees-suisses-a-lheure-de-lefficacite-energetique\/85748\/#breadcrumb","itemListElement":[{"@type":"ListItem","position":1,"name":"Home","item":"https:\/\/territorialchallenges.com\/"},{"@type":"ListItem","position":2,"name":"Les mus\u00e9es suisses \u00e0 l&rsquo;heure de l&rsquo;efficacit\u00e9 \u00e9nerg\u00e9tique"}]},{"@type":"WebSite","@id":"https:\/\/territorialchallenges.com\/#website","url":"https:\/\/territorialchallenges.com\/","name":"Desafios territoriais","description":"Monitoramento Internacional - Estrat\u00e9gias Inteligentes - Melhores Pr\u00e1ticas","publisher":{"@id":"https:\/\/territorialchallenges.com\/#organization"},"potentialAction":[{"@type":"SearchAction","target":{"@type":"EntryPoint","urlTemplate":"https:\/\/territorialchallenges.com\/?s={search_term_string}"},"query-input":"required name=search_term_string"}],"inLanguage":"pt-PT"},{"@type":"Organization","@id":"https:\/\/territorialchallenges.com\/#organization","name":"Desafios territoriais","url":"https:\/\/territorialchallenges.com\/","logo":{"@type":"ImageObject","inLanguage":"pt-PT","@id":"https:\/\/territorialchallenges.com\/#\/schema\/logo\/image\/","url":"https:\/\/territorialchallenges.com\/wp-content\/uploads\/2023\/10\/logo-1.png","contentUrl":"https:\/\/territorialchallenges.com\/wp-content\/uploads\/2023\/10\/logo-1.png","width":1832,"height":576,"caption":"Territorial Challenges"},"image":{"@id":"https:\/\/territorialchallenges.com\/#\/schema\/logo\/image\/"}},{"@type":"Person","@id":"https:\/\/territorialchallenges.com\/#\/schema\/person\/098f145c7c61a021c425e010f840080f","name":"ni.abdi","image":{"@type":"ImageObject","inLanguage":"pt-PT","@id":"https:\/\/territorialchallenges.com\/#\/schema\/person\/image\/","url":"https:\/\/secure.gravatar.com\/avatar\/2a2f2491f3c80039986ba989b1e4b510?s=96&d=identicon&r=g","contentUrl":"https:\/\/secure.gravatar.com\/avatar\/2a2f2491f3c80039986ba989b1e4b510?s=96&d=identicon&r=g","caption":"ni.abdi"},"sameAs":["https:\/\/twitter.com\/Ni.abdi"],"url":"https:\/\/territorialchallenges.com\/pt\/author\/ni-abdi\/"}]}},"_links":{"self":[{"href":"https:\/\/territorialchallenges.com\/pt\/wp-json\/wp\/v2\/posts\/85748"}],"collection":[{"href":"https:\/\/territorialchallenges.com\/pt\/wp-json\/wp\/v2\/posts"}],"about":[{"href":"https:\/\/territorialchallenges.com\/pt\/wp-json\/wp\/v2\/types\/post"}],"author":[{"embeddable":true,"href":"https:\/\/territorialchallenges.com\/pt\/wp-json\/wp\/v2\/users\/11"}],"replies":[{"embeddable":true,"href":"https:\/\/territorialchallenges.com\/pt\/wp-json\/wp\/v2\/comments?post=85748"}],"version-history":[{"count":1,"href":"https:\/\/territorialchallenges.com\/pt\/wp-json\/wp\/v2\/posts\/85748\/revisions"}],"predecessor-version":[{"id":85753,"href":"https:\/\/territorialchallenges.com\/pt\/wp-json\/wp\/v2\/posts\/85748\/revisions\/85753"}],"wp:featuredmedia":[{"embeddable":true,"href":"https:\/\/territorialchallenges.com\/pt\/wp-json\/wp\/v2\/media\/85749"}],"wp:attachment":[{"href":"https:\/\/territorialchallenges.com\/pt\/wp-json\/wp\/v2\/media?parent=85748"}],"wp:term":[{"taxonomy":"category","embeddable":true,"href":"https:\/\/territorialchallenges.com\/pt\/wp-json\/wp\/v2\/categories?post=85748"},{"taxonomy":"post_tag","embeddable":true,"href":"https:\/\/territorialchallenges.com\/pt\/wp-json\/wp\/v2\/tags?post=85748"}],"curies":[{"name":"wp","href":"https:\/\/api.w.org\/{rel}","templated":true}]}}