{"id":85109,"date":"2020-01-20T23:07:53","date_gmt":"2020-01-20T22:07:53","guid":{"rendered":"https:\/\/territorialchallenges.com\/?p=85109"},"modified":"2020-01-20T23:07:53","modified_gmt":"2020-01-20T22:07:53","slug":"portugal-les-defis-smart-city-daveiro","status":"publish","type":"post","link":"https:\/\/territorialchallenges.com\/pt\/2020\/01\/20\/portugal-les-defis-smart-city-daveiro\/85109\/","title":{"rendered":"Portugal: Os desafios da cidade inteligente de Aveiro"},"content":{"rendered":"<p>A primeira edi\u00e7\u00e3o dos &quot;Aveiro Urban Challenges&quot;, com inscri\u00e7\u00f5es abertas at\u00e9 o final de janeiro, premiar\u00e1 as melhores ideias e solu\u00e7\u00f5es voltadas para a resolu\u00e7\u00e3o de desafios urbanos nas \u00e1reas de ambiente, energia e mobilidade. Uma cidade costeira conhecida por seus edif\u00edcios Art Nouveau e sua catedral\u2026 <\/p>\n<div class=\"pmpro_content_message\">Artigo dispon\u00edvel somente para assinantes.<br \/><a href=\"https:\/\/territorialchallenges.com\/wp-login.php\">Conecte-se<\/a><br \/><a href=\"https:\/\/territorialchallenges.com\/pt\/wp-login.php\/?action=register\">Registrar<\/a><\/div>","protected":false},"excerpt":{"rendered":"<p>La premi\u00e8re \u00e9dition des \u00abAveiro Urban Challenges\u00bb, dont les candidatures sont ouvertes jusqu&rsquo;\u00e0 la fin du mois de janvier, r\u00e9compensera les meilleures id\u00e9es et solutions visant \u00e0 r\u00e9soudre les d\u00e9fis urbains dans les domaines de l&rsquo;environnement, de l&rsquo;\u00e9nergie et de la mobilit\u00e9. Ville coti\u00e8re reput\u00e9e pour ses b\u00e2timents de style Art nouveau et sa cath\u00e9drale... <\/p>\n<div class=\"pmpro_content_message\">Artigo dispon\u00edvel somente para assinantes.<br \/><a href=\"https:\/\/territorialchallenges.com\/wp-login.php\">Conecte-se<\/a><br \/><a href=\"https:\/\/territorialchallenges.com\/pt\/wp-login.php\/?action=register\">Registrar<\/a><\/div>","protected":false},"author":11,"featured_media":85110,"comment_status":"open","ping_status":"open","sticky":true,"template":"","format":"standard","meta":{"pmpro_default_level":0,"footnotes":""},"categories":[120,117],"tags":[],"blocksy_meta":"","yoast_head":"<!-- This site is optimized with the Yoast SEO plugin v21.5 - https:\/\/yoast.com\/wordpress\/plugins\/seo\/ -->\n<title>Portugal: Les d\u00e9fis smart city d&#039;Aveiro - Territorial Challenges<\/title>\n<meta name=\"robots\" content=\"index, follow, max-snippet:-1, max-image-preview:large, max-video-preview:-1\" \/>\n<link rel=\"canonical\" href=\"https:\/\/territorialchallenges.com\/pt\/2020\/01\/20\/portugal-les-defis-smart-city-daveiro\/85109\/\" \/>\n<meta property=\"og:locale\" content=\"pt_PT\" \/>\n<meta property=\"og:type\" content=\"article\" \/>\n<meta property=\"og:title\" content=\"Portugal: Les d\u00e9fis smart city d&#039;Aveiro - Territorial Challenges\" \/>\n<meta property=\"og:description\" content=\"La premi\u00e8re \u00e9dition des \u00abAveiro Urban Challenges\u00bb, dont les candidatures sont ouvertes jusqu&rsquo;\u00e0 la fin du mois de janvier, r\u00e9compensera les meilleures id\u00e9es et solutions visant \u00e0 r\u00e9soudre les d\u00e9fis urbains dans les domaines de l&rsquo;environnement, de l&rsquo;\u00e9nergie et de la mobilit\u00e9. Ville coti\u00e8re reput\u00e9e pour ses b\u00e2timents de style Art nouveau et sa cath\u00e9drale [&hellip;]\" \/>\n<meta property=\"og:url\" content=\"https:\/\/territorialchallenges.com\/pt\/2020\/01\/20\/portugal-les-defis-smart-city-daveiro\/85109\/\" \/>\n<meta property=\"og:site_name\" content=\"Territorial Challenges\" \/>\n<meta property=\"article:published_time\" content=\"2020-01-20T22:07:53+00:00\" \/>\n<meta property=\"og:image\" content=\"https:\/\/territorialchallenges.com\/wp-content\/uploads\/2020\/01\/aveirophoto.jpg\" \/>\n\t<meta property=\"og:image:width\" content=\"1920\" \/>\n\t<meta property=\"og:image:height\" content=\"1280\" \/>\n\t<meta property=\"og:image:type\" content=\"image\/jpeg\" \/>\n<meta name=\"author\" content=\"ni.abdi\" \/>\n<meta name=\"twitter:card\" content=\"summary_large_image\" \/>\n<meta name=\"twitter:creator\" content=\"@Ni.abdi\" \/>\n<meta name=\"twitter:label1\" content=\"Escrito por\" \/>\n\t<meta name=\"twitter:data1\" content=\"ni.abdi\" \/>\n\t<meta name=\"twitter:label2\" content=\"Tempo estimado de leitura\" \/>\n\t<meta name=\"twitter:data2\" content=\"3 minutos\" \/>\n<script type=\"application\/ld+json\" class=\"yoast-schema-graph\">{\"@context\":\"https:\/\/schema.org\",\"@graph\":[{\"@type\":\"Article\",\"@id\":\"https:\/\/territorialchallenges.com\/2020\/01\/20\/portugal-les-defis-smart-city-daveiro\/85109\/#article\",\"isPartOf\":{\"@id\":\"https:\/\/territorialchallenges.com\/2020\/01\/20\/portugal-les-defis-smart-city-daveiro\/85109\/\"},\"author\":{\"name\":\"ni.abdi\",\"@id\":\"https:\/\/territorialchallenges.com\/#\/schema\/person\/098f145c7c61a021c425e010f840080f\"},\"headline\":\"Portugal: Les d\u00e9fis smart city d&rsquo;Aveiro\",\"datePublished\":\"2020-01-20T22:07:53+00:00\",\"dateModified\":\"2020-01-20T22:07:53+00:00\",\"mainEntityOfPage\":{\"@id\":\"https:\/\/territorialchallenges.com\/2020\/01\/20\/portugal-les-defis-smart-city-daveiro\/85109\/\"},\"wordCount\":605,\"commentCount\":0,\"publisher\":{\"@id\":\"https:\/\/territorialchallenges.com\/#organization\"},\"articleSection\":[\"Il s'est pass\u00e9 \u00e0\",\"\u00c9cosyst\u00e8me\"],\"inLanguage\":\"pt-PT\"},{\"@type\":\"WebPage\",\"@id\":\"https:\/\/territorialchallenges.com\/2020\/01\/20\/portugal-les-defis-smart-city-daveiro\/85109\/\",\"url\":\"https:\/\/territorialchallenges.com\/2020\/01\/20\/portugal-les-defis-smart-city-daveiro\/85109\/\",\"name\":\"Portugal: Les d\u00e9fis smart city d'Aveiro - Territorial Challenges\",\"isPartOf\":{\"@id\":\"https:\/\/territorialchallenges.com\/#website\"},\"datePublished\":\"2020-01-20T22:07:53+00:00\",\"dateModified\":\"2020-01-20T22:07:53+00:00\",\"breadcrumb\":{\"@id\":\"https:\/\/territorialchallenges.com\/2020\/01\/20\/portugal-les-defis-smart-city-daveiro\/85109\/#breadcrumb\"},\"inLanguage\":\"pt-PT\",\"potentialAction\":[{\"@type\":\"ReadAction\",\"target\":[\"https:\/\/territorialchallenges.com\/2020\/01\/20\/portugal-les-defis-smart-city-daveiro\/85109\/\"]}]},{\"@type\":\"BreadcrumbList\",\"@id\":\"https:\/\/territorialchallenges.com\/2020\/01\/20\/portugal-les-defis-smart-city-daveiro\/85109\/#breadcrumb\",\"itemListElement\":[{\"@type\":\"ListItem\",\"position\":1,\"name\":\"Home\",\"item\":\"https:\/\/territorialchallenges.com\/\"},{\"@type\":\"ListItem\",\"position\":2,\"name\":\"Portugal: Les d\u00e9fis smart city d&rsquo;Aveiro\"}]},{\"@type\":\"WebSite\",\"@id\":\"https:\/\/territorialchallenges.com\/#website\",\"url\":\"https:\/\/territorialchallenges.com\/\",\"name\":\"Territorial Challenges\",\"description\":\"Veille Internationale - Strat\u00e9gie Intelligentes - Bonnes pratiques\",\"publisher\":{\"@id\":\"https:\/\/territorialchallenges.com\/#organization\"},\"potentialAction\":[{\"@type\":\"SearchAction\",\"target\":{\"@type\":\"EntryPoint\",\"urlTemplate\":\"https:\/\/territorialchallenges.com\/?s={search_term_string}\"},\"query-input\":\"required name=search_term_string\"}],\"inLanguage\":\"pt-PT\"},{\"@type\":\"Organization\",\"@id\":\"https:\/\/territorialchallenges.com\/#organization\",\"name\":\"Territorial Challenges\",\"url\":\"https:\/\/territorialchallenges.com\/\",\"logo\":{\"@type\":\"ImageObject\",\"inLanguage\":\"pt-PT\",\"@id\":\"https:\/\/territorialchallenges.com\/#\/schema\/logo\/image\/\",\"url\":\"https:\/\/territorialchallenges.com\/wp-content\/uploads\/2023\/10\/logo-1.png\",\"contentUrl\":\"https:\/\/territorialchallenges.com\/wp-content\/uploads\/2023\/10\/logo-1.png\",\"width\":1832,\"height\":576,\"caption\":\"Territorial Challenges\"},\"image\":{\"@id\":\"https:\/\/territorialchallenges.com\/#\/schema\/logo\/image\/\"}},{\"@type\":\"Person\",\"@id\":\"https:\/\/territorialchallenges.com\/#\/schema\/person\/098f145c7c61a021c425e010f840080f\",\"name\":\"ni.abdi\",\"image\":{\"@type\":\"ImageObject\",\"inLanguage\":\"pt-PT\",\"@id\":\"https:\/\/territorialchallenges.com\/#\/schema\/person\/image\/\",\"url\":\"https:\/\/secure.gravatar.com\/avatar\/2a2f2491f3c80039986ba989b1e4b510?s=96&d=identicon&r=g\",\"contentUrl\":\"https:\/\/secure.gravatar.com\/avatar\/2a2f2491f3c80039986ba989b1e4b510?s=96&d=identicon&r=g\",\"caption\":\"ni.abdi\"},\"sameAs\":[\"https:\/\/twitter.com\/Ni.abdi\"],\"url\":\"https:\/\/territorialchallenges.com\/pt\/author\/ni-abdi\/\"}]}<\/script>\n<!-- \/ Yoast SEO plugin. -->","yoast_head_json":{"title":"Portugal: Les d\u00e9fis smart city d'Aveiro - Territorial Challenges","robots":{"index":"index","follow":"follow","max-snippet":"max-snippet:-1","max-image-preview":"max-image-preview:large","max-video-preview":"max-video-preview:-1"},"canonical":"https:\/\/territorialchallenges.com\/pt\/2020\/01\/20\/portugal-les-defis-smart-city-daveiro\/85109\/","og_locale":"pt_PT","og_type":"article","og_title":"Portugal: Les d\u00e9fis smart city d'Aveiro - Territorial Challenges","og_description":"La premi\u00e8re \u00e9dition des \u00abAveiro Urban Challenges\u00bb, dont les candidatures sont ouvertes jusqu&rsquo;\u00e0 la fin du mois de janvier, r\u00e9compensera les meilleures id\u00e9es et solutions visant \u00e0 r\u00e9soudre les d\u00e9fis urbains dans les domaines de l&rsquo;environnement, de l&rsquo;\u00e9nergie et de la mobilit\u00e9. Ville coti\u00e8re reput\u00e9e pour ses b\u00e2timents de style Art nouveau et sa cath\u00e9drale [&hellip;]","og_url":"https:\/\/territorialchallenges.com\/pt\/2020\/01\/20\/portugal-les-defis-smart-city-daveiro\/85109\/","og_site_name":"Territorial Challenges","article_published_time":"2020-01-20T22:07:53+00:00","og_image":[{"width":1920,"height":1280,"url":"https:\/\/territorialchallenges.com\/wp-content\/uploads\/2020\/01\/aveirophoto.jpg","type":"image\/jpeg"}],"author":"ni.abdi","twitter_card":"summary_large_image","twitter_creator":"@Ni.abdi","twitter_misc":{"Escrito por":"ni.abdi","Tempo estimado de leitura":"3 minutos"},"schema":{"@context":"https:\/\/schema.org","@graph":[{"@type":"Article","@id":"https:\/\/territorialchallenges.com\/2020\/01\/20\/portugal-les-defis-smart-city-daveiro\/85109\/#article","isPartOf":{"@id":"https:\/\/territorialchallenges.com\/2020\/01\/20\/portugal-les-defis-smart-city-daveiro\/85109\/"},"author":{"name":"ni.abdi","@id":"https:\/\/territorialchallenges.com\/#\/schema\/person\/098f145c7c61a021c425e010f840080f"},"headline":"Portugal: Les d\u00e9fis smart city d&rsquo;Aveiro","datePublished":"2020-01-20T22:07:53+00:00","dateModified":"2020-01-20T22:07:53+00:00","mainEntityOfPage":{"@id":"https:\/\/territorialchallenges.com\/2020\/01\/20\/portugal-les-defis-smart-city-daveiro\/85109\/"},"wordCount":605,"commentCount":0,"publisher":{"@id":"https:\/\/territorialchallenges.com\/#organization"},"articleSection":["Il s'est pass\u00e9 \u00e0","\u00c9cosyst\u00e8me"],"inLanguage":"pt-PT"},{"@type":"WebPage","@id":"https:\/\/territorialchallenges.com\/2020\/01\/20\/portugal-les-defis-smart-city-daveiro\/85109\/","url":"https:\/\/territorialchallenges.com\/2020\/01\/20\/portugal-les-defis-smart-city-daveiro\/85109\/","name":"Portugal: Les d\u00e9fis smart city d'Aveiro - Territorial Challenges","isPartOf":{"@id":"https:\/\/territorialchallenges.com\/#website"},"datePublished":"2020-01-20T22:07:53+00:00","dateModified":"2020-01-20T22:07:53+00:00","breadcrumb":{"@id":"https:\/\/territorialchallenges.com\/2020\/01\/20\/portugal-les-defis-smart-city-daveiro\/85109\/#breadcrumb"},"inLanguage":"pt-PT","potentialAction":[{"@type":"ReadAction","target":["https:\/\/territorialchallenges.com\/2020\/01\/20\/portugal-les-defis-smart-city-daveiro\/85109\/"]}]},{"@type":"BreadcrumbList","@id":"https:\/\/territorialchallenges.com\/2020\/01\/20\/portugal-les-defis-smart-city-daveiro\/85109\/#breadcrumb","itemListElement":[{"@type":"ListItem","position":1,"name":"Home","item":"https:\/\/territorialchallenges.com\/"},{"@type":"ListItem","position":2,"name":"Portugal: Les d\u00e9fis smart city d&rsquo;Aveiro"}]},{"@type":"WebSite","@id":"https:\/\/territorialchallenges.com\/#website","url":"https:\/\/territorialchallenges.com\/","name":"Desafios territoriais","description":"Monitoramento Internacional - Estrat\u00e9gias Inteligentes - Melhores Pr\u00e1ticas","publisher":{"@id":"https:\/\/territorialchallenges.com\/#organization"},"potentialAction":[{"@type":"SearchAction","target":{"@type":"EntryPoint","urlTemplate":"https:\/\/territorialchallenges.com\/?s={search_term_string}"},"query-input":"required name=search_term_string"}],"inLanguage":"pt-PT"},{"@type":"Organization","@id":"https:\/\/territorialchallenges.com\/#organization","name":"Desafios territoriais","url":"https:\/\/territorialchallenges.com\/","logo":{"@type":"ImageObject","inLanguage":"pt-PT","@id":"https:\/\/territorialchallenges.com\/#\/schema\/logo\/image\/","url":"https:\/\/territorialchallenges.com\/wp-content\/uploads\/2023\/10\/logo-1.png","contentUrl":"https:\/\/territorialchallenges.com\/wp-content\/uploads\/2023\/10\/logo-1.png","width":1832,"height":576,"caption":"Territorial Challenges"},"image":{"@id":"https:\/\/territorialchallenges.com\/#\/schema\/logo\/image\/"}},{"@type":"Person","@id":"https:\/\/territorialchallenges.com\/#\/schema\/person\/098f145c7c61a021c425e010f840080f","name":"ni.abdi","image":{"@type":"ImageObject","inLanguage":"pt-PT","@id":"https:\/\/territorialchallenges.com\/#\/schema\/person\/image\/","url":"https:\/\/secure.gravatar.com\/avatar\/2a2f2491f3c80039986ba989b1e4b510?s=96&d=identicon&r=g","contentUrl":"https:\/\/secure.gravatar.com\/avatar\/2a2f2491f3c80039986ba989b1e4b510?s=96&d=identicon&r=g","caption":"ni.abdi"},"sameAs":["https:\/\/twitter.com\/Ni.abdi"],"url":"https:\/\/territorialchallenges.com\/pt\/author\/ni-abdi\/"}]}},"_links":{"self":[{"href":"https:\/\/territorialchallenges.com\/pt\/wp-json\/wp\/v2\/posts\/85109"}],"collection":[{"href":"https:\/\/territorialchallenges.com\/pt\/wp-json\/wp\/v2\/posts"}],"about":[{"href":"https:\/\/territorialchallenges.com\/pt\/wp-json\/wp\/v2\/types\/post"}],"author":[{"embeddable":true,"href":"https:\/\/territorialchallenges.com\/pt\/wp-json\/wp\/v2\/users\/11"}],"replies":[{"embeddable":true,"href":"https:\/\/territorialchallenges.com\/pt\/wp-json\/wp\/v2\/comments?post=85109"}],"version-history":[{"count":1,"href":"https:\/\/territorialchallenges.com\/pt\/wp-json\/wp\/v2\/posts\/85109\/revisions"}],"predecessor-version":[{"id":85114,"href":"https:\/\/territorialchallenges.com\/pt\/wp-json\/wp\/v2\/posts\/85109\/revisions\/85114"}],"wp:featuredmedia":[{"embeddable":true,"href":"https:\/\/territorialchallenges.com\/pt\/wp-json\/wp\/v2\/media\/85110"}],"wp:attachment":[{"href":"https:\/\/territorialchallenges.com\/pt\/wp-json\/wp\/v2\/media?parent=85109"}],"wp:term":[{"taxonomy":"category","embeddable":true,"href":"https:\/\/territorialchallenges.com\/pt\/wp-json\/wp\/v2\/categories?post=85109"},{"taxonomy":"post_tag","embeddable":true,"href":"https:\/\/territorialchallenges.com\/pt\/wp-json\/wp\/v2\/tags?post=85109"}],"curies":[{"name":"wp","href":"https:\/\/api.w.org\/{rel}","templated":true}]}}