{"id":786,"date":"2016-08-13T21:27:40","date_gmt":"2016-08-13T19:27:40","guid":{"rendered":"http:\/\/e-novatio.com\/?p=786"},"modified":"2016-08-13T21:27:40","modified_gmt":"2016-08-13T19:27:40","slug":"communication-energetique-du-batiment-vers-un-standard-allemand","status":"publish","type":"post","link":"https:\/\/territorialchallenges.com\/pt\/2016\/08\/13\/communication-energetique-du-batiment-vers-un-standard-allemand\/786\/","title":{"rendered":"Comunica\u00e7\u00e3o energ\u00e9tica em edif\u00edcios: rumo a um padr\u00e3o alem\u00e3o?"},"content":{"rendered":"<p>(17 de mar\u00e7o de 2014) A Cebit em Hannover, a maior feira mundial de novas tecnologias, confirmou na semana passada a forte converg\u00eancia entre os mundos da energia e do digital. A quest\u00e3o permanece: quem ser\u00e1 o principal padr\u00e3o, o software na Europa, que conectar\u00e1 a produ\u00e7\u00e3o descentralizada de eletricidade \u00e0 gest\u00e3o inteligente de edif\u00edcios? <\/p>\n<div class=\"pmpro_content_message\">Artigo dispon\u00edvel somente para assinantes.<br \/><a href=\"https:\/\/territorialchallenges.com\/wp-login.php\">Conecte-se<\/a><br \/><a href=\"https:\/\/territorialchallenges.com\/pt\/wp-login.php\/?action=register\">Registrar<\/a><\/div>","protected":false},"excerpt":{"rendered":"<p>(17 mars 2014) Le Cebit \u00e0 Hannover, plus grand salon mondial des nouvelles technologies, a confirm\u00e9 la semaine derni\u00e8re la convergence forte de l\u2019univers de l\u2019\u00e9nergie et du num\u00e9rique. Reste \u00e0 savoir qui sera le standard principal, le logiciel en Europe, qui fera lien entre production d\u00e9centralis\u00e9e de l\u2019\u00e9lectricit\u00e9 et gestion intelligente du b\u00e2timent ?... <\/p>\n<div class=\"pmpro_content_message\">Artigo dispon\u00edvel somente para assinantes.<br \/><a href=\"https:\/\/territorialchallenges.com\/wp-login.php\">Conecte-se<\/a><br \/><a href=\"https:\/\/territorialchallenges.com\/pt\/wp-login.php\/?action=register\">Registrar<\/a><\/div>","protected":false},"author":11,"featured_media":0,"comment_status":"open","ping_status":"open","sticky":true,"template":"","format":"standard","meta":{"pmpro_default_level":0,"footnotes":""},"categories":[123],"tags":[],"blocksy_meta":"","yoast_head":"<!-- This site is optimized with the Yoast SEO plugin v21.5 - https:\/\/yoast.com\/wordpress\/plugins\/seo\/ -->\n<title>Communication \u00e9nerg\u00e9tique du b\u00e2timent : vers un standard allemand ? - Territorial Challenges<\/title>\n<meta name=\"robots\" content=\"index, follow, max-snippet:-1, max-image-preview:large, max-video-preview:-1\" \/>\n<link rel=\"canonical\" href=\"https:\/\/territorialchallenges.com\/pt\/2016\/08\/13\/communication-energetique-du-batiment-vers-un-standard-allemand\/786\/\" \/>\n<meta property=\"og:locale\" content=\"pt_PT\" \/>\n<meta property=\"og:type\" content=\"article\" \/>\n<meta property=\"og:title\" content=\"Communication \u00e9nerg\u00e9tique du b\u00e2timent : vers un standard allemand ? - Territorial Challenges\" \/>\n<meta property=\"og:description\" content=\"(17 mars 2014) Le Cebit \u00e0 Hannover, plus grand salon mondial des nouvelles technologies, a confirm\u00e9 la semaine derni\u00e8re la convergence forte de l\u2019univers de l\u2019\u00e9nergie et du num\u00e9rique. Reste \u00e0 savoir qui sera le standard principal, le logiciel en Europe, qui fera lien entre production d\u00e9centralis\u00e9e de l\u2019\u00e9lectricit\u00e9 et gestion intelligente du b\u00e2timent ? [&hellip;]\" \/>\n<meta property=\"og:url\" content=\"https:\/\/territorialchallenges.com\/pt\/2016\/08\/13\/communication-energetique-du-batiment-vers-un-standard-allemand\/786\/\" \/>\n<meta property=\"og:site_name\" content=\"Territorial Challenges\" \/>\n<meta property=\"article:published_time\" content=\"2016-08-13T19:27:40+00:00\" \/>\n<meta name=\"author\" content=\"ni.abdi\" \/>\n<meta name=\"twitter:card\" content=\"summary_large_image\" \/>\n<meta name=\"twitter:creator\" content=\"@Ni.abdi\" \/>\n<meta name=\"twitter:label1\" content=\"Escrito por\" \/>\n\t<meta name=\"twitter:data1\" content=\"ni.abdi\" \/>\n\t<meta name=\"twitter:label2\" content=\"Tempo estimado de leitura\" \/>\n\t<meta name=\"twitter:data2\" content=\"2 minutos\" \/>\n<script type=\"application\/ld+json\" class=\"yoast-schema-graph\">{\"@context\":\"https:\/\/schema.org\",\"@graph\":[{\"@type\":\"Article\",\"@id\":\"https:\/\/territorialchallenges.com\/2016\/08\/13\/communication-energetique-du-batiment-vers-un-standard-allemand\/786\/#article\",\"isPartOf\":{\"@id\":\"https:\/\/territorialchallenges.com\/2016\/08\/13\/communication-energetique-du-batiment-vers-un-standard-allemand\/786\/\"},\"author\":{\"name\":\"ni.abdi\",\"@id\":\"https:\/\/territorialchallenges.com\/#\/schema\/person\/098f145c7c61a021c425e010f840080f\"},\"headline\":\"Communication \u00e9nerg\u00e9tique du b\u00e2timent : vers un standard allemand ?\",\"datePublished\":\"2016-08-13T19:27:40+00:00\",\"dateModified\":\"2016-08-13T19:27:40+00:00\",\"mainEntityOfPage\":{\"@id\":\"https:\/\/territorialchallenges.com\/2016\/08\/13\/communication-energetique-du-batiment-vers-un-standard-allemand\/786\/\"},\"wordCount\":453,\"commentCount\":0,\"publisher\":{\"@id\":\"https:\/\/territorialchallenges.com\/#organization\"},\"articleSection\":[\"Archives - Editos\"],\"inLanguage\":\"pt-PT\"},{\"@type\":\"WebPage\",\"@id\":\"https:\/\/territorialchallenges.com\/2016\/08\/13\/communication-energetique-du-batiment-vers-un-standard-allemand\/786\/\",\"url\":\"https:\/\/territorialchallenges.com\/2016\/08\/13\/communication-energetique-du-batiment-vers-un-standard-allemand\/786\/\",\"name\":\"Communication \u00e9nerg\u00e9tique du b\u00e2timent : vers un standard allemand ? - Territorial Challenges\",\"isPartOf\":{\"@id\":\"https:\/\/territorialchallenges.com\/#website\"},\"datePublished\":\"2016-08-13T19:27:40+00:00\",\"dateModified\":\"2016-08-13T19:27:40+00:00\",\"breadcrumb\":{\"@id\":\"https:\/\/territorialchallenges.com\/2016\/08\/13\/communication-energetique-du-batiment-vers-un-standard-allemand\/786\/#breadcrumb\"},\"inLanguage\":\"pt-PT\",\"potentialAction\":[{\"@type\":\"ReadAction\",\"target\":[\"https:\/\/territorialchallenges.com\/2016\/08\/13\/communication-energetique-du-batiment-vers-un-standard-allemand\/786\/\"]}]},{\"@type\":\"BreadcrumbList\",\"@id\":\"https:\/\/territorialchallenges.com\/2016\/08\/13\/communication-energetique-du-batiment-vers-un-standard-allemand\/786\/#breadcrumb\",\"itemListElement\":[{\"@type\":\"ListItem\",\"position\":1,\"name\":\"Home\",\"item\":\"https:\/\/territorialchallenges.com\/\"},{\"@type\":\"ListItem\",\"position\":2,\"name\":\"Communication \u00e9nerg\u00e9tique du b\u00e2timent : vers un standard allemand ?\"}]},{\"@type\":\"WebSite\",\"@id\":\"https:\/\/territorialchallenges.com\/#website\",\"url\":\"https:\/\/territorialchallenges.com\/\",\"name\":\"Territorial Challenges\",\"description\":\"Veille Internationale - Strat\u00e9gie Intelligentes - Bonnes pratiques\",\"publisher\":{\"@id\":\"https:\/\/territorialchallenges.com\/#organization\"},\"potentialAction\":[{\"@type\":\"SearchAction\",\"target\":{\"@type\":\"EntryPoint\",\"urlTemplate\":\"https:\/\/territorialchallenges.com\/?s={search_term_string}\"},\"query-input\":\"required name=search_term_string\"}],\"inLanguage\":\"pt-PT\"},{\"@type\":\"Organization\",\"@id\":\"https:\/\/territorialchallenges.com\/#organization\",\"name\":\"Territorial Challenges\",\"url\":\"https:\/\/territorialchallenges.com\/\",\"logo\":{\"@type\":\"ImageObject\",\"inLanguage\":\"pt-PT\",\"@id\":\"https:\/\/territorialchallenges.com\/#\/schema\/logo\/image\/\",\"url\":\"https:\/\/territorialchallenges.com\/wp-content\/uploads\/2023\/10\/logo-1.png\",\"contentUrl\":\"https:\/\/territorialchallenges.com\/wp-content\/uploads\/2023\/10\/logo-1.png\",\"width\":1832,\"height\":576,\"caption\":\"Territorial Challenges\"},\"image\":{\"@id\":\"https:\/\/territorialchallenges.com\/#\/schema\/logo\/image\/\"}},{\"@type\":\"Person\",\"@id\":\"https:\/\/territorialchallenges.com\/#\/schema\/person\/098f145c7c61a021c425e010f840080f\",\"name\":\"ni.abdi\",\"image\":{\"@type\":\"ImageObject\",\"inLanguage\":\"pt-PT\",\"@id\":\"https:\/\/territorialchallenges.com\/#\/schema\/person\/image\/\",\"url\":\"https:\/\/secure.gravatar.com\/avatar\/2a2f2491f3c80039986ba989b1e4b510?s=96&d=identicon&r=g\",\"contentUrl\":\"https:\/\/secure.gravatar.com\/avatar\/2a2f2491f3c80039986ba989b1e4b510?s=96&d=identicon&r=g\",\"caption\":\"ni.abdi\"},\"sameAs\":[\"https:\/\/twitter.com\/Ni.abdi\"],\"url\":\"https:\/\/territorialchallenges.com\/pt\/author\/ni-abdi\/\"}]}<\/script>\n<!-- \/ Yoast SEO plugin. -->","yoast_head_json":{"title":"Communication \u00e9nerg\u00e9tique du b\u00e2timent : vers un standard allemand ? - Territorial Challenges","robots":{"index":"index","follow":"follow","max-snippet":"max-snippet:-1","max-image-preview":"max-image-preview:large","max-video-preview":"max-video-preview:-1"},"canonical":"https:\/\/territorialchallenges.com\/pt\/2016\/08\/13\/communication-energetique-du-batiment-vers-un-standard-allemand\/786\/","og_locale":"pt_PT","og_type":"article","og_title":"Communication \u00e9nerg\u00e9tique du b\u00e2timent : vers un standard allemand ? - Territorial Challenges","og_description":"(17 mars 2014) Le Cebit \u00e0 Hannover, plus grand salon mondial des nouvelles technologies, a confirm\u00e9 la semaine derni\u00e8re la convergence forte de l\u2019univers de l\u2019\u00e9nergie et du num\u00e9rique. Reste \u00e0 savoir qui sera le standard principal, le logiciel en Europe, qui fera lien entre production d\u00e9centralis\u00e9e de l\u2019\u00e9lectricit\u00e9 et gestion intelligente du b\u00e2timent ? [&hellip;]","og_url":"https:\/\/territorialchallenges.com\/pt\/2016\/08\/13\/communication-energetique-du-batiment-vers-un-standard-allemand\/786\/","og_site_name":"Territorial Challenges","article_published_time":"2016-08-13T19:27:40+00:00","author":"ni.abdi","twitter_card":"summary_large_image","twitter_creator":"@Ni.abdi","twitter_misc":{"Escrito por":"ni.abdi","Tempo estimado de leitura":"2 minutos"},"schema":{"@context":"https:\/\/schema.org","@graph":[{"@type":"Article","@id":"https:\/\/territorialchallenges.com\/2016\/08\/13\/communication-energetique-du-batiment-vers-un-standard-allemand\/786\/#article","isPartOf":{"@id":"https:\/\/territorialchallenges.com\/2016\/08\/13\/communication-energetique-du-batiment-vers-un-standard-allemand\/786\/"},"author":{"name":"ni.abdi","@id":"https:\/\/territorialchallenges.com\/#\/schema\/person\/098f145c7c61a021c425e010f840080f"},"headline":"Communication \u00e9nerg\u00e9tique du b\u00e2timent : vers un standard allemand ?","datePublished":"2016-08-13T19:27:40+00:00","dateModified":"2016-08-13T19:27:40+00:00","mainEntityOfPage":{"@id":"https:\/\/territorialchallenges.com\/2016\/08\/13\/communication-energetique-du-batiment-vers-un-standard-allemand\/786\/"},"wordCount":453,"commentCount":0,"publisher":{"@id":"https:\/\/territorialchallenges.com\/#organization"},"articleSection":["Archives - Editos"],"inLanguage":"pt-PT"},{"@type":"WebPage","@id":"https:\/\/territorialchallenges.com\/2016\/08\/13\/communication-energetique-du-batiment-vers-un-standard-allemand\/786\/","url":"https:\/\/territorialchallenges.com\/2016\/08\/13\/communication-energetique-du-batiment-vers-un-standard-allemand\/786\/","name":"Communication \u00e9nerg\u00e9tique du b\u00e2timent : vers un standard allemand ? - Territorial Challenges","isPartOf":{"@id":"https:\/\/territorialchallenges.com\/#website"},"datePublished":"2016-08-13T19:27:40+00:00","dateModified":"2016-08-13T19:27:40+00:00","breadcrumb":{"@id":"https:\/\/territorialchallenges.com\/2016\/08\/13\/communication-energetique-du-batiment-vers-un-standard-allemand\/786\/#breadcrumb"},"inLanguage":"pt-PT","potentialAction":[{"@type":"ReadAction","target":["https:\/\/territorialchallenges.com\/2016\/08\/13\/communication-energetique-du-batiment-vers-un-standard-allemand\/786\/"]}]},{"@type":"BreadcrumbList","@id":"https:\/\/territorialchallenges.com\/2016\/08\/13\/communication-energetique-du-batiment-vers-un-standard-allemand\/786\/#breadcrumb","itemListElement":[{"@type":"ListItem","position":1,"name":"Home","item":"https:\/\/territorialchallenges.com\/"},{"@type":"ListItem","position":2,"name":"Communication \u00e9nerg\u00e9tique du b\u00e2timent : vers un standard allemand ?"}]},{"@type":"WebSite","@id":"https:\/\/territorialchallenges.com\/#website","url":"https:\/\/territorialchallenges.com\/","name":"Desafios territoriais","description":"Monitoramento Internacional - Estrat\u00e9gias Inteligentes - Melhores Pr\u00e1ticas","publisher":{"@id":"https:\/\/territorialchallenges.com\/#organization"},"potentialAction":[{"@type":"SearchAction","target":{"@type":"EntryPoint","urlTemplate":"https:\/\/territorialchallenges.com\/?s={search_term_string}"},"query-input":"required name=search_term_string"}],"inLanguage":"pt-PT"},{"@type":"Organization","@id":"https:\/\/territorialchallenges.com\/#organization","name":"Desafios territoriais","url":"https:\/\/territorialchallenges.com\/","logo":{"@type":"ImageObject","inLanguage":"pt-PT","@id":"https:\/\/territorialchallenges.com\/#\/schema\/logo\/image\/","url":"https:\/\/territorialchallenges.com\/wp-content\/uploads\/2023\/10\/logo-1.png","contentUrl":"https:\/\/territorialchallenges.com\/wp-content\/uploads\/2023\/10\/logo-1.png","width":1832,"height":576,"caption":"Territorial Challenges"},"image":{"@id":"https:\/\/territorialchallenges.com\/#\/schema\/logo\/image\/"}},{"@type":"Person","@id":"https:\/\/territorialchallenges.com\/#\/schema\/person\/098f145c7c61a021c425e010f840080f","name":"ni.abdi","image":{"@type":"ImageObject","inLanguage":"pt-PT","@id":"https:\/\/territorialchallenges.com\/#\/schema\/person\/image\/","url":"https:\/\/secure.gravatar.com\/avatar\/2a2f2491f3c80039986ba989b1e4b510?s=96&d=identicon&r=g","contentUrl":"https:\/\/secure.gravatar.com\/avatar\/2a2f2491f3c80039986ba989b1e4b510?s=96&d=identicon&r=g","caption":"ni.abdi"},"sameAs":["https:\/\/twitter.com\/Ni.abdi"],"url":"https:\/\/territorialchallenges.com\/pt\/author\/ni-abdi\/"}]}},"_links":{"self":[{"href":"https:\/\/territorialchallenges.com\/pt\/wp-json\/wp\/v2\/posts\/786"}],"collection":[{"href":"https:\/\/territorialchallenges.com\/pt\/wp-json\/wp\/v2\/posts"}],"about":[{"href":"https:\/\/territorialchallenges.com\/pt\/wp-json\/wp\/v2\/types\/post"}],"author":[{"embeddable":true,"href":"https:\/\/territorialchallenges.com\/pt\/wp-json\/wp\/v2\/users\/11"}],"replies":[{"embeddable":true,"href":"https:\/\/territorialchallenges.com\/pt\/wp-json\/wp\/v2\/comments?post=786"}],"version-history":[{"count":0,"href":"https:\/\/territorialchallenges.com\/pt\/wp-json\/wp\/v2\/posts\/786\/revisions"}],"wp:attachment":[{"href":"https:\/\/territorialchallenges.com\/pt\/wp-json\/wp\/v2\/media?parent=786"}],"wp:term":[{"taxonomy":"category","embeddable":true,"href":"https:\/\/territorialchallenges.com\/pt\/wp-json\/wp\/v2\/categories?post=786"},{"taxonomy":"post_tag","embeddable":true,"href":"https:\/\/territorialchallenges.com\/pt\/wp-json\/wp\/v2\/tags?post=786"}],"curies":[{"name":"wp","href":"https:\/\/api.w.org\/{rel}","templated":true}]}}