{"id":549,"date":"2016-08-06T00:21:40","date_gmt":"2016-08-05T22:21:40","guid":{"rendered":"http:\/\/e-novatio.com\/?p=549"},"modified":"2016-08-06T00:21:40","modified_gmt":"2016-08-05T22:21:40","slug":"gerard-robert-jean-yves-et-les-autres-ou-les-electriciens-humanistes-a-la-francaise","status":"publish","type":"post","link":"https:\/\/territorialchallenges.com\/pt\/2016\/08\/06\/gerard-robert-jean-yves-et-les-autres-ou-les-electriciens-humanistes-a-la-francaise\/549\/","title":{"rendered":"G\u00e9rard, Robert, Jean-Yves e os outros, ou os eletricistas humanistas franceses"},"content":{"rendered":"<p>(7 de janeiro de 2013) Na noite de 29 de dezembro, a France 5 (1) exibiu um document\u00e1rio inesperado com um t\u00edtulo rom\u00e2ntico: &quot;A Fada da Eletricidade&quot;. Uma retrospectiva de uma exce\u00e7\u00e3o francesa em a\u00e7\u00e3o humanit\u00e1ria. Depois de um ano em 2012, em que os profissionais da eletricidade vivenciaram uma transi\u00e7\u00e3o energ\u00e9tica bastante pol\u00edtica, ou seja, uma retransmiss\u00e3o... <\/p>\n<div class=\"pmpro_content_message\">Artigo dispon\u00edvel somente para assinantes.<br \/><a href=\"https:\/\/territorialchallenges.com\/wp-login.php\">Conecte-se<\/a><br \/><a href=\"https:\/\/territorialchallenges.com\/pt\/wp-login.php\/?action=register\">Registrar<\/a><\/div>","protected":false},"excerpt":{"rendered":"<p>(07 janvier 2013) Le 29 d\u00e9cembre au soir, France 5 (1) a diffus\u00e9 un documentaire inattendu et un titre au parfum romantique: \u00ab La f\u00e9e \u00e9lectricit\u00e9 \u00bb. Retour sur une exception bien fran\u00e7aise de l&rsquo;action humanitaire. Apr\u00e8s une ann\u00e9e 2012 o\u00f9 les professionnels de l&rsquo;\u00e9lectricit\u00e9 ont connu une transition \u00e9nerg\u00e9tique tr\u00e8s politique, c&rsquo;est-\u00e0-dire un relais... <\/p>\n<div class=\"pmpro_content_message\">Artigo dispon\u00edvel somente para assinantes.<br \/><a href=\"https:\/\/territorialchallenges.com\/wp-login.php\">Conecte-se<\/a><br \/><a href=\"https:\/\/territorialchallenges.com\/pt\/wp-login.php\/?action=register\">Registrar<\/a><\/div>","protected":false},"author":11,"featured_media":0,"comment_status":"open","ping_status":"open","sticky":true,"template":"","format":"standard","meta":{"pmpro_default_level":0,"footnotes":""},"categories":[123],"tags":[],"blocksy_meta":"","yoast_head":"<!-- This site is optimized with the Yoast SEO plugin v21.5 - https:\/\/yoast.com\/wordpress\/plugins\/seo\/ -->\n<title>G\u00e9rard, Robert, Jean-Yves et les autres, ou les \u00e9lectriciens humanistes \u00e0 la fran\u00e7aise - Territorial Challenges<\/title>\n<meta name=\"robots\" content=\"index, follow, max-snippet:-1, max-image-preview:large, max-video-preview:-1\" \/>\n<link rel=\"canonical\" href=\"https:\/\/territorialchallenges.com\/pt\/2016\/08\/06\/gerard-robert-jean-yves-et-les-autres-ou-les-electriciens-humanistes-a-la-francaise\/549\/\" \/>\n<meta property=\"og:locale\" content=\"pt_PT\" \/>\n<meta property=\"og:type\" content=\"article\" \/>\n<meta property=\"og:title\" content=\"G\u00e9rard, Robert, Jean-Yves et les autres, ou les \u00e9lectriciens humanistes \u00e0 la fran\u00e7aise - Territorial Challenges\" \/>\n<meta property=\"og:description\" content=\"(07 janvier 2013) Le 29 d\u00e9cembre au soir, France 5 (1) a diffus\u00e9 un documentaire inattendu et un titre au parfum romantique: \u00ab La f\u00e9e \u00e9lectricit\u00e9 \u00bb. Retour sur une exception bien fran\u00e7aise de l&rsquo;action humanitaire. Apr\u00e8s une ann\u00e9e 2012 o\u00f9 les professionnels de l&rsquo;\u00e9lectricit\u00e9 ont connu une transition \u00e9nerg\u00e9tique tr\u00e8s politique, c&rsquo;est-\u00e0-dire un relais [&hellip;]\" \/>\n<meta property=\"og:url\" content=\"https:\/\/territorialchallenges.com\/pt\/2016\/08\/06\/gerard-robert-jean-yves-et-les-autres-ou-les-electriciens-humanistes-a-la-francaise\/549\/\" \/>\n<meta property=\"og:site_name\" content=\"Territorial Challenges\" \/>\n<meta property=\"article:published_time\" content=\"2016-08-05T22:21:40+00:00\" \/>\n<meta name=\"author\" content=\"ni.abdi\" \/>\n<meta name=\"twitter:card\" content=\"summary_large_image\" \/>\n<meta name=\"twitter:creator\" content=\"@Ni.abdi\" \/>\n<meta name=\"twitter:label1\" content=\"Escrito por\" \/>\n\t<meta name=\"twitter:data1\" content=\"ni.abdi\" \/>\n\t<meta name=\"twitter:label2\" content=\"Tempo estimado de leitura\" \/>\n\t<meta name=\"twitter:data2\" content=\"2 minutos\" \/>\n<script type=\"application\/ld+json\" class=\"yoast-schema-graph\">{\"@context\":\"https:\/\/schema.org\",\"@graph\":[{\"@type\":\"Article\",\"@id\":\"https:\/\/territorialchallenges.com\/2016\/08\/06\/gerard-robert-jean-yves-et-les-autres-ou-les-electriciens-humanistes-a-la-francaise\/549\/#article\",\"isPartOf\":{\"@id\":\"https:\/\/territorialchallenges.com\/2016\/08\/06\/gerard-robert-jean-yves-et-les-autres-ou-les-electriciens-humanistes-a-la-francaise\/549\/\"},\"author\":{\"name\":\"ni.abdi\",\"@id\":\"https:\/\/territorialchallenges.com\/#\/schema\/person\/098f145c7c61a021c425e010f840080f\"},\"headline\":\"G\u00e9rard, Robert, Jean-Yves et les autres, ou les \u00e9lectriciens humanistes \u00e0 la fran\u00e7aise\",\"datePublished\":\"2016-08-05T22:21:40+00:00\",\"dateModified\":\"2016-08-05T22:21:40+00:00\",\"mainEntityOfPage\":{\"@id\":\"https:\/\/territorialchallenges.com\/2016\/08\/06\/gerard-robert-jean-yves-et-les-autres-ou-les-electriciens-humanistes-a-la-francaise\/549\/\"},\"wordCount\":507,\"commentCount\":0,\"publisher\":{\"@id\":\"https:\/\/territorialchallenges.com\/#organization\"},\"articleSection\":[\"Archives - Editos\"],\"inLanguage\":\"pt-PT\"},{\"@type\":\"WebPage\",\"@id\":\"https:\/\/territorialchallenges.com\/2016\/08\/06\/gerard-robert-jean-yves-et-les-autres-ou-les-electriciens-humanistes-a-la-francaise\/549\/\",\"url\":\"https:\/\/territorialchallenges.com\/2016\/08\/06\/gerard-robert-jean-yves-et-les-autres-ou-les-electriciens-humanistes-a-la-francaise\/549\/\",\"name\":\"G\u00e9rard, Robert, Jean-Yves et les autres, ou les \u00e9lectriciens humanistes \u00e0 la fran\u00e7aise - Territorial Challenges\",\"isPartOf\":{\"@id\":\"https:\/\/territorialchallenges.com\/#website\"},\"datePublished\":\"2016-08-05T22:21:40+00:00\",\"dateModified\":\"2016-08-05T22:21:40+00:00\",\"breadcrumb\":{\"@id\":\"https:\/\/territorialchallenges.com\/2016\/08\/06\/gerard-robert-jean-yves-et-les-autres-ou-les-electriciens-humanistes-a-la-francaise\/549\/#breadcrumb\"},\"inLanguage\":\"pt-PT\",\"potentialAction\":[{\"@type\":\"ReadAction\",\"target\":[\"https:\/\/territorialchallenges.com\/2016\/08\/06\/gerard-robert-jean-yves-et-les-autres-ou-les-electriciens-humanistes-a-la-francaise\/549\/\"]}]},{\"@type\":\"BreadcrumbList\",\"@id\":\"https:\/\/territorialchallenges.com\/2016\/08\/06\/gerard-robert-jean-yves-et-les-autres-ou-les-electriciens-humanistes-a-la-francaise\/549\/#breadcrumb\",\"itemListElement\":[{\"@type\":\"ListItem\",\"position\":1,\"name\":\"Home\",\"item\":\"https:\/\/territorialchallenges.com\/\"},{\"@type\":\"ListItem\",\"position\":2,\"name\":\"G\u00e9rard, Robert, Jean-Yves et les autres, ou les \u00e9lectriciens humanistes \u00e0 la fran\u00e7aise\"}]},{\"@type\":\"WebSite\",\"@id\":\"https:\/\/territorialchallenges.com\/#website\",\"url\":\"https:\/\/territorialchallenges.com\/\",\"name\":\"Territorial Challenges\",\"description\":\"Veille Internationale - Strat\u00e9gie Intelligentes - Bonnes pratiques\",\"publisher\":{\"@id\":\"https:\/\/territorialchallenges.com\/#organization\"},\"potentialAction\":[{\"@type\":\"SearchAction\",\"target\":{\"@type\":\"EntryPoint\",\"urlTemplate\":\"https:\/\/territorialchallenges.com\/?s={search_term_string}\"},\"query-input\":\"required name=search_term_string\"}],\"inLanguage\":\"pt-PT\"},{\"@type\":\"Organization\",\"@id\":\"https:\/\/territorialchallenges.com\/#organization\",\"name\":\"Territorial Challenges\",\"url\":\"https:\/\/territorialchallenges.com\/\",\"logo\":{\"@type\":\"ImageObject\",\"inLanguage\":\"pt-PT\",\"@id\":\"https:\/\/territorialchallenges.com\/#\/schema\/logo\/image\/\",\"url\":\"https:\/\/territorialchallenges.com\/wp-content\/uploads\/2023\/10\/logo-1.png\",\"contentUrl\":\"https:\/\/territorialchallenges.com\/wp-content\/uploads\/2023\/10\/logo-1.png\",\"width\":1832,\"height\":576,\"caption\":\"Territorial Challenges\"},\"image\":{\"@id\":\"https:\/\/territorialchallenges.com\/#\/schema\/logo\/image\/\"}},{\"@type\":\"Person\",\"@id\":\"https:\/\/territorialchallenges.com\/#\/schema\/person\/098f145c7c61a021c425e010f840080f\",\"name\":\"ni.abdi\",\"image\":{\"@type\":\"ImageObject\",\"inLanguage\":\"pt-PT\",\"@id\":\"https:\/\/territorialchallenges.com\/#\/schema\/person\/image\/\",\"url\":\"https:\/\/secure.gravatar.com\/avatar\/2a2f2491f3c80039986ba989b1e4b510?s=96&d=identicon&r=g\",\"contentUrl\":\"https:\/\/secure.gravatar.com\/avatar\/2a2f2491f3c80039986ba989b1e4b510?s=96&d=identicon&r=g\",\"caption\":\"ni.abdi\"},\"sameAs\":[\"https:\/\/twitter.com\/Ni.abdi\"],\"url\":\"https:\/\/territorialchallenges.com\/pt\/author\/ni-abdi\/\"}]}<\/script>\n<!-- \/ Yoast SEO plugin. -->","yoast_head_json":{"title":"G\u00e9rard, Robert, Jean-Yves et les autres, ou les \u00e9lectriciens humanistes \u00e0 la fran\u00e7aise - Territorial Challenges","robots":{"index":"index","follow":"follow","max-snippet":"max-snippet:-1","max-image-preview":"max-image-preview:large","max-video-preview":"max-video-preview:-1"},"canonical":"https:\/\/territorialchallenges.com\/pt\/2016\/08\/06\/gerard-robert-jean-yves-et-les-autres-ou-les-electriciens-humanistes-a-la-francaise\/549\/","og_locale":"pt_PT","og_type":"article","og_title":"G\u00e9rard, Robert, Jean-Yves et les autres, ou les \u00e9lectriciens humanistes \u00e0 la fran\u00e7aise - Territorial Challenges","og_description":"(07 janvier 2013) Le 29 d\u00e9cembre au soir, France 5 (1) a diffus\u00e9 un documentaire inattendu et un titre au parfum romantique: \u00ab La f\u00e9e \u00e9lectricit\u00e9 \u00bb. Retour sur une exception bien fran\u00e7aise de l&rsquo;action humanitaire. Apr\u00e8s une ann\u00e9e 2012 o\u00f9 les professionnels de l&rsquo;\u00e9lectricit\u00e9 ont connu une transition \u00e9nerg\u00e9tique tr\u00e8s politique, c&rsquo;est-\u00e0-dire un relais [&hellip;]","og_url":"https:\/\/territorialchallenges.com\/pt\/2016\/08\/06\/gerard-robert-jean-yves-et-les-autres-ou-les-electriciens-humanistes-a-la-francaise\/549\/","og_site_name":"Territorial Challenges","article_published_time":"2016-08-05T22:21:40+00:00","author":"ni.abdi","twitter_card":"summary_large_image","twitter_creator":"@Ni.abdi","twitter_misc":{"Escrito por":"ni.abdi","Tempo estimado de leitura":"2 minutos"},"schema":{"@context":"https:\/\/schema.org","@graph":[{"@type":"Article","@id":"https:\/\/territorialchallenges.com\/2016\/08\/06\/gerard-robert-jean-yves-et-les-autres-ou-les-electriciens-humanistes-a-la-francaise\/549\/#article","isPartOf":{"@id":"https:\/\/territorialchallenges.com\/2016\/08\/06\/gerard-robert-jean-yves-et-les-autres-ou-les-electriciens-humanistes-a-la-francaise\/549\/"},"author":{"name":"ni.abdi","@id":"https:\/\/territorialchallenges.com\/#\/schema\/person\/098f145c7c61a021c425e010f840080f"},"headline":"G\u00e9rard, Robert, Jean-Yves et les autres, ou les \u00e9lectriciens humanistes \u00e0 la fran\u00e7aise","datePublished":"2016-08-05T22:21:40+00:00","dateModified":"2016-08-05T22:21:40+00:00","mainEntityOfPage":{"@id":"https:\/\/territorialchallenges.com\/2016\/08\/06\/gerard-robert-jean-yves-et-les-autres-ou-les-electriciens-humanistes-a-la-francaise\/549\/"},"wordCount":507,"commentCount":0,"publisher":{"@id":"https:\/\/territorialchallenges.com\/#organization"},"articleSection":["Archives - Editos"],"inLanguage":"pt-PT"},{"@type":"WebPage","@id":"https:\/\/territorialchallenges.com\/2016\/08\/06\/gerard-robert-jean-yves-et-les-autres-ou-les-electriciens-humanistes-a-la-francaise\/549\/","url":"https:\/\/territorialchallenges.com\/2016\/08\/06\/gerard-robert-jean-yves-et-les-autres-ou-les-electriciens-humanistes-a-la-francaise\/549\/","name":"G\u00e9rard, Robert, Jean-Yves et les autres, ou les \u00e9lectriciens humanistes \u00e0 la fran\u00e7aise - Territorial Challenges","isPartOf":{"@id":"https:\/\/territorialchallenges.com\/#website"},"datePublished":"2016-08-05T22:21:40+00:00","dateModified":"2016-08-05T22:21:40+00:00","breadcrumb":{"@id":"https:\/\/territorialchallenges.com\/2016\/08\/06\/gerard-robert-jean-yves-et-les-autres-ou-les-electriciens-humanistes-a-la-francaise\/549\/#breadcrumb"},"inLanguage":"pt-PT","potentialAction":[{"@type":"ReadAction","target":["https:\/\/territorialchallenges.com\/2016\/08\/06\/gerard-robert-jean-yves-et-les-autres-ou-les-electriciens-humanistes-a-la-francaise\/549\/"]}]},{"@type":"BreadcrumbList","@id":"https:\/\/territorialchallenges.com\/2016\/08\/06\/gerard-robert-jean-yves-et-les-autres-ou-les-electriciens-humanistes-a-la-francaise\/549\/#breadcrumb","itemListElement":[{"@type":"ListItem","position":1,"name":"Home","item":"https:\/\/territorialchallenges.com\/"},{"@type":"ListItem","position":2,"name":"G\u00e9rard, Robert, Jean-Yves et les autres, ou les \u00e9lectriciens humanistes \u00e0 la fran\u00e7aise"}]},{"@type":"WebSite","@id":"https:\/\/territorialchallenges.com\/#website","url":"https:\/\/territorialchallenges.com\/","name":"Desafios territoriais","description":"Monitoramento Internacional - Estrat\u00e9gias Inteligentes - Melhores Pr\u00e1ticas","publisher":{"@id":"https:\/\/territorialchallenges.com\/#organization"},"potentialAction":[{"@type":"SearchAction","target":{"@type":"EntryPoint","urlTemplate":"https:\/\/territorialchallenges.com\/?s={search_term_string}"},"query-input":"required name=search_term_string"}],"inLanguage":"pt-PT"},{"@type":"Organization","@id":"https:\/\/territorialchallenges.com\/#organization","name":"Desafios territoriais","url":"https:\/\/territorialchallenges.com\/","logo":{"@type":"ImageObject","inLanguage":"pt-PT","@id":"https:\/\/territorialchallenges.com\/#\/schema\/logo\/image\/","url":"https:\/\/territorialchallenges.com\/wp-content\/uploads\/2023\/10\/logo-1.png","contentUrl":"https:\/\/territorialchallenges.com\/wp-content\/uploads\/2023\/10\/logo-1.png","width":1832,"height":576,"caption":"Territorial Challenges"},"image":{"@id":"https:\/\/territorialchallenges.com\/#\/schema\/logo\/image\/"}},{"@type":"Person","@id":"https:\/\/territorialchallenges.com\/#\/schema\/person\/098f145c7c61a021c425e010f840080f","name":"ni.abdi","image":{"@type":"ImageObject","inLanguage":"pt-PT","@id":"https:\/\/territorialchallenges.com\/#\/schema\/person\/image\/","url":"https:\/\/secure.gravatar.com\/avatar\/2a2f2491f3c80039986ba989b1e4b510?s=96&d=identicon&r=g","contentUrl":"https:\/\/secure.gravatar.com\/avatar\/2a2f2491f3c80039986ba989b1e4b510?s=96&d=identicon&r=g","caption":"ni.abdi"},"sameAs":["https:\/\/twitter.com\/Ni.abdi"],"url":"https:\/\/territorialchallenges.com\/pt\/author\/ni-abdi\/"}]}},"_links":{"self":[{"href":"https:\/\/territorialchallenges.com\/pt\/wp-json\/wp\/v2\/posts\/549"}],"collection":[{"href":"https:\/\/territorialchallenges.com\/pt\/wp-json\/wp\/v2\/posts"}],"about":[{"href":"https:\/\/territorialchallenges.com\/pt\/wp-json\/wp\/v2\/types\/post"}],"author":[{"embeddable":true,"href":"https:\/\/territorialchallenges.com\/pt\/wp-json\/wp\/v2\/users\/11"}],"replies":[{"embeddable":true,"href":"https:\/\/territorialchallenges.com\/pt\/wp-json\/wp\/v2\/comments?post=549"}],"version-history":[{"count":0,"href":"https:\/\/territorialchallenges.com\/pt\/wp-json\/wp\/v2\/posts\/549\/revisions"}],"wp:attachment":[{"href":"https:\/\/territorialchallenges.com\/pt\/wp-json\/wp\/v2\/media?parent=549"}],"wp:term":[{"taxonomy":"category","embeddable":true,"href":"https:\/\/territorialchallenges.com\/pt\/wp-json\/wp\/v2\/categories?post=549"},{"taxonomy":"post_tag","embeddable":true,"href":"https:\/\/territorialchallenges.com\/pt\/wp-json\/wp\/v2\/tags?post=549"}],"curies":[{"name":"wp","href":"https:\/\/api.w.org\/{rel}","templated":true}]}}