{"id":544,"date":"2016-08-04T18:40:04","date_gmt":"2016-08-04T16:40:04","guid":{"rendered":"http:\/\/e-novatio.com\/?p=544"},"modified":"2016-08-04T18:40:04","modified_gmt":"2016-08-04T16:40:04","slug":"made-in-france-ou-global-quality-le-faux-debat-a-lheure-de-la-transition-energetique","status":"publish","type":"post","link":"https:\/\/territorialchallenges.com\/pt\/2016\/08\/04\/made-in-france-ou-global-quality-le-faux-debat-a-lheure-de-la-transition-energetique\/544\/","title":{"rendered":"\u201cMade in France\u201d ou \u201cqualidade global\u201d, o falso debate na era da transi\u00e7\u00e3o energ\u00e9tica"},"content":{"rendered":"<p>(18 de dezembro de 2012) Como 2013 se prev\u00ea um ano bastante sombrio para a ind\u00fastria, um debate est\u00e1 se formando em torno das marcas nacionais. Uma retrospectiva de uma quest\u00e3o de grande interesse para os fabricantes de equipamentos el\u00e9tricos. Desde o in\u00edcio do ano letivo de 2012, e gra\u00e7as \u00e0 crise financeira e das hipotecas de alto risco, um falso debate parece estar se insinuando... <\/p>\n<div class=\"pmpro_content_message\">Artigo dispon\u00edvel somente para assinantes.<br \/><a href=\"https:\/\/territorialchallenges.com\/wp-login.php\">Conecte-se<\/a><br \/><a href=\"https:\/\/territorialchallenges.com\/pt\/wp-login.php\/?action=register\">Registrar<\/a><\/div>","protected":false},"excerpt":{"rendered":"<p>(18 d\u00e9cembre 2012) \u00c0 l&rsquo;instant o\u00f9 on annonce une ann\u00e9e 2013 tr\u00e8s morose pour les industries, un d\u00e9bat s&rsquo;installe autour des labels nationaux. Retour sur une probl\u00e9matique qui int\u00e9resse de pr\u00e8s les \u00e9quipementiers \u00e9lectriques. Depuis la rentr\u00e9e 2012, et \u00e0 la faveur de la crise des subprimes et financi\u00e8re, un faux vrai d\u00e9bat semble s&rsquo;insinuer... <\/p>\n<div class=\"pmpro_content_message\">Artigo dispon\u00edvel somente para assinantes.<br \/><a href=\"https:\/\/territorialchallenges.com\/wp-login.php\">Conecte-se<\/a><br \/><a href=\"https:\/\/territorialchallenges.com\/pt\/wp-login.php\/?action=register\">Registrar<\/a><\/div>","protected":false},"author":11,"featured_media":0,"comment_status":"open","ping_status":"open","sticky":true,"template":"","format":"standard","meta":{"pmpro_default_level":0,"footnotes":""},"categories":[123],"tags":[],"blocksy_meta":"","yoast_head":"<!-- This site is optimized with the Yoast SEO plugin v21.5 - https:\/\/yoast.com\/wordpress\/plugins\/seo\/ -->\n<title>&quot;Made in France&quot; ou &quot;global quality&quot;, le faux d\u00e9bat \u00e0 l&#039;heure de la transition \u00e9nerg\u00e9tique - Territorial Challenges<\/title>\n<meta name=\"robots\" content=\"index, follow, max-snippet:-1, max-image-preview:large, max-video-preview:-1\" \/>\n<link rel=\"canonical\" href=\"https:\/\/territorialchallenges.com\/pt\/2016\/08\/04\/made-in-france-ou-global-quality-le-faux-debat-a-lheure-de-la-transition-energetique\/544\/\" \/>\n<meta property=\"og:locale\" content=\"pt_PT\" \/>\n<meta property=\"og:type\" content=\"article\" \/>\n<meta property=\"og:title\" content=\"&quot;Made in France&quot; ou &quot;global quality&quot;, le faux d\u00e9bat \u00e0 l&#039;heure de la transition \u00e9nerg\u00e9tique - Territorial Challenges\" \/>\n<meta property=\"og:description\" content=\"(18 d\u00e9cembre 2012) \u00c0 l&rsquo;instant o\u00f9 on annonce une ann\u00e9e 2013 tr\u00e8s morose pour les industries, un d\u00e9bat s&rsquo;installe autour des labels nationaux. Retour sur une probl\u00e9matique qui int\u00e9resse de pr\u00e8s les \u00e9quipementiers \u00e9lectriques. Depuis la rentr\u00e9e 2012, et \u00e0 la faveur de la crise des subprimes et financi\u00e8re, un faux vrai d\u00e9bat semble s&rsquo;insinuer [&hellip;]\" \/>\n<meta property=\"og:url\" content=\"https:\/\/territorialchallenges.com\/pt\/2016\/08\/04\/made-in-france-ou-global-quality-le-faux-debat-a-lheure-de-la-transition-energetique\/544\/\" \/>\n<meta property=\"og:site_name\" content=\"Territorial Challenges\" \/>\n<meta property=\"article:published_time\" content=\"2016-08-04T16:40:04+00:00\" \/>\n<meta name=\"author\" content=\"ni.abdi\" \/>\n<meta name=\"twitter:card\" content=\"summary_large_image\" \/>\n<meta name=\"twitter:creator\" content=\"@Ni.abdi\" \/>\n<meta name=\"twitter:label1\" content=\"Escrito por\" \/>\n\t<meta name=\"twitter:data1\" content=\"ni.abdi\" \/>\n\t<meta name=\"twitter:label2\" content=\"Tempo estimado de leitura\" \/>\n\t<meta name=\"twitter:data2\" content=\"4 minutos\" \/>\n<script type=\"application\/ld+json\" class=\"yoast-schema-graph\">{\"@context\":\"https:\/\/schema.org\",\"@graph\":[{\"@type\":\"Article\",\"@id\":\"https:\/\/territorialchallenges.com\/2016\/08\/04\/made-in-france-ou-global-quality-le-faux-debat-a-lheure-de-la-transition-energetique\/544\/#article\",\"isPartOf\":{\"@id\":\"https:\/\/territorialchallenges.com\/2016\/08\/04\/made-in-france-ou-global-quality-le-faux-debat-a-lheure-de-la-transition-energetique\/544\/\"},\"author\":{\"name\":\"ni.abdi\",\"@id\":\"https:\/\/territorialchallenges.com\/#\/schema\/person\/098f145c7c61a021c425e010f840080f\"},\"headline\":\"\u00ab\u00a0Made in France\u00a0\u00bb ou \u00ab\u00a0global quality\u00a0\u00bb, le faux d\u00e9bat \u00e0 l&rsquo;heure de la transition \u00e9nerg\u00e9tique\",\"datePublished\":\"2016-08-04T16:40:04+00:00\",\"dateModified\":\"2016-08-04T16:40:04+00:00\",\"mainEntityOfPage\":{\"@id\":\"https:\/\/territorialchallenges.com\/2016\/08\/04\/made-in-france-ou-global-quality-le-faux-debat-a-lheure-de-la-transition-energetique\/544\/\"},\"wordCount\":780,\"commentCount\":0,\"publisher\":{\"@id\":\"https:\/\/territorialchallenges.com\/#organization\"},\"articleSection\":[\"Archives - Editos\"],\"inLanguage\":\"pt-PT\"},{\"@type\":\"WebPage\",\"@id\":\"https:\/\/territorialchallenges.com\/2016\/08\/04\/made-in-france-ou-global-quality-le-faux-debat-a-lheure-de-la-transition-energetique\/544\/\",\"url\":\"https:\/\/territorialchallenges.com\/2016\/08\/04\/made-in-france-ou-global-quality-le-faux-debat-a-lheure-de-la-transition-energetique\/544\/\",\"name\":\"\\\"Made in France\\\" ou \\\"global quality\\\", le faux d\u00e9bat \u00e0 l'heure de la transition \u00e9nerg\u00e9tique - Territorial Challenges\",\"isPartOf\":{\"@id\":\"https:\/\/territorialchallenges.com\/#website\"},\"datePublished\":\"2016-08-04T16:40:04+00:00\",\"dateModified\":\"2016-08-04T16:40:04+00:00\",\"breadcrumb\":{\"@id\":\"https:\/\/territorialchallenges.com\/2016\/08\/04\/made-in-france-ou-global-quality-le-faux-debat-a-lheure-de-la-transition-energetique\/544\/#breadcrumb\"},\"inLanguage\":\"pt-PT\",\"potentialAction\":[{\"@type\":\"ReadAction\",\"target\":[\"https:\/\/territorialchallenges.com\/2016\/08\/04\/made-in-france-ou-global-quality-le-faux-debat-a-lheure-de-la-transition-energetique\/544\/\"]}]},{\"@type\":\"BreadcrumbList\",\"@id\":\"https:\/\/territorialchallenges.com\/2016\/08\/04\/made-in-france-ou-global-quality-le-faux-debat-a-lheure-de-la-transition-energetique\/544\/#breadcrumb\",\"itemListElement\":[{\"@type\":\"ListItem\",\"position\":1,\"name\":\"Home\",\"item\":\"https:\/\/territorialchallenges.com\/\"},{\"@type\":\"ListItem\",\"position\":2,\"name\":\"\u00ab\u00a0Made in France\u00a0\u00bb ou \u00ab\u00a0global quality\u00a0\u00bb, le faux d\u00e9bat \u00e0 l&rsquo;heure de la transition \u00e9nerg\u00e9tique\"}]},{\"@type\":\"WebSite\",\"@id\":\"https:\/\/territorialchallenges.com\/#website\",\"url\":\"https:\/\/territorialchallenges.com\/\",\"name\":\"Territorial Challenges\",\"description\":\"Veille Internationale - Strat\u00e9gie Intelligentes - Bonnes pratiques\",\"publisher\":{\"@id\":\"https:\/\/territorialchallenges.com\/#organization\"},\"potentialAction\":[{\"@type\":\"SearchAction\",\"target\":{\"@type\":\"EntryPoint\",\"urlTemplate\":\"https:\/\/territorialchallenges.com\/?s={search_term_string}\"},\"query-input\":\"required name=search_term_string\"}],\"inLanguage\":\"pt-PT\"},{\"@type\":\"Organization\",\"@id\":\"https:\/\/territorialchallenges.com\/#organization\",\"name\":\"Territorial Challenges\",\"url\":\"https:\/\/territorialchallenges.com\/\",\"logo\":{\"@type\":\"ImageObject\",\"inLanguage\":\"pt-PT\",\"@id\":\"https:\/\/territorialchallenges.com\/#\/schema\/logo\/image\/\",\"url\":\"https:\/\/territorialchallenges.com\/wp-content\/uploads\/2023\/10\/logo-1.png\",\"contentUrl\":\"https:\/\/territorialchallenges.com\/wp-content\/uploads\/2023\/10\/logo-1.png\",\"width\":1832,\"height\":576,\"caption\":\"Territorial Challenges\"},\"image\":{\"@id\":\"https:\/\/territorialchallenges.com\/#\/schema\/logo\/image\/\"}},{\"@type\":\"Person\",\"@id\":\"https:\/\/territorialchallenges.com\/#\/schema\/person\/098f145c7c61a021c425e010f840080f\",\"name\":\"ni.abdi\",\"image\":{\"@type\":\"ImageObject\",\"inLanguage\":\"pt-PT\",\"@id\":\"https:\/\/territorialchallenges.com\/#\/schema\/person\/image\/\",\"url\":\"https:\/\/secure.gravatar.com\/avatar\/2a2f2491f3c80039986ba989b1e4b510?s=96&d=identicon&r=g\",\"contentUrl\":\"https:\/\/secure.gravatar.com\/avatar\/2a2f2491f3c80039986ba989b1e4b510?s=96&d=identicon&r=g\",\"caption\":\"ni.abdi\"},\"sameAs\":[\"https:\/\/twitter.com\/Ni.abdi\"],\"url\":\"https:\/\/territorialchallenges.com\/pt\/author\/ni-abdi\/\"}]}<\/script>\n<!-- \/ Yoast SEO plugin. -->","yoast_head_json":{"title":"\"Made in France\" ou \"global quality\", le faux d\u00e9bat \u00e0 l'heure de la transition \u00e9nerg\u00e9tique - Territorial Challenges","robots":{"index":"index","follow":"follow","max-snippet":"max-snippet:-1","max-image-preview":"max-image-preview:large","max-video-preview":"max-video-preview:-1"},"canonical":"https:\/\/territorialchallenges.com\/pt\/2016\/08\/04\/made-in-france-ou-global-quality-le-faux-debat-a-lheure-de-la-transition-energetique\/544\/","og_locale":"pt_PT","og_type":"article","og_title":"\"Made in France\" ou \"global quality\", le faux d\u00e9bat \u00e0 l'heure de la transition \u00e9nerg\u00e9tique - Territorial Challenges","og_description":"(18 d\u00e9cembre 2012) \u00c0 l&rsquo;instant o\u00f9 on annonce une ann\u00e9e 2013 tr\u00e8s morose pour les industries, un d\u00e9bat s&rsquo;installe autour des labels nationaux. Retour sur une probl\u00e9matique qui int\u00e9resse de pr\u00e8s les \u00e9quipementiers \u00e9lectriques. Depuis la rentr\u00e9e 2012, et \u00e0 la faveur de la crise des subprimes et financi\u00e8re, un faux vrai d\u00e9bat semble s&rsquo;insinuer [&hellip;]","og_url":"https:\/\/territorialchallenges.com\/pt\/2016\/08\/04\/made-in-france-ou-global-quality-le-faux-debat-a-lheure-de-la-transition-energetique\/544\/","og_site_name":"Territorial Challenges","article_published_time":"2016-08-04T16:40:04+00:00","author":"ni.abdi","twitter_card":"summary_large_image","twitter_creator":"@Ni.abdi","twitter_misc":{"Escrito por":"ni.abdi","Tempo estimado de leitura":"4 minutos"},"schema":{"@context":"https:\/\/schema.org","@graph":[{"@type":"Article","@id":"https:\/\/territorialchallenges.com\/2016\/08\/04\/made-in-france-ou-global-quality-le-faux-debat-a-lheure-de-la-transition-energetique\/544\/#article","isPartOf":{"@id":"https:\/\/territorialchallenges.com\/2016\/08\/04\/made-in-france-ou-global-quality-le-faux-debat-a-lheure-de-la-transition-energetique\/544\/"},"author":{"name":"ni.abdi","@id":"https:\/\/territorialchallenges.com\/#\/schema\/person\/098f145c7c61a021c425e010f840080f"},"headline":"\u00ab\u00a0Made in France\u00a0\u00bb ou \u00ab\u00a0global quality\u00a0\u00bb, le faux d\u00e9bat \u00e0 l&rsquo;heure de la transition \u00e9nerg\u00e9tique","datePublished":"2016-08-04T16:40:04+00:00","dateModified":"2016-08-04T16:40:04+00:00","mainEntityOfPage":{"@id":"https:\/\/territorialchallenges.com\/2016\/08\/04\/made-in-france-ou-global-quality-le-faux-debat-a-lheure-de-la-transition-energetique\/544\/"},"wordCount":780,"commentCount":0,"publisher":{"@id":"https:\/\/territorialchallenges.com\/#organization"},"articleSection":["Archives - Editos"],"inLanguage":"pt-PT"},{"@type":"WebPage","@id":"https:\/\/territorialchallenges.com\/2016\/08\/04\/made-in-france-ou-global-quality-le-faux-debat-a-lheure-de-la-transition-energetique\/544\/","url":"https:\/\/territorialchallenges.com\/2016\/08\/04\/made-in-france-ou-global-quality-le-faux-debat-a-lheure-de-la-transition-energetique\/544\/","name":"\"Made in France\" ou \"global quality\", le faux d\u00e9bat \u00e0 l'heure de la transition \u00e9nerg\u00e9tique - Territorial Challenges","isPartOf":{"@id":"https:\/\/territorialchallenges.com\/#website"},"datePublished":"2016-08-04T16:40:04+00:00","dateModified":"2016-08-04T16:40:04+00:00","breadcrumb":{"@id":"https:\/\/territorialchallenges.com\/2016\/08\/04\/made-in-france-ou-global-quality-le-faux-debat-a-lheure-de-la-transition-energetique\/544\/#breadcrumb"},"inLanguage":"pt-PT","potentialAction":[{"@type":"ReadAction","target":["https:\/\/territorialchallenges.com\/2016\/08\/04\/made-in-france-ou-global-quality-le-faux-debat-a-lheure-de-la-transition-energetique\/544\/"]}]},{"@type":"BreadcrumbList","@id":"https:\/\/territorialchallenges.com\/2016\/08\/04\/made-in-france-ou-global-quality-le-faux-debat-a-lheure-de-la-transition-energetique\/544\/#breadcrumb","itemListElement":[{"@type":"ListItem","position":1,"name":"Home","item":"https:\/\/territorialchallenges.com\/"},{"@type":"ListItem","position":2,"name":"\u00ab\u00a0Made in France\u00a0\u00bb ou \u00ab\u00a0global quality\u00a0\u00bb, le faux d\u00e9bat \u00e0 l&rsquo;heure de la transition \u00e9nerg\u00e9tique"}]},{"@type":"WebSite","@id":"https:\/\/territorialchallenges.com\/#website","url":"https:\/\/territorialchallenges.com\/","name":"Desafios territoriais","description":"Monitoramento Internacional - Estrat\u00e9gias Inteligentes - Melhores Pr\u00e1ticas","publisher":{"@id":"https:\/\/territorialchallenges.com\/#organization"},"potentialAction":[{"@type":"SearchAction","target":{"@type":"EntryPoint","urlTemplate":"https:\/\/territorialchallenges.com\/?s={search_term_string}"},"query-input":"required name=search_term_string"}],"inLanguage":"pt-PT"},{"@type":"Organization","@id":"https:\/\/territorialchallenges.com\/#organization","name":"Desafios territoriais","url":"https:\/\/territorialchallenges.com\/","logo":{"@type":"ImageObject","inLanguage":"pt-PT","@id":"https:\/\/territorialchallenges.com\/#\/schema\/logo\/image\/","url":"https:\/\/territorialchallenges.com\/wp-content\/uploads\/2023\/10\/logo-1.png","contentUrl":"https:\/\/territorialchallenges.com\/wp-content\/uploads\/2023\/10\/logo-1.png","width":1832,"height":576,"caption":"Territorial Challenges"},"image":{"@id":"https:\/\/territorialchallenges.com\/#\/schema\/logo\/image\/"}},{"@type":"Person","@id":"https:\/\/territorialchallenges.com\/#\/schema\/person\/098f145c7c61a021c425e010f840080f","name":"ni.abdi","image":{"@type":"ImageObject","inLanguage":"pt-PT","@id":"https:\/\/territorialchallenges.com\/#\/schema\/person\/image\/","url":"https:\/\/secure.gravatar.com\/avatar\/2a2f2491f3c80039986ba989b1e4b510?s=96&d=identicon&r=g","contentUrl":"https:\/\/secure.gravatar.com\/avatar\/2a2f2491f3c80039986ba989b1e4b510?s=96&d=identicon&r=g","caption":"ni.abdi"},"sameAs":["https:\/\/twitter.com\/Ni.abdi"],"url":"https:\/\/territorialchallenges.com\/pt\/author\/ni-abdi\/"}]}},"_links":{"self":[{"href":"https:\/\/territorialchallenges.com\/pt\/wp-json\/wp\/v2\/posts\/544"}],"collection":[{"href":"https:\/\/territorialchallenges.com\/pt\/wp-json\/wp\/v2\/posts"}],"about":[{"href":"https:\/\/territorialchallenges.com\/pt\/wp-json\/wp\/v2\/types\/post"}],"author":[{"embeddable":true,"href":"https:\/\/territorialchallenges.com\/pt\/wp-json\/wp\/v2\/users\/11"}],"replies":[{"embeddable":true,"href":"https:\/\/territorialchallenges.com\/pt\/wp-json\/wp\/v2\/comments?post=544"}],"version-history":[{"count":0,"href":"https:\/\/territorialchallenges.com\/pt\/wp-json\/wp\/v2\/posts\/544\/revisions"}],"wp:attachment":[{"href":"https:\/\/territorialchallenges.com\/pt\/wp-json\/wp\/v2\/media?parent=544"}],"wp:term":[{"taxonomy":"category","embeddable":true,"href":"https:\/\/territorialchallenges.com\/pt\/wp-json\/wp\/v2\/categories?post=544"},{"taxonomy":"post_tag","embeddable":true,"href":"https:\/\/territorialchallenges.com\/pt\/wp-json\/wp\/v2\/tags?post=544"}],"curies":[{"name":"wp","href":"https:\/\/api.w.org\/{rel}","templated":true}]}}