{"id":540,"date":"2016-08-04T18:27:55","date_gmt":"2016-08-04T16:27:55","guid":{"rendered":"http:\/\/e-novatio.com\/?p=540"},"modified":"2016-08-04T18:27:55","modified_gmt":"2016-08-04T16:27:55","slug":"postier-et-electricien-le-face-a-face-a-lheure-de-la-transition-energetique","status":"publish","type":"post","link":"https:\/\/territorialchallenges.com\/pt\/2016\/08\/04\/postier-et-electricien-le-face-a-face-a-lheure-de-la-transition-energetique\/540\/","title":{"rendered":"Carteiro e eletricista, frente a frente na era da transi\u00e7\u00e3o energ\u00e9tica"},"content":{"rendered":"<p>(30 de novembro de 2012) Como o eletricista se deparou com as realidades da automa\u00e7\u00e3o residencial, era de se esperar. Neste d\u00e9cimo anivers\u00e1rio do lan\u00e7amento do Freebox (18 de setembro de 2002), La Poste est\u00e1 pisando no calo do eletricista residencial. A empresa p\u00fablica, liderada por Jean-Paul Bailly, decidiu lan\u00e7ar\u2026 <\/p>\n<div class=\"pmpro_content_message\">Artigo dispon\u00edvel somente para assinantes.<br \/><a href=\"https:\/\/territorialchallenges.com\/wp-login.php\">Conecte-se<\/a><br \/><a href=\"https:\/\/territorialchallenges.com\/pt\/wp-login.php\/?action=register\">Registrar<\/a><\/div>","protected":false},"excerpt":{"rendered":"<p>(30 novembre 2012) Depuis que l&rsquo;artisan \u00e9lectricien se heurte aux r\u00e9alit\u00e9s de la domotique il fallait s&rsquo;y attendre. En cette dixi\u00e8me ann\u00e9e anniversaire du lancement de la Freebox (18 septembre 2002), La Poste vient marcher sur les plates-bandes de l&rsquo;\u00e9lectricien dans le r\u00e9sidentiel. L&rsquo;entreprise publique, dirig\u00e9e par Jean-Paul Bailly a fait le choix de lancer... <\/p>\n<div class=\"pmpro_content_message\">Artigo dispon\u00edvel somente para assinantes.<br \/><a href=\"https:\/\/territorialchallenges.com\/wp-login.php\">Conecte-se<\/a><br \/><a href=\"https:\/\/territorialchallenges.com\/pt\/wp-login.php\/?action=register\">Registrar<\/a><\/div>","protected":false},"author":11,"featured_media":0,"comment_status":"open","ping_status":"open","sticky":true,"template":"","format":"standard","meta":{"pmpro_default_level":0,"footnotes":""},"categories":[123],"tags":[],"blocksy_meta":"","yoast_head":"<!-- This site is optimized with the Yoast SEO plugin v21.5 - https:\/\/yoast.com\/wordpress\/plugins\/seo\/ -->\n<title>Postier et \u00e9lectricien, le face-\u00e0-face \u00e0 l&#039;heure de la transition \u00e9nerg\u00e9tique - Territorial Challenges<\/title>\n<meta name=\"robots\" content=\"index, follow, max-snippet:-1, max-image-preview:large, max-video-preview:-1\" \/>\n<link rel=\"canonical\" href=\"https:\/\/territorialchallenges.com\/pt\/2016\/08\/04\/postier-et-electricien-le-face-a-face-a-lheure-de-la-transition-energetique\/540\/\" \/>\n<meta property=\"og:locale\" content=\"pt_PT\" \/>\n<meta property=\"og:type\" content=\"article\" \/>\n<meta property=\"og:title\" content=\"Postier et \u00e9lectricien, le face-\u00e0-face \u00e0 l&#039;heure de la transition \u00e9nerg\u00e9tique - Territorial Challenges\" \/>\n<meta property=\"og:description\" content=\"(30 novembre 2012) Depuis que l&rsquo;artisan \u00e9lectricien se heurte aux r\u00e9alit\u00e9s de la domotique il fallait s&rsquo;y attendre. En cette dixi\u00e8me ann\u00e9e anniversaire du lancement de la Freebox (18 septembre 2002), La Poste vient marcher sur les plates-bandes de l&rsquo;\u00e9lectricien dans le r\u00e9sidentiel. L&rsquo;entreprise publique, dirig\u00e9e par Jean-Paul Bailly a fait le choix de lancer [&hellip;]\" \/>\n<meta property=\"og:url\" content=\"https:\/\/territorialchallenges.com\/pt\/2016\/08\/04\/postier-et-electricien-le-face-a-face-a-lheure-de-la-transition-energetique\/540\/\" \/>\n<meta property=\"og:site_name\" content=\"Territorial Challenges\" \/>\n<meta property=\"article:published_time\" content=\"2016-08-04T16:27:55+00:00\" \/>\n<meta name=\"author\" content=\"ni.abdi\" \/>\n<meta name=\"twitter:card\" content=\"summary_large_image\" \/>\n<meta name=\"twitter:creator\" content=\"@Ni.abdi\" \/>\n<meta name=\"twitter:label1\" content=\"Escrito por\" \/>\n\t<meta name=\"twitter:data1\" content=\"ni.abdi\" \/>\n\t<meta name=\"twitter:label2\" content=\"Tempo estimado de leitura\" \/>\n\t<meta name=\"twitter:data2\" content=\"4 minutos\" \/>\n<script type=\"application\/ld+json\" class=\"yoast-schema-graph\">{\"@context\":\"https:\/\/schema.org\",\"@graph\":[{\"@type\":\"Article\",\"@id\":\"https:\/\/territorialchallenges.com\/2016\/08\/04\/postier-et-electricien-le-face-a-face-a-lheure-de-la-transition-energetique\/540\/#article\",\"isPartOf\":{\"@id\":\"https:\/\/territorialchallenges.com\/2016\/08\/04\/postier-et-electricien-le-face-a-face-a-lheure-de-la-transition-energetique\/540\/\"},\"author\":{\"name\":\"ni.abdi\",\"@id\":\"https:\/\/territorialchallenges.com\/#\/schema\/person\/098f145c7c61a021c425e010f840080f\"},\"headline\":\"Postier et \u00e9lectricien, le face-\u00e0-face \u00e0 l&rsquo;heure de la transition \u00e9nerg\u00e9tique\",\"datePublished\":\"2016-08-04T16:27:55+00:00\",\"dateModified\":\"2016-08-04T16:27:55+00:00\",\"mainEntityOfPage\":{\"@id\":\"https:\/\/territorialchallenges.com\/2016\/08\/04\/postier-et-electricien-le-face-a-face-a-lheure-de-la-transition-energetique\/540\/\"},\"wordCount\":744,\"commentCount\":0,\"publisher\":{\"@id\":\"https:\/\/territorialchallenges.com\/#organization\"},\"articleSection\":[\"Archives - Editos\"],\"inLanguage\":\"pt-PT\"},{\"@type\":\"WebPage\",\"@id\":\"https:\/\/territorialchallenges.com\/2016\/08\/04\/postier-et-electricien-le-face-a-face-a-lheure-de-la-transition-energetique\/540\/\",\"url\":\"https:\/\/territorialchallenges.com\/2016\/08\/04\/postier-et-electricien-le-face-a-face-a-lheure-de-la-transition-energetique\/540\/\",\"name\":\"Postier et \u00e9lectricien, le face-\u00e0-face \u00e0 l'heure de la transition \u00e9nerg\u00e9tique - Territorial Challenges\",\"isPartOf\":{\"@id\":\"https:\/\/territorialchallenges.com\/#website\"},\"datePublished\":\"2016-08-04T16:27:55+00:00\",\"dateModified\":\"2016-08-04T16:27:55+00:00\",\"breadcrumb\":{\"@id\":\"https:\/\/territorialchallenges.com\/2016\/08\/04\/postier-et-electricien-le-face-a-face-a-lheure-de-la-transition-energetique\/540\/#breadcrumb\"},\"inLanguage\":\"pt-PT\",\"potentialAction\":[{\"@type\":\"ReadAction\",\"target\":[\"https:\/\/territorialchallenges.com\/2016\/08\/04\/postier-et-electricien-le-face-a-face-a-lheure-de-la-transition-energetique\/540\/\"]}]},{\"@type\":\"BreadcrumbList\",\"@id\":\"https:\/\/territorialchallenges.com\/2016\/08\/04\/postier-et-electricien-le-face-a-face-a-lheure-de-la-transition-energetique\/540\/#breadcrumb\",\"itemListElement\":[{\"@type\":\"ListItem\",\"position\":1,\"name\":\"Home\",\"item\":\"https:\/\/territorialchallenges.com\/\"},{\"@type\":\"ListItem\",\"position\":2,\"name\":\"Postier et \u00e9lectricien, le face-\u00e0-face \u00e0 l&rsquo;heure de la transition \u00e9nerg\u00e9tique\"}]},{\"@type\":\"WebSite\",\"@id\":\"https:\/\/territorialchallenges.com\/#website\",\"url\":\"https:\/\/territorialchallenges.com\/\",\"name\":\"Territorial Challenges\",\"description\":\"Veille Internationale - Strat\u00e9gie Intelligentes - Bonnes pratiques\",\"publisher\":{\"@id\":\"https:\/\/territorialchallenges.com\/#organization\"},\"potentialAction\":[{\"@type\":\"SearchAction\",\"target\":{\"@type\":\"EntryPoint\",\"urlTemplate\":\"https:\/\/territorialchallenges.com\/?s={search_term_string}\"},\"query-input\":\"required name=search_term_string\"}],\"inLanguage\":\"pt-PT\"},{\"@type\":\"Organization\",\"@id\":\"https:\/\/territorialchallenges.com\/#organization\",\"name\":\"Territorial Challenges\",\"url\":\"https:\/\/territorialchallenges.com\/\",\"logo\":{\"@type\":\"ImageObject\",\"inLanguage\":\"pt-PT\",\"@id\":\"https:\/\/territorialchallenges.com\/#\/schema\/logo\/image\/\",\"url\":\"https:\/\/territorialchallenges.com\/wp-content\/uploads\/2023\/10\/logo-1.png\",\"contentUrl\":\"https:\/\/territorialchallenges.com\/wp-content\/uploads\/2023\/10\/logo-1.png\",\"width\":1832,\"height\":576,\"caption\":\"Territorial Challenges\"},\"image\":{\"@id\":\"https:\/\/territorialchallenges.com\/#\/schema\/logo\/image\/\"}},{\"@type\":\"Person\",\"@id\":\"https:\/\/territorialchallenges.com\/#\/schema\/person\/098f145c7c61a021c425e010f840080f\",\"name\":\"ni.abdi\",\"image\":{\"@type\":\"ImageObject\",\"inLanguage\":\"pt-PT\",\"@id\":\"https:\/\/territorialchallenges.com\/#\/schema\/person\/image\/\",\"url\":\"https:\/\/secure.gravatar.com\/avatar\/2a2f2491f3c80039986ba989b1e4b510?s=96&d=identicon&r=g\",\"contentUrl\":\"https:\/\/secure.gravatar.com\/avatar\/2a2f2491f3c80039986ba989b1e4b510?s=96&d=identicon&r=g\",\"caption\":\"ni.abdi\"},\"sameAs\":[\"https:\/\/twitter.com\/Ni.abdi\"],\"url\":\"https:\/\/territorialchallenges.com\/pt\/author\/ni-abdi\/\"}]}<\/script>\n<!-- \/ Yoast SEO plugin. -->","yoast_head_json":{"title":"Postier et \u00e9lectricien, le face-\u00e0-face \u00e0 l'heure de la transition \u00e9nerg\u00e9tique - Territorial Challenges","robots":{"index":"index","follow":"follow","max-snippet":"max-snippet:-1","max-image-preview":"max-image-preview:large","max-video-preview":"max-video-preview:-1"},"canonical":"https:\/\/territorialchallenges.com\/pt\/2016\/08\/04\/postier-et-electricien-le-face-a-face-a-lheure-de-la-transition-energetique\/540\/","og_locale":"pt_PT","og_type":"article","og_title":"Postier et \u00e9lectricien, le face-\u00e0-face \u00e0 l'heure de la transition \u00e9nerg\u00e9tique - Territorial Challenges","og_description":"(30 novembre 2012) Depuis que l&rsquo;artisan \u00e9lectricien se heurte aux r\u00e9alit\u00e9s de la domotique il fallait s&rsquo;y attendre. En cette dixi\u00e8me ann\u00e9e anniversaire du lancement de la Freebox (18 septembre 2002), La Poste vient marcher sur les plates-bandes de l&rsquo;\u00e9lectricien dans le r\u00e9sidentiel. L&rsquo;entreprise publique, dirig\u00e9e par Jean-Paul Bailly a fait le choix de lancer [&hellip;]","og_url":"https:\/\/territorialchallenges.com\/pt\/2016\/08\/04\/postier-et-electricien-le-face-a-face-a-lheure-de-la-transition-energetique\/540\/","og_site_name":"Territorial Challenges","article_published_time":"2016-08-04T16:27:55+00:00","author":"ni.abdi","twitter_card":"summary_large_image","twitter_creator":"@Ni.abdi","twitter_misc":{"Escrito por":"ni.abdi","Tempo estimado de leitura":"4 minutos"},"schema":{"@context":"https:\/\/schema.org","@graph":[{"@type":"Article","@id":"https:\/\/territorialchallenges.com\/2016\/08\/04\/postier-et-electricien-le-face-a-face-a-lheure-de-la-transition-energetique\/540\/#article","isPartOf":{"@id":"https:\/\/territorialchallenges.com\/2016\/08\/04\/postier-et-electricien-le-face-a-face-a-lheure-de-la-transition-energetique\/540\/"},"author":{"name":"ni.abdi","@id":"https:\/\/territorialchallenges.com\/#\/schema\/person\/098f145c7c61a021c425e010f840080f"},"headline":"Postier et \u00e9lectricien, le face-\u00e0-face \u00e0 l&rsquo;heure de la transition \u00e9nerg\u00e9tique","datePublished":"2016-08-04T16:27:55+00:00","dateModified":"2016-08-04T16:27:55+00:00","mainEntityOfPage":{"@id":"https:\/\/territorialchallenges.com\/2016\/08\/04\/postier-et-electricien-le-face-a-face-a-lheure-de-la-transition-energetique\/540\/"},"wordCount":744,"commentCount":0,"publisher":{"@id":"https:\/\/territorialchallenges.com\/#organization"},"articleSection":["Archives - Editos"],"inLanguage":"pt-PT"},{"@type":"WebPage","@id":"https:\/\/territorialchallenges.com\/2016\/08\/04\/postier-et-electricien-le-face-a-face-a-lheure-de-la-transition-energetique\/540\/","url":"https:\/\/territorialchallenges.com\/2016\/08\/04\/postier-et-electricien-le-face-a-face-a-lheure-de-la-transition-energetique\/540\/","name":"Postier et \u00e9lectricien, le face-\u00e0-face \u00e0 l'heure de la transition \u00e9nerg\u00e9tique - Territorial Challenges","isPartOf":{"@id":"https:\/\/territorialchallenges.com\/#website"},"datePublished":"2016-08-04T16:27:55+00:00","dateModified":"2016-08-04T16:27:55+00:00","breadcrumb":{"@id":"https:\/\/territorialchallenges.com\/2016\/08\/04\/postier-et-electricien-le-face-a-face-a-lheure-de-la-transition-energetique\/540\/#breadcrumb"},"inLanguage":"pt-PT","potentialAction":[{"@type":"ReadAction","target":["https:\/\/territorialchallenges.com\/2016\/08\/04\/postier-et-electricien-le-face-a-face-a-lheure-de-la-transition-energetique\/540\/"]}]},{"@type":"BreadcrumbList","@id":"https:\/\/territorialchallenges.com\/2016\/08\/04\/postier-et-electricien-le-face-a-face-a-lheure-de-la-transition-energetique\/540\/#breadcrumb","itemListElement":[{"@type":"ListItem","position":1,"name":"Home","item":"https:\/\/territorialchallenges.com\/"},{"@type":"ListItem","position":2,"name":"Postier et \u00e9lectricien, le face-\u00e0-face \u00e0 l&rsquo;heure de la transition \u00e9nerg\u00e9tique"}]},{"@type":"WebSite","@id":"https:\/\/territorialchallenges.com\/#website","url":"https:\/\/territorialchallenges.com\/","name":"Desafios territoriais","description":"Monitoramento Internacional - Estrat\u00e9gias Inteligentes - Melhores Pr\u00e1ticas","publisher":{"@id":"https:\/\/territorialchallenges.com\/#organization"},"potentialAction":[{"@type":"SearchAction","target":{"@type":"EntryPoint","urlTemplate":"https:\/\/territorialchallenges.com\/?s={search_term_string}"},"query-input":"required name=search_term_string"}],"inLanguage":"pt-PT"},{"@type":"Organization","@id":"https:\/\/territorialchallenges.com\/#organization","name":"Desafios territoriais","url":"https:\/\/territorialchallenges.com\/","logo":{"@type":"ImageObject","inLanguage":"pt-PT","@id":"https:\/\/territorialchallenges.com\/#\/schema\/logo\/image\/","url":"https:\/\/territorialchallenges.com\/wp-content\/uploads\/2023\/10\/logo-1.png","contentUrl":"https:\/\/territorialchallenges.com\/wp-content\/uploads\/2023\/10\/logo-1.png","width":1832,"height":576,"caption":"Territorial Challenges"},"image":{"@id":"https:\/\/territorialchallenges.com\/#\/schema\/logo\/image\/"}},{"@type":"Person","@id":"https:\/\/territorialchallenges.com\/#\/schema\/person\/098f145c7c61a021c425e010f840080f","name":"ni.abdi","image":{"@type":"ImageObject","inLanguage":"pt-PT","@id":"https:\/\/territorialchallenges.com\/#\/schema\/person\/image\/","url":"https:\/\/secure.gravatar.com\/avatar\/2a2f2491f3c80039986ba989b1e4b510?s=96&d=identicon&r=g","contentUrl":"https:\/\/secure.gravatar.com\/avatar\/2a2f2491f3c80039986ba989b1e4b510?s=96&d=identicon&r=g","caption":"ni.abdi"},"sameAs":["https:\/\/twitter.com\/Ni.abdi"],"url":"https:\/\/territorialchallenges.com\/pt\/author\/ni-abdi\/"}]}},"_links":{"self":[{"href":"https:\/\/territorialchallenges.com\/pt\/wp-json\/wp\/v2\/posts\/540"}],"collection":[{"href":"https:\/\/territorialchallenges.com\/pt\/wp-json\/wp\/v2\/posts"}],"about":[{"href":"https:\/\/territorialchallenges.com\/pt\/wp-json\/wp\/v2\/types\/post"}],"author":[{"embeddable":true,"href":"https:\/\/territorialchallenges.com\/pt\/wp-json\/wp\/v2\/users\/11"}],"replies":[{"embeddable":true,"href":"https:\/\/territorialchallenges.com\/pt\/wp-json\/wp\/v2\/comments?post=540"}],"version-history":[{"count":0,"href":"https:\/\/territorialchallenges.com\/pt\/wp-json\/wp\/v2\/posts\/540\/revisions"}],"wp:attachment":[{"href":"https:\/\/territorialchallenges.com\/pt\/wp-json\/wp\/v2\/media?parent=540"}],"wp:term":[{"taxonomy":"category","embeddable":true,"href":"https:\/\/territorialchallenges.com\/pt\/wp-json\/wp\/v2\/categories?post=540"},{"taxonomy":"post_tag","embeddable":true,"href":"https:\/\/territorialchallenges.com\/pt\/wp-json\/wp\/v2\/tags?post=540"}],"curies":[{"name":"wp","href":"https:\/\/api.w.org\/{rel}","templated":true}]}}