{"id":487,"date":"2016-07-09T14:47:55","date_gmt":"2016-07-09T12:47:55","guid":{"rendered":"http:\/\/e-novatio.com\/?p=487"},"modified":"2016-07-09T14:47:55","modified_gmt":"2016-07-09T12:47:55","slug":"il-faut-rendre-a-lexpert-se-quil-lui-appartient","status":"publish","type":"post","link":"https:\/\/territorialchallenges.com\/pt\/2016\/07\/09\/il-faut-rendre-a-lexpert-se-quil-lui-appartient\/487\/","title":{"rendered":"Devemos dar ao especialista o que lhe pertence"},"content":{"rendered":"<p>(1\u00ba de setembro de 2012) Cinco anos ap\u00f3s o F\u00f3rum Ambiental de Grenelle, o novo executivo est\u00e1 oferecendo uma nova reuni\u00e3o, a confer\u00eancia ambiental, nos dias 14 e 15 de setembro. Para colocar todos os trunfos pol\u00edticos a seu favor, o governo, com o relat\u00f3rio Wahl, primeiro fez um balan\u00e7o de Grenelle no final de agosto antes de convidar... <\/p>\n<div class=\"pmpro_content_message\">Artigo dispon\u00edvel somente para assinantes.<br \/><a href=\"https:\/\/territorialchallenges.com\/wp-login.php\">Conecte-se<\/a><br \/><a href=\"https:\/\/territorialchallenges.com\/pt\/wp-login.php\/?action=register\">Registrar<\/a><\/div>","protected":false},"excerpt":{"rendered":"<p>(1 septembre 2012) Cinq ann\u00e9es apr\u00e8s la tenue du Grenelle de l&rsquo;environnement, le nouveau ex\u00e9cutif offre un nouveau rendez vous, la conf\u00e9rence environnementale du 14 et 15 septembre. Pour mettre tout les atouts politiques de son c\u00f4t\u00e9, le gouvernement\u00a0a, avec le rapport Wahl, fait d&rsquo;abord, cette fin d&rsquo;ao\u00fbt, le bilan du Grenelle avant de convier... <\/p>\n<div class=\"pmpro_content_message\">Artigo dispon\u00edvel somente para assinantes.<br \/><a href=\"https:\/\/territorialchallenges.com\/wp-login.php\">Conecte-se<\/a><br \/><a href=\"https:\/\/territorialchallenges.com\/pt\/wp-login.php\/?action=register\">Registrar<\/a><\/div>","protected":false},"author":11,"featured_media":0,"comment_status":"open","ping_status":"open","sticky":true,"template":"","format":"standard","meta":{"pmpro_default_level":0,"footnotes":""},"categories":[123],"tags":[],"blocksy_meta":"","yoast_head":"<!-- This site is optimized with the Yoast SEO plugin v21.5 - https:\/\/yoast.com\/wordpress\/plugins\/seo\/ -->\n<title>Il faut rendre \u00e0 l&#039;expert se qu&#039;il lui appartient - Territorial Challenges<\/title>\n<meta name=\"robots\" content=\"index, follow, max-snippet:-1, max-image-preview:large, max-video-preview:-1\" \/>\n<link rel=\"canonical\" href=\"https:\/\/territorialchallenges.com\/pt\/2016\/07\/09\/il-faut-rendre-a-lexpert-se-quil-lui-appartient\/487\/\" \/>\n<meta property=\"og:locale\" content=\"pt_PT\" \/>\n<meta property=\"og:type\" content=\"article\" \/>\n<meta property=\"og:title\" content=\"Il faut rendre \u00e0 l&#039;expert se qu&#039;il lui appartient - Territorial Challenges\" \/>\n<meta property=\"og:description\" content=\"(1 septembre 2012) Cinq ann\u00e9es apr\u00e8s la tenue du Grenelle de l&rsquo;environnement, le nouveau ex\u00e9cutif offre un nouveau rendez vous, la conf\u00e9rence environnementale du 14 et 15 septembre. Pour mettre tout les atouts politiques de son c\u00f4t\u00e9, le gouvernement\u00a0a, avec le rapport Wahl, fait d&rsquo;abord, cette fin d&rsquo;ao\u00fbt, le bilan du Grenelle avant de convier [&hellip;]\" \/>\n<meta property=\"og:url\" content=\"https:\/\/territorialchallenges.com\/pt\/2016\/07\/09\/il-faut-rendre-a-lexpert-se-quil-lui-appartient\/487\/\" \/>\n<meta property=\"og:site_name\" content=\"Territorial Challenges\" \/>\n<meta property=\"article:published_time\" content=\"2016-07-09T12:47:55+00:00\" \/>\n<meta name=\"author\" content=\"ni.abdi\" \/>\n<meta name=\"twitter:card\" content=\"summary_large_image\" \/>\n<meta name=\"twitter:creator\" content=\"@Ni.abdi\" \/>\n<meta name=\"twitter:label1\" content=\"Escrito por\" \/>\n\t<meta name=\"twitter:data1\" content=\"ni.abdi\" \/>\n\t<meta name=\"twitter:label2\" content=\"Tempo estimado de leitura\" \/>\n\t<meta name=\"twitter:data2\" content=\"2 minutos\" \/>\n<script type=\"application\/ld+json\" class=\"yoast-schema-graph\">{\"@context\":\"https:\/\/schema.org\",\"@graph\":[{\"@type\":\"Article\",\"@id\":\"https:\/\/territorialchallenges.com\/2016\/07\/09\/il-faut-rendre-a-lexpert-se-quil-lui-appartient\/487\/#article\",\"isPartOf\":{\"@id\":\"https:\/\/territorialchallenges.com\/2016\/07\/09\/il-faut-rendre-a-lexpert-se-quil-lui-appartient\/487\/\"},\"author\":{\"name\":\"ni.abdi\",\"@id\":\"https:\/\/territorialchallenges.com\/#\/schema\/person\/098f145c7c61a021c425e010f840080f\"},\"headline\":\"Il faut rendre \u00e0 l&rsquo;expert se qu&rsquo;il lui appartient\",\"datePublished\":\"2016-07-09T12:47:55+00:00\",\"dateModified\":\"2016-07-09T12:47:55+00:00\",\"mainEntityOfPage\":{\"@id\":\"https:\/\/territorialchallenges.com\/2016\/07\/09\/il-faut-rendre-a-lexpert-se-quil-lui-appartient\/487\/\"},\"wordCount\":445,\"commentCount\":0,\"publisher\":{\"@id\":\"https:\/\/territorialchallenges.com\/#organization\"},\"articleSection\":[\"Archives - Editos\"],\"inLanguage\":\"pt-PT\"},{\"@type\":\"WebPage\",\"@id\":\"https:\/\/territorialchallenges.com\/2016\/07\/09\/il-faut-rendre-a-lexpert-se-quil-lui-appartient\/487\/\",\"url\":\"https:\/\/territorialchallenges.com\/2016\/07\/09\/il-faut-rendre-a-lexpert-se-quil-lui-appartient\/487\/\",\"name\":\"Il faut rendre \u00e0 l'expert se qu'il lui appartient - Territorial Challenges\",\"isPartOf\":{\"@id\":\"https:\/\/territorialchallenges.com\/#website\"},\"datePublished\":\"2016-07-09T12:47:55+00:00\",\"dateModified\":\"2016-07-09T12:47:55+00:00\",\"breadcrumb\":{\"@id\":\"https:\/\/territorialchallenges.com\/2016\/07\/09\/il-faut-rendre-a-lexpert-se-quil-lui-appartient\/487\/#breadcrumb\"},\"inLanguage\":\"pt-PT\",\"potentialAction\":[{\"@type\":\"ReadAction\",\"target\":[\"https:\/\/territorialchallenges.com\/2016\/07\/09\/il-faut-rendre-a-lexpert-se-quil-lui-appartient\/487\/\"]}]},{\"@type\":\"BreadcrumbList\",\"@id\":\"https:\/\/territorialchallenges.com\/2016\/07\/09\/il-faut-rendre-a-lexpert-se-quil-lui-appartient\/487\/#breadcrumb\",\"itemListElement\":[{\"@type\":\"ListItem\",\"position\":1,\"name\":\"Home\",\"item\":\"https:\/\/territorialchallenges.com\/\"},{\"@type\":\"ListItem\",\"position\":2,\"name\":\"Il faut rendre \u00e0 l&rsquo;expert se qu&rsquo;il lui appartient\"}]},{\"@type\":\"WebSite\",\"@id\":\"https:\/\/territorialchallenges.com\/#website\",\"url\":\"https:\/\/territorialchallenges.com\/\",\"name\":\"Territorial Challenges\",\"description\":\"Veille Internationale - Strat\u00e9gie Intelligentes - Bonnes pratiques\",\"publisher\":{\"@id\":\"https:\/\/territorialchallenges.com\/#organization\"},\"potentialAction\":[{\"@type\":\"SearchAction\",\"target\":{\"@type\":\"EntryPoint\",\"urlTemplate\":\"https:\/\/territorialchallenges.com\/?s={search_term_string}\"},\"query-input\":\"required name=search_term_string\"}],\"inLanguage\":\"pt-PT\"},{\"@type\":\"Organization\",\"@id\":\"https:\/\/territorialchallenges.com\/#organization\",\"name\":\"Territorial Challenges\",\"url\":\"https:\/\/territorialchallenges.com\/\",\"logo\":{\"@type\":\"ImageObject\",\"inLanguage\":\"pt-PT\",\"@id\":\"https:\/\/territorialchallenges.com\/#\/schema\/logo\/image\/\",\"url\":\"https:\/\/territorialchallenges.com\/wp-content\/uploads\/2023\/10\/logo-1.png\",\"contentUrl\":\"https:\/\/territorialchallenges.com\/wp-content\/uploads\/2023\/10\/logo-1.png\",\"width\":1832,\"height\":576,\"caption\":\"Territorial Challenges\"},\"image\":{\"@id\":\"https:\/\/territorialchallenges.com\/#\/schema\/logo\/image\/\"}},{\"@type\":\"Person\",\"@id\":\"https:\/\/territorialchallenges.com\/#\/schema\/person\/098f145c7c61a021c425e010f840080f\",\"name\":\"ni.abdi\",\"image\":{\"@type\":\"ImageObject\",\"inLanguage\":\"pt-PT\",\"@id\":\"https:\/\/territorialchallenges.com\/#\/schema\/person\/image\/\",\"url\":\"https:\/\/secure.gravatar.com\/avatar\/2a2f2491f3c80039986ba989b1e4b510?s=96&d=identicon&r=g\",\"contentUrl\":\"https:\/\/secure.gravatar.com\/avatar\/2a2f2491f3c80039986ba989b1e4b510?s=96&d=identicon&r=g\",\"caption\":\"ni.abdi\"},\"sameAs\":[\"https:\/\/twitter.com\/Ni.abdi\"],\"url\":\"https:\/\/territorialchallenges.com\/pt\/author\/ni-abdi\/\"}]}<\/script>\n<!-- \/ Yoast SEO plugin. -->","yoast_head_json":{"title":"Il faut rendre \u00e0 l'expert se qu'il lui appartient - Territorial Challenges","robots":{"index":"index","follow":"follow","max-snippet":"max-snippet:-1","max-image-preview":"max-image-preview:large","max-video-preview":"max-video-preview:-1"},"canonical":"https:\/\/territorialchallenges.com\/pt\/2016\/07\/09\/il-faut-rendre-a-lexpert-se-quil-lui-appartient\/487\/","og_locale":"pt_PT","og_type":"article","og_title":"Il faut rendre \u00e0 l'expert se qu'il lui appartient - Territorial Challenges","og_description":"(1 septembre 2012) Cinq ann\u00e9es apr\u00e8s la tenue du Grenelle de l&rsquo;environnement, le nouveau ex\u00e9cutif offre un nouveau rendez vous, la conf\u00e9rence environnementale du 14 et 15 septembre. Pour mettre tout les atouts politiques de son c\u00f4t\u00e9, le gouvernement\u00a0a, avec le rapport Wahl, fait d&rsquo;abord, cette fin d&rsquo;ao\u00fbt, le bilan du Grenelle avant de convier [&hellip;]","og_url":"https:\/\/territorialchallenges.com\/pt\/2016\/07\/09\/il-faut-rendre-a-lexpert-se-quil-lui-appartient\/487\/","og_site_name":"Territorial Challenges","article_published_time":"2016-07-09T12:47:55+00:00","author":"ni.abdi","twitter_card":"summary_large_image","twitter_creator":"@Ni.abdi","twitter_misc":{"Escrito por":"ni.abdi","Tempo estimado de leitura":"2 minutos"},"schema":{"@context":"https:\/\/schema.org","@graph":[{"@type":"Article","@id":"https:\/\/territorialchallenges.com\/2016\/07\/09\/il-faut-rendre-a-lexpert-se-quil-lui-appartient\/487\/#article","isPartOf":{"@id":"https:\/\/territorialchallenges.com\/2016\/07\/09\/il-faut-rendre-a-lexpert-se-quil-lui-appartient\/487\/"},"author":{"name":"ni.abdi","@id":"https:\/\/territorialchallenges.com\/#\/schema\/person\/098f145c7c61a021c425e010f840080f"},"headline":"Il faut rendre \u00e0 l&rsquo;expert se qu&rsquo;il lui appartient","datePublished":"2016-07-09T12:47:55+00:00","dateModified":"2016-07-09T12:47:55+00:00","mainEntityOfPage":{"@id":"https:\/\/territorialchallenges.com\/2016\/07\/09\/il-faut-rendre-a-lexpert-se-quil-lui-appartient\/487\/"},"wordCount":445,"commentCount":0,"publisher":{"@id":"https:\/\/territorialchallenges.com\/#organization"},"articleSection":["Archives - Editos"],"inLanguage":"pt-PT"},{"@type":"WebPage","@id":"https:\/\/territorialchallenges.com\/2016\/07\/09\/il-faut-rendre-a-lexpert-se-quil-lui-appartient\/487\/","url":"https:\/\/territorialchallenges.com\/2016\/07\/09\/il-faut-rendre-a-lexpert-se-quil-lui-appartient\/487\/","name":"Il faut rendre \u00e0 l'expert se qu'il lui appartient - Territorial Challenges","isPartOf":{"@id":"https:\/\/territorialchallenges.com\/#website"},"datePublished":"2016-07-09T12:47:55+00:00","dateModified":"2016-07-09T12:47:55+00:00","breadcrumb":{"@id":"https:\/\/territorialchallenges.com\/2016\/07\/09\/il-faut-rendre-a-lexpert-se-quil-lui-appartient\/487\/#breadcrumb"},"inLanguage":"pt-PT","potentialAction":[{"@type":"ReadAction","target":["https:\/\/territorialchallenges.com\/2016\/07\/09\/il-faut-rendre-a-lexpert-se-quil-lui-appartient\/487\/"]}]},{"@type":"BreadcrumbList","@id":"https:\/\/territorialchallenges.com\/2016\/07\/09\/il-faut-rendre-a-lexpert-se-quil-lui-appartient\/487\/#breadcrumb","itemListElement":[{"@type":"ListItem","position":1,"name":"Home","item":"https:\/\/territorialchallenges.com\/"},{"@type":"ListItem","position":2,"name":"Il faut rendre \u00e0 l&rsquo;expert se qu&rsquo;il lui appartient"}]},{"@type":"WebSite","@id":"https:\/\/territorialchallenges.com\/#website","url":"https:\/\/territorialchallenges.com\/","name":"Desafios territoriais","description":"Monitoramento Internacional - Estrat\u00e9gias Inteligentes - Melhores Pr\u00e1ticas","publisher":{"@id":"https:\/\/territorialchallenges.com\/#organization"},"potentialAction":[{"@type":"SearchAction","target":{"@type":"EntryPoint","urlTemplate":"https:\/\/territorialchallenges.com\/?s={search_term_string}"},"query-input":"required name=search_term_string"}],"inLanguage":"pt-PT"},{"@type":"Organization","@id":"https:\/\/territorialchallenges.com\/#organization","name":"Desafios territoriais","url":"https:\/\/territorialchallenges.com\/","logo":{"@type":"ImageObject","inLanguage":"pt-PT","@id":"https:\/\/territorialchallenges.com\/#\/schema\/logo\/image\/","url":"https:\/\/territorialchallenges.com\/wp-content\/uploads\/2023\/10\/logo-1.png","contentUrl":"https:\/\/territorialchallenges.com\/wp-content\/uploads\/2023\/10\/logo-1.png","width":1832,"height":576,"caption":"Territorial Challenges"},"image":{"@id":"https:\/\/territorialchallenges.com\/#\/schema\/logo\/image\/"}},{"@type":"Person","@id":"https:\/\/territorialchallenges.com\/#\/schema\/person\/098f145c7c61a021c425e010f840080f","name":"ni.abdi","image":{"@type":"ImageObject","inLanguage":"pt-PT","@id":"https:\/\/territorialchallenges.com\/#\/schema\/person\/image\/","url":"https:\/\/secure.gravatar.com\/avatar\/2a2f2491f3c80039986ba989b1e4b510?s=96&d=identicon&r=g","contentUrl":"https:\/\/secure.gravatar.com\/avatar\/2a2f2491f3c80039986ba989b1e4b510?s=96&d=identicon&r=g","caption":"ni.abdi"},"sameAs":["https:\/\/twitter.com\/Ni.abdi"],"url":"https:\/\/territorialchallenges.com\/pt\/author\/ni-abdi\/"}]}},"_links":{"self":[{"href":"https:\/\/territorialchallenges.com\/pt\/wp-json\/wp\/v2\/posts\/487"}],"collection":[{"href":"https:\/\/territorialchallenges.com\/pt\/wp-json\/wp\/v2\/posts"}],"about":[{"href":"https:\/\/territorialchallenges.com\/pt\/wp-json\/wp\/v2\/types\/post"}],"author":[{"embeddable":true,"href":"https:\/\/territorialchallenges.com\/pt\/wp-json\/wp\/v2\/users\/11"}],"replies":[{"embeddable":true,"href":"https:\/\/territorialchallenges.com\/pt\/wp-json\/wp\/v2\/comments?post=487"}],"version-history":[{"count":0,"href":"https:\/\/territorialchallenges.com\/pt\/wp-json\/wp\/v2\/posts\/487\/revisions"}],"wp:attachment":[{"href":"https:\/\/territorialchallenges.com\/pt\/wp-json\/wp\/v2\/media?parent=487"}],"wp:term":[{"taxonomy":"category","embeddable":true,"href":"https:\/\/territorialchallenges.com\/pt\/wp-json\/wp\/v2\/categories?post=487"},{"taxonomy":"post_tag","embeddable":true,"href":"https:\/\/territorialchallenges.com\/pt\/wp-json\/wp\/v2\/tags?post=487"}],"curies":[{"name":"wp","href":"https:\/\/api.w.org\/{rel}","templated":true}]}}