{"id":1714,"date":"2018-10-16T10:36:05","date_gmt":"2018-10-16T08:36:05","guid":{"rendered":"https:\/\/ecoinovatio.com\/?p=1714"},"modified":"2018-10-16T10:36:05","modified_gmt":"2018-10-16T08:36:05","slug":"la-numerisation-des-territoires-ruraux-reconfigure-le-sud-ouest-dile-de-france","status":"publish","type":"post","link":"https:\/\/territorialchallenges.com\/pt\/2018\/10\/16\/la-numerisation-des-territoires-ruraux-reconfigure-le-sud-ouest-dile-de-france\/1714\/","title":{"rendered":"A digitaliza\u00e7\u00e3o das \u00e1reas rurais est\u00e1 a reconfigurar o sudoeste da \u00cele-de-France"},"content":{"rendered":"<p>A disrup\u00e7\u00e3o digital n\u00e3o afeta apenas o mundo urbano. Pode tamb\u00e9m afetar as \u00e1reas rurais, chegando a criar surpresas em certas regi\u00f5es e reposicion\u00e1-las como espa\u00e7os globalizados. O departamento de Eure-et-Loir, gra\u00e7as \u00e0 banda larga, n\u00e3o estaria corroendo a lideran\u00e7a da regi\u00e3o oeste da \u00cele-de-France em termos de economia internacional? Fran\u00e7ois Quesnay, um dos\u2026 <\/p>\n<div class=\"pmpro_content_message\">Artigo dispon\u00edvel somente para assinantes.<br \/><a href=\"https:\/\/territorialchallenges.com\/wp-login.php\">Conecte-se<\/a><br \/><a href=\"https:\/\/territorialchallenges.com\/pt\/wp-login.php\/?action=register\">Registrar<\/a><\/div>","protected":false},"excerpt":{"rendered":"<p>La disruption num\u00e9rique ne concerne pas uniquement\u00a0le monde citadin. Elle peut agir dans le monde rural\u00a0jusqu\u2019\u00e0 m\u00eame cr\u00e9er des surprises dans certains territoires et les repositionner comme des espaces mondialis\u00e9s. Le d\u00e9partement de l\u2019Eure-et-Loir\u00a0n\u2019est-il pas en train de grignoter,\u00a0gr\u00e2ce au haut d\u00e9bit, le leadership de l\u2019Ouest de l\u2019Ile-de-France,\u00a0en mati\u00e8re d\u2019\u00e9conomie internationale\u00a0? Fran\u00e7ois Quesnay, un des... <\/p>\n<div class=\"pmpro_content_message\">Artigo dispon\u00edvel somente para assinantes.<br \/><a href=\"https:\/\/territorialchallenges.com\/wp-login.php\">Conecte-se<\/a><br \/><a href=\"https:\/\/territorialchallenges.com\/pt\/wp-login.php\/?action=register\">Registrar<\/a><\/div>","protected":false},"author":11,"featured_media":0,"comment_status":"open","ping_status":"open","sticky":true,"template":"","format":"standard","meta":{"pmpro_default_level":0,"footnotes":""},"categories":[123],"tags":[],"blocksy_meta":"","yoast_head":"<!-- This site is optimized with the Yoast SEO plugin v21.5 - https:\/\/yoast.com\/wordpress\/plugins\/seo\/ -->\n<title>La num\u00e9risation des territoires ruraux reconfigure le sud-ouest d\u2019Ile-de-France - Territorial Challenges<\/title>\n<meta name=\"robots\" content=\"index, follow, max-snippet:-1, max-image-preview:large, max-video-preview:-1\" \/>\n<link rel=\"canonical\" href=\"https:\/\/territorialchallenges.com\/pt\/2018\/10\/16\/la-numerisation-des-territoires-ruraux-reconfigure-le-sud-ouest-dile-de-france\/1714\/\" \/>\n<meta property=\"og:locale\" content=\"pt_PT\" \/>\n<meta property=\"og:type\" content=\"article\" \/>\n<meta property=\"og:title\" content=\"La num\u00e9risation des territoires ruraux reconfigure le sud-ouest d\u2019Ile-de-France - Territorial Challenges\" \/>\n<meta property=\"og:description\" content=\"La disruption num\u00e9rique ne concerne pas uniquement\u00a0le monde citadin. Elle peut agir dans le monde rural\u00a0jusqu\u2019\u00e0 m\u00eame cr\u00e9er des surprises dans certains territoires et les repositionner comme des espaces mondialis\u00e9s. Le d\u00e9partement de l\u2019Eure-et-Loir\u00a0n\u2019est-il pas en train de grignoter,\u00a0gr\u00e2ce au haut d\u00e9bit, le leadership de l\u2019Ouest de l\u2019Ile-de-France,\u00a0en mati\u00e8re d\u2019\u00e9conomie internationale\u00a0? Fran\u00e7ois Quesnay, un des [&hellip;]\" \/>\n<meta property=\"og:url\" content=\"https:\/\/territorialchallenges.com\/pt\/2018\/10\/16\/la-numerisation-des-territoires-ruraux-reconfigure-le-sud-ouest-dile-de-france\/1714\/\" \/>\n<meta property=\"og:site_name\" content=\"Territorial Challenges\" \/>\n<meta property=\"article:published_time\" content=\"2018-10-16T08:36:05+00:00\" \/>\n<meta name=\"author\" content=\"ni.abdi\" \/>\n<meta name=\"twitter:card\" content=\"summary_large_image\" \/>\n<meta name=\"twitter:creator\" content=\"@Ni.abdi\" \/>\n<meta name=\"twitter:label1\" content=\"Escrito por\" \/>\n\t<meta name=\"twitter:data1\" content=\"ni.abdi\" \/>\n\t<meta name=\"twitter:label2\" content=\"Tempo estimado de leitura\" \/>\n\t<meta name=\"twitter:data2\" content=\"3 minutos\" \/>\n<script type=\"application\/ld+json\" class=\"yoast-schema-graph\">{\"@context\":\"https:\/\/schema.org\",\"@graph\":[{\"@type\":\"Article\",\"@id\":\"https:\/\/territorialchallenges.com\/2018\/10\/16\/la-numerisation-des-territoires-ruraux-reconfigure-le-sud-ouest-dile-de-france\/1714\/#article\",\"isPartOf\":{\"@id\":\"https:\/\/territorialchallenges.com\/2018\/10\/16\/la-numerisation-des-territoires-ruraux-reconfigure-le-sud-ouest-dile-de-france\/1714\/\"},\"author\":{\"name\":\"ni.abdi\",\"@id\":\"https:\/\/territorialchallenges.com\/#\/schema\/person\/098f145c7c61a021c425e010f840080f\"},\"headline\":\"La num\u00e9risation des territoires ruraux reconfigure le sud-ouest d\u2019Ile-de-France\",\"datePublished\":\"2018-10-16T08:36:05+00:00\",\"dateModified\":\"2018-10-16T08:36:05+00:00\",\"mainEntityOfPage\":{\"@id\":\"https:\/\/territorialchallenges.com\/2018\/10\/16\/la-numerisation-des-territoires-ruraux-reconfigure-le-sud-ouest-dile-de-france\/1714\/\"},\"wordCount\":710,\"commentCount\":0,\"publisher\":{\"@id\":\"https:\/\/territorialchallenges.com\/#organization\"},\"articleSection\":[\"Archives - Editos\"],\"inLanguage\":\"pt-PT\"},{\"@type\":\"WebPage\",\"@id\":\"https:\/\/territorialchallenges.com\/2018\/10\/16\/la-numerisation-des-territoires-ruraux-reconfigure-le-sud-ouest-dile-de-france\/1714\/\",\"url\":\"https:\/\/territorialchallenges.com\/2018\/10\/16\/la-numerisation-des-territoires-ruraux-reconfigure-le-sud-ouest-dile-de-france\/1714\/\",\"name\":\"La num\u00e9risation des territoires ruraux reconfigure le sud-ouest d\u2019Ile-de-France - Territorial Challenges\",\"isPartOf\":{\"@id\":\"https:\/\/territorialchallenges.com\/#website\"},\"datePublished\":\"2018-10-16T08:36:05+00:00\",\"dateModified\":\"2018-10-16T08:36:05+00:00\",\"breadcrumb\":{\"@id\":\"https:\/\/territorialchallenges.com\/2018\/10\/16\/la-numerisation-des-territoires-ruraux-reconfigure-le-sud-ouest-dile-de-france\/1714\/#breadcrumb\"},\"inLanguage\":\"pt-PT\",\"potentialAction\":[{\"@type\":\"ReadAction\",\"target\":[\"https:\/\/territorialchallenges.com\/2018\/10\/16\/la-numerisation-des-territoires-ruraux-reconfigure-le-sud-ouest-dile-de-france\/1714\/\"]}]},{\"@type\":\"BreadcrumbList\",\"@id\":\"https:\/\/territorialchallenges.com\/2018\/10\/16\/la-numerisation-des-territoires-ruraux-reconfigure-le-sud-ouest-dile-de-france\/1714\/#breadcrumb\",\"itemListElement\":[{\"@type\":\"ListItem\",\"position\":1,\"name\":\"Home\",\"item\":\"https:\/\/territorialchallenges.com\/\"},{\"@type\":\"ListItem\",\"position\":2,\"name\":\"La num\u00e9risation des territoires ruraux reconfigure le sud-ouest d\u2019Ile-de-France\"}]},{\"@type\":\"WebSite\",\"@id\":\"https:\/\/territorialchallenges.com\/#website\",\"url\":\"https:\/\/territorialchallenges.com\/\",\"name\":\"Territorial Challenges\",\"description\":\"Veille Internationale - Strat\u00e9gie Intelligentes - Bonnes pratiques\",\"publisher\":{\"@id\":\"https:\/\/territorialchallenges.com\/#organization\"},\"potentialAction\":[{\"@type\":\"SearchAction\",\"target\":{\"@type\":\"EntryPoint\",\"urlTemplate\":\"https:\/\/territorialchallenges.com\/?s={search_term_string}\"},\"query-input\":\"required name=search_term_string\"}],\"inLanguage\":\"pt-PT\"},{\"@type\":\"Organization\",\"@id\":\"https:\/\/territorialchallenges.com\/#organization\",\"name\":\"Territorial Challenges\",\"url\":\"https:\/\/territorialchallenges.com\/\",\"logo\":{\"@type\":\"ImageObject\",\"inLanguage\":\"pt-PT\",\"@id\":\"https:\/\/territorialchallenges.com\/#\/schema\/logo\/image\/\",\"url\":\"https:\/\/territorialchallenges.com\/wp-content\/uploads\/2023\/10\/logo-1.png\",\"contentUrl\":\"https:\/\/territorialchallenges.com\/wp-content\/uploads\/2023\/10\/logo-1.png\",\"width\":1832,\"height\":576,\"caption\":\"Territorial Challenges\"},\"image\":{\"@id\":\"https:\/\/territorialchallenges.com\/#\/schema\/logo\/image\/\"}},{\"@type\":\"Person\",\"@id\":\"https:\/\/territorialchallenges.com\/#\/schema\/person\/098f145c7c61a021c425e010f840080f\",\"name\":\"ni.abdi\",\"image\":{\"@type\":\"ImageObject\",\"inLanguage\":\"pt-PT\",\"@id\":\"https:\/\/territorialchallenges.com\/#\/schema\/person\/image\/\",\"url\":\"https:\/\/secure.gravatar.com\/avatar\/2a2f2491f3c80039986ba989b1e4b510?s=96&d=identicon&r=g\",\"contentUrl\":\"https:\/\/secure.gravatar.com\/avatar\/2a2f2491f3c80039986ba989b1e4b510?s=96&d=identicon&r=g\",\"caption\":\"ni.abdi\"},\"sameAs\":[\"https:\/\/twitter.com\/Ni.abdi\"],\"url\":\"https:\/\/territorialchallenges.com\/pt\/author\/ni-abdi\/\"}]}<\/script>\n<!-- \/ Yoast SEO plugin. -->","yoast_head_json":{"title":"La num\u00e9risation des territoires ruraux reconfigure le sud-ouest d\u2019Ile-de-France - Territorial Challenges","robots":{"index":"index","follow":"follow","max-snippet":"max-snippet:-1","max-image-preview":"max-image-preview:large","max-video-preview":"max-video-preview:-1"},"canonical":"https:\/\/territorialchallenges.com\/pt\/2018\/10\/16\/la-numerisation-des-territoires-ruraux-reconfigure-le-sud-ouest-dile-de-france\/1714\/","og_locale":"pt_PT","og_type":"article","og_title":"La num\u00e9risation des territoires ruraux reconfigure le sud-ouest d\u2019Ile-de-France - Territorial Challenges","og_description":"La disruption num\u00e9rique ne concerne pas uniquement\u00a0le monde citadin. Elle peut agir dans le monde rural\u00a0jusqu\u2019\u00e0 m\u00eame cr\u00e9er des surprises dans certains territoires et les repositionner comme des espaces mondialis\u00e9s. Le d\u00e9partement de l\u2019Eure-et-Loir\u00a0n\u2019est-il pas en train de grignoter,\u00a0gr\u00e2ce au haut d\u00e9bit, le leadership de l\u2019Ouest de l\u2019Ile-de-France,\u00a0en mati\u00e8re d\u2019\u00e9conomie internationale\u00a0? Fran\u00e7ois Quesnay, un des [&hellip;]","og_url":"https:\/\/territorialchallenges.com\/pt\/2018\/10\/16\/la-numerisation-des-territoires-ruraux-reconfigure-le-sud-ouest-dile-de-france\/1714\/","og_site_name":"Territorial Challenges","article_published_time":"2018-10-16T08:36:05+00:00","author":"ni.abdi","twitter_card":"summary_large_image","twitter_creator":"@Ni.abdi","twitter_misc":{"Escrito por":"ni.abdi","Tempo estimado de leitura":"3 minutos"},"schema":{"@context":"https:\/\/schema.org","@graph":[{"@type":"Article","@id":"https:\/\/territorialchallenges.com\/2018\/10\/16\/la-numerisation-des-territoires-ruraux-reconfigure-le-sud-ouest-dile-de-france\/1714\/#article","isPartOf":{"@id":"https:\/\/territorialchallenges.com\/2018\/10\/16\/la-numerisation-des-territoires-ruraux-reconfigure-le-sud-ouest-dile-de-france\/1714\/"},"author":{"name":"ni.abdi","@id":"https:\/\/territorialchallenges.com\/#\/schema\/person\/098f145c7c61a021c425e010f840080f"},"headline":"La num\u00e9risation des territoires ruraux reconfigure le sud-ouest d\u2019Ile-de-France","datePublished":"2018-10-16T08:36:05+00:00","dateModified":"2018-10-16T08:36:05+00:00","mainEntityOfPage":{"@id":"https:\/\/territorialchallenges.com\/2018\/10\/16\/la-numerisation-des-territoires-ruraux-reconfigure-le-sud-ouest-dile-de-france\/1714\/"},"wordCount":710,"commentCount":0,"publisher":{"@id":"https:\/\/territorialchallenges.com\/#organization"},"articleSection":["Archives - Editos"],"inLanguage":"pt-PT"},{"@type":"WebPage","@id":"https:\/\/territorialchallenges.com\/2018\/10\/16\/la-numerisation-des-territoires-ruraux-reconfigure-le-sud-ouest-dile-de-france\/1714\/","url":"https:\/\/territorialchallenges.com\/2018\/10\/16\/la-numerisation-des-territoires-ruraux-reconfigure-le-sud-ouest-dile-de-france\/1714\/","name":"La num\u00e9risation des territoires ruraux reconfigure le sud-ouest d\u2019Ile-de-France - Territorial Challenges","isPartOf":{"@id":"https:\/\/territorialchallenges.com\/#website"},"datePublished":"2018-10-16T08:36:05+00:00","dateModified":"2018-10-16T08:36:05+00:00","breadcrumb":{"@id":"https:\/\/territorialchallenges.com\/2018\/10\/16\/la-numerisation-des-territoires-ruraux-reconfigure-le-sud-ouest-dile-de-france\/1714\/#breadcrumb"},"inLanguage":"pt-PT","potentialAction":[{"@type":"ReadAction","target":["https:\/\/territorialchallenges.com\/2018\/10\/16\/la-numerisation-des-territoires-ruraux-reconfigure-le-sud-ouest-dile-de-france\/1714\/"]}]},{"@type":"BreadcrumbList","@id":"https:\/\/territorialchallenges.com\/2018\/10\/16\/la-numerisation-des-territoires-ruraux-reconfigure-le-sud-ouest-dile-de-france\/1714\/#breadcrumb","itemListElement":[{"@type":"ListItem","position":1,"name":"Home","item":"https:\/\/territorialchallenges.com\/"},{"@type":"ListItem","position":2,"name":"La num\u00e9risation des territoires ruraux reconfigure le sud-ouest d\u2019Ile-de-France"}]},{"@type":"WebSite","@id":"https:\/\/territorialchallenges.com\/#website","url":"https:\/\/territorialchallenges.com\/","name":"Desafios territoriais","description":"Monitoramento Internacional - Estrat\u00e9gias Inteligentes - Melhores Pr\u00e1ticas","publisher":{"@id":"https:\/\/territorialchallenges.com\/#organization"},"potentialAction":[{"@type":"SearchAction","target":{"@type":"EntryPoint","urlTemplate":"https:\/\/territorialchallenges.com\/?s={search_term_string}"},"query-input":"required name=search_term_string"}],"inLanguage":"pt-PT"},{"@type":"Organization","@id":"https:\/\/territorialchallenges.com\/#organization","name":"Desafios territoriais","url":"https:\/\/territorialchallenges.com\/","logo":{"@type":"ImageObject","inLanguage":"pt-PT","@id":"https:\/\/territorialchallenges.com\/#\/schema\/logo\/image\/","url":"https:\/\/territorialchallenges.com\/wp-content\/uploads\/2023\/10\/logo-1.png","contentUrl":"https:\/\/territorialchallenges.com\/wp-content\/uploads\/2023\/10\/logo-1.png","width":1832,"height":576,"caption":"Territorial Challenges"},"image":{"@id":"https:\/\/territorialchallenges.com\/#\/schema\/logo\/image\/"}},{"@type":"Person","@id":"https:\/\/territorialchallenges.com\/#\/schema\/person\/098f145c7c61a021c425e010f840080f","name":"ni.abdi","image":{"@type":"ImageObject","inLanguage":"pt-PT","@id":"https:\/\/territorialchallenges.com\/#\/schema\/person\/image\/","url":"https:\/\/secure.gravatar.com\/avatar\/2a2f2491f3c80039986ba989b1e4b510?s=96&d=identicon&r=g","contentUrl":"https:\/\/secure.gravatar.com\/avatar\/2a2f2491f3c80039986ba989b1e4b510?s=96&d=identicon&r=g","caption":"ni.abdi"},"sameAs":["https:\/\/twitter.com\/Ni.abdi"],"url":"https:\/\/territorialchallenges.com\/pt\/author\/ni-abdi\/"}]}},"_links":{"self":[{"href":"https:\/\/territorialchallenges.com\/pt\/wp-json\/wp\/v2\/posts\/1714"}],"collection":[{"href":"https:\/\/territorialchallenges.com\/pt\/wp-json\/wp\/v2\/posts"}],"about":[{"href":"https:\/\/territorialchallenges.com\/pt\/wp-json\/wp\/v2\/types\/post"}],"author":[{"embeddable":true,"href":"https:\/\/territorialchallenges.com\/pt\/wp-json\/wp\/v2\/users\/11"}],"replies":[{"embeddable":true,"href":"https:\/\/territorialchallenges.com\/pt\/wp-json\/wp\/v2\/comments?post=1714"}],"version-history":[{"count":0,"href":"https:\/\/territorialchallenges.com\/pt\/wp-json\/wp\/v2\/posts\/1714\/revisions"}],"wp:attachment":[{"href":"https:\/\/territorialchallenges.com\/pt\/wp-json\/wp\/v2\/media?parent=1714"}],"wp:term":[{"taxonomy":"category","embeddable":true,"href":"https:\/\/territorialchallenges.com\/pt\/wp-json\/wp\/v2\/categories?post=1714"},{"taxonomy":"post_tag","embeddable":true,"href":"https:\/\/territorialchallenges.com\/pt\/wp-json\/wp\/v2\/tags?post=1714"}],"curies":[{"name":"wp","href":"https:\/\/api.w.org\/{rel}","templated":true}]}}