{"id":1708,"date":"2018-10-16T08:42:46","date_gmt":"2018-10-16T06:42:46","guid":{"rendered":"https:\/\/ecoinovatio.com\/?p=1708"},"modified":"2018-10-16T08:42:46","modified_gmt":"2018-10-16T06:42:46","slug":"patron-et-academicien-ou-la-dichotomie-a-la-francaise","status":"publish","type":"post","link":"https:\/\/territorialchallenges.com\/pt\/2018\/10\/16\/patron-et-academicien-ou-la-dichotomie-a-la-francaise\/1708\/","title":{"rendered":"Chefe e acad\u00eamico, ou a dicotomia francesa"},"content":{"rendered":"<p>Nos Estados Unidos e na \u00c1sia, n\u00e3o \u00e9 incomum ver um professor acad\u00eamico no conselho de administra\u00e7\u00e3o de uma empresa multinacional, ou mesmo \u00e0 frente de um de seus centros de pesquisa. Enquanto os chefes americanos e asi\u00e1ticos s\u00e3o mais propensos a confiar a gest\u00e3o de seus laborat\u00f3rios a professores\/palestrantes, na Fran\u00e7a, essa situa\u00e7\u00e3o \u00e9... <\/p>\n<div class=\"pmpro_content_message\">Artigo dispon\u00edvel somente para assinantes.<br \/><a href=\"https:\/\/territorialchallenges.com\/wp-login.php\">Conecte-se<\/a><br \/><a href=\"https:\/\/territorialchallenges.com\/pt\/wp-login.php\/?action=register\">Registrar<\/a><\/div>","protected":false},"excerpt":{"rendered":"<p>En Am\u00e9rique et en Asie, il n\u2019est pas rare de voir un professeur du milieu acad\u00e9mique au conseil d\u2019administration d\u2019une multinationale, sinon \u00e0 la t\u00eate d\u2019un de ses centres de recherche. Alors que patrons am\u00e9ricains et asiatiques confient plus facilement la direction de leur laboratoire \u00e0 des professeurs\/ma\u00eetres de conf\u00e9rence, en France, cette situation est... <\/p>\n<div class=\"pmpro_content_message\">Artigo dispon\u00edvel somente para assinantes.<br \/><a href=\"https:\/\/territorialchallenges.com\/wp-login.php\">Conecte-se<\/a><br \/><a href=\"https:\/\/territorialchallenges.com\/pt\/wp-login.php\/?action=register\">Registrar<\/a><\/div>","protected":false},"author":11,"featured_media":0,"comment_status":"open","ping_status":"open","sticky":true,"template":"","format":"standard","meta":{"pmpro_default_level":0,"footnotes":""},"categories":[123],"tags":[],"blocksy_meta":"","yoast_head":"<!-- This site is optimized with the Yoast SEO plugin v21.5 - https:\/\/yoast.com\/wordpress\/plugins\/seo\/ -->\n<title>Patron et acad\u00e9micien, ou la dichotomie \u00e0 la fran\u00e7aise - Territorial Challenges<\/title>\n<meta name=\"robots\" content=\"index, follow, max-snippet:-1, max-image-preview:large, max-video-preview:-1\" \/>\n<link rel=\"canonical\" href=\"https:\/\/territorialchallenges.com\/pt\/2018\/10\/16\/patron-et-academicien-ou-la-dichotomie-a-la-francaise\/1708\/\" \/>\n<meta property=\"og:locale\" content=\"pt_PT\" \/>\n<meta property=\"og:type\" content=\"article\" \/>\n<meta property=\"og:title\" content=\"Patron et acad\u00e9micien, ou la dichotomie \u00e0 la fran\u00e7aise - Territorial Challenges\" \/>\n<meta property=\"og:description\" content=\"En Am\u00e9rique et en Asie, il n\u2019est pas rare de voir un professeur du milieu acad\u00e9mique au conseil d\u2019administration d\u2019une multinationale, sinon \u00e0 la t\u00eate d\u2019un de ses centres de recherche. Alors que patrons am\u00e9ricains et asiatiques confient plus facilement la direction de leur laboratoire \u00e0 des professeurs\/ma\u00eetres de conf\u00e9rence, en France, cette situation est [&hellip;]\" \/>\n<meta property=\"og:url\" content=\"https:\/\/territorialchallenges.com\/pt\/2018\/10\/16\/patron-et-academicien-ou-la-dichotomie-a-la-francaise\/1708\/\" \/>\n<meta property=\"og:site_name\" content=\"Territorial Challenges\" \/>\n<meta property=\"article:published_time\" content=\"2018-10-16T06:42:46+00:00\" \/>\n<meta name=\"author\" content=\"ni.abdi\" \/>\n<meta name=\"twitter:card\" content=\"summary_large_image\" \/>\n<meta name=\"twitter:creator\" content=\"@Ni.abdi\" \/>\n<meta name=\"twitter:label1\" content=\"Escrito por\" \/>\n\t<meta name=\"twitter:data1\" content=\"ni.abdi\" \/>\n\t<meta name=\"twitter:label2\" content=\"Tempo estimado de leitura\" \/>\n\t<meta name=\"twitter:data2\" content=\"4 minutos\" \/>\n<script type=\"application\/ld+json\" class=\"yoast-schema-graph\">{\"@context\":\"https:\/\/schema.org\",\"@graph\":[{\"@type\":\"Article\",\"@id\":\"https:\/\/territorialchallenges.com\/2018\/10\/16\/patron-et-academicien-ou-la-dichotomie-a-la-francaise\/1708\/#article\",\"isPartOf\":{\"@id\":\"https:\/\/territorialchallenges.com\/2018\/10\/16\/patron-et-academicien-ou-la-dichotomie-a-la-francaise\/1708\/\"},\"author\":{\"name\":\"ni.abdi\",\"@id\":\"https:\/\/territorialchallenges.com\/#\/schema\/person\/098f145c7c61a021c425e010f840080f\"},\"headline\":\"Patron et acad\u00e9micien, ou la dichotomie \u00e0 la fran\u00e7aise\",\"datePublished\":\"2018-10-16T06:42:46+00:00\",\"dateModified\":\"2018-10-16T06:42:46+00:00\",\"mainEntityOfPage\":{\"@id\":\"https:\/\/territorialchallenges.com\/2018\/10\/16\/patron-et-academicien-ou-la-dichotomie-a-la-francaise\/1708\/\"},\"wordCount\":864,\"commentCount\":0,\"publisher\":{\"@id\":\"https:\/\/territorialchallenges.com\/#organization\"},\"articleSection\":[\"Archives - Editos\"],\"inLanguage\":\"pt-PT\"},{\"@type\":\"WebPage\",\"@id\":\"https:\/\/territorialchallenges.com\/2018\/10\/16\/patron-et-academicien-ou-la-dichotomie-a-la-francaise\/1708\/\",\"url\":\"https:\/\/territorialchallenges.com\/2018\/10\/16\/patron-et-academicien-ou-la-dichotomie-a-la-francaise\/1708\/\",\"name\":\"Patron et acad\u00e9micien, ou la dichotomie \u00e0 la fran\u00e7aise - Territorial Challenges\",\"isPartOf\":{\"@id\":\"https:\/\/territorialchallenges.com\/#website\"},\"datePublished\":\"2018-10-16T06:42:46+00:00\",\"dateModified\":\"2018-10-16T06:42:46+00:00\",\"breadcrumb\":{\"@id\":\"https:\/\/territorialchallenges.com\/2018\/10\/16\/patron-et-academicien-ou-la-dichotomie-a-la-francaise\/1708\/#breadcrumb\"},\"inLanguage\":\"pt-PT\",\"potentialAction\":[{\"@type\":\"ReadAction\",\"target\":[\"https:\/\/territorialchallenges.com\/2018\/10\/16\/patron-et-academicien-ou-la-dichotomie-a-la-francaise\/1708\/\"]}]},{\"@type\":\"BreadcrumbList\",\"@id\":\"https:\/\/territorialchallenges.com\/2018\/10\/16\/patron-et-academicien-ou-la-dichotomie-a-la-francaise\/1708\/#breadcrumb\",\"itemListElement\":[{\"@type\":\"ListItem\",\"position\":1,\"name\":\"Home\",\"item\":\"https:\/\/territorialchallenges.com\/\"},{\"@type\":\"ListItem\",\"position\":2,\"name\":\"Patron et acad\u00e9micien, ou la dichotomie \u00e0 la fran\u00e7aise\"}]},{\"@type\":\"WebSite\",\"@id\":\"https:\/\/territorialchallenges.com\/#website\",\"url\":\"https:\/\/territorialchallenges.com\/\",\"name\":\"Territorial Challenges\",\"description\":\"Veille Internationale - Strat\u00e9gie Intelligentes - Bonnes pratiques\",\"publisher\":{\"@id\":\"https:\/\/territorialchallenges.com\/#organization\"},\"potentialAction\":[{\"@type\":\"SearchAction\",\"target\":{\"@type\":\"EntryPoint\",\"urlTemplate\":\"https:\/\/territorialchallenges.com\/?s={search_term_string}\"},\"query-input\":\"required name=search_term_string\"}],\"inLanguage\":\"pt-PT\"},{\"@type\":\"Organization\",\"@id\":\"https:\/\/territorialchallenges.com\/#organization\",\"name\":\"Territorial Challenges\",\"url\":\"https:\/\/territorialchallenges.com\/\",\"logo\":{\"@type\":\"ImageObject\",\"inLanguage\":\"pt-PT\",\"@id\":\"https:\/\/territorialchallenges.com\/#\/schema\/logo\/image\/\",\"url\":\"https:\/\/territorialchallenges.com\/wp-content\/uploads\/2023\/10\/logo-1.png\",\"contentUrl\":\"https:\/\/territorialchallenges.com\/wp-content\/uploads\/2023\/10\/logo-1.png\",\"width\":1832,\"height\":576,\"caption\":\"Territorial Challenges\"},\"image\":{\"@id\":\"https:\/\/territorialchallenges.com\/#\/schema\/logo\/image\/\"}},{\"@type\":\"Person\",\"@id\":\"https:\/\/territorialchallenges.com\/#\/schema\/person\/098f145c7c61a021c425e010f840080f\",\"name\":\"ni.abdi\",\"image\":{\"@type\":\"ImageObject\",\"inLanguage\":\"pt-PT\",\"@id\":\"https:\/\/territorialchallenges.com\/#\/schema\/person\/image\/\",\"url\":\"https:\/\/secure.gravatar.com\/avatar\/2a2f2491f3c80039986ba989b1e4b510?s=96&d=identicon&r=g\",\"contentUrl\":\"https:\/\/secure.gravatar.com\/avatar\/2a2f2491f3c80039986ba989b1e4b510?s=96&d=identicon&r=g\",\"caption\":\"ni.abdi\"},\"sameAs\":[\"https:\/\/twitter.com\/Ni.abdi\"],\"url\":\"https:\/\/territorialchallenges.com\/pt\/author\/ni-abdi\/\"}]}<\/script>\n<!-- \/ Yoast SEO plugin. -->","yoast_head_json":{"title":"Patron et acad\u00e9micien, ou la dichotomie \u00e0 la fran\u00e7aise - Territorial Challenges","robots":{"index":"index","follow":"follow","max-snippet":"max-snippet:-1","max-image-preview":"max-image-preview:large","max-video-preview":"max-video-preview:-1"},"canonical":"https:\/\/territorialchallenges.com\/pt\/2018\/10\/16\/patron-et-academicien-ou-la-dichotomie-a-la-francaise\/1708\/","og_locale":"pt_PT","og_type":"article","og_title":"Patron et acad\u00e9micien, ou la dichotomie \u00e0 la fran\u00e7aise - Territorial Challenges","og_description":"En Am\u00e9rique et en Asie, il n\u2019est pas rare de voir un professeur du milieu acad\u00e9mique au conseil d\u2019administration d\u2019une multinationale, sinon \u00e0 la t\u00eate d\u2019un de ses centres de recherche. Alors que patrons am\u00e9ricains et asiatiques confient plus facilement la direction de leur laboratoire \u00e0 des professeurs\/ma\u00eetres de conf\u00e9rence, en France, cette situation est [&hellip;]","og_url":"https:\/\/territorialchallenges.com\/pt\/2018\/10\/16\/patron-et-academicien-ou-la-dichotomie-a-la-francaise\/1708\/","og_site_name":"Territorial Challenges","article_published_time":"2018-10-16T06:42:46+00:00","author":"ni.abdi","twitter_card":"summary_large_image","twitter_creator":"@Ni.abdi","twitter_misc":{"Escrito por":"ni.abdi","Tempo estimado de leitura":"4 minutos"},"schema":{"@context":"https:\/\/schema.org","@graph":[{"@type":"Article","@id":"https:\/\/territorialchallenges.com\/2018\/10\/16\/patron-et-academicien-ou-la-dichotomie-a-la-francaise\/1708\/#article","isPartOf":{"@id":"https:\/\/territorialchallenges.com\/2018\/10\/16\/patron-et-academicien-ou-la-dichotomie-a-la-francaise\/1708\/"},"author":{"name":"ni.abdi","@id":"https:\/\/territorialchallenges.com\/#\/schema\/person\/098f145c7c61a021c425e010f840080f"},"headline":"Patron et acad\u00e9micien, ou la dichotomie \u00e0 la fran\u00e7aise","datePublished":"2018-10-16T06:42:46+00:00","dateModified":"2018-10-16T06:42:46+00:00","mainEntityOfPage":{"@id":"https:\/\/territorialchallenges.com\/2018\/10\/16\/patron-et-academicien-ou-la-dichotomie-a-la-francaise\/1708\/"},"wordCount":864,"commentCount":0,"publisher":{"@id":"https:\/\/territorialchallenges.com\/#organization"},"articleSection":["Archives - Editos"],"inLanguage":"pt-PT"},{"@type":"WebPage","@id":"https:\/\/territorialchallenges.com\/2018\/10\/16\/patron-et-academicien-ou-la-dichotomie-a-la-francaise\/1708\/","url":"https:\/\/territorialchallenges.com\/2018\/10\/16\/patron-et-academicien-ou-la-dichotomie-a-la-francaise\/1708\/","name":"Patron et acad\u00e9micien, ou la dichotomie \u00e0 la fran\u00e7aise - Territorial Challenges","isPartOf":{"@id":"https:\/\/territorialchallenges.com\/#website"},"datePublished":"2018-10-16T06:42:46+00:00","dateModified":"2018-10-16T06:42:46+00:00","breadcrumb":{"@id":"https:\/\/territorialchallenges.com\/2018\/10\/16\/patron-et-academicien-ou-la-dichotomie-a-la-francaise\/1708\/#breadcrumb"},"inLanguage":"pt-PT","potentialAction":[{"@type":"ReadAction","target":["https:\/\/territorialchallenges.com\/2018\/10\/16\/patron-et-academicien-ou-la-dichotomie-a-la-francaise\/1708\/"]}]},{"@type":"BreadcrumbList","@id":"https:\/\/territorialchallenges.com\/2018\/10\/16\/patron-et-academicien-ou-la-dichotomie-a-la-francaise\/1708\/#breadcrumb","itemListElement":[{"@type":"ListItem","position":1,"name":"Home","item":"https:\/\/territorialchallenges.com\/"},{"@type":"ListItem","position":2,"name":"Patron et acad\u00e9micien, ou la dichotomie \u00e0 la fran\u00e7aise"}]},{"@type":"WebSite","@id":"https:\/\/territorialchallenges.com\/#website","url":"https:\/\/territorialchallenges.com\/","name":"Desafios territoriais","description":"Monitoramento Internacional - Estrat\u00e9gias Inteligentes - Melhores Pr\u00e1ticas","publisher":{"@id":"https:\/\/territorialchallenges.com\/#organization"},"potentialAction":[{"@type":"SearchAction","target":{"@type":"EntryPoint","urlTemplate":"https:\/\/territorialchallenges.com\/?s={search_term_string}"},"query-input":"required name=search_term_string"}],"inLanguage":"pt-PT"},{"@type":"Organization","@id":"https:\/\/territorialchallenges.com\/#organization","name":"Desafios territoriais","url":"https:\/\/territorialchallenges.com\/","logo":{"@type":"ImageObject","inLanguage":"pt-PT","@id":"https:\/\/territorialchallenges.com\/#\/schema\/logo\/image\/","url":"https:\/\/territorialchallenges.com\/wp-content\/uploads\/2023\/10\/logo-1.png","contentUrl":"https:\/\/territorialchallenges.com\/wp-content\/uploads\/2023\/10\/logo-1.png","width":1832,"height":576,"caption":"Territorial Challenges"},"image":{"@id":"https:\/\/territorialchallenges.com\/#\/schema\/logo\/image\/"}},{"@type":"Person","@id":"https:\/\/territorialchallenges.com\/#\/schema\/person\/098f145c7c61a021c425e010f840080f","name":"ni.abdi","image":{"@type":"ImageObject","inLanguage":"pt-PT","@id":"https:\/\/territorialchallenges.com\/#\/schema\/person\/image\/","url":"https:\/\/secure.gravatar.com\/avatar\/2a2f2491f3c80039986ba989b1e4b510?s=96&d=identicon&r=g","contentUrl":"https:\/\/secure.gravatar.com\/avatar\/2a2f2491f3c80039986ba989b1e4b510?s=96&d=identicon&r=g","caption":"ni.abdi"},"sameAs":["https:\/\/twitter.com\/Ni.abdi"],"url":"https:\/\/territorialchallenges.com\/pt\/author\/ni-abdi\/"}]}},"_links":{"self":[{"href":"https:\/\/territorialchallenges.com\/pt\/wp-json\/wp\/v2\/posts\/1708"}],"collection":[{"href":"https:\/\/territorialchallenges.com\/pt\/wp-json\/wp\/v2\/posts"}],"about":[{"href":"https:\/\/territorialchallenges.com\/pt\/wp-json\/wp\/v2\/types\/post"}],"author":[{"embeddable":true,"href":"https:\/\/territorialchallenges.com\/pt\/wp-json\/wp\/v2\/users\/11"}],"replies":[{"embeddable":true,"href":"https:\/\/territorialchallenges.com\/pt\/wp-json\/wp\/v2\/comments?post=1708"}],"version-history":[{"count":0,"href":"https:\/\/territorialchallenges.com\/pt\/wp-json\/wp\/v2\/posts\/1708\/revisions"}],"wp:attachment":[{"href":"https:\/\/territorialchallenges.com\/pt\/wp-json\/wp\/v2\/media?parent=1708"}],"wp:term":[{"taxonomy":"category","embeddable":true,"href":"https:\/\/territorialchallenges.com\/pt\/wp-json\/wp\/v2\/categories?post=1708"},{"taxonomy":"post_tag","embeddable":true,"href":"https:\/\/territorialchallenges.com\/pt\/wp-json\/wp\/v2\/tags?post=1708"}],"curies":[{"name":"wp","href":"https:\/\/api.w.org\/{rel}","templated":true}]}}