{"id":1699,"date":"2018-10-16T08:04:50","date_gmt":"2018-10-16T06:04:50","guid":{"rendered":"https:\/\/ecoinovatio.com\/?p=1699"},"modified":"2018-10-16T08:04:50","modified_gmt":"2018-10-16T06:04:50","slug":"crise-europeenne-autour-du-musee-gutenberg-a-mayence","status":"publish","type":"post","link":"https:\/\/territorialchallenges.com\/pt\/2018\/10\/16\/crise-europeenne-autour-du-musee-gutenberg-a-mayence\/1699\/","title":{"rendered":"Crise europeia em torno do Museu Gutenberg em Mainz"},"content":{"rendered":"<p>Em Mainz, a indiferen\u00e7a tomou conta da constru\u00e7\u00e3o moderna de uma Torre da B\u00edblia para complementar o museu dedicado ao inventor da imprensa na primavera passada. Um referendo em abril acabou favorecendo os moradores que se opunham ao edif\u00edcio futurista. Um evento local que ilustra uma certa crise na gest\u00e3o municipal em\u2026 <\/p>\n<div class=\"pmpro_content_message\">Artigo dispon\u00edvel somente para assinantes.<br \/><a href=\"https:\/\/territorialchallenges.com\/wp-login.php\">Conecte-se<\/a><br \/><a href=\"https:\/\/territorialchallenges.com\/pt\/wp-login.php\/?action=register\">Registrar<\/a><\/div>","protected":false},"excerpt":{"rendered":"<p>A Mayence on s\u2019est d\u00e9chir\u00e9 dans l\u2019indiff\u00e9rence au printemps dernier autour de la construction moderne d\u2019une tour de la Bible en compl\u00e9ment au mus\u00e9e de l\u2019inventeur de l\u2019imprimerie. Un r\u00e9f\u00e9rendum en avril a fini par donner raison aux habitants-oppos\u00e9s \u00e0 l\u2019\u00e9difice futuriste. Un fait local qui illustre une certaine crise de la gestion municipale dans... <\/p>\n<div class=\"pmpro_content_message\">Artigo dispon\u00edvel somente para assinantes.<br \/><a href=\"https:\/\/territorialchallenges.com\/wp-login.php\">Conecte-se<\/a><br \/><a href=\"https:\/\/territorialchallenges.com\/pt\/wp-login.php\/?action=register\">Registrar<\/a><\/div>","protected":false},"author":11,"featured_media":1700,"comment_status":"open","ping_status":"open","sticky":true,"template":"","format":"standard","meta":{"pmpro_default_level":0,"footnotes":""},"categories":[130],"tags":[],"blocksy_meta":"","yoast_head":"<!-- This site is optimized with the Yoast SEO plugin v21.5 - https:\/\/yoast.com\/wordpress\/plugins\/seo\/ -->\n<title>Crise europ\u00e9enne autour du mus\u00e9e Gutenberg \u00e0 Mayence - Territorial Challenges<\/title>\n<meta name=\"robots\" content=\"index, follow, max-snippet:-1, max-image-preview:large, max-video-preview:-1\" \/>\n<link rel=\"canonical\" href=\"https:\/\/territorialchallenges.com\/pt\/2018\/10\/16\/crise-europeenne-autour-du-musee-gutenberg-a-mayence\/1699\/\" \/>\n<meta property=\"og:locale\" content=\"pt_PT\" \/>\n<meta property=\"og:type\" content=\"article\" \/>\n<meta property=\"og:title\" content=\"Crise europ\u00e9enne autour du mus\u00e9e Gutenberg \u00e0 Mayence - Territorial Challenges\" \/>\n<meta property=\"og:description\" content=\"A Mayence on s\u2019est d\u00e9chir\u00e9 dans l\u2019indiff\u00e9rence au printemps dernier autour de la construction moderne d\u2019une tour de la Bible en compl\u00e9ment au mus\u00e9e de l\u2019inventeur de l\u2019imprimerie. Un r\u00e9f\u00e9rendum en avril a fini par donner raison aux habitants-oppos\u00e9s \u00e0 l\u2019\u00e9difice futuriste. Un fait local qui illustre une certaine crise de la gestion municipale dans [&hellip;]\" \/>\n<meta property=\"og:url\" content=\"https:\/\/territorialchallenges.com\/pt\/2018\/10\/16\/crise-europeenne-autour-du-musee-gutenberg-a-mayence\/1699\/\" \/>\n<meta property=\"og:site_name\" content=\"Territorial Challenges\" \/>\n<meta property=\"article:published_time\" content=\"2018-10-16T06:04:50+00:00\" \/>\n<meta name=\"author\" content=\"ni.abdi\" \/>\n<meta name=\"twitter:card\" content=\"summary_large_image\" \/>\n<meta name=\"twitter:creator\" content=\"@Ni.abdi\" \/>\n<meta name=\"twitter:label1\" content=\"Escrito por\" \/>\n\t<meta name=\"twitter:data1\" content=\"ni.abdi\" \/>\n\t<meta name=\"twitter:label2\" content=\"Tempo estimado de leitura\" \/>\n\t<meta name=\"twitter:data2\" content=\"4 minutos\" \/>\n<script type=\"application\/ld+json\" class=\"yoast-schema-graph\">{\"@context\":\"https:\/\/schema.org\",\"@graph\":[{\"@type\":\"Article\",\"@id\":\"https:\/\/territorialchallenges.com\/2018\/10\/16\/crise-europeenne-autour-du-musee-gutenberg-a-mayence\/1699\/#article\",\"isPartOf\":{\"@id\":\"https:\/\/territorialchallenges.com\/2018\/10\/16\/crise-europeenne-autour-du-musee-gutenberg-a-mayence\/1699\/\"},\"author\":{\"name\":\"ni.abdi\",\"@id\":\"https:\/\/territorialchallenges.com\/#\/schema\/person\/098f145c7c61a021c425e010f840080f\"},\"headline\":\"Crise europ\u00e9enne autour du mus\u00e9e Gutenberg \u00e0 Mayence\",\"datePublished\":\"2018-10-16T06:04:50+00:00\",\"dateModified\":\"2018-10-16T06:04:50+00:00\",\"mainEntityOfPage\":{\"@id\":\"https:\/\/territorialchallenges.com\/2018\/10\/16\/crise-europeenne-autour-du-musee-gutenberg-a-mayence\/1699\/\"},\"wordCount\":862,\"commentCount\":0,\"publisher\":{\"@id\":\"https:\/\/territorialchallenges.com\/#organization\"},\"articleSection\":[\"R\u00e9flexion faite\"],\"inLanguage\":\"pt-PT\"},{\"@type\":\"WebPage\",\"@id\":\"https:\/\/territorialchallenges.com\/2018\/10\/16\/crise-europeenne-autour-du-musee-gutenberg-a-mayence\/1699\/\",\"url\":\"https:\/\/territorialchallenges.com\/2018\/10\/16\/crise-europeenne-autour-du-musee-gutenberg-a-mayence\/1699\/\",\"name\":\"Crise europ\u00e9enne autour du mus\u00e9e Gutenberg \u00e0 Mayence - Territorial Challenges\",\"isPartOf\":{\"@id\":\"https:\/\/territorialchallenges.com\/#website\"},\"datePublished\":\"2018-10-16T06:04:50+00:00\",\"dateModified\":\"2018-10-16T06:04:50+00:00\",\"breadcrumb\":{\"@id\":\"https:\/\/territorialchallenges.com\/2018\/10\/16\/crise-europeenne-autour-du-musee-gutenberg-a-mayence\/1699\/#breadcrumb\"},\"inLanguage\":\"pt-PT\",\"potentialAction\":[{\"@type\":\"ReadAction\",\"target\":[\"https:\/\/territorialchallenges.com\/2018\/10\/16\/crise-europeenne-autour-du-musee-gutenberg-a-mayence\/1699\/\"]}]},{\"@type\":\"BreadcrumbList\",\"@id\":\"https:\/\/territorialchallenges.com\/2018\/10\/16\/crise-europeenne-autour-du-musee-gutenberg-a-mayence\/1699\/#breadcrumb\",\"itemListElement\":[{\"@type\":\"ListItem\",\"position\":1,\"name\":\"Home\",\"item\":\"https:\/\/territorialchallenges.com\/\"},{\"@type\":\"ListItem\",\"position\":2,\"name\":\"Crise europ\u00e9enne autour du mus\u00e9e Gutenberg \u00e0 Mayence\"}]},{\"@type\":\"WebSite\",\"@id\":\"https:\/\/territorialchallenges.com\/#website\",\"url\":\"https:\/\/territorialchallenges.com\/\",\"name\":\"Territorial Challenges\",\"description\":\"Veille Internationale - Strat\u00e9gie Intelligentes - Bonnes pratiques\",\"publisher\":{\"@id\":\"https:\/\/territorialchallenges.com\/#organization\"},\"potentialAction\":[{\"@type\":\"SearchAction\",\"target\":{\"@type\":\"EntryPoint\",\"urlTemplate\":\"https:\/\/territorialchallenges.com\/?s={search_term_string}\"},\"query-input\":\"required name=search_term_string\"}],\"inLanguage\":\"pt-PT\"},{\"@type\":\"Organization\",\"@id\":\"https:\/\/territorialchallenges.com\/#organization\",\"name\":\"Territorial Challenges\",\"url\":\"https:\/\/territorialchallenges.com\/\",\"logo\":{\"@type\":\"ImageObject\",\"inLanguage\":\"pt-PT\",\"@id\":\"https:\/\/territorialchallenges.com\/#\/schema\/logo\/image\/\",\"url\":\"https:\/\/territorialchallenges.com\/wp-content\/uploads\/2023\/10\/logo-1.png\",\"contentUrl\":\"https:\/\/territorialchallenges.com\/wp-content\/uploads\/2023\/10\/logo-1.png\",\"width\":1832,\"height\":576,\"caption\":\"Territorial Challenges\"},\"image\":{\"@id\":\"https:\/\/territorialchallenges.com\/#\/schema\/logo\/image\/\"}},{\"@type\":\"Person\",\"@id\":\"https:\/\/territorialchallenges.com\/#\/schema\/person\/098f145c7c61a021c425e010f840080f\",\"name\":\"ni.abdi\",\"image\":{\"@type\":\"ImageObject\",\"inLanguage\":\"pt-PT\",\"@id\":\"https:\/\/territorialchallenges.com\/#\/schema\/person\/image\/\",\"url\":\"https:\/\/secure.gravatar.com\/avatar\/2a2f2491f3c80039986ba989b1e4b510?s=96&d=identicon&r=g\",\"contentUrl\":\"https:\/\/secure.gravatar.com\/avatar\/2a2f2491f3c80039986ba989b1e4b510?s=96&d=identicon&r=g\",\"caption\":\"ni.abdi\"},\"sameAs\":[\"https:\/\/twitter.com\/Ni.abdi\"],\"url\":\"https:\/\/territorialchallenges.com\/pt\/author\/ni-abdi\/\"}]}<\/script>\n<!-- \/ Yoast SEO plugin. -->","yoast_head_json":{"title":"Crise europ\u00e9enne autour du mus\u00e9e Gutenberg \u00e0 Mayence - Territorial Challenges","robots":{"index":"index","follow":"follow","max-snippet":"max-snippet:-1","max-image-preview":"max-image-preview:large","max-video-preview":"max-video-preview:-1"},"canonical":"https:\/\/territorialchallenges.com\/pt\/2018\/10\/16\/crise-europeenne-autour-du-musee-gutenberg-a-mayence\/1699\/","og_locale":"pt_PT","og_type":"article","og_title":"Crise europ\u00e9enne autour du mus\u00e9e Gutenberg \u00e0 Mayence - Territorial Challenges","og_description":"A Mayence on s\u2019est d\u00e9chir\u00e9 dans l\u2019indiff\u00e9rence au printemps dernier autour de la construction moderne d\u2019une tour de la Bible en compl\u00e9ment au mus\u00e9e de l\u2019inventeur de l\u2019imprimerie. Un r\u00e9f\u00e9rendum en avril a fini par donner raison aux habitants-oppos\u00e9s \u00e0 l\u2019\u00e9difice futuriste. Un fait local qui illustre une certaine crise de la gestion municipale dans [&hellip;]","og_url":"https:\/\/territorialchallenges.com\/pt\/2018\/10\/16\/crise-europeenne-autour-du-musee-gutenberg-a-mayence\/1699\/","og_site_name":"Territorial Challenges","article_published_time":"2018-10-16T06:04:50+00:00","author":"ni.abdi","twitter_card":"summary_large_image","twitter_creator":"@Ni.abdi","twitter_misc":{"Escrito por":"ni.abdi","Tempo estimado de leitura":"4 minutos"},"schema":{"@context":"https:\/\/schema.org","@graph":[{"@type":"Article","@id":"https:\/\/territorialchallenges.com\/2018\/10\/16\/crise-europeenne-autour-du-musee-gutenberg-a-mayence\/1699\/#article","isPartOf":{"@id":"https:\/\/territorialchallenges.com\/2018\/10\/16\/crise-europeenne-autour-du-musee-gutenberg-a-mayence\/1699\/"},"author":{"name":"ni.abdi","@id":"https:\/\/territorialchallenges.com\/#\/schema\/person\/098f145c7c61a021c425e010f840080f"},"headline":"Crise europ\u00e9enne autour du mus\u00e9e Gutenberg \u00e0 Mayence","datePublished":"2018-10-16T06:04:50+00:00","dateModified":"2018-10-16T06:04:50+00:00","mainEntityOfPage":{"@id":"https:\/\/territorialchallenges.com\/2018\/10\/16\/crise-europeenne-autour-du-musee-gutenberg-a-mayence\/1699\/"},"wordCount":862,"commentCount":0,"publisher":{"@id":"https:\/\/territorialchallenges.com\/#organization"},"articleSection":["R\u00e9flexion faite"],"inLanguage":"pt-PT"},{"@type":"WebPage","@id":"https:\/\/territorialchallenges.com\/2018\/10\/16\/crise-europeenne-autour-du-musee-gutenberg-a-mayence\/1699\/","url":"https:\/\/territorialchallenges.com\/2018\/10\/16\/crise-europeenne-autour-du-musee-gutenberg-a-mayence\/1699\/","name":"Crise europ\u00e9enne autour du mus\u00e9e Gutenberg \u00e0 Mayence - Territorial Challenges","isPartOf":{"@id":"https:\/\/territorialchallenges.com\/#website"},"datePublished":"2018-10-16T06:04:50+00:00","dateModified":"2018-10-16T06:04:50+00:00","breadcrumb":{"@id":"https:\/\/territorialchallenges.com\/2018\/10\/16\/crise-europeenne-autour-du-musee-gutenberg-a-mayence\/1699\/#breadcrumb"},"inLanguage":"pt-PT","potentialAction":[{"@type":"ReadAction","target":["https:\/\/territorialchallenges.com\/2018\/10\/16\/crise-europeenne-autour-du-musee-gutenberg-a-mayence\/1699\/"]}]},{"@type":"BreadcrumbList","@id":"https:\/\/territorialchallenges.com\/2018\/10\/16\/crise-europeenne-autour-du-musee-gutenberg-a-mayence\/1699\/#breadcrumb","itemListElement":[{"@type":"ListItem","position":1,"name":"Home","item":"https:\/\/territorialchallenges.com\/"},{"@type":"ListItem","position":2,"name":"Crise europ\u00e9enne autour du mus\u00e9e Gutenberg \u00e0 Mayence"}]},{"@type":"WebSite","@id":"https:\/\/territorialchallenges.com\/#website","url":"https:\/\/territorialchallenges.com\/","name":"Desafios territoriais","description":"Monitoramento Internacional - Estrat\u00e9gias Inteligentes - Melhores Pr\u00e1ticas","publisher":{"@id":"https:\/\/territorialchallenges.com\/#organization"},"potentialAction":[{"@type":"SearchAction","target":{"@type":"EntryPoint","urlTemplate":"https:\/\/territorialchallenges.com\/?s={search_term_string}"},"query-input":"required name=search_term_string"}],"inLanguage":"pt-PT"},{"@type":"Organization","@id":"https:\/\/territorialchallenges.com\/#organization","name":"Desafios territoriais","url":"https:\/\/territorialchallenges.com\/","logo":{"@type":"ImageObject","inLanguage":"pt-PT","@id":"https:\/\/territorialchallenges.com\/#\/schema\/logo\/image\/","url":"https:\/\/territorialchallenges.com\/wp-content\/uploads\/2023\/10\/logo-1.png","contentUrl":"https:\/\/territorialchallenges.com\/wp-content\/uploads\/2023\/10\/logo-1.png","width":1832,"height":576,"caption":"Territorial Challenges"},"image":{"@id":"https:\/\/territorialchallenges.com\/#\/schema\/logo\/image\/"}},{"@type":"Person","@id":"https:\/\/territorialchallenges.com\/#\/schema\/person\/098f145c7c61a021c425e010f840080f","name":"ni.abdi","image":{"@type":"ImageObject","inLanguage":"pt-PT","@id":"https:\/\/territorialchallenges.com\/#\/schema\/person\/image\/","url":"https:\/\/secure.gravatar.com\/avatar\/2a2f2491f3c80039986ba989b1e4b510?s=96&d=identicon&r=g","contentUrl":"https:\/\/secure.gravatar.com\/avatar\/2a2f2491f3c80039986ba989b1e4b510?s=96&d=identicon&r=g","caption":"ni.abdi"},"sameAs":["https:\/\/twitter.com\/Ni.abdi"],"url":"https:\/\/territorialchallenges.com\/pt\/author\/ni-abdi\/"}]}},"_links":{"self":[{"href":"https:\/\/territorialchallenges.com\/pt\/wp-json\/wp\/v2\/posts\/1699"}],"collection":[{"href":"https:\/\/territorialchallenges.com\/pt\/wp-json\/wp\/v2\/posts"}],"about":[{"href":"https:\/\/territorialchallenges.com\/pt\/wp-json\/wp\/v2\/types\/post"}],"author":[{"embeddable":true,"href":"https:\/\/territorialchallenges.com\/pt\/wp-json\/wp\/v2\/users\/11"}],"replies":[{"embeddable":true,"href":"https:\/\/territorialchallenges.com\/pt\/wp-json\/wp\/v2\/comments?post=1699"}],"version-history":[{"count":0,"href":"https:\/\/territorialchallenges.com\/pt\/wp-json\/wp\/v2\/posts\/1699\/revisions"}],"wp:featuredmedia":[{"embeddable":true,"href":"https:\/\/territorialchallenges.com\/pt\/wp-json\/"}],"wp:attachment":[{"href":"https:\/\/territorialchallenges.com\/pt\/wp-json\/wp\/v2\/media?parent=1699"}],"wp:term":[{"taxonomy":"category","embeddable":true,"href":"https:\/\/territorialchallenges.com\/pt\/wp-json\/wp\/v2\/categories?post=1699"},{"taxonomy":"post_tag","embeddable":true,"href":"https:\/\/territorialchallenges.com\/pt\/wp-json\/wp\/v2\/tags?post=1699"}],"curies":[{"name":"wp","href":"https:\/\/api.w.org\/{rel}","templated":true}]}}