{"id":1696,"date":"2018-10-15T23:09:40","date_gmt":"2018-10-15T21:09:40","guid":{"rendered":"https:\/\/ecoinovatio.com\/?p=1696"},"modified":"2018-10-15T23:09:40","modified_gmt":"2018-10-15T21:09:40","slug":"la-france-saura-t-elle-profiter-du-marche-indien-des-villes-intelligentes","status":"publish","type":"post","link":"https:\/\/territorialchallenges.com\/pt\/2018\/10\/15\/la-france-saura-t-elle-profiter-du-marche-indien-des-villes-intelligentes\/1696\/","title":{"rendered":"Ser\u00e1 que a Fran\u00e7a conseguir\u00e1 tirar proveito do mercado indiano de cidades inteligentes?"},"content":{"rendered":"<p>A viagem de Fran\u00e7ois Hollande \u00e0 \u00cdndia no in\u00edcio da semana passada pode anunciar m\u00faltiplos contratos no setor de cidades inteligentes para empresas francesas, incluindo empresas do CAC 40, PMEs e startups. Resta saber se a diplomacia do Quai d&#039;Orsay conseguir\u00e1 tirar proveito da proximidade franco-indiana diante da oferta agressiva de servi\u00e7os... <\/p>\n<div class=\"pmpro_content_message\">Artigo dispon\u00edvel somente para assinantes.<br \/><a href=\"https:\/\/territorialchallenges.com\/wp-login.php\">Conecte-se<\/a><br \/><a href=\"https:\/\/territorialchallenges.com\/pt\/wp-login.php\/?action=register\">Registrar<\/a><\/div>","protected":false},"excerpt":{"rendered":"<p>Le voyage de Fran\u00e7ois Hollande en Inde, d\u00e9but de la semaine derni\u00e8re, peut augurer de multiples contrats dans le secteur des villes intelligentes pour les entreprises fran\u00e7aises, CAC 40, PME et Start up compris. Il reste \u00e0 savoir si la diplomatie du Quai d\u2019Orsay, saura profiter de la proximit\u00e9 franco-indienne\u00a0face aux agressives offres de services... <\/p>\n<div class=\"pmpro_content_message\">Artigo dispon\u00edvel somente para assinantes.<br \/><a href=\"https:\/\/territorialchallenges.com\/wp-login.php\">Conecte-se<\/a><br \/><a href=\"https:\/\/territorialchallenges.com\/pt\/wp-login.php\/?action=register\">Registrar<\/a><\/div>","protected":false},"author":11,"featured_media":0,"comment_status":"open","ping_status":"open","sticky":true,"template":"","format":"standard","meta":{"pmpro_default_level":0,"footnotes":""},"categories":[123],"tags":[],"blocksy_meta":"","yoast_head":"<!-- This site is optimized with the Yoast SEO plugin v21.5 - https:\/\/yoast.com\/wordpress\/plugins\/seo\/ -->\n<title>La France saura-t-elle profiter du march\u00e9 indien des villes intelligentes ? - Territorial Challenges<\/title>\n<meta name=\"robots\" content=\"index, follow, max-snippet:-1, max-image-preview:large, max-video-preview:-1\" \/>\n<link rel=\"canonical\" href=\"https:\/\/territorialchallenges.com\/pt\/2018\/10\/15\/la-france-saura-t-elle-profiter-du-marche-indien-des-villes-intelligentes\/1696\/\" \/>\n<meta property=\"og:locale\" content=\"pt_PT\" \/>\n<meta property=\"og:type\" content=\"article\" \/>\n<meta property=\"og:title\" content=\"La France saura-t-elle profiter du march\u00e9 indien des villes intelligentes ? - Territorial Challenges\" \/>\n<meta property=\"og:description\" content=\"Le voyage de Fran\u00e7ois Hollande en Inde, d\u00e9but de la semaine derni\u00e8re, peut augurer de multiples contrats dans le secteur des villes intelligentes pour les entreprises fran\u00e7aises, CAC 40, PME et Start up compris. Il reste \u00e0 savoir si la diplomatie du Quai d\u2019Orsay, saura profiter de la proximit\u00e9 franco-indienne\u00a0face aux agressives offres de services [&hellip;]\" \/>\n<meta property=\"og:url\" content=\"https:\/\/territorialchallenges.com\/pt\/2018\/10\/15\/la-france-saura-t-elle-profiter-du-marche-indien-des-villes-intelligentes\/1696\/\" \/>\n<meta property=\"og:site_name\" content=\"Territorial Challenges\" \/>\n<meta property=\"article:published_time\" content=\"2018-10-15T21:09:40+00:00\" \/>\n<meta name=\"author\" content=\"ni.abdi\" \/>\n<meta name=\"twitter:card\" content=\"summary_large_image\" \/>\n<meta name=\"twitter:creator\" content=\"@Ni.abdi\" \/>\n<meta name=\"twitter:label1\" content=\"Escrito por\" \/>\n\t<meta name=\"twitter:data1\" content=\"ni.abdi\" \/>\n\t<meta name=\"twitter:label2\" content=\"Tempo estimado de leitura\" \/>\n\t<meta name=\"twitter:data2\" content=\"4 minutos\" \/>\n<script type=\"application\/ld+json\" class=\"yoast-schema-graph\">{\"@context\":\"https:\/\/schema.org\",\"@graph\":[{\"@type\":\"Article\",\"@id\":\"https:\/\/territorialchallenges.com\/2018\/10\/15\/la-france-saura-t-elle-profiter-du-marche-indien-des-villes-intelligentes\/1696\/#article\",\"isPartOf\":{\"@id\":\"https:\/\/territorialchallenges.com\/2018\/10\/15\/la-france-saura-t-elle-profiter-du-marche-indien-des-villes-intelligentes\/1696\/\"},\"author\":{\"name\":\"ni.abdi\",\"@id\":\"https:\/\/territorialchallenges.com\/#\/schema\/person\/098f145c7c61a021c425e010f840080f\"},\"headline\":\"La France saura-t-elle profiter du march\u00e9 indien des villes intelligentes ?\",\"datePublished\":\"2018-10-15T21:09:40+00:00\",\"dateModified\":\"2018-10-15T21:09:40+00:00\",\"mainEntityOfPage\":{\"@id\":\"https:\/\/territorialchallenges.com\/2018\/10\/15\/la-france-saura-t-elle-profiter-du-marche-indien-des-villes-intelligentes\/1696\/\"},\"wordCount\":795,\"commentCount\":0,\"publisher\":{\"@id\":\"https:\/\/territorialchallenges.com\/#organization\"},\"articleSection\":[\"Archives - Editos\"],\"inLanguage\":\"pt-PT\"},{\"@type\":\"WebPage\",\"@id\":\"https:\/\/territorialchallenges.com\/2018\/10\/15\/la-france-saura-t-elle-profiter-du-marche-indien-des-villes-intelligentes\/1696\/\",\"url\":\"https:\/\/territorialchallenges.com\/2018\/10\/15\/la-france-saura-t-elle-profiter-du-marche-indien-des-villes-intelligentes\/1696\/\",\"name\":\"La France saura-t-elle profiter du march\u00e9 indien des villes intelligentes ? - Territorial Challenges\",\"isPartOf\":{\"@id\":\"https:\/\/territorialchallenges.com\/#website\"},\"datePublished\":\"2018-10-15T21:09:40+00:00\",\"dateModified\":\"2018-10-15T21:09:40+00:00\",\"breadcrumb\":{\"@id\":\"https:\/\/territorialchallenges.com\/2018\/10\/15\/la-france-saura-t-elle-profiter-du-marche-indien-des-villes-intelligentes\/1696\/#breadcrumb\"},\"inLanguage\":\"pt-PT\",\"potentialAction\":[{\"@type\":\"ReadAction\",\"target\":[\"https:\/\/territorialchallenges.com\/2018\/10\/15\/la-france-saura-t-elle-profiter-du-marche-indien-des-villes-intelligentes\/1696\/\"]}]},{\"@type\":\"BreadcrumbList\",\"@id\":\"https:\/\/territorialchallenges.com\/2018\/10\/15\/la-france-saura-t-elle-profiter-du-marche-indien-des-villes-intelligentes\/1696\/#breadcrumb\",\"itemListElement\":[{\"@type\":\"ListItem\",\"position\":1,\"name\":\"Home\",\"item\":\"https:\/\/territorialchallenges.com\/\"},{\"@type\":\"ListItem\",\"position\":2,\"name\":\"La France saura-t-elle profiter du march\u00e9 indien des villes intelligentes ?\"}]},{\"@type\":\"WebSite\",\"@id\":\"https:\/\/territorialchallenges.com\/#website\",\"url\":\"https:\/\/territorialchallenges.com\/\",\"name\":\"Territorial Challenges\",\"description\":\"Veille Internationale - Strat\u00e9gie Intelligentes - Bonnes pratiques\",\"publisher\":{\"@id\":\"https:\/\/territorialchallenges.com\/#organization\"},\"potentialAction\":[{\"@type\":\"SearchAction\",\"target\":{\"@type\":\"EntryPoint\",\"urlTemplate\":\"https:\/\/territorialchallenges.com\/?s={search_term_string}\"},\"query-input\":\"required name=search_term_string\"}],\"inLanguage\":\"pt-PT\"},{\"@type\":\"Organization\",\"@id\":\"https:\/\/territorialchallenges.com\/#organization\",\"name\":\"Territorial Challenges\",\"url\":\"https:\/\/territorialchallenges.com\/\",\"logo\":{\"@type\":\"ImageObject\",\"inLanguage\":\"pt-PT\",\"@id\":\"https:\/\/territorialchallenges.com\/#\/schema\/logo\/image\/\",\"url\":\"https:\/\/territorialchallenges.com\/wp-content\/uploads\/2023\/10\/logo-1.png\",\"contentUrl\":\"https:\/\/territorialchallenges.com\/wp-content\/uploads\/2023\/10\/logo-1.png\",\"width\":1832,\"height\":576,\"caption\":\"Territorial Challenges\"},\"image\":{\"@id\":\"https:\/\/territorialchallenges.com\/#\/schema\/logo\/image\/\"}},{\"@type\":\"Person\",\"@id\":\"https:\/\/territorialchallenges.com\/#\/schema\/person\/098f145c7c61a021c425e010f840080f\",\"name\":\"ni.abdi\",\"image\":{\"@type\":\"ImageObject\",\"inLanguage\":\"pt-PT\",\"@id\":\"https:\/\/territorialchallenges.com\/#\/schema\/person\/image\/\",\"url\":\"https:\/\/secure.gravatar.com\/avatar\/2a2f2491f3c80039986ba989b1e4b510?s=96&d=identicon&r=g\",\"contentUrl\":\"https:\/\/secure.gravatar.com\/avatar\/2a2f2491f3c80039986ba989b1e4b510?s=96&d=identicon&r=g\",\"caption\":\"ni.abdi\"},\"sameAs\":[\"https:\/\/twitter.com\/Ni.abdi\"],\"url\":\"https:\/\/territorialchallenges.com\/pt\/author\/ni-abdi\/\"}]}<\/script>\n<!-- \/ Yoast SEO plugin. -->","yoast_head_json":{"title":"La France saura-t-elle profiter du march\u00e9 indien des villes intelligentes ? - Territorial Challenges","robots":{"index":"index","follow":"follow","max-snippet":"max-snippet:-1","max-image-preview":"max-image-preview:large","max-video-preview":"max-video-preview:-1"},"canonical":"https:\/\/territorialchallenges.com\/pt\/2018\/10\/15\/la-france-saura-t-elle-profiter-du-marche-indien-des-villes-intelligentes\/1696\/","og_locale":"pt_PT","og_type":"article","og_title":"La France saura-t-elle profiter du march\u00e9 indien des villes intelligentes ? - Territorial Challenges","og_description":"Le voyage de Fran\u00e7ois Hollande en Inde, d\u00e9but de la semaine derni\u00e8re, peut augurer de multiples contrats dans le secteur des villes intelligentes pour les entreprises fran\u00e7aises, CAC 40, PME et Start up compris. Il reste \u00e0 savoir si la diplomatie du Quai d\u2019Orsay, saura profiter de la proximit\u00e9 franco-indienne\u00a0face aux agressives offres de services [&hellip;]","og_url":"https:\/\/territorialchallenges.com\/pt\/2018\/10\/15\/la-france-saura-t-elle-profiter-du-marche-indien-des-villes-intelligentes\/1696\/","og_site_name":"Territorial Challenges","article_published_time":"2018-10-15T21:09:40+00:00","author":"ni.abdi","twitter_card":"summary_large_image","twitter_creator":"@Ni.abdi","twitter_misc":{"Escrito por":"ni.abdi","Tempo estimado de leitura":"4 minutos"},"schema":{"@context":"https:\/\/schema.org","@graph":[{"@type":"Article","@id":"https:\/\/territorialchallenges.com\/2018\/10\/15\/la-france-saura-t-elle-profiter-du-marche-indien-des-villes-intelligentes\/1696\/#article","isPartOf":{"@id":"https:\/\/territorialchallenges.com\/2018\/10\/15\/la-france-saura-t-elle-profiter-du-marche-indien-des-villes-intelligentes\/1696\/"},"author":{"name":"ni.abdi","@id":"https:\/\/territorialchallenges.com\/#\/schema\/person\/098f145c7c61a021c425e010f840080f"},"headline":"La France saura-t-elle profiter du march\u00e9 indien des villes intelligentes ?","datePublished":"2018-10-15T21:09:40+00:00","dateModified":"2018-10-15T21:09:40+00:00","mainEntityOfPage":{"@id":"https:\/\/territorialchallenges.com\/2018\/10\/15\/la-france-saura-t-elle-profiter-du-marche-indien-des-villes-intelligentes\/1696\/"},"wordCount":795,"commentCount":0,"publisher":{"@id":"https:\/\/territorialchallenges.com\/#organization"},"articleSection":["Archives - Editos"],"inLanguage":"pt-PT"},{"@type":"WebPage","@id":"https:\/\/territorialchallenges.com\/2018\/10\/15\/la-france-saura-t-elle-profiter-du-marche-indien-des-villes-intelligentes\/1696\/","url":"https:\/\/territorialchallenges.com\/2018\/10\/15\/la-france-saura-t-elle-profiter-du-marche-indien-des-villes-intelligentes\/1696\/","name":"La France saura-t-elle profiter du march\u00e9 indien des villes intelligentes ? - Territorial Challenges","isPartOf":{"@id":"https:\/\/territorialchallenges.com\/#website"},"datePublished":"2018-10-15T21:09:40+00:00","dateModified":"2018-10-15T21:09:40+00:00","breadcrumb":{"@id":"https:\/\/territorialchallenges.com\/2018\/10\/15\/la-france-saura-t-elle-profiter-du-marche-indien-des-villes-intelligentes\/1696\/#breadcrumb"},"inLanguage":"pt-PT","potentialAction":[{"@type":"ReadAction","target":["https:\/\/territorialchallenges.com\/2018\/10\/15\/la-france-saura-t-elle-profiter-du-marche-indien-des-villes-intelligentes\/1696\/"]}]},{"@type":"BreadcrumbList","@id":"https:\/\/territorialchallenges.com\/2018\/10\/15\/la-france-saura-t-elle-profiter-du-marche-indien-des-villes-intelligentes\/1696\/#breadcrumb","itemListElement":[{"@type":"ListItem","position":1,"name":"Home","item":"https:\/\/territorialchallenges.com\/"},{"@type":"ListItem","position":2,"name":"La France saura-t-elle profiter du march\u00e9 indien des villes intelligentes ?"}]},{"@type":"WebSite","@id":"https:\/\/territorialchallenges.com\/#website","url":"https:\/\/territorialchallenges.com\/","name":"Desafios territoriais","description":"Monitoramento Internacional - Estrat\u00e9gias Inteligentes - Melhores Pr\u00e1ticas","publisher":{"@id":"https:\/\/territorialchallenges.com\/#organization"},"potentialAction":[{"@type":"SearchAction","target":{"@type":"EntryPoint","urlTemplate":"https:\/\/territorialchallenges.com\/?s={search_term_string}"},"query-input":"required name=search_term_string"}],"inLanguage":"pt-PT"},{"@type":"Organization","@id":"https:\/\/territorialchallenges.com\/#organization","name":"Desafios territoriais","url":"https:\/\/territorialchallenges.com\/","logo":{"@type":"ImageObject","inLanguage":"pt-PT","@id":"https:\/\/territorialchallenges.com\/#\/schema\/logo\/image\/","url":"https:\/\/territorialchallenges.com\/wp-content\/uploads\/2023\/10\/logo-1.png","contentUrl":"https:\/\/territorialchallenges.com\/wp-content\/uploads\/2023\/10\/logo-1.png","width":1832,"height":576,"caption":"Territorial Challenges"},"image":{"@id":"https:\/\/territorialchallenges.com\/#\/schema\/logo\/image\/"}},{"@type":"Person","@id":"https:\/\/territorialchallenges.com\/#\/schema\/person\/098f145c7c61a021c425e010f840080f","name":"ni.abdi","image":{"@type":"ImageObject","inLanguage":"pt-PT","@id":"https:\/\/territorialchallenges.com\/#\/schema\/person\/image\/","url":"https:\/\/secure.gravatar.com\/avatar\/2a2f2491f3c80039986ba989b1e4b510?s=96&d=identicon&r=g","contentUrl":"https:\/\/secure.gravatar.com\/avatar\/2a2f2491f3c80039986ba989b1e4b510?s=96&d=identicon&r=g","caption":"ni.abdi"},"sameAs":["https:\/\/twitter.com\/Ni.abdi"],"url":"https:\/\/territorialchallenges.com\/pt\/author\/ni-abdi\/"}]}},"_links":{"self":[{"href":"https:\/\/territorialchallenges.com\/pt\/wp-json\/wp\/v2\/posts\/1696"}],"collection":[{"href":"https:\/\/territorialchallenges.com\/pt\/wp-json\/wp\/v2\/posts"}],"about":[{"href":"https:\/\/territorialchallenges.com\/pt\/wp-json\/wp\/v2\/types\/post"}],"author":[{"embeddable":true,"href":"https:\/\/territorialchallenges.com\/pt\/wp-json\/wp\/v2\/users\/11"}],"replies":[{"embeddable":true,"href":"https:\/\/territorialchallenges.com\/pt\/wp-json\/wp\/v2\/comments?post=1696"}],"version-history":[{"count":0,"href":"https:\/\/territorialchallenges.com\/pt\/wp-json\/wp\/v2\/posts\/1696\/revisions"}],"wp:attachment":[{"href":"https:\/\/territorialchallenges.com\/pt\/wp-json\/wp\/v2\/media?parent=1696"}],"wp:term":[{"taxonomy":"category","embeddable":true,"href":"https:\/\/territorialchallenges.com\/pt\/wp-json\/wp\/v2\/categories?post=1696"},{"taxonomy":"post_tag","embeddable":true,"href":"https:\/\/territorialchallenges.com\/pt\/wp-json\/wp\/v2\/tags?post=1696"}],"curies":[{"name":"wp","href":"https:\/\/api.w.org\/{rel}","templated":true}]}}