{"id":1463,"date":"2018-01-14T23:22:34","date_gmt":"2018-01-14T22:22:34","guid":{"rendered":"https:\/\/ecoinovatio.com\/?p=1463"},"modified":"2018-01-14T23:22:34","modified_gmt":"2018-01-14T22:22:34","slug":"les-equipementiers-francais-de-lenergie-dans-le-doute-face-a-linnovation","status":"publish","type":"post","link":"https:\/\/territorialchallenges.com\/pt\/2018\/01\/14\/les-equipementiers-francais-de-lenergie-dans-le-doute-face-a-linnovation\/1463\/","title":{"rendered":"Fabricantes franceses de equipamentos energ\u00e9ticos em d\u00favida sobre inova\u00e7\u00e3o"},"content":{"rendered":"<p>Num momento em que j\u00e1 n\u00e3o sabemos se devemos acelerar a implementa\u00e7\u00e3o das solu\u00e7\u00f5es preconizadas pela transi\u00e7\u00e3o energ\u00e9tica ou se, em vez disso, aguardar para dar prioridade aos resultados da inova\u00e7\u00e3o, seria sensato reconhecer e aceitar a d\u00favida como um fator-chave nos principais per\u00edodos de transi\u00e7\u00e3o da hist\u00f3ria da energia. Quem pode imaginar... <\/p>\n<div class=\"pmpro_content_message\">Artigo dispon\u00edvel somente para assinantes.<br \/><a href=\"https:\/\/territorialchallenges.com\/wp-login.php\">Conecte-se<\/a><br \/><a href=\"https:\/\/territorialchallenges.com\/pt\/wp-login.php\/?action=register\">Registrar<\/a><\/div>","protected":false},"excerpt":{"rendered":"<p>\u00c0 l\u2019heure o\u00f9 on ne sait plus s\u2019il faut acc\u00e9l\u00e9rer la mise en pratique des solutions pr\u00e9conis\u00e9es par la transition \u00e9nerg\u00e9tique, ou plut\u00f4t attendre pour donner les privil\u00e8ges aux r\u00e9sultats de l\u2019innovation, il serait judicieux d\u2019avouer et d\u2019accepter le doute comme facteur cl\u00e9s des grandes p\u00e9riodes de transition de l\u2019histoire de l\u2019\u00e9nergie. Qui peut imaginer... <\/p>\n<div class=\"pmpro_content_message\">Artigo dispon\u00edvel somente para assinantes.<br \/><a href=\"https:\/\/territorialchallenges.com\/wp-login.php\">Conecte-se<\/a><br \/><a href=\"https:\/\/territorialchallenges.com\/pt\/wp-login.php\/?action=register\">Registrar<\/a><\/div>","protected":false},"author":11,"featured_media":0,"comment_status":"open","ping_status":"open","sticky":true,"template":"","format":"standard","meta":{"pmpro_default_level":0,"footnotes":""},"categories":[123],"tags":[],"blocksy_meta":"","yoast_head":"<!-- This site is optimized with the Yoast SEO plugin v21.5 - https:\/\/yoast.com\/wordpress\/plugins\/seo\/ -->\n<title>Les \u00e9quipementiers fran\u00e7ais de l\u2019\u00e9nergie dans le doute face \u00e0 l\u2019innovation - Territorial Challenges<\/title>\n<meta name=\"robots\" content=\"index, follow, max-snippet:-1, max-image-preview:large, max-video-preview:-1\" \/>\n<link rel=\"canonical\" href=\"https:\/\/territorialchallenges.com\/pt\/2018\/01\/14\/les-equipementiers-francais-de-lenergie-dans-le-doute-face-a-linnovation\/1463\/\" \/>\n<meta property=\"og:locale\" content=\"pt_PT\" \/>\n<meta property=\"og:type\" content=\"article\" \/>\n<meta property=\"og:title\" content=\"Les \u00e9quipementiers fran\u00e7ais de l\u2019\u00e9nergie dans le doute face \u00e0 l\u2019innovation - Territorial Challenges\" \/>\n<meta property=\"og:description\" content=\"\u00c0 l\u2019heure o\u00f9 on ne sait plus s\u2019il faut acc\u00e9l\u00e9rer la mise en pratique des solutions pr\u00e9conis\u00e9es par la transition \u00e9nerg\u00e9tique, ou plut\u00f4t attendre pour donner les privil\u00e8ges aux r\u00e9sultats de l\u2019innovation, il serait judicieux d\u2019avouer et d\u2019accepter le doute comme facteur cl\u00e9s des grandes p\u00e9riodes de transition de l\u2019histoire de l\u2019\u00e9nergie. Qui peut imaginer [&hellip;]\" \/>\n<meta property=\"og:url\" content=\"https:\/\/territorialchallenges.com\/pt\/2018\/01\/14\/les-equipementiers-francais-de-lenergie-dans-le-doute-face-a-linnovation\/1463\/\" \/>\n<meta property=\"og:site_name\" content=\"Territorial Challenges\" \/>\n<meta property=\"article:published_time\" content=\"2018-01-14T22:22:34+00:00\" \/>\n<meta name=\"author\" content=\"ni.abdi\" \/>\n<meta name=\"twitter:card\" content=\"summary_large_image\" \/>\n<meta name=\"twitter:creator\" content=\"@Ni.abdi\" \/>\n<meta name=\"twitter:label1\" content=\"Escrito por\" \/>\n\t<meta name=\"twitter:data1\" content=\"ni.abdi\" \/>\n\t<meta name=\"twitter:label2\" content=\"Tempo estimado de leitura\" \/>\n\t<meta name=\"twitter:data2\" content=\"2 minutos\" \/>\n<script type=\"application\/ld+json\" class=\"yoast-schema-graph\">{\"@context\":\"https:\/\/schema.org\",\"@graph\":[{\"@type\":\"Article\",\"@id\":\"https:\/\/territorialchallenges.com\/2018\/01\/14\/les-equipementiers-francais-de-lenergie-dans-le-doute-face-a-linnovation\/1463\/#article\",\"isPartOf\":{\"@id\":\"https:\/\/territorialchallenges.com\/2018\/01\/14\/les-equipementiers-francais-de-lenergie-dans-le-doute-face-a-linnovation\/1463\/\"},\"author\":{\"name\":\"ni.abdi\",\"@id\":\"https:\/\/territorialchallenges.com\/#\/schema\/person\/098f145c7c61a021c425e010f840080f\"},\"headline\":\"Les \u00e9quipementiers fran\u00e7ais de l\u2019\u00e9nergie dans le doute face \u00e0 l\u2019innovation\",\"datePublished\":\"2018-01-14T22:22:34+00:00\",\"dateModified\":\"2018-01-14T22:22:34+00:00\",\"mainEntityOfPage\":{\"@id\":\"https:\/\/territorialchallenges.com\/2018\/01\/14\/les-equipementiers-francais-de-lenergie-dans-le-doute-face-a-linnovation\/1463\/\"},\"wordCount\":510,\"commentCount\":0,\"publisher\":{\"@id\":\"https:\/\/territorialchallenges.com\/#organization\"},\"articleSection\":[\"Archives - Editos\"],\"inLanguage\":\"pt-PT\"},{\"@type\":\"WebPage\",\"@id\":\"https:\/\/territorialchallenges.com\/2018\/01\/14\/les-equipementiers-francais-de-lenergie-dans-le-doute-face-a-linnovation\/1463\/\",\"url\":\"https:\/\/territorialchallenges.com\/2018\/01\/14\/les-equipementiers-francais-de-lenergie-dans-le-doute-face-a-linnovation\/1463\/\",\"name\":\"Les \u00e9quipementiers fran\u00e7ais de l\u2019\u00e9nergie dans le doute face \u00e0 l\u2019innovation - Territorial Challenges\",\"isPartOf\":{\"@id\":\"https:\/\/territorialchallenges.com\/#website\"},\"datePublished\":\"2018-01-14T22:22:34+00:00\",\"dateModified\":\"2018-01-14T22:22:34+00:00\",\"breadcrumb\":{\"@id\":\"https:\/\/territorialchallenges.com\/2018\/01\/14\/les-equipementiers-francais-de-lenergie-dans-le-doute-face-a-linnovation\/1463\/#breadcrumb\"},\"inLanguage\":\"pt-PT\",\"potentialAction\":[{\"@type\":\"ReadAction\",\"target\":[\"https:\/\/territorialchallenges.com\/2018\/01\/14\/les-equipementiers-francais-de-lenergie-dans-le-doute-face-a-linnovation\/1463\/\"]}]},{\"@type\":\"BreadcrumbList\",\"@id\":\"https:\/\/territorialchallenges.com\/2018\/01\/14\/les-equipementiers-francais-de-lenergie-dans-le-doute-face-a-linnovation\/1463\/#breadcrumb\",\"itemListElement\":[{\"@type\":\"ListItem\",\"position\":1,\"name\":\"Home\",\"item\":\"https:\/\/territorialchallenges.com\/\"},{\"@type\":\"ListItem\",\"position\":2,\"name\":\"Les \u00e9quipementiers fran\u00e7ais de l\u2019\u00e9nergie dans le doute face \u00e0 l\u2019innovation\"}]},{\"@type\":\"WebSite\",\"@id\":\"https:\/\/territorialchallenges.com\/#website\",\"url\":\"https:\/\/territorialchallenges.com\/\",\"name\":\"Territorial Challenges\",\"description\":\"Veille Internationale - Strat\u00e9gie Intelligentes - Bonnes pratiques\",\"publisher\":{\"@id\":\"https:\/\/territorialchallenges.com\/#organization\"},\"potentialAction\":[{\"@type\":\"SearchAction\",\"target\":{\"@type\":\"EntryPoint\",\"urlTemplate\":\"https:\/\/territorialchallenges.com\/?s={search_term_string}\"},\"query-input\":\"required name=search_term_string\"}],\"inLanguage\":\"pt-PT\"},{\"@type\":\"Organization\",\"@id\":\"https:\/\/territorialchallenges.com\/#organization\",\"name\":\"Territorial Challenges\",\"url\":\"https:\/\/territorialchallenges.com\/\",\"logo\":{\"@type\":\"ImageObject\",\"inLanguage\":\"pt-PT\",\"@id\":\"https:\/\/territorialchallenges.com\/#\/schema\/logo\/image\/\",\"url\":\"https:\/\/territorialchallenges.com\/wp-content\/uploads\/2023\/10\/logo-1.png\",\"contentUrl\":\"https:\/\/territorialchallenges.com\/wp-content\/uploads\/2023\/10\/logo-1.png\",\"width\":1832,\"height\":576,\"caption\":\"Territorial Challenges\"},\"image\":{\"@id\":\"https:\/\/territorialchallenges.com\/#\/schema\/logo\/image\/\"}},{\"@type\":\"Person\",\"@id\":\"https:\/\/territorialchallenges.com\/#\/schema\/person\/098f145c7c61a021c425e010f840080f\",\"name\":\"ni.abdi\",\"image\":{\"@type\":\"ImageObject\",\"inLanguage\":\"pt-PT\",\"@id\":\"https:\/\/territorialchallenges.com\/#\/schema\/person\/image\/\",\"url\":\"https:\/\/secure.gravatar.com\/avatar\/2a2f2491f3c80039986ba989b1e4b510?s=96&d=identicon&r=g\",\"contentUrl\":\"https:\/\/secure.gravatar.com\/avatar\/2a2f2491f3c80039986ba989b1e4b510?s=96&d=identicon&r=g\",\"caption\":\"ni.abdi\"},\"sameAs\":[\"https:\/\/twitter.com\/Ni.abdi\"],\"url\":\"https:\/\/territorialchallenges.com\/pt\/author\/ni-abdi\/\"}]}<\/script>\n<!-- \/ Yoast SEO plugin. -->","yoast_head_json":{"title":"Les \u00e9quipementiers fran\u00e7ais de l\u2019\u00e9nergie dans le doute face \u00e0 l\u2019innovation - Territorial Challenges","robots":{"index":"index","follow":"follow","max-snippet":"max-snippet:-1","max-image-preview":"max-image-preview:large","max-video-preview":"max-video-preview:-1"},"canonical":"https:\/\/territorialchallenges.com\/pt\/2018\/01\/14\/les-equipementiers-francais-de-lenergie-dans-le-doute-face-a-linnovation\/1463\/","og_locale":"pt_PT","og_type":"article","og_title":"Les \u00e9quipementiers fran\u00e7ais de l\u2019\u00e9nergie dans le doute face \u00e0 l\u2019innovation - Territorial Challenges","og_description":"\u00c0 l\u2019heure o\u00f9 on ne sait plus s\u2019il faut acc\u00e9l\u00e9rer la mise en pratique des solutions pr\u00e9conis\u00e9es par la transition \u00e9nerg\u00e9tique, ou plut\u00f4t attendre pour donner les privil\u00e8ges aux r\u00e9sultats de l\u2019innovation, il serait judicieux d\u2019avouer et d\u2019accepter le doute comme facteur cl\u00e9s des grandes p\u00e9riodes de transition de l\u2019histoire de l\u2019\u00e9nergie. Qui peut imaginer [&hellip;]","og_url":"https:\/\/territorialchallenges.com\/pt\/2018\/01\/14\/les-equipementiers-francais-de-lenergie-dans-le-doute-face-a-linnovation\/1463\/","og_site_name":"Territorial Challenges","article_published_time":"2018-01-14T22:22:34+00:00","author":"ni.abdi","twitter_card":"summary_large_image","twitter_creator":"@Ni.abdi","twitter_misc":{"Escrito por":"ni.abdi","Tempo estimado de leitura":"2 minutos"},"schema":{"@context":"https:\/\/schema.org","@graph":[{"@type":"Article","@id":"https:\/\/territorialchallenges.com\/2018\/01\/14\/les-equipementiers-francais-de-lenergie-dans-le-doute-face-a-linnovation\/1463\/#article","isPartOf":{"@id":"https:\/\/territorialchallenges.com\/2018\/01\/14\/les-equipementiers-francais-de-lenergie-dans-le-doute-face-a-linnovation\/1463\/"},"author":{"name":"ni.abdi","@id":"https:\/\/territorialchallenges.com\/#\/schema\/person\/098f145c7c61a021c425e010f840080f"},"headline":"Les \u00e9quipementiers fran\u00e7ais de l\u2019\u00e9nergie dans le doute face \u00e0 l\u2019innovation","datePublished":"2018-01-14T22:22:34+00:00","dateModified":"2018-01-14T22:22:34+00:00","mainEntityOfPage":{"@id":"https:\/\/territorialchallenges.com\/2018\/01\/14\/les-equipementiers-francais-de-lenergie-dans-le-doute-face-a-linnovation\/1463\/"},"wordCount":510,"commentCount":0,"publisher":{"@id":"https:\/\/territorialchallenges.com\/#organization"},"articleSection":["Archives - Editos"],"inLanguage":"pt-PT"},{"@type":"WebPage","@id":"https:\/\/territorialchallenges.com\/2018\/01\/14\/les-equipementiers-francais-de-lenergie-dans-le-doute-face-a-linnovation\/1463\/","url":"https:\/\/territorialchallenges.com\/2018\/01\/14\/les-equipementiers-francais-de-lenergie-dans-le-doute-face-a-linnovation\/1463\/","name":"Les \u00e9quipementiers fran\u00e7ais de l\u2019\u00e9nergie dans le doute face \u00e0 l\u2019innovation - Territorial Challenges","isPartOf":{"@id":"https:\/\/territorialchallenges.com\/#website"},"datePublished":"2018-01-14T22:22:34+00:00","dateModified":"2018-01-14T22:22:34+00:00","breadcrumb":{"@id":"https:\/\/territorialchallenges.com\/2018\/01\/14\/les-equipementiers-francais-de-lenergie-dans-le-doute-face-a-linnovation\/1463\/#breadcrumb"},"inLanguage":"pt-PT","potentialAction":[{"@type":"ReadAction","target":["https:\/\/territorialchallenges.com\/2018\/01\/14\/les-equipementiers-francais-de-lenergie-dans-le-doute-face-a-linnovation\/1463\/"]}]},{"@type":"BreadcrumbList","@id":"https:\/\/territorialchallenges.com\/2018\/01\/14\/les-equipementiers-francais-de-lenergie-dans-le-doute-face-a-linnovation\/1463\/#breadcrumb","itemListElement":[{"@type":"ListItem","position":1,"name":"Home","item":"https:\/\/territorialchallenges.com\/"},{"@type":"ListItem","position":2,"name":"Les \u00e9quipementiers fran\u00e7ais de l\u2019\u00e9nergie dans le doute face \u00e0 l\u2019innovation"}]},{"@type":"WebSite","@id":"https:\/\/territorialchallenges.com\/#website","url":"https:\/\/territorialchallenges.com\/","name":"Desafios territoriais","description":"Monitoramento Internacional - Estrat\u00e9gias Inteligentes - Melhores Pr\u00e1ticas","publisher":{"@id":"https:\/\/territorialchallenges.com\/#organization"},"potentialAction":[{"@type":"SearchAction","target":{"@type":"EntryPoint","urlTemplate":"https:\/\/territorialchallenges.com\/?s={search_term_string}"},"query-input":"required name=search_term_string"}],"inLanguage":"pt-PT"},{"@type":"Organization","@id":"https:\/\/territorialchallenges.com\/#organization","name":"Desafios territoriais","url":"https:\/\/territorialchallenges.com\/","logo":{"@type":"ImageObject","inLanguage":"pt-PT","@id":"https:\/\/territorialchallenges.com\/#\/schema\/logo\/image\/","url":"https:\/\/territorialchallenges.com\/wp-content\/uploads\/2023\/10\/logo-1.png","contentUrl":"https:\/\/territorialchallenges.com\/wp-content\/uploads\/2023\/10\/logo-1.png","width":1832,"height":576,"caption":"Territorial Challenges"},"image":{"@id":"https:\/\/territorialchallenges.com\/#\/schema\/logo\/image\/"}},{"@type":"Person","@id":"https:\/\/territorialchallenges.com\/#\/schema\/person\/098f145c7c61a021c425e010f840080f","name":"ni.abdi","image":{"@type":"ImageObject","inLanguage":"pt-PT","@id":"https:\/\/territorialchallenges.com\/#\/schema\/person\/image\/","url":"https:\/\/secure.gravatar.com\/avatar\/2a2f2491f3c80039986ba989b1e4b510?s=96&d=identicon&r=g","contentUrl":"https:\/\/secure.gravatar.com\/avatar\/2a2f2491f3c80039986ba989b1e4b510?s=96&d=identicon&r=g","caption":"ni.abdi"},"sameAs":["https:\/\/twitter.com\/Ni.abdi"],"url":"https:\/\/territorialchallenges.com\/pt\/author\/ni-abdi\/"}]}},"_links":{"self":[{"href":"https:\/\/territorialchallenges.com\/pt\/wp-json\/wp\/v2\/posts\/1463"}],"collection":[{"href":"https:\/\/territorialchallenges.com\/pt\/wp-json\/wp\/v2\/posts"}],"about":[{"href":"https:\/\/territorialchallenges.com\/pt\/wp-json\/wp\/v2\/types\/post"}],"author":[{"embeddable":true,"href":"https:\/\/territorialchallenges.com\/pt\/wp-json\/wp\/v2\/users\/11"}],"replies":[{"embeddable":true,"href":"https:\/\/territorialchallenges.com\/pt\/wp-json\/wp\/v2\/comments?post=1463"}],"version-history":[{"count":0,"href":"https:\/\/territorialchallenges.com\/pt\/wp-json\/wp\/v2\/posts\/1463\/revisions"}],"wp:attachment":[{"href":"https:\/\/territorialchallenges.com\/pt\/wp-json\/wp\/v2\/media?parent=1463"}],"wp:term":[{"taxonomy":"category","embeddable":true,"href":"https:\/\/territorialchallenges.com\/pt\/wp-json\/wp\/v2\/categories?post=1463"},{"taxonomy":"post_tag","embeddable":true,"href":"https:\/\/territorialchallenges.com\/pt\/wp-json\/wp\/v2\/tags?post=1463"}],"curies":[{"name":"wp","href":"https:\/\/api.w.org\/{rel}","templated":true}]}}