{"id":125615,"date":"2026-03-11T10:01:02","date_gmt":"2026-03-11T09:01:02","guid":{"rendered":"https:\/\/territorialchallenges.com\/?p=125615"},"modified":"2026-03-11T10:04:21","modified_gmt":"2026-03-11T09:04:21","slug":"la-souverainete-numerique-en-danger-le-senat-a-sonne-lalarme-en-2014","status":"publish","type":"post","link":"https:\/\/territorialchallenges.com\/pt\/2026\/03\/11\/la-souverainete-numerique-en-danger-le-senat-a-sonne-lalarme-en-2014\/125615\/","title":{"rendered":"La souverainet\u00e9 num\u00e9rique en danger : le S\u00e9nat a sonn\u00e9 l&rsquo;alarme en 2014"},"content":{"rendered":"<p>Le 14 janvier 2014, la Mission commune d&rsquo;information (MCI) sur la gouvernance mondiale de l&rsquo;Internet, pr\u00e9sid\u00e9e par le s\u00e9nateur socialiste Ga\u00ebtan Gorce, r\u00e9unissait au Palais du Luxembourg une s\u00e9rie d&rsquo;auditions d&rsquo;exception. Philosophes, entrepreneurs et pionniers du num\u00e9rique ont livr\u00e9 un diagnostic sans appel : l&rsquo;Europe a manqu\u00e9 le tournant num\u00e9rique et risque de perdre toute&#8230; <\/p>\n<div class=\"pmpro_content_message\">Artigo dispon\u00edvel somente para assinantes.<br \/><a href=\"https:\/\/territorialchallenges.com\/wp-login.php\">Conecte-se<\/a><br \/><a href=\"https:\/\/territorialchallenges.com\/pt\/wp-login.php\/?action=register\">Registrar<\/a><\/div>","protected":false},"excerpt":{"rendered":"<p>Le 14 janvier 2014, la Mission commune d&rsquo;information (MCI) sur la gouvernance mondiale de l&rsquo;Internet, pr\u00e9sid\u00e9e par le s\u00e9nateur socialiste Ga\u00ebtan Gorce, r\u00e9unissait au Palais du Luxembourg une s\u00e9rie d&rsquo;auditions d&rsquo;exception. Philosophes, entrepreneurs et pionniers du num\u00e9rique ont livr\u00e9 un diagnostic sans appel : l&rsquo;Europe a manqu\u00e9 le tournant num\u00e9rique et risque de perdre toute... <\/p>\n<div class=\"pmpro_content_message\">Artigo dispon\u00edvel somente para assinantes.<br \/><a href=\"https:\/\/territorialchallenges.com\/wp-login.php\">Conecte-se<\/a><br \/><a href=\"https:\/\/territorialchallenges.com\/pt\/wp-login.php\/?action=register\">Registrar<\/a><\/div>","protected":false},"author":11,"featured_media":125616,"comment_status":"closed","ping_status":"closed","sticky":true,"template":"","format":"standard","meta":{"pmpro_default_level":0,"footnotes":""},"categories":[121],"tags":[],"blocksy_meta":"","yoast_head":"<!-- This site is optimized with the Yoast SEO plugin v21.5 - https:\/\/yoast.com\/wordpress\/plugins\/seo\/ -->\n<title>La souverainet\u00e9 num\u00e9rique en danger : le S\u00e9nat a sonn\u00e9 l&#039;alarme en 2014 - Territorial Challenges<\/title>\n<meta name=\"robots\" content=\"index, follow, max-snippet:-1, max-image-preview:large, max-video-preview:-1\" \/>\n<link rel=\"canonical\" href=\"https:\/\/territorialchallenges.com\/pt\/2026\/03\/11\/la-souverainete-numerique-en-danger-le-senat-a-sonne-lalarme-en-2014\/125615\/\" \/>\n<meta property=\"og:locale\" content=\"pt_PT\" \/>\n<meta property=\"og:type\" content=\"article\" \/>\n<meta property=\"og:title\" content=\"La souverainet\u00e9 num\u00e9rique en danger : le S\u00e9nat a sonn\u00e9 l&#039;alarme en 2014 - Territorial Challenges\" \/>\n<meta property=\"og:description\" content=\"Le 14 janvier 2014, la Mission commune d&rsquo;information (MCI) sur la gouvernance mondiale de l&rsquo;Internet, pr\u00e9sid\u00e9e par le s\u00e9nateur socialiste Ga\u00ebtan Gorce, r\u00e9unissait au Palais du Luxembourg une s\u00e9rie d&rsquo;auditions d&rsquo;exception. Philosophes, entrepreneurs et pionniers du num\u00e9rique ont livr\u00e9 un diagnostic sans appel : l&rsquo;Europe a manqu\u00e9 le tournant num\u00e9rique et risque de perdre toute [&hellip;]\" \/>\n<meta property=\"og:url\" content=\"https:\/\/territorialchallenges.com\/pt\/2026\/03\/11\/la-souverainete-numerique-en-danger-le-senat-a-sonne-lalarme-en-2014\/125615\/\" \/>\n<meta property=\"og:site_name\" content=\"Territorial Challenges\" \/>\n<meta property=\"article:published_time\" content=\"2026-03-11T09:01:02+00:00\" \/>\n<meta property=\"article:modified_time\" content=\"2026-03-11T09:04:21+00:00\" \/>\n<meta property=\"og:image\" content=\"https:\/\/territorialchallenges.com\/wp-content\/uploads\/2026\/03\/memoireimage2.09.25image-1.jpg\" \/>\n\t<meta property=\"og:image:width\" content=\"768\" \/>\n\t<meta property=\"og:image:height\" content=\"511\" \/>\n\t<meta property=\"og:image:type\" content=\"image\/jpeg\" \/>\n<meta name=\"author\" content=\"ni.abdi\" \/>\n<meta name=\"twitter:card\" content=\"summary_large_image\" \/>\n<meta name=\"twitter:creator\" content=\"@Ni.abdi\" \/>\n<meta name=\"twitter:label1\" content=\"Escrito por\" \/>\n\t<meta name=\"twitter:data1\" content=\"ni.abdi\" \/>\n\t<meta name=\"twitter:label2\" content=\"Tempo estimado de leitura\" \/>\n\t<meta name=\"twitter:data2\" content=\"7 minutos\" \/>\n<script type=\"application\/ld+json\" class=\"yoast-schema-graph\">{\"@context\":\"https:\/\/schema.org\",\"@graph\":[{\"@type\":\"Article\",\"@id\":\"https:\/\/territorialchallenges.com\/2026\/03\/11\/la-souverainete-numerique-en-danger-le-senat-a-sonne-lalarme-en-2014\/125615\/#article\",\"isPartOf\":{\"@id\":\"https:\/\/territorialchallenges.com\/2026\/03\/11\/la-souverainete-numerique-en-danger-le-senat-a-sonne-lalarme-en-2014\/125615\/\"},\"author\":{\"name\":\"ni.abdi\",\"@id\":\"https:\/\/territorialchallenges.com\/#\/schema\/person\/098f145c7c61a021c425e010f840080f\"},\"headline\":\"La souverainet\u00e9 num\u00e9rique en danger : le S\u00e9nat a sonn\u00e9 l&rsquo;alarme en 2014\",\"datePublished\":\"2026-03-11T09:01:02+00:00\",\"dateModified\":\"2026-03-11T09:04:21+00:00\",\"mainEntityOfPage\":{\"@id\":\"https:\/\/territorialchallenges.com\/2026\/03\/11\/la-souverainete-numerique-en-danger-le-senat-a-sonne-lalarme-en-2014\/125615\/\"},\"wordCount\":1534,\"publisher\":{\"@id\":\"https:\/\/territorialchallenges.com\/#organization\"},\"articleSection\":[\"M\u00e9moire\"],\"inLanguage\":\"pt-PT\"},{\"@type\":\"WebPage\",\"@id\":\"https:\/\/territorialchallenges.com\/2026\/03\/11\/la-souverainete-numerique-en-danger-le-senat-a-sonne-lalarme-en-2014\/125615\/\",\"url\":\"https:\/\/territorialchallenges.com\/2026\/03\/11\/la-souverainete-numerique-en-danger-le-senat-a-sonne-lalarme-en-2014\/125615\/\",\"name\":\"La souverainet\u00e9 num\u00e9rique en danger : le S\u00e9nat a sonn\u00e9 l'alarme en 2014 - Territorial Challenges\",\"isPartOf\":{\"@id\":\"https:\/\/territorialchallenges.com\/#website\"},\"datePublished\":\"2026-03-11T09:01:02+00:00\",\"dateModified\":\"2026-03-11T09:04:21+00:00\",\"breadcrumb\":{\"@id\":\"https:\/\/territorialchallenges.com\/2026\/03\/11\/la-souverainete-numerique-en-danger-le-senat-a-sonne-lalarme-en-2014\/125615\/#breadcrumb\"},\"inLanguage\":\"pt-PT\",\"potentialAction\":[{\"@type\":\"ReadAction\",\"target\":[\"https:\/\/territorialchallenges.com\/2026\/03\/11\/la-souverainete-numerique-en-danger-le-senat-a-sonne-lalarme-en-2014\/125615\/\"]}]},{\"@type\":\"BreadcrumbList\",\"@id\":\"https:\/\/territorialchallenges.com\/2026\/03\/11\/la-souverainete-numerique-en-danger-le-senat-a-sonne-lalarme-en-2014\/125615\/#breadcrumb\",\"itemListElement\":[{\"@type\":\"ListItem\",\"position\":1,\"name\":\"Home\",\"item\":\"https:\/\/territorialchallenges.com\/\"},{\"@type\":\"ListItem\",\"position\":2,\"name\":\"La souverainet\u00e9 num\u00e9rique en danger : le S\u00e9nat a sonn\u00e9 l&rsquo;alarme en 2014\"}]},{\"@type\":\"WebSite\",\"@id\":\"https:\/\/territorialchallenges.com\/#website\",\"url\":\"https:\/\/territorialchallenges.com\/\",\"name\":\"Territorial Challenges\",\"description\":\"Veille Internationale - Strat\u00e9gie Intelligentes - Bonnes pratiques\",\"publisher\":{\"@id\":\"https:\/\/territorialchallenges.com\/#organization\"},\"potentialAction\":[{\"@type\":\"SearchAction\",\"target\":{\"@type\":\"EntryPoint\",\"urlTemplate\":\"https:\/\/territorialchallenges.com\/?s={search_term_string}\"},\"query-input\":\"required name=search_term_string\"}],\"inLanguage\":\"pt-PT\"},{\"@type\":\"Organization\",\"@id\":\"https:\/\/territorialchallenges.com\/#organization\",\"name\":\"Territorial Challenges\",\"url\":\"https:\/\/territorialchallenges.com\/\",\"logo\":{\"@type\":\"ImageObject\",\"inLanguage\":\"pt-PT\",\"@id\":\"https:\/\/territorialchallenges.com\/#\/schema\/logo\/image\/\",\"url\":\"https:\/\/territorialchallenges.com\/wp-content\/uploads\/2023\/10\/logo-1.png\",\"contentUrl\":\"https:\/\/territorialchallenges.com\/wp-content\/uploads\/2023\/10\/logo-1.png\",\"width\":1832,\"height\":576,\"caption\":\"Territorial Challenges\"},\"image\":{\"@id\":\"https:\/\/territorialchallenges.com\/#\/schema\/logo\/image\/\"}},{\"@type\":\"Person\",\"@id\":\"https:\/\/territorialchallenges.com\/#\/schema\/person\/098f145c7c61a021c425e010f840080f\",\"name\":\"ni.abdi\",\"image\":{\"@type\":\"ImageObject\",\"inLanguage\":\"pt-PT\",\"@id\":\"https:\/\/territorialchallenges.com\/#\/schema\/person\/image\/\",\"url\":\"https:\/\/secure.gravatar.com\/avatar\/2a2f2491f3c80039986ba989b1e4b510?s=96&d=identicon&r=g\",\"contentUrl\":\"https:\/\/secure.gravatar.com\/avatar\/2a2f2491f3c80039986ba989b1e4b510?s=96&d=identicon&r=g\",\"caption\":\"ni.abdi\"},\"sameAs\":[\"https:\/\/twitter.com\/Ni.abdi\"],\"url\":\"https:\/\/territorialchallenges.com\/pt\/author\/ni-abdi\/\"}]}<\/script>\n<!-- \/ Yoast SEO plugin. -->","yoast_head_json":{"title":"La souverainet\u00e9 num\u00e9rique en danger : le S\u00e9nat a sonn\u00e9 l'alarme en 2014 - Territorial Challenges","robots":{"index":"index","follow":"follow","max-snippet":"max-snippet:-1","max-image-preview":"max-image-preview:large","max-video-preview":"max-video-preview:-1"},"canonical":"https:\/\/territorialchallenges.com\/pt\/2026\/03\/11\/la-souverainete-numerique-en-danger-le-senat-a-sonne-lalarme-en-2014\/125615\/","og_locale":"pt_PT","og_type":"article","og_title":"La souverainet\u00e9 num\u00e9rique en danger : le S\u00e9nat a sonn\u00e9 l'alarme en 2014 - Territorial Challenges","og_description":"Le 14 janvier 2014, la Mission commune d&rsquo;information (MCI) sur la gouvernance mondiale de l&rsquo;Internet, pr\u00e9sid\u00e9e par le s\u00e9nateur socialiste Ga\u00ebtan Gorce, r\u00e9unissait au Palais du Luxembourg une s\u00e9rie d&rsquo;auditions d&rsquo;exception. Philosophes, entrepreneurs et pionniers du num\u00e9rique ont livr\u00e9 un diagnostic sans appel : l&rsquo;Europe a manqu\u00e9 le tournant num\u00e9rique et risque de perdre toute [&hellip;]","og_url":"https:\/\/territorialchallenges.com\/pt\/2026\/03\/11\/la-souverainete-numerique-en-danger-le-senat-a-sonne-lalarme-en-2014\/125615\/","og_site_name":"Territorial Challenges","article_published_time":"2026-03-11T09:01:02+00:00","article_modified_time":"2026-03-11T09:04:21+00:00","og_image":[{"width":768,"height":511,"url":"https:\/\/territorialchallenges.com\/wp-content\/uploads\/2026\/03\/memoireimage2.09.25image-1.jpg","type":"image\/jpeg"}],"author":"ni.abdi","twitter_card":"summary_large_image","twitter_creator":"@Ni.abdi","twitter_misc":{"Escrito por":"ni.abdi","Tempo estimado de leitura":"7 minutos"},"schema":{"@context":"https:\/\/schema.org","@graph":[{"@type":"Article","@id":"https:\/\/territorialchallenges.com\/2026\/03\/11\/la-souverainete-numerique-en-danger-le-senat-a-sonne-lalarme-en-2014\/125615\/#article","isPartOf":{"@id":"https:\/\/territorialchallenges.com\/2026\/03\/11\/la-souverainete-numerique-en-danger-le-senat-a-sonne-lalarme-en-2014\/125615\/"},"author":{"name":"ni.abdi","@id":"https:\/\/territorialchallenges.com\/#\/schema\/person\/098f145c7c61a021c425e010f840080f"},"headline":"La souverainet\u00e9 num\u00e9rique en danger : le S\u00e9nat a sonn\u00e9 l&rsquo;alarme en 2014","datePublished":"2026-03-11T09:01:02+00:00","dateModified":"2026-03-11T09:04:21+00:00","mainEntityOfPage":{"@id":"https:\/\/territorialchallenges.com\/2026\/03\/11\/la-souverainete-numerique-en-danger-le-senat-a-sonne-lalarme-en-2014\/125615\/"},"wordCount":1534,"publisher":{"@id":"https:\/\/territorialchallenges.com\/#organization"},"articleSection":["M\u00e9moire"],"inLanguage":"pt-PT"},{"@type":"WebPage","@id":"https:\/\/territorialchallenges.com\/2026\/03\/11\/la-souverainete-numerique-en-danger-le-senat-a-sonne-lalarme-en-2014\/125615\/","url":"https:\/\/territorialchallenges.com\/2026\/03\/11\/la-souverainete-numerique-en-danger-le-senat-a-sonne-lalarme-en-2014\/125615\/","name":"La souverainet\u00e9 num\u00e9rique en danger : le S\u00e9nat a sonn\u00e9 l'alarme en 2014 - Territorial Challenges","isPartOf":{"@id":"https:\/\/territorialchallenges.com\/#website"},"datePublished":"2026-03-11T09:01:02+00:00","dateModified":"2026-03-11T09:04:21+00:00","breadcrumb":{"@id":"https:\/\/territorialchallenges.com\/2026\/03\/11\/la-souverainete-numerique-en-danger-le-senat-a-sonne-lalarme-en-2014\/125615\/#breadcrumb"},"inLanguage":"pt-PT","potentialAction":[{"@type":"ReadAction","target":["https:\/\/territorialchallenges.com\/2026\/03\/11\/la-souverainete-numerique-en-danger-le-senat-a-sonne-lalarme-en-2014\/125615\/"]}]},{"@type":"BreadcrumbList","@id":"https:\/\/territorialchallenges.com\/2026\/03\/11\/la-souverainete-numerique-en-danger-le-senat-a-sonne-lalarme-en-2014\/125615\/#breadcrumb","itemListElement":[{"@type":"ListItem","position":1,"name":"Home","item":"https:\/\/territorialchallenges.com\/"},{"@type":"ListItem","position":2,"name":"La souverainet\u00e9 num\u00e9rique en danger : le S\u00e9nat a sonn\u00e9 l&rsquo;alarme en 2014"}]},{"@type":"WebSite","@id":"https:\/\/territorialchallenges.com\/#website","url":"https:\/\/territorialchallenges.com\/","name":"Desafios territoriais","description":"Monitoramento Internacional - Estrat\u00e9gias Inteligentes - Melhores Pr\u00e1ticas","publisher":{"@id":"https:\/\/territorialchallenges.com\/#organization"},"potentialAction":[{"@type":"SearchAction","target":{"@type":"EntryPoint","urlTemplate":"https:\/\/territorialchallenges.com\/?s={search_term_string}"},"query-input":"required name=search_term_string"}],"inLanguage":"pt-PT"},{"@type":"Organization","@id":"https:\/\/territorialchallenges.com\/#organization","name":"Desafios territoriais","url":"https:\/\/territorialchallenges.com\/","logo":{"@type":"ImageObject","inLanguage":"pt-PT","@id":"https:\/\/territorialchallenges.com\/#\/schema\/logo\/image\/","url":"https:\/\/territorialchallenges.com\/wp-content\/uploads\/2023\/10\/logo-1.png","contentUrl":"https:\/\/territorialchallenges.com\/wp-content\/uploads\/2023\/10\/logo-1.png","width":1832,"height":576,"caption":"Territorial Challenges"},"image":{"@id":"https:\/\/territorialchallenges.com\/#\/schema\/logo\/image\/"}},{"@type":"Person","@id":"https:\/\/territorialchallenges.com\/#\/schema\/person\/098f145c7c61a021c425e010f840080f","name":"ni.abdi","image":{"@type":"ImageObject","inLanguage":"pt-PT","@id":"https:\/\/territorialchallenges.com\/#\/schema\/person\/image\/","url":"https:\/\/secure.gravatar.com\/avatar\/2a2f2491f3c80039986ba989b1e4b510?s=96&d=identicon&r=g","contentUrl":"https:\/\/secure.gravatar.com\/avatar\/2a2f2491f3c80039986ba989b1e4b510?s=96&d=identicon&r=g","caption":"ni.abdi"},"sameAs":["https:\/\/twitter.com\/Ni.abdi"],"url":"https:\/\/territorialchallenges.com\/pt\/author\/ni-abdi\/"}]}},"_links":{"self":[{"href":"https:\/\/territorialchallenges.com\/pt\/wp-json\/wp\/v2\/posts\/125615"}],"collection":[{"href":"https:\/\/territorialchallenges.com\/pt\/wp-json\/wp\/v2\/posts"}],"about":[{"href":"https:\/\/territorialchallenges.com\/pt\/wp-json\/wp\/v2\/types\/post"}],"author":[{"embeddable":true,"href":"https:\/\/territorialchallenges.com\/pt\/wp-json\/wp\/v2\/users\/11"}],"replies":[{"embeddable":true,"href":"https:\/\/territorialchallenges.com\/pt\/wp-json\/wp\/v2\/comments?post=125615"}],"version-history":[{"count":2,"href":"https:\/\/territorialchallenges.com\/pt\/wp-json\/wp\/v2\/posts\/125615\/revisions"}],"predecessor-version":[{"id":125619,"href":"https:\/\/territorialchallenges.com\/pt\/wp-json\/wp\/v2\/posts\/125615\/revisions\/125619"}],"wp:featuredmedia":[{"embeddable":true,"href":"https:\/\/territorialchallenges.com\/pt\/wp-json\/wp\/v2\/media\/125616"}],"wp:attachment":[{"href":"https:\/\/territorialchallenges.com\/pt\/wp-json\/wp\/v2\/media?parent=125615"}],"wp:term":[{"taxonomy":"category","embeddable":true,"href":"https:\/\/territorialchallenges.com\/pt\/wp-json\/wp\/v2\/categories?post=125615"},{"taxonomy":"post_tag","embeddable":true,"href":"https:\/\/territorialchallenges.com\/pt\/wp-json\/wp\/v2\/tags?post=125615"}],"curies":[{"name":"wp","href":"https:\/\/api.w.org\/{rel}","templated":true}]}}