{"id":124294,"date":"2025-04-24T21:47:16","date_gmt":"2025-04-24T19:47:16","guid":{"rendered":"https:\/\/territorialchallenges.com\/?p=124294"},"modified":"2025-04-24T21:47:18","modified_gmt":"2025-04-24T19:47:18","slug":"la-chine-devoile-son-futur-modele-de-ville-intelligente-a-lexposition-universelle-2025","status":"publish","type":"post","link":"https:\/\/territorialchallenges.com\/pt\/2025\/04\/24\/la-chine-devoile-son-futur-modele-de-ville-intelligente-a-lexposition-universelle-2025\/124294\/","title":{"rendered":"China revela seu futuro modelo de cidade inteligente na Expo 2025"},"content":{"rendered":"<p>O CEEC apresenta sua vis\u00e3o para uma urbaniza\u00e7\u00e3o sustent\u00e1vel e conectada em Osaka, integrando oito redes essenciais para cidades habit\u00e1veis e resilientes. A Expo 2025, realizada em Osaka sob o tema &quot;Projetando a Sociedade do Amanh\u00e3 para Nossas Vidas&quot;, \u00e9 uma oportunidade para mais de 150 pa\u00edses, regi\u00f5es e organiza\u00e7\u00f5es internacionais\u2026 <\/p>\n<div class=\"pmpro_content_message\">Artigo dispon\u00edvel somente para assinantes.<br \/><a href=\"https:\/\/territorialchallenges.com\/wp-login.php\">Conecte-se<\/a><br \/><a href=\"https:\/\/territorialchallenges.com\/pt\/wp-login.php\/?action=register\">Registrar<\/a><\/div>","protected":false},"excerpt":{"rendered":"<p>Le CEEC pr\u00e9sente \u00e0 Osaka sa vision d&rsquo;une urbanisation durable et connect\u00e9e, int\u00e9grant huit r\u00e9seaux essentiels pour des villes vivables et r\u00e9silientes. L\u2019Exposition universelle 2025, qui se tient \u00e0 Osaka sous le th\u00e8me \u00ab Concevoir la soci\u00e9t\u00e9 de demain pour nos vies \u00bb, est l\u2019occasion pour plus de 150 pays, r\u00e9gions et organisations internationales de... <\/p>\n<div class=\"pmpro_content_message\">Artigo dispon\u00edvel somente para assinantes.<br \/><a href=\"https:\/\/territorialchallenges.com\/wp-login.php\">Conecte-se<\/a><br \/><a href=\"https:\/\/territorialchallenges.com\/pt\/wp-login.php\/?action=register\">Registrar<\/a><\/div>","protected":false},"author":11,"featured_media":124295,"comment_status":"closed","ping_status":"closed","sticky":true,"template":"","format":"standard","meta":{"pmpro_default_level":0,"footnotes":""},"categories":[19,124],"tags":[],"blocksy_meta":"","yoast_head":"<!-- This site is optimized with the Yoast SEO plugin v21.5 - https:\/\/yoast.com\/wordpress\/plugins\/seo\/ -->\n<title>La Chine d\u00e9voile son futur mod\u00e8le de ville intelligente \u00e0 l\u2019Exposition universelle 2025 - Territorial Challenges<\/title>\n<meta name=\"robots\" content=\"index, follow, max-snippet:-1, max-image-preview:large, max-video-preview:-1\" \/>\n<link rel=\"canonical\" href=\"https:\/\/territorialchallenges.com\/pt\/2025\/04\/24\/la-chine-devoile-son-futur-modele-de-ville-intelligente-a-lexposition-universelle-2025\/124294\/\" \/>\n<meta property=\"og:locale\" content=\"pt_PT\" \/>\n<meta property=\"og:type\" content=\"article\" \/>\n<meta property=\"og:title\" content=\"La Chine d\u00e9voile son futur mod\u00e8le de ville intelligente \u00e0 l\u2019Exposition universelle 2025 - Territorial Challenges\" \/>\n<meta property=\"og:description\" content=\"Le CEEC pr\u00e9sente \u00e0 Osaka sa vision d&rsquo;une urbanisation durable et connect\u00e9e, int\u00e9grant huit r\u00e9seaux essentiels pour des villes vivables et r\u00e9silientes. L\u2019Exposition universelle 2025, qui se tient \u00e0 Osaka sous le th\u00e8me \u00ab Concevoir la soci\u00e9t\u00e9 de demain pour nos vies \u00bb, est l\u2019occasion pour plus de 150 pays, r\u00e9gions et organisations internationales de [&hellip;]\" \/>\n<meta property=\"og:url\" content=\"https:\/\/territorialchallenges.com\/pt\/2025\/04\/24\/la-chine-devoile-son-futur-modele-de-ville-intelligente-a-lexposition-universelle-2025\/124294\/\" \/>\n<meta property=\"og:site_name\" content=\"Territorial Challenges\" \/>\n<meta property=\"article:published_time\" content=\"2025-04-24T19:47:16+00:00\" \/>\n<meta property=\"article:modified_time\" content=\"2025-04-24T19:47:18+00:00\" \/>\n<meta property=\"og:image\" content=\"https:\/\/territorialchallenges.com\/wp-content\/uploads\/2025\/04\/territoiresintelligents22.04.25.Image_.jpeg\" \/>\n\t<meta property=\"og:image:width\" content=\"600\" \/>\n\t<meta property=\"og:image:height\" content=\"450\" \/>\n\t<meta property=\"og:image:type\" content=\"image\/jpeg\" \/>\n<meta name=\"author\" content=\"ni.abdi\" \/>\n<meta name=\"twitter:card\" content=\"summary_large_image\" \/>\n<meta name=\"twitter:creator\" content=\"@Ni.abdi\" \/>\n<meta name=\"twitter:label1\" content=\"Escrito por\" \/>\n\t<meta name=\"twitter:data1\" content=\"ni.abdi\" \/>\n\t<meta name=\"twitter:label2\" content=\"Tempo estimado de leitura\" \/>\n\t<meta name=\"twitter:data2\" content=\"4 minutos\" \/>\n<script type=\"application\/ld+json\" class=\"yoast-schema-graph\">{\"@context\":\"https:\/\/schema.org\",\"@graph\":[{\"@type\":\"Article\",\"@id\":\"https:\/\/territorialchallenges.com\/2025\/04\/24\/la-chine-devoile-son-futur-modele-de-ville-intelligente-a-lexposition-universelle-2025\/124294\/#article\",\"isPartOf\":{\"@id\":\"https:\/\/territorialchallenges.com\/2025\/04\/24\/la-chine-devoile-son-futur-modele-de-ville-intelligente-a-lexposition-universelle-2025\/124294\/\"},\"author\":{\"name\":\"ni.abdi\",\"@id\":\"https:\/\/territorialchallenges.com\/#\/schema\/person\/098f145c7c61a021c425e010f840080f\"},\"headline\":\"La Chine d\u00e9voile son futur mod\u00e8le de ville intelligente \u00e0 l\u2019Exposition universelle 2025\",\"datePublished\":\"2025-04-24T19:47:16+00:00\",\"dateModified\":\"2025-04-24T19:47:18+00:00\",\"mainEntityOfPage\":{\"@id\":\"https:\/\/territorialchallenges.com\/2025\/04\/24\/la-chine-devoile-son-futur-modele-de-ville-intelligente-a-lexposition-universelle-2025\/124294\/\"},\"wordCount\":741,\"publisher\":{\"@id\":\"https:\/\/territorialchallenges.com\/#organization\"},\"articleSection\":[\"Territoires Intelligents\",\"Actualit\u00e9 internationale\"],\"inLanguage\":\"pt-PT\"},{\"@type\":\"WebPage\",\"@id\":\"https:\/\/territorialchallenges.com\/2025\/04\/24\/la-chine-devoile-son-futur-modele-de-ville-intelligente-a-lexposition-universelle-2025\/124294\/\",\"url\":\"https:\/\/territorialchallenges.com\/2025\/04\/24\/la-chine-devoile-son-futur-modele-de-ville-intelligente-a-lexposition-universelle-2025\/124294\/\",\"name\":\"La Chine d\u00e9voile son futur mod\u00e8le de ville intelligente \u00e0 l\u2019Exposition universelle 2025 - Territorial Challenges\",\"isPartOf\":{\"@id\":\"https:\/\/territorialchallenges.com\/#website\"},\"datePublished\":\"2025-04-24T19:47:16+00:00\",\"dateModified\":\"2025-04-24T19:47:18+00:00\",\"breadcrumb\":{\"@id\":\"https:\/\/territorialchallenges.com\/2025\/04\/24\/la-chine-devoile-son-futur-modele-de-ville-intelligente-a-lexposition-universelle-2025\/124294\/#breadcrumb\"},\"inLanguage\":\"pt-PT\",\"potentialAction\":[{\"@type\":\"ReadAction\",\"target\":[\"https:\/\/territorialchallenges.com\/2025\/04\/24\/la-chine-devoile-son-futur-modele-de-ville-intelligente-a-lexposition-universelle-2025\/124294\/\"]}]},{\"@type\":\"BreadcrumbList\",\"@id\":\"https:\/\/territorialchallenges.com\/2025\/04\/24\/la-chine-devoile-son-futur-modele-de-ville-intelligente-a-lexposition-universelle-2025\/124294\/#breadcrumb\",\"itemListElement\":[{\"@type\":\"ListItem\",\"position\":1,\"name\":\"Home\",\"item\":\"https:\/\/territorialchallenges.com\/\"},{\"@type\":\"ListItem\",\"position\":2,\"name\":\"La Chine d\u00e9voile son futur mod\u00e8le de ville intelligente \u00e0 l\u2019Exposition universelle 2025\"}]},{\"@type\":\"WebSite\",\"@id\":\"https:\/\/territorialchallenges.com\/#website\",\"url\":\"https:\/\/territorialchallenges.com\/\",\"name\":\"Territorial Challenges\",\"description\":\"Veille Internationale - Strat\u00e9gie Intelligentes - Bonnes pratiques\",\"publisher\":{\"@id\":\"https:\/\/territorialchallenges.com\/#organization\"},\"potentialAction\":[{\"@type\":\"SearchAction\",\"target\":{\"@type\":\"EntryPoint\",\"urlTemplate\":\"https:\/\/territorialchallenges.com\/?s={search_term_string}\"},\"query-input\":\"required name=search_term_string\"}],\"inLanguage\":\"pt-PT\"},{\"@type\":\"Organization\",\"@id\":\"https:\/\/territorialchallenges.com\/#organization\",\"name\":\"Territorial Challenges\",\"url\":\"https:\/\/territorialchallenges.com\/\",\"logo\":{\"@type\":\"ImageObject\",\"inLanguage\":\"pt-PT\",\"@id\":\"https:\/\/territorialchallenges.com\/#\/schema\/logo\/image\/\",\"url\":\"https:\/\/territorialchallenges.com\/wp-content\/uploads\/2023\/10\/logo-1.png\",\"contentUrl\":\"https:\/\/territorialchallenges.com\/wp-content\/uploads\/2023\/10\/logo-1.png\",\"width\":1832,\"height\":576,\"caption\":\"Territorial Challenges\"},\"image\":{\"@id\":\"https:\/\/territorialchallenges.com\/#\/schema\/logo\/image\/\"}},{\"@type\":\"Person\",\"@id\":\"https:\/\/territorialchallenges.com\/#\/schema\/person\/098f145c7c61a021c425e010f840080f\",\"name\":\"ni.abdi\",\"image\":{\"@type\":\"ImageObject\",\"inLanguage\":\"pt-PT\",\"@id\":\"https:\/\/territorialchallenges.com\/#\/schema\/person\/image\/\",\"url\":\"https:\/\/secure.gravatar.com\/avatar\/2a2f2491f3c80039986ba989b1e4b510?s=96&d=identicon&r=g\",\"contentUrl\":\"https:\/\/secure.gravatar.com\/avatar\/2a2f2491f3c80039986ba989b1e4b510?s=96&d=identicon&r=g\",\"caption\":\"ni.abdi\"},\"sameAs\":[\"https:\/\/twitter.com\/Ni.abdi\"],\"url\":\"https:\/\/territorialchallenges.com\/pt\/author\/ni-abdi\/\"}]}<\/script>\n<!-- \/ Yoast SEO plugin. -->","yoast_head_json":{"title":"La Chine d\u00e9voile son futur mod\u00e8le de ville intelligente \u00e0 l\u2019Exposition universelle 2025 - Territorial Challenges","robots":{"index":"index","follow":"follow","max-snippet":"max-snippet:-1","max-image-preview":"max-image-preview:large","max-video-preview":"max-video-preview:-1"},"canonical":"https:\/\/territorialchallenges.com\/pt\/2025\/04\/24\/la-chine-devoile-son-futur-modele-de-ville-intelligente-a-lexposition-universelle-2025\/124294\/","og_locale":"pt_PT","og_type":"article","og_title":"La Chine d\u00e9voile son futur mod\u00e8le de ville intelligente \u00e0 l\u2019Exposition universelle 2025 - Territorial Challenges","og_description":"Le CEEC pr\u00e9sente \u00e0 Osaka sa vision d&rsquo;une urbanisation durable et connect\u00e9e, int\u00e9grant huit r\u00e9seaux essentiels pour des villes vivables et r\u00e9silientes. L\u2019Exposition universelle 2025, qui se tient \u00e0 Osaka sous le th\u00e8me \u00ab Concevoir la soci\u00e9t\u00e9 de demain pour nos vies \u00bb, est l\u2019occasion pour plus de 150 pays, r\u00e9gions et organisations internationales de [&hellip;]","og_url":"https:\/\/territorialchallenges.com\/pt\/2025\/04\/24\/la-chine-devoile-son-futur-modele-de-ville-intelligente-a-lexposition-universelle-2025\/124294\/","og_site_name":"Territorial Challenges","article_published_time":"2025-04-24T19:47:16+00:00","article_modified_time":"2025-04-24T19:47:18+00:00","og_image":[{"width":600,"height":450,"url":"https:\/\/territorialchallenges.com\/wp-content\/uploads\/2025\/04\/territoiresintelligents22.04.25.Image_.jpeg","type":"image\/jpeg"}],"author":"ni.abdi","twitter_card":"summary_large_image","twitter_creator":"@Ni.abdi","twitter_misc":{"Escrito por":"ni.abdi","Tempo estimado de leitura":"4 minutos"},"schema":{"@context":"https:\/\/schema.org","@graph":[{"@type":"Article","@id":"https:\/\/territorialchallenges.com\/2025\/04\/24\/la-chine-devoile-son-futur-modele-de-ville-intelligente-a-lexposition-universelle-2025\/124294\/#article","isPartOf":{"@id":"https:\/\/territorialchallenges.com\/2025\/04\/24\/la-chine-devoile-son-futur-modele-de-ville-intelligente-a-lexposition-universelle-2025\/124294\/"},"author":{"name":"ni.abdi","@id":"https:\/\/territorialchallenges.com\/#\/schema\/person\/098f145c7c61a021c425e010f840080f"},"headline":"La Chine d\u00e9voile son futur mod\u00e8le de ville intelligente \u00e0 l\u2019Exposition universelle 2025","datePublished":"2025-04-24T19:47:16+00:00","dateModified":"2025-04-24T19:47:18+00:00","mainEntityOfPage":{"@id":"https:\/\/territorialchallenges.com\/2025\/04\/24\/la-chine-devoile-son-futur-modele-de-ville-intelligente-a-lexposition-universelle-2025\/124294\/"},"wordCount":741,"publisher":{"@id":"https:\/\/territorialchallenges.com\/#organization"},"articleSection":["Territoires Intelligents","Actualit\u00e9 internationale"],"inLanguage":"pt-PT"},{"@type":"WebPage","@id":"https:\/\/territorialchallenges.com\/2025\/04\/24\/la-chine-devoile-son-futur-modele-de-ville-intelligente-a-lexposition-universelle-2025\/124294\/","url":"https:\/\/territorialchallenges.com\/2025\/04\/24\/la-chine-devoile-son-futur-modele-de-ville-intelligente-a-lexposition-universelle-2025\/124294\/","name":"La Chine d\u00e9voile son futur mod\u00e8le de ville intelligente \u00e0 l\u2019Exposition universelle 2025 - Territorial Challenges","isPartOf":{"@id":"https:\/\/territorialchallenges.com\/#website"},"datePublished":"2025-04-24T19:47:16+00:00","dateModified":"2025-04-24T19:47:18+00:00","breadcrumb":{"@id":"https:\/\/territorialchallenges.com\/2025\/04\/24\/la-chine-devoile-son-futur-modele-de-ville-intelligente-a-lexposition-universelle-2025\/124294\/#breadcrumb"},"inLanguage":"pt-PT","potentialAction":[{"@type":"ReadAction","target":["https:\/\/territorialchallenges.com\/2025\/04\/24\/la-chine-devoile-son-futur-modele-de-ville-intelligente-a-lexposition-universelle-2025\/124294\/"]}]},{"@type":"BreadcrumbList","@id":"https:\/\/territorialchallenges.com\/2025\/04\/24\/la-chine-devoile-son-futur-modele-de-ville-intelligente-a-lexposition-universelle-2025\/124294\/#breadcrumb","itemListElement":[{"@type":"ListItem","position":1,"name":"Home","item":"https:\/\/territorialchallenges.com\/"},{"@type":"ListItem","position":2,"name":"La Chine d\u00e9voile son futur mod\u00e8le de ville intelligente \u00e0 l\u2019Exposition universelle 2025"}]},{"@type":"WebSite","@id":"https:\/\/territorialchallenges.com\/#website","url":"https:\/\/territorialchallenges.com\/","name":"Desafios territoriais","description":"Monitoramento Internacional - Estrat\u00e9gias Inteligentes - Melhores Pr\u00e1ticas","publisher":{"@id":"https:\/\/territorialchallenges.com\/#organization"},"potentialAction":[{"@type":"SearchAction","target":{"@type":"EntryPoint","urlTemplate":"https:\/\/territorialchallenges.com\/?s={search_term_string}"},"query-input":"required name=search_term_string"}],"inLanguage":"pt-PT"},{"@type":"Organization","@id":"https:\/\/territorialchallenges.com\/#organization","name":"Desafios territoriais","url":"https:\/\/territorialchallenges.com\/","logo":{"@type":"ImageObject","inLanguage":"pt-PT","@id":"https:\/\/territorialchallenges.com\/#\/schema\/logo\/image\/","url":"https:\/\/territorialchallenges.com\/wp-content\/uploads\/2023\/10\/logo-1.png","contentUrl":"https:\/\/territorialchallenges.com\/wp-content\/uploads\/2023\/10\/logo-1.png","width":1832,"height":576,"caption":"Territorial Challenges"},"image":{"@id":"https:\/\/territorialchallenges.com\/#\/schema\/logo\/image\/"}},{"@type":"Person","@id":"https:\/\/territorialchallenges.com\/#\/schema\/person\/098f145c7c61a021c425e010f840080f","name":"ni.abdi","image":{"@type":"ImageObject","inLanguage":"pt-PT","@id":"https:\/\/territorialchallenges.com\/#\/schema\/person\/image\/","url":"https:\/\/secure.gravatar.com\/avatar\/2a2f2491f3c80039986ba989b1e4b510?s=96&d=identicon&r=g","contentUrl":"https:\/\/secure.gravatar.com\/avatar\/2a2f2491f3c80039986ba989b1e4b510?s=96&d=identicon&r=g","caption":"ni.abdi"},"sameAs":["https:\/\/twitter.com\/Ni.abdi"],"url":"https:\/\/territorialchallenges.com\/pt\/author\/ni-abdi\/"}]}},"_links":{"self":[{"href":"https:\/\/territorialchallenges.com\/pt\/wp-json\/wp\/v2\/posts\/124294"}],"collection":[{"href":"https:\/\/territorialchallenges.com\/pt\/wp-json\/wp\/v2\/posts"}],"about":[{"href":"https:\/\/territorialchallenges.com\/pt\/wp-json\/wp\/v2\/types\/post"}],"author":[{"embeddable":true,"href":"https:\/\/territorialchallenges.com\/pt\/wp-json\/wp\/v2\/users\/11"}],"replies":[{"embeddable":true,"href":"https:\/\/territorialchallenges.com\/pt\/wp-json\/wp\/v2\/comments?post=124294"}],"version-history":[{"count":1,"href":"https:\/\/territorialchallenges.com\/pt\/wp-json\/wp\/v2\/posts\/124294\/revisions"}],"predecessor-version":[{"id":124296,"href":"https:\/\/territorialchallenges.com\/pt\/wp-json\/wp\/v2\/posts\/124294\/revisions\/124296"}],"wp:featuredmedia":[{"embeddable":true,"href":"https:\/\/territorialchallenges.com\/pt\/wp-json\/wp\/v2\/media\/124295"}],"wp:attachment":[{"href":"https:\/\/territorialchallenges.com\/pt\/wp-json\/wp\/v2\/media?parent=124294"}],"wp:term":[{"taxonomy":"category","embeddable":true,"href":"https:\/\/territorialchallenges.com\/pt\/wp-json\/wp\/v2\/categories?post=124294"},{"taxonomy":"post_tag","embeddable":true,"href":"https:\/\/territorialchallenges.com\/pt\/wp-json\/wp\/v2\/tags?post=124294"}],"curies":[{"name":"wp","href":"https:\/\/api.w.org\/{rel}","templated":true}]}}