{"id":124224,"date":"2025-04-10T21:03:39","date_gmt":"2025-04-10T19:03:39","guid":{"rendered":"https:\/\/territorialchallenges.com\/?p=124224"},"modified":"2025-04-10T21:03:40","modified_gmt":"2025-04-10T19:03:40","slug":"seville-et-hanovre-poles-dinnovation-pour-une-mobilite-urbaine-durable","status":"publish","type":"post","link":"https:\/\/territorialchallenges.com\/pt\/2025\/04\/10\/seville-et-hanovre-poles-dinnovation-pour-une-mobilite-urbaine-durable\/124224\/","title":{"rendered":"Sevilha e Hannover: polos de inova\u00e7\u00e3o para a mobilidade urbana sustent\u00e1vel"},"content":{"rendered":"<p>Sevilha e Hanover est\u00e3o embarcando em uma colabora\u00e7\u00e3o ambiciosa com o Laborat\u00f3rio de Transi\u00e7\u00f5es Urbanas Sustent\u00e1veis para otimizar sua infraestrutura de transporte p\u00fablico. Esta parceria visa fortalecer o investimento em transporte p\u00fablico e integrar solu\u00e7\u00f5es de mobilidade inovadoras, marcando um passo crucial rumo a cidades mais sustent\u00e1veis e resilientes. Sevilha, a quarta maior cidade do mundo, \u00e9\u2026 <\/p>\n<div class=\"pmpro_content_message\">Artigo dispon\u00edvel somente para assinantes.<br \/><a href=\"https:\/\/territorialchallenges.com\/wp-login.php\">Conecte-se<\/a><br \/><a href=\"https:\/\/territorialchallenges.com\/pt\/wp-login.php\/?action=register\">Registrar<\/a><\/div>","protected":false},"excerpt":{"rendered":"<p>S\u00e9ville et Hanovre s&rsquo;engagent dans une collaboration ambitieuse avec le Sustainable Urban Transitions Lab pour optimiser leurs infrastructures de transport en commun. Ce partenariat vise \u00e0 renforcer les investissements dans les transports publics et \u00e0 int\u00e9grer des solutions de mobilit\u00e9 innovantes, marquant une \u00e9tape cruciale vers des villes plus durables et r\u00e9silientes. S\u00e9ville, quatri\u00e8me plus... <\/p>\n<div class=\"pmpro_content_message\">Artigo dispon\u00edvel somente para assinantes.<br \/><a href=\"https:\/\/territorialchallenges.com\/wp-login.php\">Conecte-se<\/a><br \/><a href=\"https:\/\/territorialchallenges.com\/pt\/wp-login.php\/?action=register\">Registrar<\/a><\/div>","protected":false},"author":11,"featured_media":124225,"comment_status":"closed","ping_status":"closed","sticky":true,"template":"","format":"standard","meta":{"pmpro_default_level":0,"footnotes":""},"categories":[120,117],"tags":[],"blocksy_meta":"","yoast_head":"<!-- This site is optimized with the Yoast SEO plugin v21.5 - https:\/\/yoast.com\/wordpress\/plugins\/seo\/ -->\n<title>S\u00e9ville et Hanovre : p\u00f4les d&#039;innovation pour une mobilit\u00e9 urbaine durable - Territorial Challenges<\/title>\n<meta name=\"robots\" content=\"index, follow, max-snippet:-1, max-image-preview:large, max-video-preview:-1\" \/>\n<link rel=\"canonical\" href=\"https:\/\/territorialchallenges.com\/pt\/2025\/04\/10\/seville-et-hanovre-poles-dinnovation-pour-une-mobilite-urbaine-durable\/124224\/\" \/>\n<meta property=\"og:locale\" content=\"pt_PT\" \/>\n<meta property=\"og:type\" content=\"article\" \/>\n<meta property=\"og:title\" content=\"S\u00e9ville et Hanovre : p\u00f4les d&#039;innovation pour une mobilit\u00e9 urbaine durable - Territorial Challenges\" \/>\n<meta property=\"og:description\" content=\"S\u00e9ville et Hanovre s&rsquo;engagent dans une collaboration ambitieuse avec le Sustainable Urban Transitions Lab pour optimiser leurs infrastructures de transport en commun. Ce partenariat vise \u00e0 renforcer les investissements dans les transports publics et \u00e0 int\u00e9grer des solutions de mobilit\u00e9 innovantes, marquant une \u00e9tape cruciale vers des villes plus durables et r\u00e9silientes. S\u00e9ville, quatri\u00e8me plus [&hellip;]\" \/>\n<meta property=\"og:url\" content=\"https:\/\/territorialchallenges.com\/pt\/2025\/04\/10\/seville-et-hanovre-poles-dinnovation-pour-une-mobilite-urbaine-durable\/124224\/\" \/>\n<meta property=\"og:site_name\" content=\"Territorial Challenges\" \/>\n<meta property=\"article:published_time\" content=\"2025-04-10T19:03:39+00:00\" \/>\n<meta property=\"article:modified_time\" content=\"2025-04-10T19:03:40+00:00\" \/>\n<meta property=\"og:image\" content=\"https:\/\/territorialchallenges.com\/wp-content\/uploads\/2025\/04\/ilsestpassea8.04.25.Image_.jpg\" \/>\n\t<meta property=\"og:image:width\" content=\"1280\" \/>\n\t<meta property=\"og:image:height\" content=\"847\" \/>\n\t<meta property=\"og:image:type\" content=\"image\/jpeg\" \/>\n<meta name=\"author\" content=\"ni.abdi\" \/>\n<meta name=\"twitter:card\" content=\"summary_large_image\" \/>\n<meta name=\"twitter:creator\" content=\"@Ni.abdi\" \/>\n<meta name=\"twitter:label1\" content=\"Escrito por\" \/>\n\t<meta name=\"twitter:data1\" content=\"ni.abdi\" \/>\n\t<meta name=\"twitter:label2\" content=\"Tempo estimado de leitura\" \/>\n\t<meta name=\"twitter:data2\" content=\"3 minutos\" \/>\n<script type=\"application\/ld+json\" class=\"yoast-schema-graph\">{\"@context\":\"https:\/\/schema.org\",\"@graph\":[{\"@type\":\"Article\",\"@id\":\"https:\/\/territorialchallenges.com\/2025\/04\/10\/seville-et-hanovre-poles-dinnovation-pour-une-mobilite-urbaine-durable\/124224\/#article\",\"isPartOf\":{\"@id\":\"https:\/\/territorialchallenges.com\/2025\/04\/10\/seville-et-hanovre-poles-dinnovation-pour-une-mobilite-urbaine-durable\/124224\/\"},\"author\":{\"name\":\"ni.abdi\",\"@id\":\"https:\/\/territorialchallenges.com\/#\/schema\/person\/098f145c7c61a021c425e010f840080f\"},\"headline\":\"S\u00e9ville et Hanovre : p\u00f4les d&rsquo;innovation pour une mobilit\u00e9 urbaine durable\",\"datePublished\":\"2025-04-10T19:03:39+00:00\",\"dateModified\":\"2025-04-10T19:03:40+00:00\",\"mainEntityOfPage\":{\"@id\":\"https:\/\/territorialchallenges.com\/2025\/04\/10\/seville-et-hanovre-poles-dinnovation-pour-une-mobilite-urbaine-durable\/124224\/\"},\"wordCount\":533,\"publisher\":{\"@id\":\"https:\/\/territorialchallenges.com\/#organization\"},\"articleSection\":[\"Il s'est pass\u00e9 \u00e0\",\"\u00c9cosyst\u00e8me\"],\"inLanguage\":\"pt-PT\"},{\"@type\":\"WebPage\",\"@id\":\"https:\/\/territorialchallenges.com\/2025\/04\/10\/seville-et-hanovre-poles-dinnovation-pour-une-mobilite-urbaine-durable\/124224\/\",\"url\":\"https:\/\/territorialchallenges.com\/2025\/04\/10\/seville-et-hanovre-poles-dinnovation-pour-une-mobilite-urbaine-durable\/124224\/\",\"name\":\"S\u00e9ville et Hanovre : p\u00f4les d'innovation pour une mobilit\u00e9 urbaine durable - Territorial Challenges\",\"isPartOf\":{\"@id\":\"https:\/\/territorialchallenges.com\/#website\"},\"datePublished\":\"2025-04-10T19:03:39+00:00\",\"dateModified\":\"2025-04-10T19:03:40+00:00\",\"breadcrumb\":{\"@id\":\"https:\/\/territorialchallenges.com\/2025\/04\/10\/seville-et-hanovre-poles-dinnovation-pour-une-mobilite-urbaine-durable\/124224\/#breadcrumb\"},\"inLanguage\":\"pt-PT\",\"potentialAction\":[{\"@type\":\"ReadAction\",\"target\":[\"https:\/\/territorialchallenges.com\/2025\/04\/10\/seville-et-hanovre-poles-dinnovation-pour-une-mobilite-urbaine-durable\/124224\/\"]}]},{\"@type\":\"BreadcrumbList\",\"@id\":\"https:\/\/territorialchallenges.com\/2025\/04\/10\/seville-et-hanovre-poles-dinnovation-pour-une-mobilite-urbaine-durable\/124224\/#breadcrumb\",\"itemListElement\":[{\"@type\":\"ListItem\",\"position\":1,\"name\":\"Home\",\"item\":\"https:\/\/territorialchallenges.com\/\"},{\"@type\":\"ListItem\",\"position\":2,\"name\":\"S\u00e9ville et Hanovre : p\u00f4les d&rsquo;innovation pour une mobilit\u00e9 urbaine durable\"}]},{\"@type\":\"WebSite\",\"@id\":\"https:\/\/territorialchallenges.com\/#website\",\"url\":\"https:\/\/territorialchallenges.com\/\",\"name\":\"Territorial Challenges\",\"description\":\"Veille Internationale - Strat\u00e9gie Intelligentes - Bonnes pratiques\",\"publisher\":{\"@id\":\"https:\/\/territorialchallenges.com\/#organization\"},\"potentialAction\":[{\"@type\":\"SearchAction\",\"target\":{\"@type\":\"EntryPoint\",\"urlTemplate\":\"https:\/\/territorialchallenges.com\/?s={search_term_string}\"},\"query-input\":\"required name=search_term_string\"}],\"inLanguage\":\"pt-PT\"},{\"@type\":\"Organization\",\"@id\":\"https:\/\/territorialchallenges.com\/#organization\",\"name\":\"Territorial Challenges\",\"url\":\"https:\/\/territorialchallenges.com\/\",\"logo\":{\"@type\":\"ImageObject\",\"inLanguage\":\"pt-PT\",\"@id\":\"https:\/\/territorialchallenges.com\/#\/schema\/logo\/image\/\",\"url\":\"https:\/\/territorialchallenges.com\/wp-content\/uploads\/2023\/10\/logo-1.png\",\"contentUrl\":\"https:\/\/territorialchallenges.com\/wp-content\/uploads\/2023\/10\/logo-1.png\",\"width\":1832,\"height\":576,\"caption\":\"Territorial Challenges\"},\"image\":{\"@id\":\"https:\/\/territorialchallenges.com\/#\/schema\/logo\/image\/\"}},{\"@type\":\"Person\",\"@id\":\"https:\/\/territorialchallenges.com\/#\/schema\/person\/098f145c7c61a021c425e010f840080f\",\"name\":\"ni.abdi\",\"image\":{\"@type\":\"ImageObject\",\"inLanguage\":\"pt-PT\",\"@id\":\"https:\/\/territorialchallenges.com\/#\/schema\/person\/image\/\",\"url\":\"https:\/\/secure.gravatar.com\/avatar\/2a2f2491f3c80039986ba989b1e4b510?s=96&d=identicon&r=g\",\"contentUrl\":\"https:\/\/secure.gravatar.com\/avatar\/2a2f2491f3c80039986ba989b1e4b510?s=96&d=identicon&r=g\",\"caption\":\"ni.abdi\"},\"sameAs\":[\"https:\/\/twitter.com\/Ni.abdi\"],\"url\":\"https:\/\/territorialchallenges.com\/pt\/author\/ni-abdi\/\"}]}<\/script>\n<!-- \/ Yoast SEO plugin. -->","yoast_head_json":{"title":"S\u00e9ville et Hanovre : p\u00f4les d'innovation pour une mobilit\u00e9 urbaine durable - Territorial Challenges","robots":{"index":"index","follow":"follow","max-snippet":"max-snippet:-1","max-image-preview":"max-image-preview:large","max-video-preview":"max-video-preview:-1"},"canonical":"https:\/\/territorialchallenges.com\/pt\/2025\/04\/10\/seville-et-hanovre-poles-dinnovation-pour-une-mobilite-urbaine-durable\/124224\/","og_locale":"pt_PT","og_type":"article","og_title":"S\u00e9ville et Hanovre : p\u00f4les d'innovation pour une mobilit\u00e9 urbaine durable - Territorial Challenges","og_description":"S\u00e9ville et Hanovre s&rsquo;engagent dans une collaboration ambitieuse avec le Sustainable Urban Transitions Lab pour optimiser leurs infrastructures de transport en commun. Ce partenariat vise \u00e0 renforcer les investissements dans les transports publics et \u00e0 int\u00e9grer des solutions de mobilit\u00e9 innovantes, marquant une \u00e9tape cruciale vers des villes plus durables et r\u00e9silientes. S\u00e9ville, quatri\u00e8me plus [&hellip;]","og_url":"https:\/\/territorialchallenges.com\/pt\/2025\/04\/10\/seville-et-hanovre-poles-dinnovation-pour-une-mobilite-urbaine-durable\/124224\/","og_site_name":"Territorial Challenges","article_published_time":"2025-04-10T19:03:39+00:00","article_modified_time":"2025-04-10T19:03:40+00:00","og_image":[{"width":1280,"height":847,"url":"https:\/\/territorialchallenges.com\/wp-content\/uploads\/2025\/04\/ilsestpassea8.04.25.Image_.jpg","type":"image\/jpeg"}],"author":"ni.abdi","twitter_card":"summary_large_image","twitter_creator":"@Ni.abdi","twitter_misc":{"Escrito por":"ni.abdi","Tempo estimado de leitura":"3 minutos"},"schema":{"@context":"https:\/\/schema.org","@graph":[{"@type":"Article","@id":"https:\/\/territorialchallenges.com\/2025\/04\/10\/seville-et-hanovre-poles-dinnovation-pour-une-mobilite-urbaine-durable\/124224\/#article","isPartOf":{"@id":"https:\/\/territorialchallenges.com\/2025\/04\/10\/seville-et-hanovre-poles-dinnovation-pour-une-mobilite-urbaine-durable\/124224\/"},"author":{"name":"ni.abdi","@id":"https:\/\/territorialchallenges.com\/#\/schema\/person\/098f145c7c61a021c425e010f840080f"},"headline":"S\u00e9ville et Hanovre : p\u00f4les d&rsquo;innovation pour une mobilit\u00e9 urbaine durable","datePublished":"2025-04-10T19:03:39+00:00","dateModified":"2025-04-10T19:03:40+00:00","mainEntityOfPage":{"@id":"https:\/\/territorialchallenges.com\/2025\/04\/10\/seville-et-hanovre-poles-dinnovation-pour-une-mobilite-urbaine-durable\/124224\/"},"wordCount":533,"publisher":{"@id":"https:\/\/territorialchallenges.com\/#organization"},"articleSection":["Il s'est pass\u00e9 \u00e0","\u00c9cosyst\u00e8me"],"inLanguage":"pt-PT"},{"@type":"WebPage","@id":"https:\/\/territorialchallenges.com\/2025\/04\/10\/seville-et-hanovre-poles-dinnovation-pour-une-mobilite-urbaine-durable\/124224\/","url":"https:\/\/territorialchallenges.com\/2025\/04\/10\/seville-et-hanovre-poles-dinnovation-pour-une-mobilite-urbaine-durable\/124224\/","name":"S\u00e9ville et Hanovre : p\u00f4les d'innovation pour une mobilit\u00e9 urbaine durable - Territorial Challenges","isPartOf":{"@id":"https:\/\/territorialchallenges.com\/#website"},"datePublished":"2025-04-10T19:03:39+00:00","dateModified":"2025-04-10T19:03:40+00:00","breadcrumb":{"@id":"https:\/\/territorialchallenges.com\/2025\/04\/10\/seville-et-hanovre-poles-dinnovation-pour-une-mobilite-urbaine-durable\/124224\/#breadcrumb"},"inLanguage":"pt-PT","potentialAction":[{"@type":"ReadAction","target":["https:\/\/territorialchallenges.com\/2025\/04\/10\/seville-et-hanovre-poles-dinnovation-pour-une-mobilite-urbaine-durable\/124224\/"]}]},{"@type":"BreadcrumbList","@id":"https:\/\/territorialchallenges.com\/2025\/04\/10\/seville-et-hanovre-poles-dinnovation-pour-une-mobilite-urbaine-durable\/124224\/#breadcrumb","itemListElement":[{"@type":"ListItem","position":1,"name":"Home","item":"https:\/\/territorialchallenges.com\/"},{"@type":"ListItem","position":2,"name":"S\u00e9ville et Hanovre : p\u00f4les d&rsquo;innovation pour une mobilit\u00e9 urbaine durable"}]},{"@type":"WebSite","@id":"https:\/\/territorialchallenges.com\/#website","url":"https:\/\/territorialchallenges.com\/","name":"Desafios territoriais","description":"Monitoramento Internacional - Estrat\u00e9gias Inteligentes - Melhores Pr\u00e1ticas","publisher":{"@id":"https:\/\/territorialchallenges.com\/#organization"},"potentialAction":[{"@type":"SearchAction","target":{"@type":"EntryPoint","urlTemplate":"https:\/\/territorialchallenges.com\/?s={search_term_string}"},"query-input":"required name=search_term_string"}],"inLanguage":"pt-PT"},{"@type":"Organization","@id":"https:\/\/territorialchallenges.com\/#organization","name":"Desafios territoriais","url":"https:\/\/territorialchallenges.com\/","logo":{"@type":"ImageObject","inLanguage":"pt-PT","@id":"https:\/\/territorialchallenges.com\/#\/schema\/logo\/image\/","url":"https:\/\/territorialchallenges.com\/wp-content\/uploads\/2023\/10\/logo-1.png","contentUrl":"https:\/\/territorialchallenges.com\/wp-content\/uploads\/2023\/10\/logo-1.png","width":1832,"height":576,"caption":"Territorial Challenges"},"image":{"@id":"https:\/\/territorialchallenges.com\/#\/schema\/logo\/image\/"}},{"@type":"Person","@id":"https:\/\/territorialchallenges.com\/#\/schema\/person\/098f145c7c61a021c425e010f840080f","name":"ni.abdi","image":{"@type":"ImageObject","inLanguage":"pt-PT","@id":"https:\/\/territorialchallenges.com\/#\/schema\/person\/image\/","url":"https:\/\/secure.gravatar.com\/avatar\/2a2f2491f3c80039986ba989b1e4b510?s=96&d=identicon&r=g","contentUrl":"https:\/\/secure.gravatar.com\/avatar\/2a2f2491f3c80039986ba989b1e4b510?s=96&d=identicon&r=g","caption":"ni.abdi"},"sameAs":["https:\/\/twitter.com\/Ni.abdi"],"url":"https:\/\/territorialchallenges.com\/pt\/author\/ni-abdi\/"}]}},"_links":{"self":[{"href":"https:\/\/territorialchallenges.com\/pt\/wp-json\/wp\/v2\/posts\/124224"}],"collection":[{"href":"https:\/\/territorialchallenges.com\/pt\/wp-json\/wp\/v2\/posts"}],"about":[{"href":"https:\/\/territorialchallenges.com\/pt\/wp-json\/wp\/v2\/types\/post"}],"author":[{"embeddable":true,"href":"https:\/\/territorialchallenges.com\/pt\/wp-json\/wp\/v2\/users\/11"}],"replies":[{"embeddable":true,"href":"https:\/\/territorialchallenges.com\/pt\/wp-json\/wp\/v2\/comments?post=124224"}],"version-history":[{"count":1,"href":"https:\/\/territorialchallenges.com\/pt\/wp-json\/wp\/v2\/posts\/124224\/revisions"}],"predecessor-version":[{"id":124226,"href":"https:\/\/territorialchallenges.com\/pt\/wp-json\/wp\/v2\/posts\/124224\/revisions\/124226"}],"wp:featuredmedia":[{"embeddable":true,"href":"https:\/\/territorialchallenges.com\/pt\/wp-json\/wp\/v2\/media\/124225"}],"wp:attachment":[{"href":"https:\/\/territorialchallenges.com\/pt\/wp-json\/wp\/v2\/media?parent=124224"}],"wp:term":[{"taxonomy":"category","embeddable":true,"href":"https:\/\/territorialchallenges.com\/pt\/wp-json\/wp\/v2\/categories?post=124224"},{"taxonomy":"post_tag","embeddable":true,"href":"https:\/\/territorialchallenges.com\/pt\/wp-json\/wp\/v2\/tags?post=124224"}],"curies":[{"name":"wp","href":"https:\/\/api.w.org\/{rel}","templated":true}]}}