{"id":124211,"date":"2025-04-10T20:26:11","date_gmt":"2025-04-10T18:26:11","guid":{"rendered":"https:\/\/territorialchallenges.com\/?p=124211"},"modified":"2025-04-10T20:26:12","modified_gmt":"2025-04-10T18:26:12","slug":"santo-andre-une-ville-bresilienne-connectee-en-pleine-transformation","status":"publish","type":"post","link":"https:\/\/territorialchallenges.com\/pt\/2025\/04\/10\/santo-andre-une-ville-bresilienne-connectee-en-pleine-transformation\/124211\/","title":{"rendered":"Santo Andr\u00e9: Uma cidade brasileira conectada e em plena transforma\u00e7\u00e3o"},"content":{"rendered":"<p>Santo Andr\u00e9, localizada na regi\u00e3o metropolitana de S\u00e3o Paulo, prepara-se para se tornar refer\u00eancia em cidades inteligentes sob a lideran\u00e7a de seu jovem prefeito, Gilvan Junior. Com apenas 32 anos, ele est\u00e1 determinado a transformar o munic\u00edpio em um modelo de tecnologia e sustentabilidade. Em abril, Santo Andr\u00e9, com uma popula\u00e7\u00e3o de 748.919 habitantes, inaugurar\u00e1\u2026 <\/p>\n<div class=\"pmpro_content_message\">Artigo dispon\u00edvel somente para assinantes.<br \/><a href=\"https:\/\/territorialchallenges.com\/wp-login.php\">Conecte-se<\/a><br \/><a href=\"https:\/\/territorialchallenges.com\/pt\/wp-login.php\/?action=register\">Registrar<\/a><\/div>","protected":false},"excerpt":{"rendered":"<p>Santo Andr\u00e9, situ\u00e9e dans la r\u00e9gion m\u00e9tropolitaine de S\u00e3o Paulo, se pr\u00e9pare \u00e0 devenir une r\u00e9f\u00e9rence en mati\u00e8re de ville intelligente sous l&rsquo;impulsion de son jeune maire, Gilvan Junior. \u00c0 seulement 32 ans, il est d\u00e9termin\u00e9 \u00e0 transformer la municipalit\u00e9 en un mod\u00e8le de technologie et de durabilit\u00e9. En avril, Santo Andr\u00e9, 748\u202f919 habitants, inaugurera... <\/p>\n<div class=\"pmpro_content_message\">Artigo dispon\u00edvel somente para assinantes.<br \/><a href=\"https:\/\/territorialchallenges.com\/wp-login.php\">Conecte-se<\/a><br \/><a href=\"https:\/\/territorialchallenges.com\/pt\/wp-login.php\/?action=register\">Registrar<\/a><\/div>","protected":false},"author":11,"featured_media":124212,"comment_status":"closed","ping_status":"closed","sticky":true,"template":"","format":"standard","meta":{"pmpro_default_level":0,"footnotes":""},"categories":[16,124],"tags":[],"blocksy_meta":"","yoast_head":"<!-- This site is optimized with the Yoast SEO plugin v21.5 - https:\/\/yoast.com\/wordpress\/plugins\/seo\/ -->\n<title>Santo Andr\u00e9 : une ville br\u00e9silienne connect\u00e9e en pleine transformation - Territorial Challenges<\/title>\n<meta name=\"robots\" content=\"index, follow, max-snippet:-1, max-image-preview:large, max-video-preview:-1\" \/>\n<link rel=\"canonical\" href=\"https:\/\/territorialchallenges.com\/pt\/2025\/04\/10\/santo-andre-une-ville-bresilienne-connectee-en-pleine-transformation\/124211\/\" \/>\n<meta property=\"og:locale\" content=\"pt_PT\" \/>\n<meta property=\"og:type\" content=\"article\" \/>\n<meta property=\"og:title\" content=\"Santo Andr\u00e9 : une ville br\u00e9silienne connect\u00e9e en pleine transformation - Territorial Challenges\" \/>\n<meta property=\"og:description\" content=\"Santo Andr\u00e9, situ\u00e9e dans la r\u00e9gion m\u00e9tropolitaine de S\u00e3o Paulo, se pr\u00e9pare \u00e0 devenir une r\u00e9f\u00e9rence en mati\u00e8re de ville intelligente sous l&rsquo;impulsion de son jeune maire, Gilvan Junior. \u00c0 seulement 32 ans, il est d\u00e9termin\u00e9 \u00e0 transformer la municipalit\u00e9 en un mod\u00e8le de technologie et de durabilit\u00e9. En avril, Santo Andr\u00e9, 748\u202f919 habitants, inaugurera [&hellip;]\" \/>\n<meta property=\"og:url\" content=\"https:\/\/territorialchallenges.com\/pt\/2025\/04\/10\/santo-andre-une-ville-bresilienne-connectee-en-pleine-transformation\/124211\/\" \/>\n<meta property=\"og:site_name\" content=\"Territorial Challenges\" \/>\n<meta property=\"article:published_time\" content=\"2025-04-10T18:26:11+00:00\" \/>\n<meta property=\"article:modified_time\" content=\"2025-04-10T18:26:12+00:00\" \/>\n<meta property=\"og:image\" content=\"https:\/\/territorialchallenges.com\/wp-content\/uploads\/2025\/04\/donnees.santoAndre.image_.jpg\" \/>\n\t<meta property=\"og:image:width\" content=\"1280\" \/>\n\t<meta property=\"og:image:height\" content=\"959\" \/>\n\t<meta property=\"og:image:type\" content=\"image\/jpeg\" \/>\n<meta name=\"author\" content=\"ni.abdi\" \/>\n<meta name=\"twitter:card\" content=\"summary_large_image\" \/>\n<meta name=\"twitter:creator\" content=\"@Ni.abdi\" \/>\n<meta name=\"twitter:label1\" content=\"Escrito por\" \/>\n\t<meta name=\"twitter:data1\" content=\"ni.abdi\" \/>\n\t<meta name=\"twitter:label2\" content=\"Tempo estimado de leitura\" \/>\n\t<meta name=\"twitter:data2\" content=\"2 minutos\" \/>\n<script type=\"application\/ld+json\" class=\"yoast-schema-graph\">{\"@context\":\"https:\/\/schema.org\",\"@graph\":[{\"@type\":\"Article\",\"@id\":\"https:\/\/territorialchallenges.com\/2025\/04\/10\/santo-andre-une-ville-bresilienne-connectee-en-pleine-transformation\/124211\/#article\",\"isPartOf\":{\"@id\":\"https:\/\/territorialchallenges.com\/2025\/04\/10\/santo-andre-une-ville-bresilienne-connectee-en-pleine-transformation\/124211\/\"},\"author\":{\"name\":\"ni.abdi\",\"@id\":\"https:\/\/territorialchallenges.com\/#\/schema\/person\/098f145c7c61a021c425e010f840080f\"},\"headline\":\"Santo Andr\u00e9 : une ville br\u00e9silienne connect\u00e9e en pleine transformation\",\"datePublished\":\"2025-04-10T18:26:11+00:00\",\"dateModified\":\"2025-04-10T18:26:12+00:00\",\"mainEntityOfPage\":{\"@id\":\"https:\/\/territorialchallenges.com\/2025\/04\/10\/santo-andre-une-ville-bresilienne-connectee-en-pleine-transformation\/124211\/\"},\"wordCount\":438,\"publisher\":{\"@id\":\"https:\/\/territorialchallenges.com\/#organization\"},\"articleSection\":[\"Donn\u00e9es\/Objets Connect\u00e9s\",\"Actualit\u00e9 internationale\"],\"inLanguage\":\"pt-PT\"},{\"@type\":\"WebPage\",\"@id\":\"https:\/\/territorialchallenges.com\/2025\/04\/10\/santo-andre-une-ville-bresilienne-connectee-en-pleine-transformation\/124211\/\",\"url\":\"https:\/\/territorialchallenges.com\/2025\/04\/10\/santo-andre-une-ville-bresilienne-connectee-en-pleine-transformation\/124211\/\",\"name\":\"Santo Andr\u00e9 : une ville br\u00e9silienne connect\u00e9e en pleine transformation - Territorial Challenges\",\"isPartOf\":{\"@id\":\"https:\/\/territorialchallenges.com\/#website\"},\"datePublished\":\"2025-04-10T18:26:11+00:00\",\"dateModified\":\"2025-04-10T18:26:12+00:00\",\"breadcrumb\":{\"@id\":\"https:\/\/territorialchallenges.com\/2025\/04\/10\/santo-andre-une-ville-bresilienne-connectee-en-pleine-transformation\/124211\/#breadcrumb\"},\"inLanguage\":\"pt-PT\",\"potentialAction\":[{\"@type\":\"ReadAction\",\"target\":[\"https:\/\/territorialchallenges.com\/2025\/04\/10\/santo-andre-une-ville-bresilienne-connectee-en-pleine-transformation\/124211\/\"]}]},{\"@type\":\"BreadcrumbList\",\"@id\":\"https:\/\/territorialchallenges.com\/2025\/04\/10\/santo-andre-une-ville-bresilienne-connectee-en-pleine-transformation\/124211\/#breadcrumb\",\"itemListElement\":[{\"@type\":\"ListItem\",\"position\":1,\"name\":\"Home\",\"item\":\"https:\/\/territorialchallenges.com\/\"},{\"@type\":\"ListItem\",\"position\":2,\"name\":\"Santo Andr\u00e9 : une ville br\u00e9silienne connect\u00e9e en pleine transformation\"}]},{\"@type\":\"WebSite\",\"@id\":\"https:\/\/territorialchallenges.com\/#website\",\"url\":\"https:\/\/territorialchallenges.com\/\",\"name\":\"Territorial Challenges\",\"description\":\"Veille Internationale - Strat\u00e9gie Intelligentes - Bonnes pratiques\",\"publisher\":{\"@id\":\"https:\/\/territorialchallenges.com\/#organization\"},\"potentialAction\":[{\"@type\":\"SearchAction\",\"target\":{\"@type\":\"EntryPoint\",\"urlTemplate\":\"https:\/\/territorialchallenges.com\/?s={search_term_string}\"},\"query-input\":\"required name=search_term_string\"}],\"inLanguage\":\"pt-PT\"},{\"@type\":\"Organization\",\"@id\":\"https:\/\/territorialchallenges.com\/#organization\",\"name\":\"Territorial Challenges\",\"url\":\"https:\/\/territorialchallenges.com\/\",\"logo\":{\"@type\":\"ImageObject\",\"inLanguage\":\"pt-PT\",\"@id\":\"https:\/\/territorialchallenges.com\/#\/schema\/logo\/image\/\",\"url\":\"https:\/\/territorialchallenges.com\/wp-content\/uploads\/2023\/10\/logo-1.png\",\"contentUrl\":\"https:\/\/territorialchallenges.com\/wp-content\/uploads\/2023\/10\/logo-1.png\",\"width\":1832,\"height\":576,\"caption\":\"Territorial Challenges\"},\"image\":{\"@id\":\"https:\/\/territorialchallenges.com\/#\/schema\/logo\/image\/\"}},{\"@type\":\"Person\",\"@id\":\"https:\/\/territorialchallenges.com\/#\/schema\/person\/098f145c7c61a021c425e010f840080f\",\"name\":\"ni.abdi\",\"image\":{\"@type\":\"ImageObject\",\"inLanguage\":\"pt-PT\",\"@id\":\"https:\/\/territorialchallenges.com\/#\/schema\/person\/image\/\",\"url\":\"https:\/\/secure.gravatar.com\/avatar\/2a2f2491f3c80039986ba989b1e4b510?s=96&d=identicon&r=g\",\"contentUrl\":\"https:\/\/secure.gravatar.com\/avatar\/2a2f2491f3c80039986ba989b1e4b510?s=96&d=identicon&r=g\",\"caption\":\"ni.abdi\"},\"sameAs\":[\"https:\/\/twitter.com\/Ni.abdi\"],\"url\":\"https:\/\/territorialchallenges.com\/pt\/author\/ni-abdi\/\"}]}<\/script>\n<!-- \/ Yoast SEO plugin. -->","yoast_head_json":{"title":"Santo Andr\u00e9 : une ville br\u00e9silienne connect\u00e9e en pleine transformation - Territorial Challenges","robots":{"index":"index","follow":"follow","max-snippet":"max-snippet:-1","max-image-preview":"max-image-preview:large","max-video-preview":"max-video-preview:-1"},"canonical":"https:\/\/territorialchallenges.com\/pt\/2025\/04\/10\/santo-andre-une-ville-bresilienne-connectee-en-pleine-transformation\/124211\/","og_locale":"pt_PT","og_type":"article","og_title":"Santo Andr\u00e9 : une ville br\u00e9silienne connect\u00e9e en pleine transformation - Territorial Challenges","og_description":"Santo Andr\u00e9, situ\u00e9e dans la r\u00e9gion m\u00e9tropolitaine de S\u00e3o Paulo, se pr\u00e9pare \u00e0 devenir une r\u00e9f\u00e9rence en mati\u00e8re de ville intelligente sous l&rsquo;impulsion de son jeune maire, Gilvan Junior. \u00c0 seulement 32 ans, il est d\u00e9termin\u00e9 \u00e0 transformer la municipalit\u00e9 en un mod\u00e8le de technologie et de durabilit\u00e9. En avril, Santo Andr\u00e9, 748\u202f919 habitants, inaugurera [&hellip;]","og_url":"https:\/\/territorialchallenges.com\/pt\/2025\/04\/10\/santo-andre-une-ville-bresilienne-connectee-en-pleine-transformation\/124211\/","og_site_name":"Territorial Challenges","article_published_time":"2025-04-10T18:26:11+00:00","article_modified_time":"2025-04-10T18:26:12+00:00","og_image":[{"width":1280,"height":959,"url":"https:\/\/territorialchallenges.com\/wp-content\/uploads\/2025\/04\/donnees.santoAndre.image_.jpg","type":"image\/jpeg"}],"author":"ni.abdi","twitter_card":"summary_large_image","twitter_creator":"@Ni.abdi","twitter_misc":{"Escrito por":"ni.abdi","Tempo estimado de leitura":"2 minutos"},"schema":{"@context":"https:\/\/schema.org","@graph":[{"@type":"Article","@id":"https:\/\/territorialchallenges.com\/2025\/04\/10\/santo-andre-une-ville-bresilienne-connectee-en-pleine-transformation\/124211\/#article","isPartOf":{"@id":"https:\/\/territorialchallenges.com\/2025\/04\/10\/santo-andre-une-ville-bresilienne-connectee-en-pleine-transformation\/124211\/"},"author":{"name":"ni.abdi","@id":"https:\/\/territorialchallenges.com\/#\/schema\/person\/098f145c7c61a021c425e010f840080f"},"headline":"Santo Andr\u00e9 : une ville br\u00e9silienne connect\u00e9e en pleine transformation","datePublished":"2025-04-10T18:26:11+00:00","dateModified":"2025-04-10T18:26:12+00:00","mainEntityOfPage":{"@id":"https:\/\/territorialchallenges.com\/2025\/04\/10\/santo-andre-une-ville-bresilienne-connectee-en-pleine-transformation\/124211\/"},"wordCount":438,"publisher":{"@id":"https:\/\/territorialchallenges.com\/#organization"},"articleSection":["Donn\u00e9es\/Objets Connect\u00e9s","Actualit\u00e9 internationale"],"inLanguage":"pt-PT"},{"@type":"WebPage","@id":"https:\/\/territorialchallenges.com\/2025\/04\/10\/santo-andre-une-ville-bresilienne-connectee-en-pleine-transformation\/124211\/","url":"https:\/\/territorialchallenges.com\/2025\/04\/10\/santo-andre-une-ville-bresilienne-connectee-en-pleine-transformation\/124211\/","name":"Santo Andr\u00e9 : une ville br\u00e9silienne connect\u00e9e en pleine transformation - Territorial Challenges","isPartOf":{"@id":"https:\/\/territorialchallenges.com\/#website"},"datePublished":"2025-04-10T18:26:11+00:00","dateModified":"2025-04-10T18:26:12+00:00","breadcrumb":{"@id":"https:\/\/territorialchallenges.com\/2025\/04\/10\/santo-andre-une-ville-bresilienne-connectee-en-pleine-transformation\/124211\/#breadcrumb"},"inLanguage":"pt-PT","potentialAction":[{"@type":"ReadAction","target":["https:\/\/territorialchallenges.com\/2025\/04\/10\/santo-andre-une-ville-bresilienne-connectee-en-pleine-transformation\/124211\/"]}]},{"@type":"BreadcrumbList","@id":"https:\/\/territorialchallenges.com\/2025\/04\/10\/santo-andre-une-ville-bresilienne-connectee-en-pleine-transformation\/124211\/#breadcrumb","itemListElement":[{"@type":"ListItem","position":1,"name":"Home","item":"https:\/\/territorialchallenges.com\/"},{"@type":"ListItem","position":2,"name":"Santo Andr\u00e9 : une ville br\u00e9silienne connect\u00e9e en pleine transformation"}]},{"@type":"WebSite","@id":"https:\/\/territorialchallenges.com\/#website","url":"https:\/\/territorialchallenges.com\/","name":"Desafios territoriais","description":"Monitoramento Internacional - Estrat\u00e9gias Inteligentes - Melhores Pr\u00e1ticas","publisher":{"@id":"https:\/\/territorialchallenges.com\/#organization"},"potentialAction":[{"@type":"SearchAction","target":{"@type":"EntryPoint","urlTemplate":"https:\/\/territorialchallenges.com\/?s={search_term_string}"},"query-input":"required name=search_term_string"}],"inLanguage":"pt-PT"},{"@type":"Organization","@id":"https:\/\/territorialchallenges.com\/#organization","name":"Desafios territoriais","url":"https:\/\/territorialchallenges.com\/","logo":{"@type":"ImageObject","inLanguage":"pt-PT","@id":"https:\/\/territorialchallenges.com\/#\/schema\/logo\/image\/","url":"https:\/\/territorialchallenges.com\/wp-content\/uploads\/2023\/10\/logo-1.png","contentUrl":"https:\/\/territorialchallenges.com\/wp-content\/uploads\/2023\/10\/logo-1.png","width":1832,"height":576,"caption":"Territorial Challenges"},"image":{"@id":"https:\/\/territorialchallenges.com\/#\/schema\/logo\/image\/"}},{"@type":"Person","@id":"https:\/\/territorialchallenges.com\/#\/schema\/person\/098f145c7c61a021c425e010f840080f","name":"ni.abdi","image":{"@type":"ImageObject","inLanguage":"pt-PT","@id":"https:\/\/territorialchallenges.com\/#\/schema\/person\/image\/","url":"https:\/\/secure.gravatar.com\/avatar\/2a2f2491f3c80039986ba989b1e4b510?s=96&d=identicon&r=g","contentUrl":"https:\/\/secure.gravatar.com\/avatar\/2a2f2491f3c80039986ba989b1e4b510?s=96&d=identicon&r=g","caption":"ni.abdi"},"sameAs":["https:\/\/twitter.com\/Ni.abdi"],"url":"https:\/\/territorialchallenges.com\/pt\/author\/ni-abdi\/"}]}},"_links":{"self":[{"href":"https:\/\/territorialchallenges.com\/pt\/wp-json\/wp\/v2\/posts\/124211"}],"collection":[{"href":"https:\/\/territorialchallenges.com\/pt\/wp-json\/wp\/v2\/posts"}],"about":[{"href":"https:\/\/territorialchallenges.com\/pt\/wp-json\/wp\/v2\/types\/post"}],"author":[{"embeddable":true,"href":"https:\/\/territorialchallenges.com\/pt\/wp-json\/wp\/v2\/users\/11"}],"replies":[{"embeddable":true,"href":"https:\/\/territorialchallenges.com\/pt\/wp-json\/wp\/v2\/comments?post=124211"}],"version-history":[{"count":1,"href":"https:\/\/territorialchallenges.com\/pt\/wp-json\/wp\/v2\/posts\/124211\/revisions"}],"predecessor-version":[{"id":124213,"href":"https:\/\/territorialchallenges.com\/pt\/wp-json\/wp\/v2\/posts\/124211\/revisions\/124213"}],"wp:featuredmedia":[{"embeddable":true,"href":"https:\/\/territorialchallenges.com\/pt\/wp-json\/wp\/v2\/media\/124212"}],"wp:attachment":[{"href":"https:\/\/territorialchallenges.com\/pt\/wp-json\/wp\/v2\/media?parent=124211"}],"wp:term":[{"taxonomy":"category","embeddable":true,"href":"https:\/\/territorialchallenges.com\/pt\/wp-json\/wp\/v2\/categories?post=124211"},{"taxonomy":"post_tag","embeddable":true,"href":"https:\/\/territorialchallenges.com\/pt\/wp-json\/wp\/v2\/tags?post=124211"}],"curies":[{"name":"wp","href":"https:\/\/api.w.org\/{rel}","templated":true}]}}