{"id":124162,"date":"2025-03-26T21:38:21","date_gmt":"2025-03-26T20:38:21","guid":{"rendered":"https:\/\/territorialchallenges.com\/?p=124162"},"modified":"2025-03-26T21:38:22","modified_gmt":"2025-03-26T20:38:22","slug":"la-naivete-francaise-face-a-lambition-americaine-pourquoi-pasqal-devrait-privilegier-les-partenariats-europeens","status":"publish","type":"post","link":"https:\/\/territorialchallenges.com\/pt\/2025\/03\/26\/la-naivete-francaise-face-a-lambition-americaine-pourquoi-pasqal-devrait-privilegier-les-partenariats-europeens\/124162\/","title":{"rendered":"A ingenuidade francesa diante da ambi\u00e7\u00e3o americana: por que Pasqal deveria priorizar as parcerias europeias"},"content":{"rendered":"<p>Enquanto os Estados Unidos de Trump intensificam sua guerra econ\u00f4mica contra a Europa, a startup francesa Pasqal, uma empresa emblem\u00e1tica de computa\u00e7\u00e3o qu\u00e2ntica, est\u00e1 firmando uma parceria com a gigante americana Nvidia. Essa colabora\u00e7\u00e3o, embora tecnologicamente promissora, levanta quest\u00f5es estrat\u00e9gicas cruciais. Por que a Pasqal est\u00e1 optando por fortalecer seus la\u00e7os com os Estados Unidos em vez de desenvolver\u2026 <\/p>\n<div class=\"pmpro_content_message\">Artigo dispon\u00edvel somente para assinantes.<br \/><a href=\"https:\/\/territorialchallenges.com\/wp-login.php\">Conecte-se<\/a><br \/><a href=\"https:\/\/territorialchallenges.com\/pt\/wp-login.php\/?action=register\">Registrar<\/a><\/div>","protected":false},"excerpt":{"rendered":"<p>Alors que les \u00c9tats-Unis de Trump intensifient leur guerre \u00e9conomique contre l&rsquo;Europe, la start-up fran\u00e7aise Pasqal, fleuron de l&rsquo;informatique quantique, s&rsquo;associe avec le g\u00e9ant am\u00e9ricain Nvidia. Cette collaboration, bien que prometteuse sur le plan technologique, soul\u00e8ve des questions strat\u00e9giques cruciales. Pourquoi Pasqal choisit-elle de renforcer ses liens avec les \u00c9tats-Unis plut\u00f4t que de d\u00e9velopper des... <\/p>\n<div class=\"pmpro_content_message\">Artigo dispon\u00edvel somente para assinantes.<br \/><a href=\"https:\/\/territorialchallenges.com\/wp-login.php\">Conecte-se<\/a><br \/><a href=\"https:\/\/territorialchallenges.com\/pt\/wp-login.php\/?action=register\">Registrar<\/a><\/div>","protected":false},"author":11,"featured_media":124163,"comment_status":"closed","ping_status":"closed","sticky":true,"template":"","format":"standard","meta":{"pmpro_default_level":0,"footnotes":""},"categories":[130,117],"tags":[],"blocksy_meta":"","yoast_head":"<!-- This site is optimized with the Yoast SEO plugin v21.5 - https:\/\/yoast.com\/wordpress\/plugins\/seo\/ -->\n<title>La na\u00efvet\u00e9 fran\u00e7aise face \u00e0 l&#039;ambition am\u00e9ricaine : pourquoi Pasqal devrait privil\u00e9gier les partenariats europ\u00e9ens - Territorial Challenges<\/title>\n<meta name=\"robots\" content=\"index, follow, max-snippet:-1, max-image-preview:large, max-video-preview:-1\" \/>\n<link rel=\"canonical\" href=\"https:\/\/territorialchallenges.com\/pt\/2025\/03\/26\/la-naivete-francaise-face-a-lambition-americaine-pourquoi-pasqal-devrait-privilegier-les-partenariats-europeens\/124162\/\" \/>\n<meta property=\"og:locale\" content=\"pt_PT\" \/>\n<meta property=\"og:type\" content=\"article\" \/>\n<meta property=\"og:title\" content=\"La na\u00efvet\u00e9 fran\u00e7aise face \u00e0 l&#039;ambition am\u00e9ricaine : pourquoi Pasqal devrait privil\u00e9gier les partenariats europ\u00e9ens - Territorial Challenges\" \/>\n<meta property=\"og:description\" content=\"Alors que les \u00c9tats-Unis de Trump intensifient leur guerre \u00e9conomique contre l&rsquo;Europe, la start-up fran\u00e7aise Pasqal, fleuron de l&rsquo;informatique quantique, s&rsquo;associe avec le g\u00e9ant am\u00e9ricain Nvidia. Cette collaboration, bien que prometteuse sur le plan technologique, soul\u00e8ve des questions strat\u00e9giques cruciales. Pourquoi Pasqal choisit-elle de renforcer ses liens avec les \u00c9tats-Unis plut\u00f4t que de d\u00e9velopper des [&hellip;]\" \/>\n<meta property=\"og:url\" content=\"https:\/\/territorialchallenges.com\/pt\/2025\/03\/26\/la-naivete-francaise-face-a-lambition-americaine-pourquoi-pasqal-devrait-privilegier-les-partenariats-europeens\/124162\/\" \/>\n<meta property=\"og:site_name\" content=\"Territorial Challenges\" \/>\n<meta property=\"article:published_time\" content=\"2025-03-26T20:38:21+00:00\" \/>\n<meta property=\"article:modified_time\" content=\"2025-03-26T20:38:22+00:00\" \/>\n<meta property=\"og:image\" content=\"https:\/\/territorialchallenges.com\/wp-content\/uploads\/2025\/03\/reflexionfaite25.03.25.image_.jpg\" \/>\n\t<meta property=\"og:image:width\" content=\"1280\" \/>\n\t<meta property=\"og:image:height\" content=\"720\" \/>\n\t<meta property=\"og:image:type\" content=\"image\/jpeg\" \/>\n<meta name=\"author\" content=\"ni.abdi\" \/>\n<meta name=\"twitter:card\" content=\"summary_large_image\" \/>\n<meta name=\"twitter:creator\" content=\"@Ni.abdi\" \/>\n<meta name=\"twitter:label1\" content=\"Escrito por\" \/>\n\t<meta name=\"twitter:data1\" content=\"ni.abdi\" \/>\n\t<meta name=\"twitter:label2\" content=\"Tempo estimado de leitura\" \/>\n\t<meta name=\"twitter:data2\" content=\"3 minutos\" \/>\n<script type=\"application\/ld+json\" class=\"yoast-schema-graph\">{\"@context\":\"https:\/\/schema.org\",\"@graph\":[{\"@type\":\"Article\",\"@id\":\"https:\/\/territorialchallenges.com\/2025\/03\/26\/la-naivete-francaise-face-a-lambition-americaine-pourquoi-pasqal-devrait-privilegier-les-partenariats-europeens\/124162\/#article\",\"isPartOf\":{\"@id\":\"https:\/\/territorialchallenges.com\/2025\/03\/26\/la-naivete-francaise-face-a-lambition-americaine-pourquoi-pasqal-devrait-privilegier-les-partenariats-europeens\/124162\/\"},\"author\":{\"name\":\"ni.abdi\",\"@id\":\"https:\/\/territorialchallenges.com\/#\/schema\/person\/098f145c7c61a021c425e010f840080f\"},\"headline\":\"La na\u00efvet\u00e9 fran\u00e7aise face \u00e0 l&rsquo;ambition am\u00e9ricaine : pourquoi Pasqal devrait privil\u00e9gier les partenariats europ\u00e9ens\",\"datePublished\":\"2025-03-26T20:38:21+00:00\",\"dateModified\":\"2025-03-26T20:38:22+00:00\",\"mainEntityOfPage\":{\"@id\":\"https:\/\/territorialchallenges.com\/2025\/03\/26\/la-naivete-francaise-face-a-lambition-americaine-pourquoi-pasqal-devrait-privilegier-les-partenariats-europeens\/124162\/\"},\"wordCount\":646,\"publisher\":{\"@id\":\"https:\/\/territorialchallenges.com\/#organization\"},\"articleSection\":[\"R\u00e9flexion faite\",\"\u00c9cosyst\u00e8me\"],\"inLanguage\":\"pt-PT\"},{\"@type\":\"WebPage\",\"@id\":\"https:\/\/territorialchallenges.com\/2025\/03\/26\/la-naivete-francaise-face-a-lambition-americaine-pourquoi-pasqal-devrait-privilegier-les-partenariats-europeens\/124162\/\",\"url\":\"https:\/\/territorialchallenges.com\/2025\/03\/26\/la-naivete-francaise-face-a-lambition-americaine-pourquoi-pasqal-devrait-privilegier-les-partenariats-europeens\/124162\/\",\"name\":\"La na\u00efvet\u00e9 fran\u00e7aise face \u00e0 l'ambition am\u00e9ricaine : pourquoi Pasqal devrait privil\u00e9gier les partenariats europ\u00e9ens - Territorial Challenges\",\"isPartOf\":{\"@id\":\"https:\/\/territorialchallenges.com\/#website\"},\"datePublished\":\"2025-03-26T20:38:21+00:00\",\"dateModified\":\"2025-03-26T20:38:22+00:00\",\"breadcrumb\":{\"@id\":\"https:\/\/territorialchallenges.com\/2025\/03\/26\/la-naivete-francaise-face-a-lambition-americaine-pourquoi-pasqal-devrait-privilegier-les-partenariats-europeens\/124162\/#breadcrumb\"},\"inLanguage\":\"pt-PT\",\"potentialAction\":[{\"@type\":\"ReadAction\",\"target\":[\"https:\/\/territorialchallenges.com\/2025\/03\/26\/la-naivete-francaise-face-a-lambition-americaine-pourquoi-pasqal-devrait-privilegier-les-partenariats-europeens\/124162\/\"]}]},{\"@type\":\"BreadcrumbList\",\"@id\":\"https:\/\/territorialchallenges.com\/2025\/03\/26\/la-naivete-francaise-face-a-lambition-americaine-pourquoi-pasqal-devrait-privilegier-les-partenariats-europeens\/124162\/#breadcrumb\",\"itemListElement\":[{\"@type\":\"ListItem\",\"position\":1,\"name\":\"Home\",\"item\":\"https:\/\/territorialchallenges.com\/\"},{\"@type\":\"ListItem\",\"position\":2,\"name\":\"La na\u00efvet\u00e9 fran\u00e7aise face \u00e0 l&rsquo;ambition am\u00e9ricaine : pourquoi Pasqal devrait privil\u00e9gier les partenariats europ\u00e9ens\"}]},{\"@type\":\"WebSite\",\"@id\":\"https:\/\/territorialchallenges.com\/#website\",\"url\":\"https:\/\/territorialchallenges.com\/\",\"name\":\"Territorial Challenges\",\"description\":\"Veille Internationale - Strat\u00e9gie Intelligentes - Bonnes pratiques\",\"publisher\":{\"@id\":\"https:\/\/territorialchallenges.com\/#organization\"},\"potentialAction\":[{\"@type\":\"SearchAction\",\"target\":{\"@type\":\"EntryPoint\",\"urlTemplate\":\"https:\/\/territorialchallenges.com\/?s={search_term_string}\"},\"query-input\":\"required name=search_term_string\"}],\"inLanguage\":\"pt-PT\"},{\"@type\":\"Organization\",\"@id\":\"https:\/\/territorialchallenges.com\/#organization\",\"name\":\"Territorial Challenges\",\"url\":\"https:\/\/territorialchallenges.com\/\",\"logo\":{\"@type\":\"ImageObject\",\"inLanguage\":\"pt-PT\",\"@id\":\"https:\/\/territorialchallenges.com\/#\/schema\/logo\/image\/\",\"url\":\"https:\/\/territorialchallenges.com\/wp-content\/uploads\/2023\/10\/logo-1.png\",\"contentUrl\":\"https:\/\/territorialchallenges.com\/wp-content\/uploads\/2023\/10\/logo-1.png\",\"width\":1832,\"height\":576,\"caption\":\"Territorial Challenges\"},\"image\":{\"@id\":\"https:\/\/territorialchallenges.com\/#\/schema\/logo\/image\/\"}},{\"@type\":\"Person\",\"@id\":\"https:\/\/territorialchallenges.com\/#\/schema\/person\/098f145c7c61a021c425e010f840080f\",\"name\":\"ni.abdi\",\"image\":{\"@type\":\"ImageObject\",\"inLanguage\":\"pt-PT\",\"@id\":\"https:\/\/territorialchallenges.com\/#\/schema\/person\/image\/\",\"url\":\"https:\/\/secure.gravatar.com\/avatar\/2a2f2491f3c80039986ba989b1e4b510?s=96&d=identicon&r=g\",\"contentUrl\":\"https:\/\/secure.gravatar.com\/avatar\/2a2f2491f3c80039986ba989b1e4b510?s=96&d=identicon&r=g\",\"caption\":\"ni.abdi\"},\"sameAs\":[\"https:\/\/twitter.com\/Ni.abdi\"],\"url\":\"https:\/\/territorialchallenges.com\/pt\/author\/ni-abdi\/\"}]}<\/script>\n<!-- \/ Yoast SEO plugin. -->","yoast_head_json":{"title":"La na\u00efvet\u00e9 fran\u00e7aise face \u00e0 l'ambition am\u00e9ricaine : pourquoi Pasqal devrait privil\u00e9gier les partenariats europ\u00e9ens - Territorial Challenges","robots":{"index":"index","follow":"follow","max-snippet":"max-snippet:-1","max-image-preview":"max-image-preview:large","max-video-preview":"max-video-preview:-1"},"canonical":"https:\/\/territorialchallenges.com\/pt\/2025\/03\/26\/la-naivete-francaise-face-a-lambition-americaine-pourquoi-pasqal-devrait-privilegier-les-partenariats-europeens\/124162\/","og_locale":"pt_PT","og_type":"article","og_title":"La na\u00efvet\u00e9 fran\u00e7aise face \u00e0 l'ambition am\u00e9ricaine : pourquoi Pasqal devrait privil\u00e9gier les partenariats europ\u00e9ens - Territorial Challenges","og_description":"Alors que les \u00c9tats-Unis de Trump intensifient leur guerre \u00e9conomique contre l&rsquo;Europe, la start-up fran\u00e7aise Pasqal, fleuron de l&rsquo;informatique quantique, s&rsquo;associe avec le g\u00e9ant am\u00e9ricain Nvidia. Cette collaboration, bien que prometteuse sur le plan technologique, soul\u00e8ve des questions strat\u00e9giques cruciales. Pourquoi Pasqal choisit-elle de renforcer ses liens avec les \u00c9tats-Unis plut\u00f4t que de d\u00e9velopper des [&hellip;]","og_url":"https:\/\/territorialchallenges.com\/pt\/2025\/03\/26\/la-naivete-francaise-face-a-lambition-americaine-pourquoi-pasqal-devrait-privilegier-les-partenariats-europeens\/124162\/","og_site_name":"Territorial Challenges","article_published_time":"2025-03-26T20:38:21+00:00","article_modified_time":"2025-03-26T20:38:22+00:00","og_image":[{"width":1280,"height":720,"url":"https:\/\/territorialchallenges.com\/wp-content\/uploads\/2025\/03\/reflexionfaite25.03.25.image_.jpg","type":"image\/jpeg"}],"author":"ni.abdi","twitter_card":"summary_large_image","twitter_creator":"@Ni.abdi","twitter_misc":{"Escrito por":"ni.abdi","Tempo estimado de leitura":"3 minutos"},"schema":{"@context":"https:\/\/schema.org","@graph":[{"@type":"Article","@id":"https:\/\/territorialchallenges.com\/2025\/03\/26\/la-naivete-francaise-face-a-lambition-americaine-pourquoi-pasqal-devrait-privilegier-les-partenariats-europeens\/124162\/#article","isPartOf":{"@id":"https:\/\/territorialchallenges.com\/2025\/03\/26\/la-naivete-francaise-face-a-lambition-americaine-pourquoi-pasqal-devrait-privilegier-les-partenariats-europeens\/124162\/"},"author":{"name":"ni.abdi","@id":"https:\/\/territorialchallenges.com\/#\/schema\/person\/098f145c7c61a021c425e010f840080f"},"headline":"La na\u00efvet\u00e9 fran\u00e7aise face \u00e0 l&rsquo;ambition am\u00e9ricaine : pourquoi Pasqal devrait privil\u00e9gier les partenariats europ\u00e9ens","datePublished":"2025-03-26T20:38:21+00:00","dateModified":"2025-03-26T20:38:22+00:00","mainEntityOfPage":{"@id":"https:\/\/territorialchallenges.com\/2025\/03\/26\/la-naivete-francaise-face-a-lambition-americaine-pourquoi-pasqal-devrait-privilegier-les-partenariats-europeens\/124162\/"},"wordCount":646,"publisher":{"@id":"https:\/\/territorialchallenges.com\/#organization"},"articleSection":["R\u00e9flexion faite","\u00c9cosyst\u00e8me"],"inLanguage":"pt-PT"},{"@type":"WebPage","@id":"https:\/\/territorialchallenges.com\/2025\/03\/26\/la-naivete-francaise-face-a-lambition-americaine-pourquoi-pasqal-devrait-privilegier-les-partenariats-europeens\/124162\/","url":"https:\/\/territorialchallenges.com\/2025\/03\/26\/la-naivete-francaise-face-a-lambition-americaine-pourquoi-pasqal-devrait-privilegier-les-partenariats-europeens\/124162\/","name":"La na\u00efvet\u00e9 fran\u00e7aise face \u00e0 l'ambition am\u00e9ricaine : pourquoi Pasqal devrait privil\u00e9gier les partenariats europ\u00e9ens - Territorial Challenges","isPartOf":{"@id":"https:\/\/territorialchallenges.com\/#website"},"datePublished":"2025-03-26T20:38:21+00:00","dateModified":"2025-03-26T20:38:22+00:00","breadcrumb":{"@id":"https:\/\/territorialchallenges.com\/2025\/03\/26\/la-naivete-francaise-face-a-lambition-americaine-pourquoi-pasqal-devrait-privilegier-les-partenariats-europeens\/124162\/#breadcrumb"},"inLanguage":"pt-PT","potentialAction":[{"@type":"ReadAction","target":["https:\/\/territorialchallenges.com\/2025\/03\/26\/la-naivete-francaise-face-a-lambition-americaine-pourquoi-pasqal-devrait-privilegier-les-partenariats-europeens\/124162\/"]}]},{"@type":"BreadcrumbList","@id":"https:\/\/territorialchallenges.com\/2025\/03\/26\/la-naivete-francaise-face-a-lambition-americaine-pourquoi-pasqal-devrait-privilegier-les-partenariats-europeens\/124162\/#breadcrumb","itemListElement":[{"@type":"ListItem","position":1,"name":"Home","item":"https:\/\/territorialchallenges.com\/"},{"@type":"ListItem","position":2,"name":"La na\u00efvet\u00e9 fran\u00e7aise face \u00e0 l&rsquo;ambition am\u00e9ricaine : pourquoi Pasqal devrait privil\u00e9gier les partenariats europ\u00e9ens"}]},{"@type":"WebSite","@id":"https:\/\/territorialchallenges.com\/#website","url":"https:\/\/territorialchallenges.com\/","name":"Desafios territoriais","description":"Monitoramento Internacional - Estrat\u00e9gias Inteligentes - Melhores Pr\u00e1ticas","publisher":{"@id":"https:\/\/territorialchallenges.com\/#organization"},"potentialAction":[{"@type":"SearchAction","target":{"@type":"EntryPoint","urlTemplate":"https:\/\/territorialchallenges.com\/?s={search_term_string}"},"query-input":"required name=search_term_string"}],"inLanguage":"pt-PT"},{"@type":"Organization","@id":"https:\/\/territorialchallenges.com\/#organization","name":"Desafios territoriais","url":"https:\/\/territorialchallenges.com\/","logo":{"@type":"ImageObject","inLanguage":"pt-PT","@id":"https:\/\/territorialchallenges.com\/#\/schema\/logo\/image\/","url":"https:\/\/territorialchallenges.com\/wp-content\/uploads\/2023\/10\/logo-1.png","contentUrl":"https:\/\/territorialchallenges.com\/wp-content\/uploads\/2023\/10\/logo-1.png","width":1832,"height":576,"caption":"Territorial Challenges"},"image":{"@id":"https:\/\/territorialchallenges.com\/#\/schema\/logo\/image\/"}},{"@type":"Person","@id":"https:\/\/territorialchallenges.com\/#\/schema\/person\/098f145c7c61a021c425e010f840080f","name":"ni.abdi","image":{"@type":"ImageObject","inLanguage":"pt-PT","@id":"https:\/\/territorialchallenges.com\/#\/schema\/person\/image\/","url":"https:\/\/secure.gravatar.com\/avatar\/2a2f2491f3c80039986ba989b1e4b510?s=96&d=identicon&r=g","contentUrl":"https:\/\/secure.gravatar.com\/avatar\/2a2f2491f3c80039986ba989b1e4b510?s=96&d=identicon&r=g","caption":"ni.abdi"},"sameAs":["https:\/\/twitter.com\/Ni.abdi"],"url":"https:\/\/territorialchallenges.com\/pt\/author\/ni-abdi\/"}]}},"_links":{"self":[{"href":"https:\/\/territorialchallenges.com\/pt\/wp-json\/wp\/v2\/posts\/124162"}],"collection":[{"href":"https:\/\/territorialchallenges.com\/pt\/wp-json\/wp\/v2\/posts"}],"about":[{"href":"https:\/\/territorialchallenges.com\/pt\/wp-json\/wp\/v2\/types\/post"}],"author":[{"embeddable":true,"href":"https:\/\/territorialchallenges.com\/pt\/wp-json\/wp\/v2\/users\/11"}],"replies":[{"embeddable":true,"href":"https:\/\/territorialchallenges.com\/pt\/wp-json\/wp\/v2\/comments?post=124162"}],"version-history":[{"count":1,"href":"https:\/\/territorialchallenges.com\/pt\/wp-json\/wp\/v2\/posts\/124162\/revisions"}],"predecessor-version":[{"id":124164,"href":"https:\/\/territorialchallenges.com\/pt\/wp-json\/wp\/v2\/posts\/124162\/revisions\/124164"}],"wp:featuredmedia":[{"embeddable":true,"href":"https:\/\/territorialchallenges.com\/pt\/wp-json\/wp\/v2\/media\/124163"}],"wp:attachment":[{"href":"https:\/\/territorialchallenges.com\/pt\/wp-json\/wp\/v2\/media?parent=124162"}],"wp:term":[{"taxonomy":"category","embeddable":true,"href":"https:\/\/territorialchallenges.com\/pt\/wp-json\/wp\/v2\/categories?post=124162"},{"taxonomy":"post_tag","embeddable":true,"href":"https:\/\/territorialchallenges.com\/pt\/wp-json\/wp\/v2\/tags?post=124162"}],"curies":[{"name":"wp","href":"https:\/\/api.w.org\/{rel}","templated":true}]}}