{"id":123936,"date":"2025-02-12T09:56:17","date_gmt":"2025-02-12T08:56:17","guid":{"rendered":"https:\/\/territorialchallenges.com\/?p=123936"},"modified":"2025-02-12T09:56:20","modified_gmt":"2025-02-12T08:56:20","slug":"poul-due-jensen-un-capitaine-dindustrie-au-service-de-leau-et-du-climat","status":"publish","type":"post","link":"https:\/\/territorialchallenges.com\/pt\/2025\/02\/12\/poul-due-jensen-un-capitaine-dindustrie-au-service-de-leau-et-du-climat\/123936\/","title":{"rendered":"Poul Due Jensen, um capit\u00e3o da ind\u00fastria a servi\u00e7o da \u00e1gua e do clima"},"content":{"rendered":"<p>Herdeiro de uma linhagem de empreendedores vision\u00e1rios, Poul Due Jensen representa a terceira gera\u00e7\u00e3o \u00e0 frente do Grupo Grundfos. Engenheiro de cora\u00e7\u00e3o e filantropo comprometido, ele combina lideran\u00e7a econ\u00f4mica com responsabilidade social para tornar sua empresa um ator fundamental em solu\u00e7\u00f5es sustent\u00e1veis para a \u00e1gua e o clima. Filho de Niels Due Jensen e neto\u2026 <\/p>\n<div class=\"pmpro_content_message\">Artigo dispon\u00edvel somente para assinantes.<br \/><a href=\"https:\/\/territorialchallenges.com\/wp-login.php\">Conecte-se<\/a><br \/><a href=\"https:\/\/territorialchallenges.com\/pt\/wp-login.php\/?action=register\">Registrar<\/a><\/div>","protected":false},"excerpt":{"rendered":"<p>H\u00e9ritier d\u2019une lign\u00e9e d\u2019entrepreneurs visionnaires, Poul Due Jensen incarne la troisi\u00e8me g\u00e9n\u00e9ration \u00e0 la t\u00eate du groupe Grundfos. Ing\u00e9nieur dans l\u2019\u00e2me et philanthrope engag\u00e9, il conjugue leadership \u00e9conomique et responsabilit\u00e9 soci\u00e9tale pour faire de son entreprise un acteur cl\u00e9 des solutions durables en mati\u00e8re d\u2019eau et de climat. Fils de Niels Due Jensen et petit-fils... <\/p>\n<div class=\"pmpro_content_message\">Artigo dispon\u00edvel somente para assinantes.<br \/><a href=\"https:\/\/territorialchallenges.com\/wp-login.php\">Conecte-se<\/a><br \/><a href=\"https:\/\/territorialchallenges.com\/pt\/wp-login.php\/?action=register\">Registrar<\/a><\/div>","protected":false},"author":11,"featured_media":123938,"comment_status":"closed","ping_status":"closed","sticky":true,"template":"","format":"standard","meta":{"pmpro_default_level":0,"footnotes":""},"categories":[126,117],"tags":[],"blocksy_meta":"","yoast_head":"<!-- This site is optimized with the Yoast SEO plugin v21.5 - https:\/\/yoast.com\/wordpress\/plugins\/seo\/ -->\n<title>Poul Due Jensen, un capitaine d&#039;industrie au service de l&#039;eau et du climat - Territorial Challenges<\/title>\n<meta name=\"robots\" content=\"index, follow, max-snippet:-1, max-image-preview:large, max-video-preview:-1\" \/>\n<link rel=\"canonical\" href=\"https:\/\/territorialchallenges.com\/pt\/2025\/02\/12\/poul-due-jensen-un-capitaine-dindustrie-au-service-de-leau-et-du-climat\/123936\/\" \/>\n<meta property=\"og:locale\" content=\"pt_PT\" \/>\n<meta property=\"og:type\" content=\"article\" \/>\n<meta property=\"og:title\" content=\"Poul Due Jensen, un capitaine d&#039;industrie au service de l&#039;eau et du climat - Territorial Challenges\" \/>\n<meta property=\"og:description\" content=\"H\u00e9ritier d\u2019une lign\u00e9e d\u2019entrepreneurs visionnaires, Poul Due Jensen incarne la troisi\u00e8me g\u00e9n\u00e9ration \u00e0 la t\u00eate du groupe Grundfos. Ing\u00e9nieur dans l\u2019\u00e2me et philanthrope engag\u00e9, il conjugue leadership \u00e9conomique et responsabilit\u00e9 soci\u00e9tale pour faire de son entreprise un acteur cl\u00e9 des solutions durables en mati\u00e8re d\u2019eau et de climat. Fils de Niels Due Jensen et petit-fils [&hellip;]\" \/>\n<meta property=\"og:url\" content=\"https:\/\/territorialchallenges.com\/pt\/2025\/02\/12\/poul-due-jensen-un-capitaine-dindustrie-au-service-de-leau-et-du-climat\/123936\/\" \/>\n<meta property=\"og:site_name\" content=\"Territorial Challenges\" \/>\n<meta property=\"article:published_time\" content=\"2025-02-12T08:56:17+00:00\" \/>\n<meta property=\"article:modified_time\" content=\"2025-02-12T08:56:20+00:00\" \/>\n<meta property=\"og:image\" content=\"https:\/\/territorialchallenges.com\/wp-content\/uploads\/2025\/02\/onparledeux11.02.jpg\" \/>\n\t<meta property=\"og:image:width\" content=\"200\" \/>\n\t<meta property=\"og:image:height\" content=\"200\" \/>\n\t<meta property=\"og:image:type\" content=\"image\/jpeg\" \/>\n<meta name=\"author\" content=\"ni.abdi\" \/>\n<meta name=\"twitter:card\" content=\"summary_large_image\" \/>\n<meta name=\"twitter:creator\" content=\"@Ni.abdi\" \/>\n<meta name=\"twitter:label1\" content=\"Escrito por\" \/>\n\t<meta name=\"twitter:data1\" content=\"ni.abdi\" \/>\n\t<meta name=\"twitter:label2\" content=\"Tempo estimado de leitura\" \/>\n\t<meta name=\"twitter:data2\" content=\"3 minutos\" \/>\n<script type=\"application\/ld+json\" class=\"yoast-schema-graph\">{\"@context\":\"https:\/\/schema.org\",\"@graph\":[{\"@type\":\"Article\",\"@id\":\"https:\/\/territorialchallenges.com\/2025\/02\/12\/poul-due-jensen-un-capitaine-dindustrie-au-service-de-leau-et-du-climat\/123936\/#article\",\"isPartOf\":{\"@id\":\"https:\/\/territorialchallenges.com\/2025\/02\/12\/poul-due-jensen-un-capitaine-dindustrie-au-service-de-leau-et-du-climat\/123936\/\"},\"author\":{\"name\":\"ni.abdi\",\"@id\":\"https:\/\/territorialchallenges.com\/#\/schema\/person\/098f145c7c61a021c425e010f840080f\"},\"headline\":\"Poul Due Jensen, un capitaine d&rsquo;industrie au service de l&rsquo;eau et du climat\",\"datePublished\":\"2025-02-12T08:56:17+00:00\",\"dateModified\":\"2025-02-12T08:56:20+00:00\",\"mainEntityOfPage\":{\"@id\":\"https:\/\/territorialchallenges.com\/2025\/02\/12\/poul-due-jensen-un-capitaine-dindustrie-au-service-de-leau-et-du-climat\/123936\/\"},\"wordCount\":472,\"publisher\":{\"@id\":\"https:\/\/territorialchallenges.com\/#organization\"},\"articleSection\":[\"On parle d'eux\",\"\u00c9cosyst\u00e8me\"],\"inLanguage\":\"pt-PT\"},{\"@type\":\"WebPage\",\"@id\":\"https:\/\/territorialchallenges.com\/2025\/02\/12\/poul-due-jensen-un-capitaine-dindustrie-au-service-de-leau-et-du-climat\/123936\/\",\"url\":\"https:\/\/territorialchallenges.com\/2025\/02\/12\/poul-due-jensen-un-capitaine-dindustrie-au-service-de-leau-et-du-climat\/123936\/\",\"name\":\"Poul Due Jensen, un capitaine d'industrie au service de l'eau et du climat - Territorial Challenges\",\"isPartOf\":{\"@id\":\"https:\/\/territorialchallenges.com\/#website\"},\"datePublished\":\"2025-02-12T08:56:17+00:00\",\"dateModified\":\"2025-02-12T08:56:20+00:00\",\"breadcrumb\":{\"@id\":\"https:\/\/territorialchallenges.com\/2025\/02\/12\/poul-due-jensen-un-capitaine-dindustrie-au-service-de-leau-et-du-climat\/123936\/#breadcrumb\"},\"inLanguage\":\"pt-PT\",\"potentialAction\":[{\"@type\":\"ReadAction\",\"target\":[\"https:\/\/territorialchallenges.com\/2025\/02\/12\/poul-due-jensen-un-capitaine-dindustrie-au-service-de-leau-et-du-climat\/123936\/\"]}]},{\"@type\":\"BreadcrumbList\",\"@id\":\"https:\/\/territorialchallenges.com\/2025\/02\/12\/poul-due-jensen-un-capitaine-dindustrie-au-service-de-leau-et-du-climat\/123936\/#breadcrumb\",\"itemListElement\":[{\"@type\":\"ListItem\",\"position\":1,\"name\":\"Home\",\"item\":\"https:\/\/territorialchallenges.com\/\"},{\"@type\":\"ListItem\",\"position\":2,\"name\":\"Poul Due Jensen, un capitaine d&rsquo;industrie au service de l&rsquo;eau et du climat\"}]},{\"@type\":\"WebSite\",\"@id\":\"https:\/\/territorialchallenges.com\/#website\",\"url\":\"https:\/\/territorialchallenges.com\/\",\"name\":\"Territorial Challenges\",\"description\":\"Veille Internationale - Strat\u00e9gie Intelligentes - Bonnes pratiques\",\"publisher\":{\"@id\":\"https:\/\/territorialchallenges.com\/#organization\"},\"potentialAction\":[{\"@type\":\"SearchAction\",\"target\":{\"@type\":\"EntryPoint\",\"urlTemplate\":\"https:\/\/territorialchallenges.com\/?s={search_term_string}\"},\"query-input\":\"required name=search_term_string\"}],\"inLanguage\":\"pt-PT\"},{\"@type\":\"Organization\",\"@id\":\"https:\/\/territorialchallenges.com\/#organization\",\"name\":\"Territorial Challenges\",\"url\":\"https:\/\/territorialchallenges.com\/\",\"logo\":{\"@type\":\"ImageObject\",\"inLanguage\":\"pt-PT\",\"@id\":\"https:\/\/territorialchallenges.com\/#\/schema\/logo\/image\/\",\"url\":\"https:\/\/territorialchallenges.com\/wp-content\/uploads\/2023\/10\/logo-1.png\",\"contentUrl\":\"https:\/\/territorialchallenges.com\/wp-content\/uploads\/2023\/10\/logo-1.png\",\"width\":1832,\"height\":576,\"caption\":\"Territorial Challenges\"},\"image\":{\"@id\":\"https:\/\/territorialchallenges.com\/#\/schema\/logo\/image\/\"}},{\"@type\":\"Person\",\"@id\":\"https:\/\/territorialchallenges.com\/#\/schema\/person\/098f145c7c61a021c425e010f840080f\",\"name\":\"ni.abdi\",\"image\":{\"@type\":\"ImageObject\",\"inLanguage\":\"pt-PT\",\"@id\":\"https:\/\/territorialchallenges.com\/#\/schema\/person\/image\/\",\"url\":\"https:\/\/secure.gravatar.com\/avatar\/2a2f2491f3c80039986ba989b1e4b510?s=96&d=identicon&r=g\",\"contentUrl\":\"https:\/\/secure.gravatar.com\/avatar\/2a2f2491f3c80039986ba989b1e4b510?s=96&d=identicon&r=g\",\"caption\":\"ni.abdi\"},\"sameAs\":[\"https:\/\/twitter.com\/Ni.abdi\"],\"url\":\"https:\/\/territorialchallenges.com\/pt\/author\/ni-abdi\/\"}]}<\/script>\n<!-- \/ Yoast SEO plugin. -->","yoast_head_json":{"title":"Poul Due Jensen, un capitaine d'industrie au service de l'eau et du climat - Territorial Challenges","robots":{"index":"index","follow":"follow","max-snippet":"max-snippet:-1","max-image-preview":"max-image-preview:large","max-video-preview":"max-video-preview:-1"},"canonical":"https:\/\/territorialchallenges.com\/pt\/2025\/02\/12\/poul-due-jensen-un-capitaine-dindustrie-au-service-de-leau-et-du-climat\/123936\/","og_locale":"pt_PT","og_type":"article","og_title":"Poul Due Jensen, un capitaine d'industrie au service de l'eau et du climat - Territorial Challenges","og_description":"H\u00e9ritier d\u2019une lign\u00e9e d\u2019entrepreneurs visionnaires, Poul Due Jensen incarne la troisi\u00e8me g\u00e9n\u00e9ration \u00e0 la t\u00eate du groupe Grundfos. Ing\u00e9nieur dans l\u2019\u00e2me et philanthrope engag\u00e9, il conjugue leadership \u00e9conomique et responsabilit\u00e9 soci\u00e9tale pour faire de son entreprise un acteur cl\u00e9 des solutions durables en mati\u00e8re d\u2019eau et de climat. Fils de Niels Due Jensen et petit-fils [&hellip;]","og_url":"https:\/\/territorialchallenges.com\/pt\/2025\/02\/12\/poul-due-jensen-un-capitaine-dindustrie-au-service-de-leau-et-du-climat\/123936\/","og_site_name":"Territorial Challenges","article_published_time":"2025-02-12T08:56:17+00:00","article_modified_time":"2025-02-12T08:56:20+00:00","og_image":[{"width":200,"height":200,"url":"https:\/\/territorialchallenges.com\/wp-content\/uploads\/2025\/02\/onparledeux11.02.jpg","type":"image\/jpeg"}],"author":"ni.abdi","twitter_card":"summary_large_image","twitter_creator":"@Ni.abdi","twitter_misc":{"Escrito por":"ni.abdi","Tempo estimado de leitura":"3 minutos"},"schema":{"@context":"https:\/\/schema.org","@graph":[{"@type":"Article","@id":"https:\/\/territorialchallenges.com\/2025\/02\/12\/poul-due-jensen-un-capitaine-dindustrie-au-service-de-leau-et-du-climat\/123936\/#article","isPartOf":{"@id":"https:\/\/territorialchallenges.com\/2025\/02\/12\/poul-due-jensen-un-capitaine-dindustrie-au-service-de-leau-et-du-climat\/123936\/"},"author":{"name":"ni.abdi","@id":"https:\/\/territorialchallenges.com\/#\/schema\/person\/098f145c7c61a021c425e010f840080f"},"headline":"Poul Due Jensen, un capitaine d&rsquo;industrie au service de l&rsquo;eau et du climat","datePublished":"2025-02-12T08:56:17+00:00","dateModified":"2025-02-12T08:56:20+00:00","mainEntityOfPage":{"@id":"https:\/\/territorialchallenges.com\/2025\/02\/12\/poul-due-jensen-un-capitaine-dindustrie-au-service-de-leau-et-du-climat\/123936\/"},"wordCount":472,"publisher":{"@id":"https:\/\/territorialchallenges.com\/#organization"},"articleSection":["On parle d'eux","\u00c9cosyst\u00e8me"],"inLanguage":"pt-PT"},{"@type":"WebPage","@id":"https:\/\/territorialchallenges.com\/2025\/02\/12\/poul-due-jensen-un-capitaine-dindustrie-au-service-de-leau-et-du-climat\/123936\/","url":"https:\/\/territorialchallenges.com\/2025\/02\/12\/poul-due-jensen-un-capitaine-dindustrie-au-service-de-leau-et-du-climat\/123936\/","name":"Poul Due Jensen, un capitaine d'industrie au service de l'eau et du climat - Territorial Challenges","isPartOf":{"@id":"https:\/\/territorialchallenges.com\/#website"},"datePublished":"2025-02-12T08:56:17+00:00","dateModified":"2025-02-12T08:56:20+00:00","breadcrumb":{"@id":"https:\/\/territorialchallenges.com\/2025\/02\/12\/poul-due-jensen-un-capitaine-dindustrie-au-service-de-leau-et-du-climat\/123936\/#breadcrumb"},"inLanguage":"pt-PT","potentialAction":[{"@type":"ReadAction","target":["https:\/\/territorialchallenges.com\/2025\/02\/12\/poul-due-jensen-un-capitaine-dindustrie-au-service-de-leau-et-du-climat\/123936\/"]}]},{"@type":"BreadcrumbList","@id":"https:\/\/territorialchallenges.com\/2025\/02\/12\/poul-due-jensen-un-capitaine-dindustrie-au-service-de-leau-et-du-climat\/123936\/#breadcrumb","itemListElement":[{"@type":"ListItem","position":1,"name":"Home","item":"https:\/\/territorialchallenges.com\/"},{"@type":"ListItem","position":2,"name":"Poul Due Jensen, un capitaine d&rsquo;industrie au service de l&rsquo;eau et du climat"}]},{"@type":"WebSite","@id":"https:\/\/territorialchallenges.com\/#website","url":"https:\/\/territorialchallenges.com\/","name":"Desafios territoriais","description":"Monitoramento Internacional - Estrat\u00e9gias Inteligentes - Melhores Pr\u00e1ticas","publisher":{"@id":"https:\/\/territorialchallenges.com\/#organization"},"potentialAction":[{"@type":"SearchAction","target":{"@type":"EntryPoint","urlTemplate":"https:\/\/territorialchallenges.com\/?s={search_term_string}"},"query-input":"required name=search_term_string"}],"inLanguage":"pt-PT"},{"@type":"Organization","@id":"https:\/\/territorialchallenges.com\/#organization","name":"Desafios territoriais","url":"https:\/\/territorialchallenges.com\/","logo":{"@type":"ImageObject","inLanguage":"pt-PT","@id":"https:\/\/territorialchallenges.com\/#\/schema\/logo\/image\/","url":"https:\/\/territorialchallenges.com\/wp-content\/uploads\/2023\/10\/logo-1.png","contentUrl":"https:\/\/territorialchallenges.com\/wp-content\/uploads\/2023\/10\/logo-1.png","width":1832,"height":576,"caption":"Territorial Challenges"},"image":{"@id":"https:\/\/territorialchallenges.com\/#\/schema\/logo\/image\/"}},{"@type":"Person","@id":"https:\/\/territorialchallenges.com\/#\/schema\/person\/098f145c7c61a021c425e010f840080f","name":"ni.abdi","image":{"@type":"ImageObject","inLanguage":"pt-PT","@id":"https:\/\/territorialchallenges.com\/#\/schema\/person\/image\/","url":"https:\/\/secure.gravatar.com\/avatar\/2a2f2491f3c80039986ba989b1e4b510?s=96&d=identicon&r=g","contentUrl":"https:\/\/secure.gravatar.com\/avatar\/2a2f2491f3c80039986ba989b1e4b510?s=96&d=identicon&r=g","caption":"ni.abdi"},"sameAs":["https:\/\/twitter.com\/Ni.abdi"],"url":"https:\/\/territorialchallenges.com\/pt\/author\/ni-abdi\/"}]}},"_links":{"self":[{"href":"https:\/\/territorialchallenges.com\/pt\/wp-json\/wp\/v2\/posts\/123936"}],"collection":[{"href":"https:\/\/territorialchallenges.com\/pt\/wp-json\/wp\/v2\/posts"}],"about":[{"href":"https:\/\/territorialchallenges.com\/pt\/wp-json\/wp\/v2\/types\/post"}],"author":[{"embeddable":true,"href":"https:\/\/territorialchallenges.com\/pt\/wp-json\/wp\/v2\/users\/11"}],"replies":[{"embeddable":true,"href":"https:\/\/territorialchallenges.com\/pt\/wp-json\/wp\/v2\/comments?post=123936"}],"version-history":[{"count":1,"href":"https:\/\/territorialchallenges.com\/pt\/wp-json\/wp\/v2\/posts\/123936\/revisions"}],"predecessor-version":[{"id":123939,"href":"https:\/\/territorialchallenges.com\/pt\/wp-json\/wp\/v2\/posts\/123936\/revisions\/123939"}],"wp:featuredmedia":[{"embeddable":true,"href":"https:\/\/territorialchallenges.com\/pt\/wp-json\/wp\/v2\/media\/123938"}],"wp:attachment":[{"href":"https:\/\/territorialchallenges.com\/pt\/wp-json\/wp\/v2\/media?parent=123936"}],"wp:term":[{"taxonomy":"category","embeddable":true,"href":"https:\/\/territorialchallenges.com\/pt\/wp-json\/wp\/v2\/categories?post=123936"},{"taxonomy":"post_tag","embeddable":true,"href":"https:\/\/territorialchallenges.com\/pt\/wp-json\/wp\/v2\/tags?post=123936"}],"curies":[{"name":"wp","href":"https:\/\/api.w.org\/{rel}","templated":true}]}}