{"id":123914,"date":"2025-02-12T08:56:06","date_gmt":"2025-02-12T07:56:06","guid":{"rendered":"https:\/\/territorialchallenges.com\/?p=123914"},"modified":"2025-02-12T08:56:08","modified_gmt":"2025-02-12T07:56:08","slug":"le-mois-chimique-et-electro-chimique-une-fenetre-sur-lindustrialisation-de-la-france-au-debut-du-20e-siecle","status":"publish","type":"post","link":"https:\/\/territorialchallenges.com\/pt\/2025\/02\/12\/le-mois-chimique-et-electro-chimique-une-fenetre-sur-lindustrialisation-de-la-france-au-debut-du-20e-siecle\/123914\/","title":{"rendered":"M\u00eas da Qu\u00edmica e Eletroqu\u00edmica: uma janela para a industrializa\u00e7\u00e3o da Fran\u00e7a no in\u00edcio do s\u00e9culo XX"},"content":{"rendered":"<p>Em sua edi\u00e7\u00e3o de 1\u00ba de agosto de 1910, Mois Chimique et \u00c9lectro-chimique, peri\u00f3dico t\u00e9cnico pioneiro fundado em 1899, destaca-se como uma testemunha-chave da ascens\u00e3o das ind\u00fastrias qu\u00edmica e eletroqu\u00edmica na Fran\u00e7a. Destinada a engenheiros e industriais, esta publica\u00e7\u00e3o detalhava os desafios di\u00e1rios enfrentados pelos profissionais e oferecia solu\u00e7\u00f5es pr\u00e1ticas extra\u00eddas de\u2026 <\/p>\n<div class=\"pmpro_content_message\">Artigo dispon\u00edvel somente para assinantes.<br \/><a href=\"https:\/\/territorialchallenges.com\/wp-login.php\">Conecte-se<\/a><br \/><a href=\"https:\/\/territorialchallenges.com\/pt\/wp-login.php\/?action=register\">Registrar<\/a><\/div>","protected":false},"excerpt":{"rendered":"<p>Dans son \u00e9dition du 1er ao\u00fbt 1910, le Mois Chimique et \u00c9lectro-chimique, revue technique pionni\u00e8re fond\u00e9e en 1899, s\u2019inscrit comme un t\u00e9moin essentiel de la mont\u00e9e en puissance des industries chimiques et \u00e9lectrochimiques en France. Destin\u00e9e aux ing\u00e9nieurs et industriels, cette publication d\u00e9taillait les d\u00e9fis quotidiens des professionnels et leur fournissait des solutions pratiques tir\u00e9es... <\/p>\n<div class=\"pmpro_content_message\">Artigo dispon\u00edvel somente para assinantes.<br \/><a href=\"https:\/\/territorialchallenges.com\/wp-login.php\">Conecte-se<\/a><br \/><a href=\"https:\/\/territorialchallenges.com\/pt\/wp-login.php\/?action=register\">Registrar<\/a><\/div>","protected":false},"author":11,"featured_media":123915,"comment_status":"closed","ping_status":"closed","sticky":true,"template":"","format":"standard","meta":{"pmpro_default_level":0,"footnotes":""},"categories":[121],"tags":[],"blocksy_meta":"","yoast_head":"<!-- This site is optimized with the Yoast SEO plugin v21.5 - https:\/\/yoast.com\/wordpress\/plugins\/seo\/ -->\n<title>Le Mois Chimique et \u00c9lectro-chimique : une fen\u00eatre sur l\u2019industrialisation de la France au d\u00e9but du 20e si\u00e8cle - Territorial Challenges<\/title>\n<meta name=\"robots\" content=\"index, follow, max-snippet:-1, max-image-preview:large, max-video-preview:-1\" \/>\n<link rel=\"canonical\" href=\"https:\/\/territorialchallenges.com\/pt\/2025\/02\/12\/le-mois-chimique-et-electro-chimique-une-fenetre-sur-lindustrialisation-de-la-france-au-debut-du-20e-siecle\/123914\/\" \/>\n<meta property=\"og:locale\" content=\"pt_PT\" \/>\n<meta property=\"og:type\" content=\"article\" \/>\n<meta property=\"og:title\" content=\"Le Mois Chimique et \u00c9lectro-chimique : une fen\u00eatre sur l\u2019industrialisation de la France au d\u00e9but du 20e si\u00e8cle - Territorial Challenges\" \/>\n<meta property=\"og:description\" content=\"Dans son \u00e9dition du 1er ao\u00fbt 1910, le Mois Chimique et \u00c9lectro-chimique, revue technique pionni\u00e8re fond\u00e9e en 1899, s\u2019inscrit comme un t\u00e9moin essentiel de la mont\u00e9e en puissance des industries chimiques et \u00e9lectrochimiques en France. Destin\u00e9e aux ing\u00e9nieurs et industriels, cette publication d\u00e9taillait les d\u00e9fis quotidiens des professionnels et leur fournissait des solutions pratiques tir\u00e9es [&hellip;]\" \/>\n<meta property=\"og:url\" content=\"https:\/\/territorialchallenges.com\/pt\/2025\/02\/12\/le-mois-chimique-et-electro-chimique-une-fenetre-sur-lindustrialisation-de-la-france-au-debut-du-20e-siecle\/123914\/\" \/>\n<meta property=\"og:site_name\" content=\"Territorial Challenges\" \/>\n<meta property=\"article:published_time\" content=\"2025-02-12T07:56:06+00:00\" \/>\n<meta property=\"article:modified_time\" content=\"2025-02-12T07:56:08+00:00\" \/>\n<meta property=\"og:image\" content=\"https:\/\/territorialchallenges.com\/wp-content\/uploads\/2025\/02\/Le_Mois_chimique_et_electro-chimique__bpt6k61475206.jpeg\" \/>\n\t<meta property=\"og:image:width\" content=\"1024\" \/>\n\t<meta property=\"og:image:height\" content=\"1546\" \/>\n\t<meta property=\"og:image:type\" content=\"image\/jpeg\" \/>\n<meta name=\"author\" content=\"ni.abdi\" \/>\n<meta name=\"twitter:card\" content=\"summary_large_image\" \/>\n<meta name=\"twitter:creator\" content=\"@Ni.abdi\" \/>\n<meta name=\"twitter:label1\" content=\"Escrito por\" \/>\n\t<meta name=\"twitter:data1\" content=\"ni.abdi\" \/>\n\t<meta name=\"twitter:label2\" content=\"Tempo estimado de leitura\" \/>\n\t<meta name=\"twitter:data2\" content=\"5 minutos\" \/>\n<script type=\"application\/ld+json\" class=\"yoast-schema-graph\">{\"@context\":\"https:\/\/schema.org\",\"@graph\":[{\"@type\":\"Article\",\"@id\":\"https:\/\/territorialchallenges.com\/2025\/02\/12\/le-mois-chimique-et-electro-chimique-une-fenetre-sur-lindustrialisation-de-la-france-au-debut-du-20e-siecle\/123914\/#article\",\"isPartOf\":{\"@id\":\"https:\/\/territorialchallenges.com\/2025\/02\/12\/le-mois-chimique-et-electro-chimique-une-fenetre-sur-lindustrialisation-de-la-france-au-debut-du-20e-siecle\/123914\/\"},\"author\":{\"name\":\"ni.abdi\",\"@id\":\"https:\/\/territorialchallenges.com\/#\/schema\/person\/098f145c7c61a021c425e010f840080f\"},\"headline\":\"Le Mois Chimique et \u00c9lectro-chimique : une fen\u00eatre sur l\u2019industrialisation de la France au d\u00e9but du 20e si\u00e8cle\",\"datePublished\":\"2025-02-12T07:56:06+00:00\",\"dateModified\":\"2025-02-12T07:56:08+00:00\",\"mainEntityOfPage\":{\"@id\":\"https:\/\/territorialchallenges.com\/2025\/02\/12\/le-mois-chimique-et-electro-chimique-une-fenetre-sur-lindustrialisation-de-la-france-au-debut-du-20e-siecle\/123914\/\"},\"wordCount\":1087,\"publisher\":{\"@id\":\"https:\/\/territorialchallenges.com\/#organization\"},\"articleSection\":[\"M\u00e9moire\"],\"inLanguage\":\"pt-PT\"},{\"@type\":\"WebPage\",\"@id\":\"https:\/\/territorialchallenges.com\/2025\/02\/12\/le-mois-chimique-et-electro-chimique-une-fenetre-sur-lindustrialisation-de-la-france-au-debut-du-20e-siecle\/123914\/\",\"url\":\"https:\/\/territorialchallenges.com\/2025\/02\/12\/le-mois-chimique-et-electro-chimique-une-fenetre-sur-lindustrialisation-de-la-france-au-debut-du-20e-siecle\/123914\/\",\"name\":\"Le Mois Chimique et \u00c9lectro-chimique : une fen\u00eatre sur l\u2019industrialisation de la France au d\u00e9but du 20e si\u00e8cle - Territorial Challenges\",\"isPartOf\":{\"@id\":\"https:\/\/territorialchallenges.com\/#website\"},\"datePublished\":\"2025-02-12T07:56:06+00:00\",\"dateModified\":\"2025-02-12T07:56:08+00:00\",\"breadcrumb\":{\"@id\":\"https:\/\/territorialchallenges.com\/2025\/02\/12\/le-mois-chimique-et-electro-chimique-une-fenetre-sur-lindustrialisation-de-la-france-au-debut-du-20e-siecle\/123914\/#breadcrumb\"},\"inLanguage\":\"pt-PT\",\"potentialAction\":[{\"@type\":\"ReadAction\",\"target\":[\"https:\/\/territorialchallenges.com\/2025\/02\/12\/le-mois-chimique-et-electro-chimique-une-fenetre-sur-lindustrialisation-de-la-france-au-debut-du-20e-siecle\/123914\/\"]}]},{\"@type\":\"BreadcrumbList\",\"@id\":\"https:\/\/territorialchallenges.com\/2025\/02\/12\/le-mois-chimique-et-electro-chimique-une-fenetre-sur-lindustrialisation-de-la-france-au-debut-du-20e-siecle\/123914\/#breadcrumb\",\"itemListElement\":[{\"@type\":\"ListItem\",\"position\":1,\"name\":\"Home\",\"item\":\"https:\/\/territorialchallenges.com\/\"},{\"@type\":\"ListItem\",\"position\":2,\"name\":\"Le Mois Chimique et \u00c9lectro-chimique : une fen\u00eatre sur l\u2019industrialisation de la France au d\u00e9but du 20e si\u00e8cle\"}]},{\"@type\":\"WebSite\",\"@id\":\"https:\/\/territorialchallenges.com\/#website\",\"url\":\"https:\/\/territorialchallenges.com\/\",\"name\":\"Territorial Challenges\",\"description\":\"Veille Internationale - Strat\u00e9gie Intelligentes - Bonnes pratiques\",\"publisher\":{\"@id\":\"https:\/\/territorialchallenges.com\/#organization\"},\"potentialAction\":[{\"@type\":\"SearchAction\",\"target\":{\"@type\":\"EntryPoint\",\"urlTemplate\":\"https:\/\/territorialchallenges.com\/?s={search_term_string}\"},\"query-input\":\"required name=search_term_string\"}],\"inLanguage\":\"pt-PT\"},{\"@type\":\"Organization\",\"@id\":\"https:\/\/territorialchallenges.com\/#organization\",\"name\":\"Territorial Challenges\",\"url\":\"https:\/\/territorialchallenges.com\/\",\"logo\":{\"@type\":\"ImageObject\",\"inLanguage\":\"pt-PT\",\"@id\":\"https:\/\/territorialchallenges.com\/#\/schema\/logo\/image\/\",\"url\":\"https:\/\/territorialchallenges.com\/wp-content\/uploads\/2023\/10\/logo-1.png\",\"contentUrl\":\"https:\/\/territorialchallenges.com\/wp-content\/uploads\/2023\/10\/logo-1.png\",\"width\":1832,\"height\":576,\"caption\":\"Territorial Challenges\"},\"image\":{\"@id\":\"https:\/\/territorialchallenges.com\/#\/schema\/logo\/image\/\"}},{\"@type\":\"Person\",\"@id\":\"https:\/\/territorialchallenges.com\/#\/schema\/person\/098f145c7c61a021c425e010f840080f\",\"name\":\"ni.abdi\",\"image\":{\"@type\":\"ImageObject\",\"inLanguage\":\"pt-PT\",\"@id\":\"https:\/\/territorialchallenges.com\/#\/schema\/person\/image\/\",\"url\":\"https:\/\/secure.gravatar.com\/avatar\/2a2f2491f3c80039986ba989b1e4b510?s=96&d=identicon&r=g\",\"contentUrl\":\"https:\/\/secure.gravatar.com\/avatar\/2a2f2491f3c80039986ba989b1e4b510?s=96&d=identicon&r=g\",\"caption\":\"ni.abdi\"},\"sameAs\":[\"https:\/\/twitter.com\/Ni.abdi\"],\"url\":\"https:\/\/territorialchallenges.com\/pt\/author\/ni-abdi\/\"}]}<\/script>\n<!-- \/ Yoast SEO plugin. -->","yoast_head_json":{"title":"Le Mois Chimique et \u00c9lectro-chimique : une fen\u00eatre sur l\u2019industrialisation de la France au d\u00e9but du 20e si\u00e8cle - Territorial Challenges","robots":{"index":"index","follow":"follow","max-snippet":"max-snippet:-1","max-image-preview":"max-image-preview:large","max-video-preview":"max-video-preview:-1"},"canonical":"https:\/\/territorialchallenges.com\/pt\/2025\/02\/12\/le-mois-chimique-et-electro-chimique-une-fenetre-sur-lindustrialisation-de-la-france-au-debut-du-20e-siecle\/123914\/","og_locale":"pt_PT","og_type":"article","og_title":"Le Mois Chimique et \u00c9lectro-chimique : une fen\u00eatre sur l\u2019industrialisation de la France au d\u00e9but du 20e si\u00e8cle - Territorial Challenges","og_description":"Dans son \u00e9dition du 1er ao\u00fbt 1910, le Mois Chimique et \u00c9lectro-chimique, revue technique pionni\u00e8re fond\u00e9e en 1899, s\u2019inscrit comme un t\u00e9moin essentiel de la mont\u00e9e en puissance des industries chimiques et \u00e9lectrochimiques en France. Destin\u00e9e aux ing\u00e9nieurs et industriels, cette publication d\u00e9taillait les d\u00e9fis quotidiens des professionnels et leur fournissait des solutions pratiques tir\u00e9es [&hellip;]","og_url":"https:\/\/territorialchallenges.com\/pt\/2025\/02\/12\/le-mois-chimique-et-electro-chimique-une-fenetre-sur-lindustrialisation-de-la-france-au-debut-du-20e-siecle\/123914\/","og_site_name":"Territorial Challenges","article_published_time":"2025-02-12T07:56:06+00:00","article_modified_time":"2025-02-12T07:56:08+00:00","og_image":[{"width":1024,"height":1546,"url":"https:\/\/territorialchallenges.com\/wp-content\/uploads\/2025\/02\/Le_Mois_chimique_et_electro-chimique__bpt6k61475206.jpeg","type":"image\/jpeg"}],"author":"ni.abdi","twitter_card":"summary_large_image","twitter_creator":"@Ni.abdi","twitter_misc":{"Escrito por":"ni.abdi","Tempo estimado de leitura":"5 minutos"},"schema":{"@context":"https:\/\/schema.org","@graph":[{"@type":"Article","@id":"https:\/\/territorialchallenges.com\/2025\/02\/12\/le-mois-chimique-et-electro-chimique-une-fenetre-sur-lindustrialisation-de-la-france-au-debut-du-20e-siecle\/123914\/#article","isPartOf":{"@id":"https:\/\/territorialchallenges.com\/2025\/02\/12\/le-mois-chimique-et-electro-chimique-une-fenetre-sur-lindustrialisation-de-la-france-au-debut-du-20e-siecle\/123914\/"},"author":{"name":"ni.abdi","@id":"https:\/\/territorialchallenges.com\/#\/schema\/person\/098f145c7c61a021c425e010f840080f"},"headline":"Le Mois Chimique et \u00c9lectro-chimique : une fen\u00eatre sur l\u2019industrialisation de la France au d\u00e9but du 20e si\u00e8cle","datePublished":"2025-02-12T07:56:06+00:00","dateModified":"2025-02-12T07:56:08+00:00","mainEntityOfPage":{"@id":"https:\/\/territorialchallenges.com\/2025\/02\/12\/le-mois-chimique-et-electro-chimique-une-fenetre-sur-lindustrialisation-de-la-france-au-debut-du-20e-siecle\/123914\/"},"wordCount":1087,"publisher":{"@id":"https:\/\/territorialchallenges.com\/#organization"},"articleSection":["M\u00e9moire"],"inLanguage":"pt-PT"},{"@type":"WebPage","@id":"https:\/\/territorialchallenges.com\/2025\/02\/12\/le-mois-chimique-et-electro-chimique-une-fenetre-sur-lindustrialisation-de-la-france-au-debut-du-20e-siecle\/123914\/","url":"https:\/\/territorialchallenges.com\/2025\/02\/12\/le-mois-chimique-et-electro-chimique-une-fenetre-sur-lindustrialisation-de-la-france-au-debut-du-20e-siecle\/123914\/","name":"Le Mois Chimique et \u00c9lectro-chimique : une fen\u00eatre sur l\u2019industrialisation de la France au d\u00e9but du 20e si\u00e8cle - Territorial Challenges","isPartOf":{"@id":"https:\/\/territorialchallenges.com\/#website"},"datePublished":"2025-02-12T07:56:06+00:00","dateModified":"2025-02-12T07:56:08+00:00","breadcrumb":{"@id":"https:\/\/territorialchallenges.com\/2025\/02\/12\/le-mois-chimique-et-electro-chimique-une-fenetre-sur-lindustrialisation-de-la-france-au-debut-du-20e-siecle\/123914\/#breadcrumb"},"inLanguage":"pt-PT","potentialAction":[{"@type":"ReadAction","target":["https:\/\/territorialchallenges.com\/2025\/02\/12\/le-mois-chimique-et-electro-chimique-une-fenetre-sur-lindustrialisation-de-la-france-au-debut-du-20e-siecle\/123914\/"]}]},{"@type":"BreadcrumbList","@id":"https:\/\/territorialchallenges.com\/2025\/02\/12\/le-mois-chimique-et-electro-chimique-une-fenetre-sur-lindustrialisation-de-la-france-au-debut-du-20e-siecle\/123914\/#breadcrumb","itemListElement":[{"@type":"ListItem","position":1,"name":"Home","item":"https:\/\/territorialchallenges.com\/"},{"@type":"ListItem","position":2,"name":"Le Mois Chimique et \u00c9lectro-chimique : une fen\u00eatre sur l\u2019industrialisation de la France au d\u00e9but du 20e si\u00e8cle"}]},{"@type":"WebSite","@id":"https:\/\/territorialchallenges.com\/#website","url":"https:\/\/territorialchallenges.com\/","name":"Desafios territoriais","description":"Monitoramento Internacional - Estrat\u00e9gias Inteligentes - Melhores Pr\u00e1ticas","publisher":{"@id":"https:\/\/territorialchallenges.com\/#organization"},"potentialAction":[{"@type":"SearchAction","target":{"@type":"EntryPoint","urlTemplate":"https:\/\/territorialchallenges.com\/?s={search_term_string}"},"query-input":"required name=search_term_string"}],"inLanguage":"pt-PT"},{"@type":"Organization","@id":"https:\/\/territorialchallenges.com\/#organization","name":"Desafios territoriais","url":"https:\/\/territorialchallenges.com\/","logo":{"@type":"ImageObject","inLanguage":"pt-PT","@id":"https:\/\/territorialchallenges.com\/#\/schema\/logo\/image\/","url":"https:\/\/territorialchallenges.com\/wp-content\/uploads\/2023\/10\/logo-1.png","contentUrl":"https:\/\/territorialchallenges.com\/wp-content\/uploads\/2023\/10\/logo-1.png","width":1832,"height":576,"caption":"Territorial Challenges"},"image":{"@id":"https:\/\/territorialchallenges.com\/#\/schema\/logo\/image\/"}},{"@type":"Person","@id":"https:\/\/territorialchallenges.com\/#\/schema\/person\/098f145c7c61a021c425e010f840080f","name":"ni.abdi","image":{"@type":"ImageObject","inLanguage":"pt-PT","@id":"https:\/\/territorialchallenges.com\/#\/schema\/person\/image\/","url":"https:\/\/secure.gravatar.com\/avatar\/2a2f2491f3c80039986ba989b1e4b510?s=96&d=identicon&r=g","contentUrl":"https:\/\/secure.gravatar.com\/avatar\/2a2f2491f3c80039986ba989b1e4b510?s=96&d=identicon&r=g","caption":"ni.abdi"},"sameAs":["https:\/\/twitter.com\/Ni.abdi"],"url":"https:\/\/territorialchallenges.com\/pt\/author\/ni-abdi\/"}]}},"_links":{"self":[{"href":"https:\/\/territorialchallenges.com\/pt\/wp-json\/wp\/v2\/posts\/123914"}],"collection":[{"href":"https:\/\/territorialchallenges.com\/pt\/wp-json\/wp\/v2\/posts"}],"about":[{"href":"https:\/\/territorialchallenges.com\/pt\/wp-json\/wp\/v2\/types\/post"}],"author":[{"embeddable":true,"href":"https:\/\/territorialchallenges.com\/pt\/wp-json\/wp\/v2\/users\/11"}],"replies":[{"embeddable":true,"href":"https:\/\/territorialchallenges.com\/pt\/wp-json\/wp\/v2\/comments?post=123914"}],"version-history":[{"count":1,"href":"https:\/\/territorialchallenges.com\/pt\/wp-json\/wp\/v2\/posts\/123914\/revisions"}],"predecessor-version":[{"id":123916,"href":"https:\/\/territorialchallenges.com\/pt\/wp-json\/wp\/v2\/posts\/123914\/revisions\/123916"}],"wp:featuredmedia":[{"embeddable":true,"href":"https:\/\/territorialchallenges.com\/pt\/wp-json\/wp\/v2\/media\/123915"}],"wp:attachment":[{"href":"https:\/\/territorialchallenges.com\/pt\/wp-json\/wp\/v2\/media?parent=123914"}],"wp:term":[{"taxonomy":"category","embeddable":true,"href":"https:\/\/territorialchallenges.com\/pt\/wp-json\/wp\/v2\/categories?post=123914"},{"taxonomy":"post_tag","embeddable":true,"href":"https:\/\/territorialchallenges.com\/pt\/wp-json\/wp\/v2\/tags?post=123914"}],"curies":[{"name":"wp","href":"https:\/\/api.w.org\/{rel}","templated":true}]}}