{"id":123746,"date":"2025-01-08T11:42:02","date_gmt":"2025-01-08T10:42:02","guid":{"rendered":"https:\/\/territorialchallenges.com\/?p=123746"},"modified":"2025-01-08T11:42:07","modified_gmt":"2025-01-08T10:42:07","slug":"de-lia-a-labordabilite-cinq-tendances-cles-qui-redefinissent-lenergie-et-les-services-publics-en-2025","status":"publish","type":"post","link":"https:\/\/territorialchallenges.com\/pt\/2025\/01\/08\/de-lia-a-labordabilite-cinq-tendances-cles-qui-redefinissent-lenergie-et-les-services-publics-en-2025\/123746\/","title":{"rendered":"Da IA \u00e0 acessibilidade: cinco tend\u00eancias principais que redefinir\u00e3o o setor de energia e servi\u00e7os p\u00fablicos em 2025"},"content":{"rendered":"<p>Em 2025, o setor energ\u00e9tico enfrentar\u00e1 desafios significativos: demanda crescente, necessidade de confiabilidade, preocupa\u00e7\u00f5es com acessibilidade, uma revolu\u00e7\u00e3o tecnol\u00f3gica e aumento da seguran\u00e7a cibern\u00e9tica. Cinco tend\u00eancias principais moldar\u00e3o o futuro deste setor, crucial para a transi\u00e7\u00e3o energ\u00e9tica. O setor de energia e servi\u00e7os p\u00fablicos est\u00e1 \u00e0 beira de uma transforma\u00e7\u00e3o\u2026 <\/p>\n<div class=\"pmpro_content_message\">Artigo dispon\u00edvel somente para assinantes.<br \/><a href=\"https:\/\/territorialchallenges.com\/wp-login.php\">Conecte-se<\/a><br \/><a href=\"https:\/\/territorialchallenges.com\/pt\/wp-login.php\/?action=register\">Registrar<\/a><\/div>","protected":false},"excerpt":{"rendered":"<p>En 2025, le secteur de l\u2019\u00e9nergie sera confront\u00e9 \u00e0 des d\u00e9fis de taille : croissance de la demande, n\u00e9cessit\u00e9 de fiabilit\u00e9, pr\u00e9occupations d\u2019abordabilit\u00e9, r\u00e9volution technologique et renforcement de la cybers\u00e9curit\u00e9. Cinq tendances majeures orienteront l\u2019avenir de ce secteur crucial pour la transition \u00e9nerg\u00e9tique. L\u2019industrie de l\u2019\u00e9nergie et des services publics est \u00e0 l\u2019aube d\u2019un bouleversement... <\/p>\n<div class=\"pmpro_content_message\">Artigo dispon\u00edvel somente para assinantes.<br \/><a href=\"https:\/\/territorialchallenges.com\/wp-login.php\">Conecte-se<\/a><br \/><a href=\"https:\/\/territorialchallenges.com\/pt\/wp-login.php\/?action=register\">Registrar<\/a><\/div>","protected":false},"author":11,"featured_media":123747,"comment_status":"closed","ping_status":"closed","sticky":true,"template":"","format":"standard","meta":{"pmpro_default_level":0,"footnotes":""},"categories":[18,124],"tags":[],"blocksy_meta":"","yoast_head":"<!-- This site is optimized with the Yoast SEO plugin v21.5 - https:\/\/yoast.com\/wordpress\/plugins\/seo\/ -->\n<title>De l\u2019IA \u00e0 l\u2019abordabilit\u00e9 : cinq tendances cl\u00e9s qui red\u00e9finissent l\u2019\u00e9nergie et les services publics en 2025 - Territorial Challenges<\/title>\n<meta name=\"robots\" content=\"index, follow, max-snippet:-1, max-image-preview:large, max-video-preview:-1\" \/>\n<link rel=\"canonical\" href=\"https:\/\/territorialchallenges.com\/pt\/2025\/01\/08\/de-lia-a-labordabilite-cinq-tendances-cles-qui-redefinissent-lenergie-et-les-services-publics-en-2025\/123746\/\" \/>\n<meta property=\"og:locale\" content=\"pt_PT\" \/>\n<meta property=\"og:type\" content=\"article\" \/>\n<meta property=\"og:title\" content=\"De l\u2019IA \u00e0 l\u2019abordabilit\u00e9 : cinq tendances cl\u00e9s qui red\u00e9finissent l\u2019\u00e9nergie et les services publics en 2025 - Territorial Challenges\" \/>\n<meta property=\"og:description\" content=\"En 2025, le secteur de l\u2019\u00e9nergie sera confront\u00e9 \u00e0 des d\u00e9fis de taille : croissance de la demande, n\u00e9cessit\u00e9 de fiabilit\u00e9, pr\u00e9occupations d\u2019abordabilit\u00e9, r\u00e9volution technologique et renforcement de la cybers\u00e9curit\u00e9. Cinq tendances majeures orienteront l\u2019avenir de ce secteur crucial pour la transition \u00e9nerg\u00e9tique. L\u2019industrie de l\u2019\u00e9nergie et des services publics est \u00e0 l\u2019aube d\u2019un bouleversement [&hellip;]\" \/>\n<meta property=\"og:url\" content=\"https:\/\/territorialchallenges.com\/pt\/2025\/01\/08\/de-lia-a-labordabilite-cinq-tendances-cles-qui-redefinissent-lenergie-et-les-services-publics-en-2025\/123746\/\" \/>\n<meta property=\"og:site_name\" content=\"Territorial Challenges\" \/>\n<meta property=\"article:published_time\" content=\"2025-01-08T10:42:02+00:00\" \/>\n<meta property=\"article:modified_time\" content=\"2025-01-08T10:42:07+00:00\" \/>\n<meta property=\"og:image\" content=\"https:\/\/territorialchallenges.com\/wp-content\/uploads\/2025\/01\/transitionenergetique7.01.25.image_.jpg\" \/>\n\t<meta property=\"og:image:width\" content=\"1280\" \/>\n\t<meta property=\"og:image:height\" content=\"1280\" \/>\n\t<meta property=\"og:image:type\" content=\"image\/jpeg\" \/>\n<meta name=\"author\" content=\"ni.abdi\" \/>\n<meta name=\"twitter:card\" content=\"summary_large_image\" \/>\n<meta name=\"twitter:creator\" content=\"@Ni.abdi\" \/>\n<meta name=\"twitter:label1\" content=\"Escrito por\" \/>\n\t<meta name=\"twitter:data1\" content=\"ni.abdi\" \/>\n\t<meta name=\"twitter:label2\" content=\"Tempo estimado de leitura\" \/>\n\t<meta name=\"twitter:data2\" content=\"5 minutos\" \/>\n<script type=\"application\/ld+json\" class=\"yoast-schema-graph\">{\"@context\":\"https:\/\/schema.org\",\"@graph\":[{\"@type\":\"Article\",\"@id\":\"https:\/\/territorialchallenges.com\/2025\/01\/08\/de-lia-a-labordabilite-cinq-tendances-cles-qui-redefinissent-lenergie-et-les-services-publics-en-2025\/123746\/#article\",\"isPartOf\":{\"@id\":\"https:\/\/territorialchallenges.com\/2025\/01\/08\/de-lia-a-labordabilite-cinq-tendances-cles-qui-redefinissent-lenergie-et-les-services-publics-en-2025\/123746\/\"},\"author\":{\"name\":\"ni.abdi\",\"@id\":\"https:\/\/territorialchallenges.com\/#\/schema\/person\/098f145c7c61a021c425e010f840080f\"},\"headline\":\"De l\u2019IA \u00e0 l\u2019abordabilit\u00e9 : cinq tendances cl\u00e9s qui red\u00e9finissent l\u2019\u00e9nergie et les services publics en 2025\",\"datePublished\":\"2025-01-08T10:42:02+00:00\",\"dateModified\":\"2025-01-08T10:42:07+00:00\",\"mainEntityOfPage\":{\"@id\":\"https:\/\/territorialchallenges.com\/2025\/01\/08\/de-lia-a-labordabilite-cinq-tendances-cles-qui-redefinissent-lenergie-et-les-services-publics-en-2025\/123746\/\"},\"wordCount\":1117,\"publisher\":{\"@id\":\"https:\/\/territorialchallenges.com\/#organization\"},\"articleSection\":[\"Transition \u00c9nerg\u00e9tique\",\"Actualit\u00e9 internationale\"],\"inLanguage\":\"pt-PT\"},{\"@type\":\"WebPage\",\"@id\":\"https:\/\/territorialchallenges.com\/2025\/01\/08\/de-lia-a-labordabilite-cinq-tendances-cles-qui-redefinissent-lenergie-et-les-services-publics-en-2025\/123746\/\",\"url\":\"https:\/\/territorialchallenges.com\/2025\/01\/08\/de-lia-a-labordabilite-cinq-tendances-cles-qui-redefinissent-lenergie-et-les-services-publics-en-2025\/123746\/\",\"name\":\"De l\u2019IA \u00e0 l\u2019abordabilit\u00e9 : cinq tendances cl\u00e9s qui red\u00e9finissent l\u2019\u00e9nergie et les services publics en 2025 - Territorial Challenges\",\"isPartOf\":{\"@id\":\"https:\/\/territorialchallenges.com\/#website\"},\"datePublished\":\"2025-01-08T10:42:02+00:00\",\"dateModified\":\"2025-01-08T10:42:07+00:00\",\"breadcrumb\":{\"@id\":\"https:\/\/territorialchallenges.com\/2025\/01\/08\/de-lia-a-labordabilite-cinq-tendances-cles-qui-redefinissent-lenergie-et-les-services-publics-en-2025\/123746\/#breadcrumb\"},\"inLanguage\":\"pt-PT\",\"potentialAction\":[{\"@type\":\"ReadAction\",\"target\":[\"https:\/\/territorialchallenges.com\/2025\/01\/08\/de-lia-a-labordabilite-cinq-tendances-cles-qui-redefinissent-lenergie-et-les-services-publics-en-2025\/123746\/\"]}]},{\"@type\":\"BreadcrumbList\",\"@id\":\"https:\/\/territorialchallenges.com\/2025\/01\/08\/de-lia-a-labordabilite-cinq-tendances-cles-qui-redefinissent-lenergie-et-les-services-publics-en-2025\/123746\/#breadcrumb\",\"itemListElement\":[{\"@type\":\"ListItem\",\"position\":1,\"name\":\"Home\",\"item\":\"https:\/\/territorialchallenges.com\/\"},{\"@type\":\"ListItem\",\"position\":2,\"name\":\"De l\u2019IA \u00e0 l\u2019abordabilit\u00e9 : cinq tendances cl\u00e9s qui red\u00e9finissent l\u2019\u00e9nergie et les services publics en 2025\"}]},{\"@type\":\"WebSite\",\"@id\":\"https:\/\/territorialchallenges.com\/#website\",\"url\":\"https:\/\/territorialchallenges.com\/\",\"name\":\"Territorial Challenges\",\"description\":\"Veille Internationale - Strat\u00e9gie Intelligentes - Bonnes pratiques\",\"publisher\":{\"@id\":\"https:\/\/territorialchallenges.com\/#organization\"},\"potentialAction\":[{\"@type\":\"SearchAction\",\"target\":{\"@type\":\"EntryPoint\",\"urlTemplate\":\"https:\/\/territorialchallenges.com\/?s={search_term_string}\"},\"query-input\":\"required name=search_term_string\"}],\"inLanguage\":\"pt-PT\"},{\"@type\":\"Organization\",\"@id\":\"https:\/\/territorialchallenges.com\/#organization\",\"name\":\"Territorial Challenges\",\"url\":\"https:\/\/territorialchallenges.com\/\",\"logo\":{\"@type\":\"ImageObject\",\"inLanguage\":\"pt-PT\",\"@id\":\"https:\/\/territorialchallenges.com\/#\/schema\/logo\/image\/\",\"url\":\"https:\/\/territorialchallenges.com\/wp-content\/uploads\/2023\/10\/logo-1.png\",\"contentUrl\":\"https:\/\/territorialchallenges.com\/wp-content\/uploads\/2023\/10\/logo-1.png\",\"width\":1832,\"height\":576,\"caption\":\"Territorial Challenges\"},\"image\":{\"@id\":\"https:\/\/territorialchallenges.com\/#\/schema\/logo\/image\/\"}},{\"@type\":\"Person\",\"@id\":\"https:\/\/territorialchallenges.com\/#\/schema\/person\/098f145c7c61a021c425e010f840080f\",\"name\":\"ni.abdi\",\"image\":{\"@type\":\"ImageObject\",\"inLanguage\":\"pt-PT\",\"@id\":\"https:\/\/territorialchallenges.com\/#\/schema\/person\/image\/\",\"url\":\"https:\/\/secure.gravatar.com\/avatar\/2a2f2491f3c80039986ba989b1e4b510?s=96&d=identicon&r=g\",\"contentUrl\":\"https:\/\/secure.gravatar.com\/avatar\/2a2f2491f3c80039986ba989b1e4b510?s=96&d=identicon&r=g\",\"caption\":\"ni.abdi\"},\"sameAs\":[\"https:\/\/twitter.com\/Ni.abdi\"],\"url\":\"https:\/\/territorialchallenges.com\/pt\/author\/ni-abdi\/\"}]}<\/script>\n<!-- \/ Yoast SEO plugin. -->","yoast_head_json":{"title":"De l\u2019IA \u00e0 l\u2019abordabilit\u00e9 : cinq tendances cl\u00e9s qui red\u00e9finissent l\u2019\u00e9nergie et les services publics en 2025 - Territorial Challenges","robots":{"index":"index","follow":"follow","max-snippet":"max-snippet:-1","max-image-preview":"max-image-preview:large","max-video-preview":"max-video-preview:-1"},"canonical":"https:\/\/territorialchallenges.com\/pt\/2025\/01\/08\/de-lia-a-labordabilite-cinq-tendances-cles-qui-redefinissent-lenergie-et-les-services-publics-en-2025\/123746\/","og_locale":"pt_PT","og_type":"article","og_title":"De l\u2019IA \u00e0 l\u2019abordabilit\u00e9 : cinq tendances cl\u00e9s qui red\u00e9finissent l\u2019\u00e9nergie et les services publics en 2025 - Territorial Challenges","og_description":"En 2025, le secteur de l\u2019\u00e9nergie sera confront\u00e9 \u00e0 des d\u00e9fis de taille : croissance de la demande, n\u00e9cessit\u00e9 de fiabilit\u00e9, pr\u00e9occupations d\u2019abordabilit\u00e9, r\u00e9volution technologique et renforcement de la cybers\u00e9curit\u00e9. Cinq tendances majeures orienteront l\u2019avenir de ce secteur crucial pour la transition \u00e9nerg\u00e9tique. L\u2019industrie de l\u2019\u00e9nergie et des services publics est \u00e0 l\u2019aube d\u2019un bouleversement [&hellip;]","og_url":"https:\/\/territorialchallenges.com\/pt\/2025\/01\/08\/de-lia-a-labordabilite-cinq-tendances-cles-qui-redefinissent-lenergie-et-les-services-publics-en-2025\/123746\/","og_site_name":"Territorial Challenges","article_published_time":"2025-01-08T10:42:02+00:00","article_modified_time":"2025-01-08T10:42:07+00:00","og_image":[{"width":1280,"height":1280,"url":"https:\/\/territorialchallenges.com\/wp-content\/uploads\/2025\/01\/transitionenergetique7.01.25.image_.jpg","type":"image\/jpeg"}],"author":"ni.abdi","twitter_card":"summary_large_image","twitter_creator":"@Ni.abdi","twitter_misc":{"Escrito por":"ni.abdi","Tempo estimado de leitura":"5 minutos"},"schema":{"@context":"https:\/\/schema.org","@graph":[{"@type":"Article","@id":"https:\/\/territorialchallenges.com\/2025\/01\/08\/de-lia-a-labordabilite-cinq-tendances-cles-qui-redefinissent-lenergie-et-les-services-publics-en-2025\/123746\/#article","isPartOf":{"@id":"https:\/\/territorialchallenges.com\/2025\/01\/08\/de-lia-a-labordabilite-cinq-tendances-cles-qui-redefinissent-lenergie-et-les-services-publics-en-2025\/123746\/"},"author":{"name":"ni.abdi","@id":"https:\/\/territorialchallenges.com\/#\/schema\/person\/098f145c7c61a021c425e010f840080f"},"headline":"De l\u2019IA \u00e0 l\u2019abordabilit\u00e9 : cinq tendances cl\u00e9s qui red\u00e9finissent l\u2019\u00e9nergie et les services publics en 2025","datePublished":"2025-01-08T10:42:02+00:00","dateModified":"2025-01-08T10:42:07+00:00","mainEntityOfPage":{"@id":"https:\/\/territorialchallenges.com\/2025\/01\/08\/de-lia-a-labordabilite-cinq-tendances-cles-qui-redefinissent-lenergie-et-les-services-publics-en-2025\/123746\/"},"wordCount":1117,"publisher":{"@id":"https:\/\/territorialchallenges.com\/#organization"},"articleSection":["Transition \u00c9nerg\u00e9tique","Actualit\u00e9 internationale"],"inLanguage":"pt-PT"},{"@type":"WebPage","@id":"https:\/\/territorialchallenges.com\/2025\/01\/08\/de-lia-a-labordabilite-cinq-tendances-cles-qui-redefinissent-lenergie-et-les-services-publics-en-2025\/123746\/","url":"https:\/\/territorialchallenges.com\/2025\/01\/08\/de-lia-a-labordabilite-cinq-tendances-cles-qui-redefinissent-lenergie-et-les-services-publics-en-2025\/123746\/","name":"De l\u2019IA \u00e0 l\u2019abordabilit\u00e9 : cinq tendances cl\u00e9s qui red\u00e9finissent l\u2019\u00e9nergie et les services publics en 2025 - Territorial Challenges","isPartOf":{"@id":"https:\/\/territorialchallenges.com\/#website"},"datePublished":"2025-01-08T10:42:02+00:00","dateModified":"2025-01-08T10:42:07+00:00","breadcrumb":{"@id":"https:\/\/territorialchallenges.com\/2025\/01\/08\/de-lia-a-labordabilite-cinq-tendances-cles-qui-redefinissent-lenergie-et-les-services-publics-en-2025\/123746\/#breadcrumb"},"inLanguage":"pt-PT","potentialAction":[{"@type":"ReadAction","target":["https:\/\/territorialchallenges.com\/2025\/01\/08\/de-lia-a-labordabilite-cinq-tendances-cles-qui-redefinissent-lenergie-et-les-services-publics-en-2025\/123746\/"]}]},{"@type":"BreadcrumbList","@id":"https:\/\/territorialchallenges.com\/2025\/01\/08\/de-lia-a-labordabilite-cinq-tendances-cles-qui-redefinissent-lenergie-et-les-services-publics-en-2025\/123746\/#breadcrumb","itemListElement":[{"@type":"ListItem","position":1,"name":"Home","item":"https:\/\/territorialchallenges.com\/"},{"@type":"ListItem","position":2,"name":"De l\u2019IA \u00e0 l\u2019abordabilit\u00e9 : cinq tendances cl\u00e9s qui red\u00e9finissent l\u2019\u00e9nergie et les services publics en 2025"}]},{"@type":"WebSite","@id":"https:\/\/territorialchallenges.com\/#website","url":"https:\/\/territorialchallenges.com\/","name":"Desafios territoriais","description":"Monitoramento Internacional - Estrat\u00e9gias Inteligentes - Melhores Pr\u00e1ticas","publisher":{"@id":"https:\/\/territorialchallenges.com\/#organization"},"potentialAction":[{"@type":"SearchAction","target":{"@type":"EntryPoint","urlTemplate":"https:\/\/territorialchallenges.com\/?s={search_term_string}"},"query-input":"required name=search_term_string"}],"inLanguage":"pt-PT"},{"@type":"Organization","@id":"https:\/\/territorialchallenges.com\/#organization","name":"Desafios territoriais","url":"https:\/\/territorialchallenges.com\/","logo":{"@type":"ImageObject","inLanguage":"pt-PT","@id":"https:\/\/territorialchallenges.com\/#\/schema\/logo\/image\/","url":"https:\/\/territorialchallenges.com\/wp-content\/uploads\/2023\/10\/logo-1.png","contentUrl":"https:\/\/territorialchallenges.com\/wp-content\/uploads\/2023\/10\/logo-1.png","width":1832,"height":576,"caption":"Territorial Challenges"},"image":{"@id":"https:\/\/territorialchallenges.com\/#\/schema\/logo\/image\/"}},{"@type":"Person","@id":"https:\/\/territorialchallenges.com\/#\/schema\/person\/098f145c7c61a021c425e010f840080f","name":"ni.abdi","image":{"@type":"ImageObject","inLanguage":"pt-PT","@id":"https:\/\/territorialchallenges.com\/#\/schema\/person\/image\/","url":"https:\/\/secure.gravatar.com\/avatar\/2a2f2491f3c80039986ba989b1e4b510?s=96&d=identicon&r=g","contentUrl":"https:\/\/secure.gravatar.com\/avatar\/2a2f2491f3c80039986ba989b1e4b510?s=96&d=identicon&r=g","caption":"ni.abdi"},"sameAs":["https:\/\/twitter.com\/Ni.abdi"],"url":"https:\/\/territorialchallenges.com\/pt\/author\/ni-abdi\/"}]}},"_links":{"self":[{"href":"https:\/\/territorialchallenges.com\/pt\/wp-json\/wp\/v2\/posts\/123746"}],"collection":[{"href":"https:\/\/territorialchallenges.com\/pt\/wp-json\/wp\/v2\/posts"}],"about":[{"href":"https:\/\/territorialchallenges.com\/pt\/wp-json\/wp\/v2\/types\/post"}],"author":[{"embeddable":true,"href":"https:\/\/territorialchallenges.com\/pt\/wp-json\/wp\/v2\/users\/11"}],"replies":[{"embeddable":true,"href":"https:\/\/territorialchallenges.com\/pt\/wp-json\/wp\/v2\/comments?post=123746"}],"version-history":[{"count":1,"href":"https:\/\/territorialchallenges.com\/pt\/wp-json\/wp\/v2\/posts\/123746\/revisions"}],"predecessor-version":[{"id":123748,"href":"https:\/\/territorialchallenges.com\/pt\/wp-json\/wp\/v2\/posts\/123746\/revisions\/123748"}],"wp:featuredmedia":[{"embeddable":true,"href":"https:\/\/territorialchallenges.com\/pt\/wp-json\/wp\/v2\/media\/123747"}],"wp:attachment":[{"href":"https:\/\/territorialchallenges.com\/pt\/wp-json\/wp\/v2\/media?parent=123746"}],"wp:term":[{"taxonomy":"category","embeddable":true,"href":"https:\/\/territorialchallenges.com\/pt\/wp-json\/wp\/v2\/categories?post=123746"},{"taxonomy":"post_tag","embeddable":true,"href":"https:\/\/territorialchallenges.com\/pt\/wp-json\/wp\/v2\/tags?post=123746"}],"curies":[{"name":"wp","href":"https:\/\/api.w.org\/{rel}","templated":true}]}}