{"id":123571,"date":"2024-11-24T13:06:47","date_gmt":"2024-11-24T12:06:47","guid":{"rendered":"https:\/\/territorialchallenges.com\/?p=123571"},"modified":"2024-11-24T13:06:49","modified_gmt":"2024-11-24T12:06:49","slug":"turin-capitale-europeenne-de-linnovation-2024-une-approche-globale-saluee-par-leurope","status":"publish","type":"post","link":"https:\/\/territorialchallenges.com\/pt\/2024\/11\/24\/turin-capitale-europeenne-de-linnovation-2024-une-approche-globale-saluee-par-leurope\/123571\/","title":{"rendered":"Turim, Capital Europeia da Inova\u00e7\u00e3o 2024: uma abordagem global acolhida pela Europa"},"content":{"rendered":"<p>Turim foi coroada Capital Europeia da Inova\u00e7\u00e3o 2024, conquistando o prestigiado Pr\u00eamio iCapital. Este reconhecimento destaca a abordagem abrangente da cidade \u00e0 experimenta\u00e7\u00e3o e inova\u00e7\u00e3o, bem como seu compromisso em criar ambientes mais justos, sustent\u00e1veis e habit\u00e1veis para seus cidad\u00e3os. Em 9 de outubro, no Lisbon Web Summit, Turim\u2026 <\/p>\n<div class=\"pmpro_content_message\">Artigo dispon\u00edvel somente para assinantes.<br \/><a href=\"https:\/\/territorialchallenges.com\/wp-login.php\">Conecte-se<\/a><br \/><a href=\"https:\/\/territorialchallenges.com\/pt\/wp-login.php\/?action=register\">Registrar<\/a><\/div>","protected":false},"excerpt":{"rendered":"<p>Turin a \u00e9t\u00e9 couronn\u00e9e capitale europ\u00e9enne de l\u2019innovation 2024, remportant le prestigieux prix iCapital. Cette reconnaissance met en lumi\u00e8re l\u2019approche globale de la ville en mati\u00e8re d\u2019exp\u00e9rimentation et d\u2019innovation, ainsi que son engagement \u00e0 cr\u00e9er des environnements plus justes, durables et vivables pour ses citoyens. Le 9 octobre, lors du Web Summit de Lisbonne, Turin... <\/p>\n<div class=\"pmpro_content_message\">Artigo dispon\u00edvel somente para assinantes.<br \/><a href=\"https:\/\/territorialchallenges.com\/wp-login.php\">Conecte-se<\/a><br \/><a href=\"https:\/\/territorialchallenges.com\/pt\/wp-login.php\/?action=register\">Registrar<\/a><\/div>","protected":false},"author":11,"featured_media":123572,"comment_status":"closed","ping_status":"closed","sticky":true,"template":"","format":"standard","meta":{"pmpro_default_level":0,"footnotes":""},"categories":[19,127],"tags":[],"blocksy_meta":"","yoast_head":"<!-- This site is optimized with the Yoast SEO plugin v21.5 - https:\/\/yoast.com\/wordpress\/plugins\/seo\/ -->\n<title>Turin, capitale europ\u00e9enne de l\u2019innovation 2024 : une approche globale salu\u00e9e par l\u2019Europe - Territorial Challenges<\/title>\n<meta name=\"robots\" content=\"index, follow, max-snippet:-1, max-image-preview:large, max-video-preview:-1\" \/>\n<link rel=\"canonical\" href=\"https:\/\/territorialchallenges.com\/pt\/2024\/11\/24\/turin-capitale-europeenne-de-linnovation-2024-une-approche-globale-saluee-par-leurope\/123571\/\" \/>\n<meta property=\"og:locale\" content=\"pt_PT\" \/>\n<meta property=\"og:type\" content=\"article\" \/>\n<meta property=\"og:title\" content=\"Turin, capitale europ\u00e9enne de l\u2019innovation 2024 : une approche globale salu\u00e9e par l\u2019Europe - Territorial Challenges\" \/>\n<meta property=\"og:description\" content=\"Turin a \u00e9t\u00e9 couronn\u00e9e capitale europ\u00e9enne de l\u2019innovation 2024, remportant le prestigieux prix iCapital. Cette reconnaissance met en lumi\u00e8re l\u2019approche globale de la ville en mati\u00e8re d\u2019exp\u00e9rimentation et d\u2019innovation, ainsi que son engagement \u00e0 cr\u00e9er des environnements plus justes, durables et vivables pour ses citoyens. Le 9 octobre, lors du Web Summit de Lisbonne, Turin [&hellip;]\" \/>\n<meta property=\"og:url\" content=\"https:\/\/territorialchallenges.com\/pt\/2024\/11\/24\/turin-capitale-europeenne-de-linnovation-2024-une-approche-globale-saluee-par-leurope\/123571\/\" \/>\n<meta property=\"og:site_name\" content=\"Territorial Challenges\" \/>\n<meta property=\"article:published_time\" content=\"2024-11-24T12:06:47+00:00\" \/>\n<meta property=\"article:modified_time\" content=\"2024-11-24T12:06:49+00:00\" \/>\n<meta property=\"og:image\" content=\"https:\/\/territorialchallenges.com\/wp-content\/uploads\/2024\/11\/territoiresintelligentsImage-2.jpg\" \/>\n\t<meta property=\"og:image:width\" content=\"1280\" \/>\n\t<meta property=\"og:image:height\" content=\"857\" \/>\n\t<meta property=\"og:image:type\" content=\"image\/jpeg\" \/>\n<meta name=\"author\" content=\"ni.abdi\" \/>\n<meta name=\"twitter:card\" content=\"summary_large_image\" \/>\n<meta name=\"twitter:creator\" content=\"@Ni.abdi\" \/>\n<meta name=\"twitter:label1\" content=\"Escrito por\" \/>\n\t<meta name=\"twitter:data1\" content=\"ni.abdi\" \/>\n\t<meta name=\"twitter:label2\" content=\"Tempo estimado de leitura\" \/>\n\t<meta name=\"twitter:data2\" content=\"3 minutos\" \/>\n<script type=\"application\/ld+json\" class=\"yoast-schema-graph\">{\"@context\":\"https:\/\/schema.org\",\"@graph\":[{\"@type\":\"Article\",\"@id\":\"https:\/\/territorialchallenges.com\/2024\/11\/24\/turin-capitale-europeenne-de-linnovation-2024-une-approche-globale-saluee-par-leurope\/123571\/#article\",\"isPartOf\":{\"@id\":\"https:\/\/territorialchallenges.com\/2024\/11\/24\/turin-capitale-europeenne-de-linnovation-2024-une-approche-globale-saluee-par-leurope\/123571\/\"},\"author\":{\"name\":\"ni.abdi\",\"@id\":\"https:\/\/territorialchallenges.com\/#\/schema\/person\/098f145c7c61a021c425e010f840080f\"},\"headline\":\"Turin, capitale europ\u00e9enne de l\u2019innovation 2024 : une approche globale salu\u00e9e par l\u2019Europe\",\"datePublished\":\"2024-11-24T12:06:47+00:00\",\"dateModified\":\"2024-11-24T12:06:49+00:00\",\"mainEntityOfPage\":{\"@id\":\"https:\/\/territorialchallenges.com\/2024\/11\/24\/turin-capitale-europeenne-de-linnovation-2024-une-approche-globale-saluee-par-leurope\/123571\/\"},\"wordCount\":675,\"publisher\":{\"@id\":\"https:\/\/territorialchallenges.com\/#organization\"},\"articleSection\":[\"Territoires Intelligents\",\"Actualit\u00e9 Europe\"],\"inLanguage\":\"pt-PT\"},{\"@type\":\"WebPage\",\"@id\":\"https:\/\/territorialchallenges.com\/2024\/11\/24\/turin-capitale-europeenne-de-linnovation-2024-une-approche-globale-saluee-par-leurope\/123571\/\",\"url\":\"https:\/\/territorialchallenges.com\/2024\/11\/24\/turin-capitale-europeenne-de-linnovation-2024-une-approche-globale-saluee-par-leurope\/123571\/\",\"name\":\"Turin, capitale europ\u00e9enne de l\u2019innovation 2024 : une approche globale salu\u00e9e par l\u2019Europe - Territorial Challenges\",\"isPartOf\":{\"@id\":\"https:\/\/territorialchallenges.com\/#website\"},\"datePublished\":\"2024-11-24T12:06:47+00:00\",\"dateModified\":\"2024-11-24T12:06:49+00:00\",\"breadcrumb\":{\"@id\":\"https:\/\/territorialchallenges.com\/2024\/11\/24\/turin-capitale-europeenne-de-linnovation-2024-une-approche-globale-saluee-par-leurope\/123571\/#breadcrumb\"},\"inLanguage\":\"pt-PT\",\"potentialAction\":[{\"@type\":\"ReadAction\",\"target\":[\"https:\/\/territorialchallenges.com\/2024\/11\/24\/turin-capitale-europeenne-de-linnovation-2024-une-approche-globale-saluee-par-leurope\/123571\/\"]}]},{\"@type\":\"BreadcrumbList\",\"@id\":\"https:\/\/territorialchallenges.com\/2024\/11\/24\/turin-capitale-europeenne-de-linnovation-2024-une-approche-globale-saluee-par-leurope\/123571\/#breadcrumb\",\"itemListElement\":[{\"@type\":\"ListItem\",\"position\":1,\"name\":\"Home\",\"item\":\"https:\/\/territorialchallenges.com\/\"},{\"@type\":\"ListItem\",\"position\":2,\"name\":\"Turin, capitale europ\u00e9enne de l\u2019innovation 2024 : une approche globale salu\u00e9e par l\u2019Europe\"}]},{\"@type\":\"WebSite\",\"@id\":\"https:\/\/territorialchallenges.com\/#website\",\"url\":\"https:\/\/territorialchallenges.com\/\",\"name\":\"Territorial Challenges\",\"description\":\"Veille Internationale - Strat\u00e9gie Intelligentes - Bonnes pratiques\",\"publisher\":{\"@id\":\"https:\/\/territorialchallenges.com\/#organization\"},\"potentialAction\":[{\"@type\":\"SearchAction\",\"target\":{\"@type\":\"EntryPoint\",\"urlTemplate\":\"https:\/\/territorialchallenges.com\/?s={search_term_string}\"},\"query-input\":\"required name=search_term_string\"}],\"inLanguage\":\"pt-PT\"},{\"@type\":\"Organization\",\"@id\":\"https:\/\/territorialchallenges.com\/#organization\",\"name\":\"Territorial Challenges\",\"url\":\"https:\/\/territorialchallenges.com\/\",\"logo\":{\"@type\":\"ImageObject\",\"inLanguage\":\"pt-PT\",\"@id\":\"https:\/\/territorialchallenges.com\/#\/schema\/logo\/image\/\",\"url\":\"https:\/\/territorialchallenges.com\/wp-content\/uploads\/2023\/10\/logo-1.png\",\"contentUrl\":\"https:\/\/territorialchallenges.com\/wp-content\/uploads\/2023\/10\/logo-1.png\",\"width\":1832,\"height\":576,\"caption\":\"Territorial Challenges\"},\"image\":{\"@id\":\"https:\/\/territorialchallenges.com\/#\/schema\/logo\/image\/\"}},{\"@type\":\"Person\",\"@id\":\"https:\/\/territorialchallenges.com\/#\/schema\/person\/098f145c7c61a021c425e010f840080f\",\"name\":\"ni.abdi\",\"image\":{\"@type\":\"ImageObject\",\"inLanguage\":\"pt-PT\",\"@id\":\"https:\/\/territorialchallenges.com\/#\/schema\/person\/image\/\",\"url\":\"https:\/\/secure.gravatar.com\/avatar\/2a2f2491f3c80039986ba989b1e4b510?s=96&d=identicon&r=g\",\"contentUrl\":\"https:\/\/secure.gravatar.com\/avatar\/2a2f2491f3c80039986ba989b1e4b510?s=96&d=identicon&r=g\",\"caption\":\"ni.abdi\"},\"sameAs\":[\"https:\/\/twitter.com\/Ni.abdi\"],\"url\":\"https:\/\/territorialchallenges.com\/pt\/author\/ni-abdi\/\"}]}<\/script>\n<!-- \/ Yoast SEO plugin. -->","yoast_head_json":{"title":"Turin, capitale europ\u00e9enne de l\u2019innovation 2024 : une approche globale salu\u00e9e par l\u2019Europe - Territorial Challenges","robots":{"index":"index","follow":"follow","max-snippet":"max-snippet:-1","max-image-preview":"max-image-preview:large","max-video-preview":"max-video-preview:-1"},"canonical":"https:\/\/territorialchallenges.com\/pt\/2024\/11\/24\/turin-capitale-europeenne-de-linnovation-2024-une-approche-globale-saluee-par-leurope\/123571\/","og_locale":"pt_PT","og_type":"article","og_title":"Turin, capitale europ\u00e9enne de l\u2019innovation 2024 : une approche globale salu\u00e9e par l\u2019Europe - Territorial Challenges","og_description":"Turin a \u00e9t\u00e9 couronn\u00e9e capitale europ\u00e9enne de l\u2019innovation 2024, remportant le prestigieux prix iCapital. Cette reconnaissance met en lumi\u00e8re l\u2019approche globale de la ville en mati\u00e8re d\u2019exp\u00e9rimentation et d\u2019innovation, ainsi que son engagement \u00e0 cr\u00e9er des environnements plus justes, durables et vivables pour ses citoyens. Le 9 octobre, lors du Web Summit de Lisbonne, Turin [&hellip;]","og_url":"https:\/\/territorialchallenges.com\/pt\/2024\/11\/24\/turin-capitale-europeenne-de-linnovation-2024-une-approche-globale-saluee-par-leurope\/123571\/","og_site_name":"Territorial Challenges","article_published_time":"2024-11-24T12:06:47+00:00","article_modified_time":"2024-11-24T12:06:49+00:00","og_image":[{"width":1280,"height":857,"url":"https:\/\/territorialchallenges.com\/wp-content\/uploads\/2024\/11\/territoiresintelligentsImage-2.jpg","type":"image\/jpeg"}],"author":"ni.abdi","twitter_card":"summary_large_image","twitter_creator":"@Ni.abdi","twitter_misc":{"Escrito por":"ni.abdi","Tempo estimado de leitura":"3 minutos"},"schema":{"@context":"https:\/\/schema.org","@graph":[{"@type":"Article","@id":"https:\/\/territorialchallenges.com\/2024\/11\/24\/turin-capitale-europeenne-de-linnovation-2024-une-approche-globale-saluee-par-leurope\/123571\/#article","isPartOf":{"@id":"https:\/\/territorialchallenges.com\/2024\/11\/24\/turin-capitale-europeenne-de-linnovation-2024-une-approche-globale-saluee-par-leurope\/123571\/"},"author":{"name":"ni.abdi","@id":"https:\/\/territorialchallenges.com\/#\/schema\/person\/098f145c7c61a021c425e010f840080f"},"headline":"Turin, capitale europ\u00e9enne de l\u2019innovation 2024 : une approche globale salu\u00e9e par l\u2019Europe","datePublished":"2024-11-24T12:06:47+00:00","dateModified":"2024-11-24T12:06:49+00:00","mainEntityOfPage":{"@id":"https:\/\/territorialchallenges.com\/2024\/11\/24\/turin-capitale-europeenne-de-linnovation-2024-une-approche-globale-saluee-par-leurope\/123571\/"},"wordCount":675,"publisher":{"@id":"https:\/\/territorialchallenges.com\/#organization"},"articleSection":["Territoires Intelligents","Actualit\u00e9 Europe"],"inLanguage":"pt-PT"},{"@type":"WebPage","@id":"https:\/\/territorialchallenges.com\/2024\/11\/24\/turin-capitale-europeenne-de-linnovation-2024-une-approche-globale-saluee-par-leurope\/123571\/","url":"https:\/\/territorialchallenges.com\/2024\/11\/24\/turin-capitale-europeenne-de-linnovation-2024-une-approche-globale-saluee-par-leurope\/123571\/","name":"Turin, capitale europ\u00e9enne de l\u2019innovation 2024 : une approche globale salu\u00e9e par l\u2019Europe - Territorial Challenges","isPartOf":{"@id":"https:\/\/territorialchallenges.com\/#website"},"datePublished":"2024-11-24T12:06:47+00:00","dateModified":"2024-11-24T12:06:49+00:00","breadcrumb":{"@id":"https:\/\/territorialchallenges.com\/2024\/11\/24\/turin-capitale-europeenne-de-linnovation-2024-une-approche-globale-saluee-par-leurope\/123571\/#breadcrumb"},"inLanguage":"pt-PT","potentialAction":[{"@type":"ReadAction","target":["https:\/\/territorialchallenges.com\/2024\/11\/24\/turin-capitale-europeenne-de-linnovation-2024-une-approche-globale-saluee-par-leurope\/123571\/"]}]},{"@type":"BreadcrumbList","@id":"https:\/\/territorialchallenges.com\/2024\/11\/24\/turin-capitale-europeenne-de-linnovation-2024-une-approche-globale-saluee-par-leurope\/123571\/#breadcrumb","itemListElement":[{"@type":"ListItem","position":1,"name":"Home","item":"https:\/\/territorialchallenges.com\/"},{"@type":"ListItem","position":2,"name":"Turin, capitale europ\u00e9enne de l\u2019innovation 2024 : une approche globale salu\u00e9e par l\u2019Europe"}]},{"@type":"WebSite","@id":"https:\/\/territorialchallenges.com\/#website","url":"https:\/\/territorialchallenges.com\/","name":"Desafios territoriais","description":"Monitoramento Internacional - Estrat\u00e9gias Inteligentes - Melhores Pr\u00e1ticas","publisher":{"@id":"https:\/\/territorialchallenges.com\/#organization"},"potentialAction":[{"@type":"SearchAction","target":{"@type":"EntryPoint","urlTemplate":"https:\/\/territorialchallenges.com\/?s={search_term_string}"},"query-input":"required name=search_term_string"}],"inLanguage":"pt-PT"},{"@type":"Organization","@id":"https:\/\/territorialchallenges.com\/#organization","name":"Desafios territoriais","url":"https:\/\/territorialchallenges.com\/","logo":{"@type":"ImageObject","inLanguage":"pt-PT","@id":"https:\/\/territorialchallenges.com\/#\/schema\/logo\/image\/","url":"https:\/\/territorialchallenges.com\/wp-content\/uploads\/2023\/10\/logo-1.png","contentUrl":"https:\/\/territorialchallenges.com\/wp-content\/uploads\/2023\/10\/logo-1.png","width":1832,"height":576,"caption":"Territorial Challenges"},"image":{"@id":"https:\/\/territorialchallenges.com\/#\/schema\/logo\/image\/"}},{"@type":"Person","@id":"https:\/\/territorialchallenges.com\/#\/schema\/person\/098f145c7c61a021c425e010f840080f","name":"ni.abdi","image":{"@type":"ImageObject","inLanguage":"pt-PT","@id":"https:\/\/territorialchallenges.com\/#\/schema\/person\/image\/","url":"https:\/\/secure.gravatar.com\/avatar\/2a2f2491f3c80039986ba989b1e4b510?s=96&d=identicon&r=g","contentUrl":"https:\/\/secure.gravatar.com\/avatar\/2a2f2491f3c80039986ba989b1e4b510?s=96&d=identicon&r=g","caption":"ni.abdi"},"sameAs":["https:\/\/twitter.com\/Ni.abdi"],"url":"https:\/\/territorialchallenges.com\/pt\/author\/ni-abdi\/"}]}},"_links":{"self":[{"href":"https:\/\/territorialchallenges.com\/pt\/wp-json\/wp\/v2\/posts\/123571"}],"collection":[{"href":"https:\/\/territorialchallenges.com\/pt\/wp-json\/wp\/v2\/posts"}],"about":[{"href":"https:\/\/territorialchallenges.com\/pt\/wp-json\/wp\/v2\/types\/post"}],"author":[{"embeddable":true,"href":"https:\/\/territorialchallenges.com\/pt\/wp-json\/wp\/v2\/users\/11"}],"replies":[{"embeddable":true,"href":"https:\/\/territorialchallenges.com\/pt\/wp-json\/wp\/v2\/comments?post=123571"}],"version-history":[{"count":1,"href":"https:\/\/territorialchallenges.com\/pt\/wp-json\/wp\/v2\/posts\/123571\/revisions"}],"predecessor-version":[{"id":123573,"href":"https:\/\/territorialchallenges.com\/pt\/wp-json\/wp\/v2\/posts\/123571\/revisions\/123573"}],"wp:featuredmedia":[{"embeddable":true,"href":"https:\/\/territorialchallenges.com\/pt\/wp-json\/wp\/v2\/media\/123572"}],"wp:attachment":[{"href":"https:\/\/territorialchallenges.com\/pt\/wp-json\/wp\/v2\/media?parent=123571"}],"wp:term":[{"taxonomy":"category","embeddable":true,"href":"https:\/\/territorialchallenges.com\/pt\/wp-json\/wp\/v2\/categories?post=123571"},{"taxonomy":"post_tag","embeddable":true,"href":"https:\/\/territorialchallenges.com\/pt\/wp-json\/wp\/v2\/tags?post=123571"}],"curies":[{"name":"wp","href":"https:\/\/api.w.org\/{rel}","templated":true}]}}