{"id":123068,"date":"2024-07-18T16:50:30","date_gmt":"2024-07-18T14:50:30","guid":{"rendered":"https:\/\/territorialchallenges.com\/?p=123068"},"modified":"2024-07-18T16:50:31","modified_gmt":"2024-07-18T14:50:31","slug":"le-port-de-bilbao-sengage-dans-lavenir-avec-des-vehicules-connectes","status":"publish","type":"post","link":"https:\/\/territorialchallenges.com\/pt\/2024\/07\/18\/le-port-de-bilbao-sengage-dans-lavenir-avec-des-vehicules-connectes\/123068\/","title":{"rendered":"O Porto de Bilbau avan\u00e7a para o futuro com ve\u00edculos conectados"},"content":{"rendered":"<p>O Porto de Bilbao, um dos principais centros econ\u00f4micos da Espanha, est\u00e1 embarcando em um projeto inovador de ve\u00edculos conectados. Este projeto, em parceria com a Kapsch TrafficCom, visa melhorar o fluxo de tr\u00e1fego e a seguran\u00e7a dos motoristas por meio de tecnologia de ponta. O Porto de Bilbao anunciou recentemente o lan\u00e7amento de um projeto\u2026 <\/p>\n<div class=\"pmpro_content_message\">Artigo dispon\u00edvel somente para assinantes.<br \/><a href=\"https:\/\/territorialchallenges.com\/wp-login.php\">Conecte-se<\/a><br \/><a href=\"https:\/\/territorialchallenges.com\/pt\/wp-login.php\/?action=register\">Registrar<\/a><\/div>","protected":false},"excerpt":{"rendered":"<p>Le port de Bilbao, l&rsquo;un des principaux centres \u00e9conomiques d&rsquo;Espagne, se lance dans un projet innovant de v\u00e9hicules connect\u00e9s. Ce projet, en partenariat avec Kapsch TrafficCom, vise \u00e0 am\u00e9liorer la fluidit\u00e9 du trafic et la s\u00e9curit\u00e9 des conducteurs gr\u00e2ce \u00e0 une technologie de pointe. Le port de Bilbao a r\u00e9cemment annonc\u00e9 le lancement d&rsquo;un projet... <\/p>\n<div class=\"pmpro_content_message\">Artigo dispon\u00edvel somente para assinantes.<br \/><a href=\"https:\/\/territorialchallenges.com\/wp-login.php\">Conecte-se<\/a><br \/><a href=\"https:\/\/territorialchallenges.com\/pt\/wp-login.php\/?action=register\">Registrar<\/a><\/div>","protected":false},"author":11,"featured_media":123069,"comment_status":"closed","ping_status":"closed","sticky":true,"template":"","format":"standard","meta":{"pmpro_default_level":0,"footnotes":""},"categories":[120,117],"tags":[],"blocksy_meta":"","yoast_head":"<!-- This site is optimized with the Yoast SEO plugin v21.5 - https:\/\/yoast.com\/wordpress\/plugins\/seo\/ -->\n<title>Le port de Bilbao s&#039;engage dans l&#039;avenir avec des v\u00e9hicules connect\u00e9s - Territorial Challenges<\/title>\n<meta name=\"robots\" content=\"index, follow, max-snippet:-1, max-image-preview:large, max-video-preview:-1\" \/>\n<link rel=\"canonical\" href=\"https:\/\/territorialchallenges.com\/pt\/2024\/07\/18\/le-port-de-bilbao-sengage-dans-lavenir-avec-des-vehicules-connectes\/123068\/\" \/>\n<meta property=\"og:locale\" content=\"pt_PT\" \/>\n<meta property=\"og:type\" content=\"article\" \/>\n<meta property=\"og:title\" content=\"Le port de Bilbao s&#039;engage dans l&#039;avenir avec des v\u00e9hicules connect\u00e9s - Territorial Challenges\" \/>\n<meta property=\"og:description\" content=\"Le port de Bilbao, l&rsquo;un des principaux centres \u00e9conomiques d&rsquo;Espagne, se lance dans un projet innovant de v\u00e9hicules connect\u00e9s. Ce projet, en partenariat avec Kapsch TrafficCom, vise \u00e0 am\u00e9liorer la fluidit\u00e9 du trafic et la s\u00e9curit\u00e9 des conducteurs gr\u00e2ce \u00e0 une technologie de pointe. Le port de Bilbao a r\u00e9cemment annonc\u00e9 le lancement d&rsquo;un projet [&hellip;]\" \/>\n<meta property=\"og:url\" content=\"https:\/\/territorialchallenges.com\/pt\/2024\/07\/18\/le-port-de-bilbao-sengage-dans-lavenir-avec-des-vehicules-connectes\/123068\/\" \/>\n<meta property=\"og:site_name\" content=\"Territorial Challenges\" \/>\n<meta property=\"article:published_time\" content=\"2024-07-18T14:50:30+00:00\" \/>\n<meta property=\"article:modified_time\" content=\"2024-07-18T14:50:31+00:00\" \/>\n<meta property=\"og:image\" content=\"https:\/\/territorialchallenges.com\/wp-content\/uploads\/2024\/07\/ilsestpassaBilbaoImage.jpg\" \/>\n\t<meta property=\"og:image:width\" content=\"1280\" \/>\n\t<meta property=\"og:image:height\" content=\"853\" \/>\n\t<meta property=\"og:image:type\" content=\"image\/jpeg\" \/>\n<meta name=\"author\" content=\"ni.abdi\" \/>\n<meta name=\"twitter:card\" content=\"summary_large_image\" \/>\n<meta name=\"twitter:creator\" content=\"@Ni.abdi\" \/>\n<meta name=\"twitter:label1\" content=\"Escrito por\" \/>\n\t<meta name=\"twitter:data1\" content=\"ni.abdi\" \/>\n\t<meta name=\"twitter:label2\" content=\"Tempo estimado de leitura\" \/>\n\t<meta name=\"twitter:data2\" content=\"4 minutos\" \/>\n<script type=\"application\/ld+json\" class=\"yoast-schema-graph\">{\"@context\":\"https:\/\/schema.org\",\"@graph\":[{\"@type\":\"Article\",\"@id\":\"https:\/\/territorialchallenges.com\/2024\/07\/18\/le-port-de-bilbao-sengage-dans-lavenir-avec-des-vehicules-connectes\/123068\/#article\",\"isPartOf\":{\"@id\":\"https:\/\/territorialchallenges.com\/2024\/07\/18\/le-port-de-bilbao-sengage-dans-lavenir-avec-des-vehicules-connectes\/123068\/\"},\"author\":{\"name\":\"ni.abdi\",\"@id\":\"https:\/\/territorialchallenges.com\/#\/schema\/person\/098f145c7c61a021c425e010f840080f\"},\"headline\":\"Le port de Bilbao s&rsquo;engage dans l&rsquo;avenir avec des v\u00e9hicules connect\u00e9s\",\"datePublished\":\"2024-07-18T14:50:30+00:00\",\"dateModified\":\"2024-07-18T14:50:31+00:00\",\"mainEntityOfPage\":{\"@id\":\"https:\/\/territorialchallenges.com\/2024\/07\/18\/le-port-de-bilbao-sengage-dans-lavenir-avec-des-vehicules-connectes\/123068\/\"},\"wordCount\":855,\"publisher\":{\"@id\":\"https:\/\/territorialchallenges.com\/#organization\"},\"articleSection\":[\"Il s'est pass\u00e9 \u00e0\",\"\u00c9cosyst\u00e8me\"],\"inLanguage\":\"pt-PT\"},{\"@type\":\"WebPage\",\"@id\":\"https:\/\/territorialchallenges.com\/2024\/07\/18\/le-port-de-bilbao-sengage-dans-lavenir-avec-des-vehicules-connectes\/123068\/\",\"url\":\"https:\/\/territorialchallenges.com\/2024\/07\/18\/le-port-de-bilbao-sengage-dans-lavenir-avec-des-vehicules-connectes\/123068\/\",\"name\":\"Le port de Bilbao s'engage dans l'avenir avec des v\u00e9hicules connect\u00e9s - Territorial Challenges\",\"isPartOf\":{\"@id\":\"https:\/\/territorialchallenges.com\/#website\"},\"datePublished\":\"2024-07-18T14:50:30+00:00\",\"dateModified\":\"2024-07-18T14:50:31+00:00\",\"breadcrumb\":{\"@id\":\"https:\/\/territorialchallenges.com\/2024\/07\/18\/le-port-de-bilbao-sengage-dans-lavenir-avec-des-vehicules-connectes\/123068\/#breadcrumb\"},\"inLanguage\":\"pt-PT\",\"potentialAction\":[{\"@type\":\"ReadAction\",\"target\":[\"https:\/\/territorialchallenges.com\/2024\/07\/18\/le-port-de-bilbao-sengage-dans-lavenir-avec-des-vehicules-connectes\/123068\/\"]}]},{\"@type\":\"BreadcrumbList\",\"@id\":\"https:\/\/territorialchallenges.com\/2024\/07\/18\/le-port-de-bilbao-sengage-dans-lavenir-avec-des-vehicules-connectes\/123068\/#breadcrumb\",\"itemListElement\":[{\"@type\":\"ListItem\",\"position\":1,\"name\":\"Home\",\"item\":\"https:\/\/territorialchallenges.com\/\"},{\"@type\":\"ListItem\",\"position\":2,\"name\":\"Le port de Bilbao s&rsquo;engage dans l&rsquo;avenir avec des v\u00e9hicules connect\u00e9s\"}]},{\"@type\":\"WebSite\",\"@id\":\"https:\/\/territorialchallenges.com\/#website\",\"url\":\"https:\/\/territorialchallenges.com\/\",\"name\":\"Territorial Challenges\",\"description\":\"Veille Internationale - Strat\u00e9gie Intelligentes - Bonnes pratiques\",\"publisher\":{\"@id\":\"https:\/\/territorialchallenges.com\/#organization\"},\"potentialAction\":[{\"@type\":\"SearchAction\",\"target\":{\"@type\":\"EntryPoint\",\"urlTemplate\":\"https:\/\/territorialchallenges.com\/?s={search_term_string}\"},\"query-input\":\"required name=search_term_string\"}],\"inLanguage\":\"pt-PT\"},{\"@type\":\"Organization\",\"@id\":\"https:\/\/territorialchallenges.com\/#organization\",\"name\":\"Territorial Challenges\",\"url\":\"https:\/\/territorialchallenges.com\/\",\"logo\":{\"@type\":\"ImageObject\",\"inLanguage\":\"pt-PT\",\"@id\":\"https:\/\/territorialchallenges.com\/#\/schema\/logo\/image\/\",\"url\":\"https:\/\/territorialchallenges.com\/wp-content\/uploads\/2023\/10\/logo-1.png\",\"contentUrl\":\"https:\/\/territorialchallenges.com\/wp-content\/uploads\/2023\/10\/logo-1.png\",\"width\":1832,\"height\":576,\"caption\":\"Territorial Challenges\"},\"image\":{\"@id\":\"https:\/\/territorialchallenges.com\/#\/schema\/logo\/image\/\"}},{\"@type\":\"Person\",\"@id\":\"https:\/\/territorialchallenges.com\/#\/schema\/person\/098f145c7c61a021c425e010f840080f\",\"name\":\"ni.abdi\",\"image\":{\"@type\":\"ImageObject\",\"inLanguage\":\"pt-PT\",\"@id\":\"https:\/\/territorialchallenges.com\/#\/schema\/person\/image\/\",\"url\":\"https:\/\/secure.gravatar.com\/avatar\/2a2f2491f3c80039986ba989b1e4b510?s=96&d=identicon&r=g\",\"contentUrl\":\"https:\/\/secure.gravatar.com\/avatar\/2a2f2491f3c80039986ba989b1e4b510?s=96&d=identicon&r=g\",\"caption\":\"ni.abdi\"},\"sameAs\":[\"https:\/\/twitter.com\/Ni.abdi\"],\"url\":\"https:\/\/territorialchallenges.com\/pt\/author\/ni-abdi\/\"}]}<\/script>\n<!-- \/ Yoast SEO plugin. -->","yoast_head_json":{"title":"Le port de Bilbao s'engage dans l'avenir avec des v\u00e9hicules connect\u00e9s - Territorial Challenges","robots":{"index":"index","follow":"follow","max-snippet":"max-snippet:-1","max-image-preview":"max-image-preview:large","max-video-preview":"max-video-preview:-1"},"canonical":"https:\/\/territorialchallenges.com\/pt\/2024\/07\/18\/le-port-de-bilbao-sengage-dans-lavenir-avec-des-vehicules-connectes\/123068\/","og_locale":"pt_PT","og_type":"article","og_title":"Le port de Bilbao s'engage dans l'avenir avec des v\u00e9hicules connect\u00e9s - Territorial Challenges","og_description":"Le port de Bilbao, l&rsquo;un des principaux centres \u00e9conomiques d&rsquo;Espagne, se lance dans un projet innovant de v\u00e9hicules connect\u00e9s. Ce projet, en partenariat avec Kapsch TrafficCom, vise \u00e0 am\u00e9liorer la fluidit\u00e9 du trafic et la s\u00e9curit\u00e9 des conducteurs gr\u00e2ce \u00e0 une technologie de pointe. Le port de Bilbao a r\u00e9cemment annonc\u00e9 le lancement d&rsquo;un projet [&hellip;]","og_url":"https:\/\/territorialchallenges.com\/pt\/2024\/07\/18\/le-port-de-bilbao-sengage-dans-lavenir-avec-des-vehicules-connectes\/123068\/","og_site_name":"Territorial Challenges","article_published_time":"2024-07-18T14:50:30+00:00","article_modified_time":"2024-07-18T14:50:31+00:00","og_image":[{"width":1280,"height":853,"url":"https:\/\/territorialchallenges.com\/wp-content\/uploads\/2024\/07\/ilsestpassaBilbaoImage.jpg","type":"image\/jpeg"}],"author":"ni.abdi","twitter_card":"summary_large_image","twitter_creator":"@Ni.abdi","twitter_misc":{"Escrito por":"ni.abdi","Tempo estimado de leitura":"4 minutos"},"schema":{"@context":"https:\/\/schema.org","@graph":[{"@type":"Article","@id":"https:\/\/territorialchallenges.com\/2024\/07\/18\/le-port-de-bilbao-sengage-dans-lavenir-avec-des-vehicules-connectes\/123068\/#article","isPartOf":{"@id":"https:\/\/territorialchallenges.com\/2024\/07\/18\/le-port-de-bilbao-sengage-dans-lavenir-avec-des-vehicules-connectes\/123068\/"},"author":{"name":"ni.abdi","@id":"https:\/\/territorialchallenges.com\/#\/schema\/person\/098f145c7c61a021c425e010f840080f"},"headline":"Le port de Bilbao s&rsquo;engage dans l&rsquo;avenir avec des v\u00e9hicules connect\u00e9s","datePublished":"2024-07-18T14:50:30+00:00","dateModified":"2024-07-18T14:50:31+00:00","mainEntityOfPage":{"@id":"https:\/\/territorialchallenges.com\/2024\/07\/18\/le-port-de-bilbao-sengage-dans-lavenir-avec-des-vehicules-connectes\/123068\/"},"wordCount":855,"publisher":{"@id":"https:\/\/territorialchallenges.com\/#organization"},"articleSection":["Il s'est pass\u00e9 \u00e0","\u00c9cosyst\u00e8me"],"inLanguage":"pt-PT"},{"@type":"WebPage","@id":"https:\/\/territorialchallenges.com\/2024\/07\/18\/le-port-de-bilbao-sengage-dans-lavenir-avec-des-vehicules-connectes\/123068\/","url":"https:\/\/territorialchallenges.com\/2024\/07\/18\/le-port-de-bilbao-sengage-dans-lavenir-avec-des-vehicules-connectes\/123068\/","name":"Le port de Bilbao s'engage dans l'avenir avec des v\u00e9hicules connect\u00e9s - Territorial Challenges","isPartOf":{"@id":"https:\/\/territorialchallenges.com\/#website"},"datePublished":"2024-07-18T14:50:30+00:00","dateModified":"2024-07-18T14:50:31+00:00","breadcrumb":{"@id":"https:\/\/territorialchallenges.com\/2024\/07\/18\/le-port-de-bilbao-sengage-dans-lavenir-avec-des-vehicules-connectes\/123068\/#breadcrumb"},"inLanguage":"pt-PT","potentialAction":[{"@type":"ReadAction","target":["https:\/\/territorialchallenges.com\/2024\/07\/18\/le-port-de-bilbao-sengage-dans-lavenir-avec-des-vehicules-connectes\/123068\/"]}]},{"@type":"BreadcrumbList","@id":"https:\/\/territorialchallenges.com\/2024\/07\/18\/le-port-de-bilbao-sengage-dans-lavenir-avec-des-vehicules-connectes\/123068\/#breadcrumb","itemListElement":[{"@type":"ListItem","position":1,"name":"Home","item":"https:\/\/territorialchallenges.com\/"},{"@type":"ListItem","position":2,"name":"Le port de Bilbao s&rsquo;engage dans l&rsquo;avenir avec des v\u00e9hicules connect\u00e9s"}]},{"@type":"WebSite","@id":"https:\/\/territorialchallenges.com\/#website","url":"https:\/\/territorialchallenges.com\/","name":"Desafios territoriais","description":"Monitoramento Internacional - Estrat\u00e9gias Inteligentes - Melhores Pr\u00e1ticas","publisher":{"@id":"https:\/\/territorialchallenges.com\/#organization"},"potentialAction":[{"@type":"SearchAction","target":{"@type":"EntryPoint","urlTemplate":"https:\/\/territorialchallenges.com\/?s={search_term_string}"},"query-input":"required name=search_term_string"}],"inLanguage":"pt-PT"},{"@type":"Organization","@id":"https:\/\/territorialchallenges.com\/#organization","name":"Desafios territoriais","url":"https:\/\/territorialchallenges.com\/","logo":{"@type":"ImageObject","inLanguage":"pt-PT","@id":"https:\/\/territorialchallenges.com\/#\/schema\/logo\/image\/","url":"https:\/\/territorialchallenges.com\/wp-content\/uploads\/2023\/10\/logo-1.png","contentUrl":"https:\/\/territorialchallenges.com\/wp-content\/uploads\/2023\/10\/logo-1.png","width":1832,"height":576,"caption":"Territorial Challenges"},"image":{"@id":"https:\/\/territorialchallenges.com\/#\/schema\/logo\/image\/"}},{"@type":"Person","@id":"https:\/\/territorialchallenges.com\/#\/schema\/person\/098f145c7c61a021c425e010f840080f","name":"ni.abdi","image":{"@type":"ImageObject","inLanguage":"pt-PT","@id":"https:\/\/territorialchallenges.com\/#\/schema\/person\/image\/","url":"https:\/\/secure.gravatar.com\/avatar\/2a2f2491f3c80039986ba989b1e4b510?s=96&d=identicon&r=g","contentUrl":"https:\/\/secure.gravatar.com\/avatar\/2a2f2491f3c80039986ba989b1e4b510?s=96&d=identicon&r=g","caption":"ni.abdi"},"sameAs":["https:\/\/twitter.com\/Ni.abdi"],"url":"https:\/\/territorialchallenges.com\/pt\/author\/ni-abdi\/"}]}},"_links":{"self":[{"href":"https:\/\/territorialchallenges.com\/pt\/wp-json\/wp\/v2\/posts\/123068"}],"collection":[{"href":"https:\/\/territorialchallenges.com\/pt\/wp-json\/wp\/v2\/posts"}],"about":[{"href":"https:\/\/territorialchallenges.com\/pt\/wp-json\/wp\/v2\/types\/post"}],"author":[{"embeddable":true,"href":"https:\/\/territorialchallenges.com\/pt\/wp-json\/wp\/v2\/users\/11"}],"replies":[{"embeddable":true,"href":"https:\/\/territorialchallenges.com\/pt\/wp-json\/wp\/v2\/comments?post=123068"}],"version-history":[{"count":1,"href":"https:\/\/territorialchallenges.com\/pt\/wp-json\/wp\/v2\/posts\/123068\/revisions"}],"predecessor-version":[{"id":123070,"href":"https:\/\/territorialchallenges.com\/pt\/wp-json\/wp\/v2\/posts\/123068\/revisions\/123070"}],"wp:featuredmedia":[{"embeddable":true,"href":"https:\/\/territorialchallenges.com\/pt\/wp-json\/wp\/v2\/media\/123069"}],"wp:attachment":[{"href":"https:\/\/territorialchallenges.com\/pt\/wp-json\/wp\/v2\/media?parent=123068"}],"wp:term":[{"taxonomy":"category","embeddable":true,"href":"https:\/\/territorialchallenges.com\/pt\/wp-json\/wp\/v2\/categories?post=123068"},{"taxonomy":"post_tag","embeddable":true,"href":"https:\/\/territorialchallenges.com\/pt\/wp-json\/wp\/v2\/tags?post=123068"}],"curies":[{"name":"wp","href":"https:\/\/api.w.org\/{rel}","templated":true}]}}