{"id":123003,"date":"2024-07-03T16:41:15","date_gmt":"2024-07-03T14:41:15","guid":{"rendered":"https:\/\/territorialchallenges.com\/?p=123003"},"modified":"2024-07-03T16:42:25","modified_gmt":"2024-07-03T14:42:25","slug":"responsabiliser-les-collectivites-locales-grace-a-lintelligence-artificielle","status":"publish","type":"post","link":"https:\/\/territorialchallenges.com\/pt\/2024\/07\/03\/responsabiliser-les-collectivites-locales-grace-a-lintelligence-artificielle\/123003\/","title":{"rendered":"Capacitando comunidades locais por meio da intelig\u00eancia artificial"},"content":{"rendered":"<p>A intelig\u00eancia artificial (IA) tem o potencial de transformar a rela\u00e7\u00e3o entre governos locais e cidad\u00e3os. Ao integrar sistemas de IA criados em conjunto com as comunidades locais, os governos podem responder de forma mais eficaz e adequada \u00e0s preocupa\u00e7\u00f5es regionais. Este editorial explora como empoderar governos locais por meio da IA para melhorar a rela\u00e7\u00e3o\u2026 <\/p>\n<div class=\"pmpro_content_message\">Artigo dispon\u00edvel somente para assinantes.<br \/><a href=\"https:\/\/territorialchallenges.com\/wp-login.php\">Conecte-se<\/a><br \/><a href=\"https:\/\/territorialchallenges.com\/pt\/wp-login.php\/?action=register\">Registrar<\/a><\/div>","protected":false},"excerpt":{"rendered":"<p>L\u2019intelligence artificielle (IA) a le potentiel de transformer la relation entre les collectivit\u00e9s locales et les citoyens. En int\u00e9grant des syst\u00e8mes d\u2019IA co-cr\u00e9\u00e9s avec les communaut\u00e9s locales, les collectivit\u00e9s peuvent r\u00e9pondre de mani\u00e8re plus efficace et adapt\u00e9e aux pr\u00e9occupations r\u00e9gionales. Cet \u00e9ditorial explore comment responsabiliser les collectivit\u00e9s locales gr\u00e2ce \u00e0 l\u2019IA pour am\u00e9liorer la relation... <\/p>\n<div class=\"pmpro_content_message\">Artigo dispon\u00edvel somente para assinantes.<br \/><a href=\"https:\/\/territorialchallenges.com\/wp-login.php\">Conecte-se<\/a><br \/><a href=\"https:\/\/territorialchallenges.com\/pt\/wp-login.php\/?action=register\">Registrar<\/a><\/div>","protected":false},"author":11,"featured_media":123004,"comment_status":"closed","ping_status":"closed","sticky":true,"template":"","format":"standard","meta":{"pmpro_default_level":0,"footnotes":""},"categories":[130,117],"tags":[],"blocksy_meta":"","yoast_head":"<!-- This site is optimized with the Yoast SEO plugin v21.5 - https:\/\/yoast.com\/wordpress\/plugins\/seo\/ -->\n<title>Responsabiliser les collectivit\u00e9s locales gr\u00e2ce \u00e0 l\u2019intelligence artificielle - Territorial Challenges<\/title>\n<meta name=\"robots\" content=\"index, follow, max-snippet:-1, max-image-preview:large, max-video-preview:-1\" \/>\n<link rel=\"canonical\" href=\"https:\/\/territorialchallenges.com\/pt\/2024\/07\/03\/responsabiliser-les-collectivites-locales-grace-a-lintelligence-artificielle\/123003\/\" \/>\n<meta property=\"og:locale\" content=\"pt_PT\" \/>\n<meta property=\"og:type\" content=\"article\" \/>\n<meta property=\"og:title\" content=\"Responsabiliser les collectivit\u00e9s locales gr\u00e2ce \u00e0 l\u2019intelligence artificielle - Territorial Challenges\" \/>\n<meta property=\"og:description\" content=\"L\u2019intelligence artificielle (IA) a le potentiel de transformer la relation entre les collectivit\u00e9s locales et les citoyens. En int\u00e9grant des syst\u00e8mes d\u2019IA co-cr\u00e9\u00e9s avec les communaut\u00e9s locales, les collectivit\u00e9s peuvent r\u00e9pondre de mani\u00e8re plus efficace et adapt\u00e9e aux pr\u00e9occupations r\u00e9gionales. Cet \u00e9ditorial explore comment responsabiliser les collectivit\u00e9s locales gr\u00e2ce \u00e0 l\u2019IA pour am\u00e9liorer la relation [&hellip;]\" \/>\n<meta property=\"og:url\" content=\"https:\/\/territorialchallenges.com\/pt\/2024\/07\/03\/responsabiliser-les-collectivites-locales-grace-a-lintelligence-artificielle\/123003\/\" \/>\n<meta property=\"og:site_name\" content=\"Territorial Challenges\" \/>\n<meta property=\"article:published_time\" content=\"2024-07-03T14:41:15+00:00\" \/>\n<meta property=\"article:modified_time\" content=\"2024-07-03T14:42:25+00:00\" \/>\n<meta property=\"og:image\" content=\"https:\/\/territorialchallenges.com\/wp-content\/uploads\/2024\/07\/artificial-intelligence-image.jpg\" \/>\n\t<meta property=\"og:image:width\" content=\"1280\" \/>\n\t<meta property=\"og:image:height\" content=\"853\" \/>\n\t<meta property=\"og:image:type\" content=\"image\/jpeg\" \/>\n<meta name=\"author\" content=\"ni.abdi\" \/>\n<meta name=\"twitter:card\" content=\"summary_large_image\" \/>\n<meta name=\"twitter:creator\" content=\"@Ni.abdi\" \/>\n<meta name=\"twitter:label1\" content=\"Escrito por\" \/>\n\t<meta name=\"twitter:data1\" content=\"ni.abdi\" \/>\n\t<meta name=\"twitter:label2\" content=\"Tempo estimado de leitura\" \/>\n\t<meta name=\"twitter:data2\" content=\"5 minutos\" \/>\n<script type=\"application\/ld+json\" class=\"yoast-schema-graph\">{\"@context\":\"https:\/\/schema.org\",\"@graph\":[{\"@type\":\"Article\",\"@id\":\"https:\/\/territorialchallenges.com\/2024\/07\/03\/responsabiliser-les-collectivites-locales-grace-a-lintelligence-artificielle\/123003\/#article\",\"isPartOf\":{\"@id\":\"https:\/\/territorialchallenges.com\/2024\/07\/03\/responsabiliser-les-collectivites-locales-grace-a-lintelligence-artificielle\/123003\/\"},\"author\":{\"name\":\"ni.abdi\",\"@id\":\"https:\/\/territorialchallenges.com\/#\/schema\/person\/098f145c7c61a021c425e010f840080f\"},\"headline\":\"Responsabiliser les collectivit\u00e9s locales gr\u00e2ce \u00e0 l\u2019intelligence artificielle\",\"datePublished\":\"2024-07-03T14:41:15+00:00\",\"dateModified\":\"2024-07-03T14:42:25+00:00\",\"mainEntityOfPage\":{\"@id\":\"https:\/\/territorialchallenges.com\/2024\/07\/03\/responsabiliser-les-collectivites-locales-grace-a-lintelligence-artificielle\/123003\/\"},\"wordCount\":984,\"publisher\":{\"@id\":\"https:\/\/territorialchallenges.com\/#organization\"},\"articleSection\":[\"R\u00e9flexion faite\",\"\u00c9cosyst\u00e8me\"],\"inLanguage\":\"pt-PT\"},{\"@type\":\"WebPage\",\"@id\":\"https:\/\/territorialchallenges.com\/2024\/07\/03\/responsabiliser-les-collectivites-locales-grace-a-lintelligence-artificielle\/123003\/\",\"url\":\"https:\/\/territorialchallenges.com\/2024\/07\/03\/responsabiliser-les-collectivites-locales-grace-a-lintelligence-artificielle\/123003\/\",\"name\":\"Responsabiliser les collectivit\u00e9s locales gr\u00e2ce \u00e0 l\u2019intelligence artificielle - Territorial Challenges\",\"isPartOf\":{\"@id\":\"https:\/\/territorialchallenges.com\/#website\"},\"datePublished\":\"2024-07-03T14:41:15+00:00\",\"dateModified\":\"2024-07-03T14:42:25+00:00\",\"breadcrumb\":{\"@id\":\"https:\/\/territorialchallenges.com\/2024\/07\/03\/responsabiliser-les-collectivites-locales-grace-a-lintelligence-artificielle\/123003\/#breadcrumb\"},\"inLanguage\":\"pt-PT\",\"potentialAction\":[{\"@type\":\"ReadAction\",\"target\":[\"https:\/\/territorialchallenges.com\/2024\/07\/03\/responsabiliser-les-collectivites-locales-grace-a-lintelligence-artificielle\/123003\/\"]}]},{\"@type\":\"BreadcrumbList\",\"@id\":\"https:\/\/territorialchallenges.com\/2024\/07\/03\/responsabiliser-les-collectivites-locales-grace-a-lintelligence-artificielle\/123003\/#breadcrumb\",\"itemListElement\":[{\"@type\":\"ListItem\",\"position\":1,\"name\":\"Home\",\"item\":\"https:\/\/territorialchallenges.com\/\"},{\"@type\":\"ListItem\",\"position\":2,\"name\":\"Responsabiliser les collectivit\u00e9s locales gr\u00e2ce \u00e0 l\u2019intelligence artificielle\"}]},{\"@type\":\"WebSite\",\"@id\":\"https:\/\/territorialchallenges.com\/#website\",\"url\":\"https:\/\/territorialchallenges.com\/\",\"name\":\"Territorial Challenges\",\"description\":\"Veille Internationale - Strat\u00e9gie Intelligentes - Bonnes pratiques\",\"publisher\":{\"@id\":\"https:\/\/territorialchallenges.com\/#organization\"},\"potentialAction\":[{\"@type\":\"SearchAction\",\"target\":{\"@type\":\"EntryPoint\",\"urlTemplate\":\"https:\/\/territorialchallenges.com\/?s={search_term_string}\"},\"query-input\":\"required name=search_term_string\"}],\"inLanguage\":\"pt-PT\"},{\"@type\":\"Organization\",\"@id\":\"https:\/\/territorialchallenges.com\/#organization\",\"name\":\"Territorial Challenges\",\"url\":\"https:\/\/territorialchallenges.com\/\",\"logo\":{\"@type\":\"ImageObject\",\"inLanguage\":\"pt-PT\",\"@id\":\"https:\/\/territorialchallenges.com\/#\/schema\/logo\/image\/\",\"url\":\"https:\/\/territorialchallenges.com\/wp-content\/uploads\/2023\/10\/logo-1.png\",\"contentUrl\":\"https:\/\/territorialchallenges.com\/wp-content\/uploads\/2023\/10\/logo-1.png\",\"width\":1832,\"height\":576,\"caption\":\"Territorial Challenges\"},\"image\":{\"@id\":\"https:\/\/territorialchallenges.com\/#\/schema\/logo\/image\/\"}},{\"@type\":\"Person\",\"@id\":\"https:\/\/territorialchallenges.com\/#\/schema\/person\/098f145c7c61a021c425e010f840080f\",\"name\":\"ni.abdi\",\"image\":{\"@type\":\"ImageObject\",\"inLanguage\":\"pt-PT\",\"@id\":\"https:\/\/territorialchallenges.com\/#\/schema\/person\/image\/\",\"url\":\"https:\/\/secure.gravatar.com\/avatar\/2a2f2491f3c80039986ba989b1e4b510?s=96&d=identicon&r=g\",\"contentUrl\":\"https:\/\/secure.gravatar.com\/avatar\/2a2f2491f3c80039986ba989b1e4b510?s=96&d=identicon&r=g\",\"caption\":\"ni.abdi\"},\"sameAs\":[\"https:\/\/twitter.com\/Ni.abdi\"],\"url\":\"https:\/\/territorialchallenges.com\/pt\/author\/ni-abdi\/\"}]}<\/script>\n<!-- \/ Yoast SEO plugin. -->","yoast_head_json":{"title":"Responsabiliser les collectivit\u00e9s locales gr\u00e2ce \u00e0 l\u2019intelligence artificielle - Territorial Challenges","robots":{"index":"index","follow":"follow","max-snippet":"max-snippet:-1","max-image-preview":"max-image-preview:large","max-video-preview":"max-video-preview:-1"},"canonical":"https:\/\/territorialchallenges.com\/pt\/2024\/07\/03\/responsabiliser-les-collectivites-locales-grace-a-lintelligence-artificielle\/123003\/","og_locale":"pt_PT","og_type":"article","og_title":"Responsabiliser les collectivit\u00e9s locales gr\u00e2ce \u00e0 l\u2019intelligence artificielle - Territorial Challenges","og_description":"L\u2019intelligence artificielle (IA) a le potentiel de transformer la relation entre les collectivit\u00e9s locales et les citoyens. En int\u00e9grant des syst\u00e8mes d\u2019IA co-cr\u00e9\u00e9s avec les communaut\u00e9s locales, les collectivit\u00e9s peuvent r\u00e9pondre de mani\u00e8re plus efficace et adapt\u00e9e aux pr\u00e9occupations r\u00e9gionales. Cet \u00e9ditorial explore comment responsabiliser les collectivit\u00e9s locales gr\u00e2ce \u00e0 l\u2019IA pour am\u00e9liorer la relation [&hellip;]","og_url":"https:\/\/territorialchallenges.com\/pt\/2024\/07\/03\/responsabiliser-les-collectivites-locales-grace-a-lintelligence-artificielle\/123003\/","og_site_name":"Territorial Challenges","article_published_time":"2024-07-03T14:41:15+00:00","article_modified_time":"2024-07-03T14:42:25+00:00","og_image":[{"width":1280,"height":853,"url":"https:\/\/territorialchallenges.com\/wp-content\/uploads\/2024\/07\/artificial-intelligence-image.jpg","type":"image\/jpeg"}],"author":"ni.abdi","twitter_card":"summary_large_image","twitter_creator":"@Ni.abdi","twitter_misc":{"Escrito por":"ni.abdi","Tempo estimado de leitura":"5 minutos"},"schema":{"@context":"https:\/\/schema.org","@graph":[{"@type":"Article","@id":"https:\/\/territorialchallenges.com\/2024\/07\/03\/responsabiliser-les-collectivites-locales-grace-a-lintelligence-artificielle\/123003\/#article","isPartOf":{"@id":"https:\/\/territorialchallenges.com\/2024\/07\/03\/responsabiliser-les-collectivites-locales-grace-a-lintelligence-artificielle\/123003\/"},"author":{"name":"ni.abdi","@id":"https:\/\/territorialchallenges.com\/#\/schema\/person\/098f145c7c61a021c425e010f840080f"},"headline":"Responsabiliser les collectivit\u00e9s locales gr\u00e2ce \u00e0 l\u2019intelligence artificielle","datePublished":"2024-07-03T14:41:15+00:00","dateModified":"2024-07-03T14:42:25+00:00","mainEntityOfPage":{"@id":"https:\/\/territorialchallenges.com\/2024\/07\/03\/responsabiliser-les-collectivites-locales-grace-a-lintelligence-artificielle\/123003\/"},"wordCount":984,"publisher":{"@id":"https:\/\/territorialchallenges.com\/#organization"},"articleSection":["R\u00e9flexion faite","\u00c9cosyst\u00e8me"],"inLanguage":"pt-PT"},{"@type":"WebPage","@id":"https:\/\/territorialchallenges.com\/2024\/07\/03\/responsabiliser-les-collectivites-locales-grace-a-lintelligence-artificielle\/123003\/","url":"https:\/\/territorialchallenges.com\/2024\/07\/03\/responsabiliser-les-collectivites-locales-grace-a-lintelligence-artificielle\/123003\/","name":"Responsabiliser les collectivit\u00e9s locales gr\u00e2ce \u00e0 l\u2019intelligence artificielle - Territorial Challenges","isPartOf":{"@id":"https:\/\/territorialchallenges.com\/#website"},"datePublished":"2024-07-03T14:41:15+00:00","dateModified":"2024-07-03T14:42:25+00:00","breadcrumb":{"@id":"https:\/\/territorialchallenges.com\/2024\/07\/03\/responsabiliser-les-collectivites-locales-grace-a-lintelligence-artificielle\/123003\/#breadcrumb"},"inLanguage":"pt-PT","potentialAction":[{"@type":"ReadAction","target":["https:\/\/territorialchallenges.com\/2024\/07\/03\/responsabiliser-les-collectivites-locales-grace-a-lintelligence-artificielle\/123003\/"]}]},{"@type":"BreadcrumbList","@id":"https:\/\/territorialchallenges.com\/2024\/07\/03\/responsabiliser-les-collectivites-locales-grace-a-lintelligence-artificielle\/123003\/#breadcrumb","itemListElement":[{"@type":"ListItem","position":1,"name":"Home","item":"https:\/\/territorialchallenges.com\/"},{"@type":"ListItem","position":2,"name":"Responsabiliser les collectivit\u00e9s locales gr\u00e2ce \u00e0 l\u2019intelligence artificielle"}]},{"@type":"WebSite","@id":"https:\/\/territorialchallenges.com\/#website","url":"https:\/\/territorialchallenges.com\/","name":"Desafios territoriais","description":"Monitoramento Internacional - Estrat\u00e9gias Inteligentes - Melhores Pr\u00e1ticas","publisher":{"@id":"https:\/\/territorialchallenges.com\/#organization"},"potentialAction":[{"@type":"SearchAction","target":{"@type":"EntryPoint","urlTemplate":"https:\/\/territorialchallenges.com\/?s={search_term_string}"},"query-input":"required name=search_term_string"}],"inLanguage":"pt-PT"},{"@type":"Organization","@id":"https:\/\/territorialchallenges.com\/#organization","name":"Desafios territoriais","url":"https:\/\/territorialchallenges.com\/","logo":{"@type":"ImageObject","inLanguage":"pt-PT","@id":"https:\/\/territorialchallenges.com\/#\/schema\/logo\/image\/","url":"https:\/\/territorialchallenges.com\/wp-content\/uploads\/2023\/10\/logo-1.png","contentUrl":"https:\/\/territorialchallenges.com\/wp-content\/uploads\/2023\/10\/logo-1.png","width":1832,"height":576,"caption":"Territorial Challenges"},"image":{"@id":"https:\/\/territorialchallenges.com\/#\/schema\/logo\/image\/"}},{"@type":"Person","@id":"https:\/\/territorialchallenges.com\/#\/schema\/person\/098f145c7c61a021c425e010f840080f","name":"ni.abdi","image":{"@type":"ImageObject","inLanguage":"pt-PT","@id":"https:\/\/territorialchallenges.com\/#\/schema\/person\/image\/","url":"https:\/\/secure.gravatar.com\/avatar\/2a2f2491f3c80039986ba989b1e4b510?s=96&d=identicon&r=g","contentUrl":"https:\/\/secure.gravatar.com\/avatar\/2a2f2491f3c80039986ba989b1e4b510?s=96&d=identicon&r=g","caption":"ni.abdi"},"sameAs":["https:\/\/twitter.com\/Ni.abdi"],"url":"https:\/\/territorialchallenges.com\/pt\/author\/ni-abdi\/"}]}},"_links":{"self":[{"href":"https:\/\/territorialchallenges.com\/pt\/wp-json\/wp\/v2\/posts\/123003"}],"collection":[{"href":"https:\/\/territorialchallenges.com\/pt\/wp-json\/wp\/v2\/posts"}],"about":[{"href":"https:\/\/territorialchallenges.com\/pt\/wp-json\/wp\/v2\/types\/post"}],"author":[{"embeddable":true,"href":"https:\/\/territorialchallenges.com\/pt\/wp-json\/wp\/v2\/users\/11"}],"replies":[{"embeddable":true,"href":"https:\/\/territorialchallenges.com\/pt\/wp-json\/wp\/v2\/comments?post=123003"}],"version-history":[{"count":2,"href":"https:\/\/territorialchallenges.com\/pt\/wp-json\/wp\/v2\/posts\/123003\/revisions"}],"predecessor-version":[{"id":123006,"href":"https:\/\/territorialchallenges.com\/pt\/wp-json\/wp\/v2\/posts\/123003\/revisions\/123006"}],"wp:featuredmedia":[{"embeddable":true,"href":"https:\/\/territorialchallenges.com\/pt\/wp-json\/wp\/v2\/media\/123004"}],"wp:attachment":[{"href":"https:\/\/territorialchallenges.com\/pt\/wp-json\/wp\/v2\/media?parent=123003"}],"wp:term":[{"taxonomy":"category","embeddable":true,"href":"https:\/\/territorialchallenges.com\/pt\/wp-json\/wp\/v2\/categories?post=123003"},{"taxonomy":"post_tag","embeddable":true,"href":"https:\/\/territorialchallenges.com\/pt\/wp-json\/wp\/v2\/tags?post=123003"}],"curies":[{"name":"wp","href":"https:\/\/api.w.org\/{rel}","templated":true}]}}