{"id":122565,"date":"2024-04-09T14:19:15","date_gmt":"2024-04-09T12:19:15","guid":{"rendered":"https:\/\/territorialchallenges.com\/?p=122565"},"modified":"2024-04-09T14:19:16","modified_gmt":"2024-04-09T12:19:16","slug":"informations-sociales-77-ans-dengagement-pour-les-services-sociaux","status":"publish","type":"post","link":"https:\/\/territorialchallenges.com\/pt\/2024\/04\/09\/informations-sociales-77-ans-dengagement-pour-les-services-sociaux\/122565\/","title":{"rendered":"Informa\u00e7\u00e3o Social: 77 anos de compromisso com os servi\u00e7os sociais"},"content":{"rendered":"<p>Desde a sua cria\u00e7\u00e3o em abril de 1947, a revista &quot;Informations Sociales&quot; tem sido um pilar fundamental para os profissionais de servi\u00e7o social, oferecendo uma perspectiva informada sobre a evolu\u00e7\u00e3o das pol\u00edticas familiares e sociais na Fran\u00e7a. Ao celebrar seu 77\u00ba anivers\u00e1rio, vamos relembrar sua trajet\u00f3ria e seu papel crucial no campo do bem-estar familiar. Desde... <\/p>\n<div class=\"pmpro_content_message\">Artigo dispon\u00edvel somente para assinantes.<br \/><a href=\"https:\/\/territorialchallenges.com\/wp-login.php\">Conecte-se<\/a><br \/><a href=\"https:\/\/territorialchallenges.com\/pt\/wp-login.php\/?action=register\">Registrar<\/a><\/div>","protected":false},"excerpt":{"rendered":"<p>Depuis sa cr\u00e9ation en avril 1947, la revue \u00ab\u00a0Informations Sociales\u00a0\u00bb a \u00e9t\u00e9 un pilier essentiel pour les professionnels des services sociaux, offrant un regard \u00e9clair\u00e9 sur l&rsquo;\u00e9volution des politiques familiales et sociales en France. Alors qu&rsquo;elle c\u00e9l\u00e8bre ses 77 ans, revenons sur son parcours et son r\u00f4le crucial dans le domaine du bien-\u00eatre familial. Depuis... <\/p>\n<div class=\"pmpro_content_message\">Artigo dispon\u00edvel somente para assinantes.<br \/><a href=\"https:\/\/territorialchallenges.com\/wp-login.php\">Conecte-se<\/a><br \/><a href=\"https:\/\/territorialchallenges.com\/pt\/wp-login.php\/?action=register\">Registrar<\/a><\/div>","protected":false},"author":11,"featured_media":122566,"comment_status":"closed","ping_status":"closed","sticky":true,"template":"","format":"standard","meta":{"pmpro_default_level":0,"footnotes":""},"categories":[121],"tags":[],"blocksy_meta":"","yoast_head":"<!-- This site is optimized with the Yoast SEO plugin v21.5 - https:\/\/yoast.com\/wordpress\/plugins\/seo\/ -->\n<title>Informations Sociales : 77 ans d&#039;engagement pour les services sociaux - Territorial Challenges<\/title>\n<meta name=\"robots\" content=\"index, follow, max-snippet:-1, max-image-preview:large, max-video-preview:-1\" \/>\n<link rel=\"canonical\" href=\"https:\/\/territorialchallenges.com\/pt\/2024\/04\/09\/informations-sociales-77-ans-dengagement-pour-les-services-sociaux\/122565\/\" \/>\n<meta property=\"og:locale\" content=\"pt_PT\" \/>\n<meta property=\"og:type\" content=\"article\" \/>\n<meta property=\"og:title\" content=\"Informations Sociales : 77 ans d&#039;engagement pour les services sociaux - Territorial Challenges\" \/>\n<meta property=\"og:description\" content=\"Depuis sa cr\u00e9ation en avril 1947, la revue \u00ab\u00a0Informations Sociales\u00a0\u00bb a \u00e9t\u00e9 un pilier essentiel pour les professionnels des services sociaux, offrant un regard \u00e9clair\u00e9 sur l&rsquo;\u00e9volution des politiques familiales et sociales en France. Alors qu&rsquo;elle c\u00e9l\u00e8bre ses 77 ans, revenons sur son parcours et son r\u00f4le crucial dans le domaine du bien-\u00eatre familial. Depuis [&hellip;]\" \/>\n<meta property=\"og:url\" content=\"https:\/\/territorialchallenges.com\/pt\/2024\/04\/09\/informations-sociales-77-ans-dengagement-pour-les-services-sociaux\/122565\/\" \/>\n<meta property=\"og:site_name\" content=\"Territorial Challenges\" \/>\n<meta property=\"article:published_time\" content=\"2024-04-09T12:19:15+00:00\" \/>\n<meta property=\"article:modified_time\" content=\"2024-04-09T12:19:16+00:00\" \/>\n<meta property=\"og:image\" content=\"https:\/\/territorialchallenges.com\/wp-content\/uploads\/2024\/04\/MemoireInformations_sociales.jpeg\" \/>\n\t<meta property=\"og:image:width\" content=\"962\" \/>\n\t<meta property=\"og:image:height\" content=\"1566\" \/>\n\t<meta property=\"og:image:type\" content=\"image\/jpeg\" \/>\n<meta name=\"author\" content=\"ni.abdi\" \/>\n<meta name=\"twitter:card\" content=\"summary_large_image\" \/>\n<meta name=\"twitter:creator\" content=\"@Ni.abdi\" \/>\n<meta name=\"twitter:label1\" content=\"Escrito por\" \/>\n\t<meta name=\"twitter:data1\" content=\"ni.abdi\" \/>\n\t<meta name=\"twitter:label2\" content=\"Tempo estimado de leitura\" \/>\n\t<meta name=\"twitter:data2\" content=\"3 minutos\" \/>\n<script type=\"application\/ld+json\" class=\"yoast-schema-graph\">{\"@context\":\"https:\/\/schema.org\",\"@graph\":[{\"@type\":\"Article\",\"@id\":\"https:\/\/territorialchallenges.com\/2024\/04\/09\/informations-sociales-77-ans-dengagement-pour-les-services-sociaux\/122565\/#article\",\"isPartOf\":{\"@id\":\"https:\/\/territorialchallenges.com\/2024\/04\/09\/informations-sociales-77-ans-dengagement-pour-les-services-sociaux\/122565\/\"},\"author\":{\"name\":\"ni.abdi\",\"@id\":\"https:\/\/territorialchallenges.com\/#\/schema\/person\/098f145c7c61a021c425e010f840080f\"},\"headline\":\"Informations Sociales : 77 ans d&rsquo;engagement pour les services sociaux\",\"datePublished\":\"2024-04-09T12:19:15+00:00\",\"dateModified\":\"2024-04-09T12:19:16+00:00\",\"mainEntityOfPage\":{\"@id\":\"https:\/\/territorialchallenges.com\/2024\/04\/09\/informations-sociales-77-ans-dengagement-pour-les-services-sociaux\/122565\/\"},\"wordCount\":459,\"publisher\":{\"@id\":\"https:\/\/territorialchallenges.com\/#organization\"},\"articleSection\":[\"M\u00e9moire\"],\"inLanguage\":\"pt-PT\"},{\"@type\":\"WebPage\",\"@id\":\"https:\/\/territorialchallenges.com\/2024\/04\/09\/informations-sociales-77-ans-dengagement-pour-les-services-sociaux\/122565\/\",\"url\":\"https:\/\/territorialchallenges.com\/2024\/04\/09\/informations-sociales-77-ans-dengagement-pour-les-services-sociaux\/122565\/\",\"name\":\"Informations Sociales : 77 ans d'engagement pour les services sociaux - Territorial Challenges\",\"isPartOf\":{\"@id\":\"https:\/\/territorialchallenges.com\/#website\"},\"datePublished\":\"2024-04-09T12:19:15+00:00\",\"dateModified\":\"2024-04-09T12:19:16+00:00\",\"breadcrumb\":{\"@id\":\"https:\/\/territorialchallenges.com\/2024\/04\/09\/informations-sociales-77-ans-dengagement-pour-les-services-sociaux\/122565\/#breadcrumb\"},\"inLanguage\":\"pt-PT\",\"potentialAction\":[{\"@type\":\"ReadAction\",\"target\":[\"https:\/\/territorialchallenges.com\/2024\/04\/09\/informations-sociales-77-ans-dengagement-pour-les-services-sociaux\/122565\/\"]}]},{\"@type\":\"BreadcrumbList\",\"@id\":\"https:\/\/territorialchallenges.com\/2024\/04\/09\/informations-sociales-77-ans-dengagement-pour-les-services-sociaux\/122565\/#breadcrumb\",\"itemListElement\":[{\"@type\":\"ListItem\",\"position\":1,\"name\":\"Home\",\"item\":\"https:\/\/territorialchallenges.com\/\"},{\"@type\":\"ListItem\",\"position\":2,\"name\":\"Informations Sociales : 77 ans d&rsquo;engagement pour les services sociaux\"}]},{\"@type\":\"WebSite\",\"@id\":\"https:\/\/territorialchallenges.com\/#website\",\"url\":\"https:\/\/territorialchallenges.com\/\",\"name\":\"Territorial Challenges\",\"description\":\"Veille Internationale - Strat\u00e9gie Intelligentes - Bonnes pratiques\",\"publisher\":{\"@id\":\"https:\/\/territorialchallenges.com\/#organization\"},\"potentialAction\":[{\"@type\":\"SearchAction\",\"target\":{\"@type\":\"EntryPoint\",\"urlTemplate\":\"https:\/\/territorialchallenges.com\/?s={search_term_string}\"},\"query-input\":\"required name=search_term_string\"}],\"inLanguage\":\"pt-PT\"},{\"@type\":\"Organization\",\"@id\":\"https:\/\/territorialchallenges.com\/#organization\",\"name\":\"Territorial Challenges\",\"url\":\"https:\/\/territorialchallenges.com\/\",\"logo\":{\"@type\":\"ImageObject\",\"inLanguage\":\"pt-PT\",\"@id\":\"https:\/\/territorialchallenges.com\/#\/schema\/logo\/image\/\",\"url\":\"https:\/\/territorialchallenges.com\/wp-content\/uploads\/2023\/10\/logo-1.png\",\"contentUrl\":\"https:\/\/territorialchallenges.com\/wp-content\/uploads\/2023\/10\/logo-1.png\",\"width\":1832,\"height\":576,\"caption\":\"Territorial Challenges\"},\"image\":{\"@id\":\"https:\/\/territorialchallenges.com\/#\/schema\/logo\/image\/\"}},{\"@type\":\"Person\",\"@id\":\"https:\/\/territorialchallenges.com\/#\/schema\/person\/098f145c7c61a021c425e010f840080f\",\"name\":\"ni.abdi\",\"image\":{\"@type\":\"ImageObject\",\"inLanguage\":\"pt-PT\",\"@id\":\"https:\/\/territorialchallenges.com\/#\/schema\/person\/image\/\",\"url\":\"https:\/\/secure.gravatar.com\/avatar\/2a2f2491f3c80039986ba989b1e4b510?s=96&d=identicon&r=g\",\"contentUrl\":\"https:\/\/secure.gravatar.com\/avatar\/2a2f2491f3c80039986ba989b1e4b510?s=96&d=identicon&r=g\",\"caption\":\"ni.abdi\"},\"sameAs\":[\"https:\/\/twitter.com\/Ni.abdi\"],\"url\":\"https:\/\/territorialchallenges.com\/pt\/author\/ni-abdi\/\"}]}<\/script>\n<!-- \/ Yoast SEO plugin. -->","yoast_head_json":{"title":"Informations Sociales : 77 ans d'engagement pour les services sociaux - Territorial Challenges","robots":{"index":"index","follow":"follow","max-snippet":"max-snippet:-1","max-image-preview":"max-image-preview:large","max-video-preview":"max-video-preview:-1"},"canonical":"https:\/\/territorialchallenges.com\/pt\/2024\/04\/09\/informations-sociales-77-ans-dengagement-pour-les-services-sociaux\/122565\/","og_locale":"pt_PT","og_type":"article","og_title":"Informations Sociales : 77 ans d'engagement pour les services sociaux - Territorial Challenges","og_description":"Depuis sa cr\u00e9ation en avril 1947, la revue \u00ab\u00a0Informations Sociales\u00a0\u00bb a \u00e9t\u00e9 un pilier essentiel pour les professionnels des services sociaux, offrant un regard \u00e9clair\u00e9 sur l&rsquo;\u00e9volution des politiques familiales et sociales en France. Alors qu&rsquo;elle c\u00e9l\u00e8bre ses 77 ans, revenons sur son parcours et son r\u00f4le crucial dans le domaine du bien-\u00eatre familial. Depuis [&hellip;]","og_url":"https:\/\/territorialchallenges.com\/pt\/2024\/04\/09\/informations-sociales-77-ans-dengagement-pour-les-services-sociaux\/122565\/","og_site_name":"Territorial Challenges","article_published_time":"2024-04-09T12:19:15+00:00","article_modified_time":"2024-04-09T12:19:16+00:00","og_image":[{"width":962,"height":1566,"url":"https:\/\/territorialchallenges.com\/wp-content\/uploads\/2024\/04\/MemoireInformations_sociales.jpeg","type":"image\/jpeg"}],"author":"ni.abdi","twitter_card":"summary_large_image","twitter_creator":"@Ni.abdi","twitter_misc":{"Escrito por":"ni.abdi","Tempo estimado de leitura":"3 minutos"},"schema":{"@context":"https:\/\/schema.org","@graph":[{"@type":"Article","@id":"https:\/\/territorialchallenges.com\/2024\/04\/09\/informations-sociales-77-ans-dengagement-pour-les-services-sociaux\/122565\/#article","isPartOf":{"@id":"https:\/\/territorialchallenges.com\/2024\/04\/09\/informations-sociales-77-ans-dengagement-pour-les-services-sociaux\/122565\/"},"author":{"name":"ni.abdi","@id":"https:\/\/territorialchallenges.com\/#\/schema\/person\/098f145c7c61a021c425e010f840080f"},"headline":"Informations Sociales : 77 ans d&rsquo;engagement pour les services sociaux","datePublished":"2024-04-09T12:19:15+00:00","dateModified":"2024-04-09T12:19:16+00:00","mainEntityOfPage":{"@id":"https:\/\/territorialchallenges.com\/2024\/04\/09\/informations-sociales-77-ans-dengagement-pour-les-services-sociaux\/122565\/"},"wordCount":459,"publisher":{"@id":"https:\/\/territorialchallenges.com\/#organization"},"articleSection":["M\u00e9moire"],"inLanguage":"pt-PT"},{"@type":"WebPage","@id":"https:\/\/territorialchallenges.com\/2024\/04\/09\/informations-sociales-77-ans-dengagement-pour-les-services-sociaux\/122565\/","url":"https:\/\/territorialchallenges.com\/2024\/04\/09\/informations-sociales-77-ans-dengagement-pour-les-services-sociaux\/122565\/","name":"Informations Sociales : 77 ans d'engagement pour les services sociaux - Territorial Challenges","isPartOf":{"@id":"https:\/\/territorialchallenges.com\/#website"},"datePublished":"2024-04-09T12:19:15+00:00","dateModified":"2024-04-09T12:19:16+00:00","breadcrumb":{"@id":"https:\/\/territorialchallenges.com\/2024\/04\/09\/informations-sociales-77-ans-dengagement-pour-les-services-sociaux\/122565\/#breadcrumb"},"inLanguage":"pt-PT","potentialAction":[{"@type":"ReadAction","target":["https:\/\/territorialchallenges.com\/2024\/04\/09\/informations-sociales-77-ans-dengagement-pour-les-services-sociaux\/122565\/"]}]},{"@type":"BreadcrumbList","@id":"https:\/\/territorialchallenges.com\/2024\/04\/09\/informations-sociales-77-ans-dengagement-pour-les-services-sociaux\/122565\/#breadcrumb","itemListElement":[{"@type":"ListItem","position":1,"name":"Home","item":"https:\/\/territorialchallenges.com\/"},{"@type":"ListItem","position":2,"name":"Informations Sociales : 77 ans d&rsquo;engagement pour les services sociaux"}]},{"@type":"WebSite","@id":"https:\/\/territorialchallenges.com\/#website","url":"https:\/\/territorialchallenges.com\/","name":"Desafios territoriais","description":"Monitoramento Internacional - Estrat\u00e9gias Inteligentes - Melhores Pr\u00e1ticas","publisher":{"@id":"https:\/\/territorialchallenges.com\/#organization"},"potentialAction":[{"@type":"SearchAction","target":{"@type":"EntryPoint","urlTemplate":"https:\/\/territorialchallenges.com\/?s={search_term_string}"},"query-input":"required name=search_term_string"}],"inLanguage":"pt-PT"},{"@type":"Organization","@id":"https:\/\/territorialchallenges.com\/#organization","name":"Desafios territoriais","url":"https:\/\/territorialchallenges.com\/","logo":{"@type":"ImageObject","inLanguage":"pt-PT","@id":"https:\/\/territorialchallenges.com\/#\/schema\/logo\/image\/","url":"https:\/\/territorialchallenges.com\/wp-content\/uploads\/2023\/10\/logo-1.png","contentUrl":"https:\/\/territorialchallenges.com\/wp-content\/uploads\/2023\/10\/logo-1.png","width":1832,"height":576,"caption":"Territorial Challenges"},"image":{"@id":"https:\/\/territorialchallenges.com\/#\/schema\/logo\/image\/"}},{"@type":"Person","@id":"https:\/\/territorialchallenges.com\/#\/schema\/person\/098f145c7c61a021c425e010f840080f","name":"ni.abdi","image":{"@type":"ImageObject","inLanguage":"pt-PT","@id":"https:\/\/territorialchallenges.com\/#\/schema\/person\/image\/","url":"https:\/\/secure.gravatar.com\/avatar\/2a2f2491f3c80039986ba989b1e4b510?s=96&d=identicon&r=g","contentUrl":"https:\/\/secure.gravatar.com\/avatar\/2a2f2491f3c80039986ba989b1e4b510?s=96&d=identicon&r=g","caption":"ni.abdi"},"sameAs":["https:\/\/twitter.com\/Ni.abdi"],"url":"https:\/\/territorialchallenges.com\/pt\/author\/ni-abdi\/"}]}},"_links":{"self":[{"href":"https:\/\/territorialchallenges.com\/pt\/wp-json\/wp\/v2\/posts\/122565"}],"collection":[{"href":"https:\/\/territorialchallenges.com\/pt\/wp-json\/wp\/v2\/posts"}],"about":[{"href":"https:\/\/territorialchallenges.com\/pt\/wp-json\/wp\/v2\/types\/post"}],"author":[{"embeddable":true,"href":"https:\/\/territorialchallenges.com\/pt\/wp-json\/wp\/v2\/users\/11"}],"replies":[{"embeddable":true,"href":"https:\/\/territorialchallenges.com\/pt\/wp-json\/wp\/v2\/comments?post=122565"}],"version-history":[{"count":1,"href":"https:\/\/territorialchallenges.com\/pt\/wp-json\/wp\/v2\/posts\/122565\/revisions"}],"predecessor-version":[{"id":122567,"href":"https:\/\/territorialchallenges.com\/pt\/wp-json\/wp\/v2\/posts\/122565\/revisions\/122567"}],"wp:featuredmedia":[{"embeddable":true,"href":"https:\/\/territorialchallenges.com\/pt\/wp-json\/wp\/v2\/media\/122566"}],"wp:attachment":[{"href":"https:\/\/territorialchallenges.com\/pt\/wp-json\/wp\/v2\/media?parent=122565"}],"wp:term":[{"taxonomy":"category","embeddable":true,"href":"https:\/\/territorialchallenges.com\/pt\/wp-json\/wp\/v2\/categories?post=122565"},{"taxonomy":"post_tag","embeddable":true,"href":"https:\/\/territorialchallenges.com\/pt\/wp-json\/wp\/v2\/tags?post=122565"}],"curies":[{"name":"wp","href":"https:\/\/api.w.org\/{rel}","templated":true}]}}