{"id":122353,"date":"2024-02-26T21:02:53","date_gmt":"2024-02-26T20:02:53","guid":{"rendered":"https:\/\/territorialchallenges.com\/?p=122353"},"modified":"2024-02-26T21:02:54","modified_gmt":"2024-02-26T20:02:54","slug":"les-compteurs-intelligents-un-pilier-essentiel-de-lefficacite-energetique-dans-les-villes-intelligentes","status":"publish","type":"post","link":"https:\/\/territorialchallenges.com\/pt\/2024\/02\/26\/les-compteurs-intelligents-un-pilier-essentiel-de-lefficacite-energetique-dans-les-villes-intelligentes\/122353\/","title":{"rendered":"Medidores inteligentes: um pilar fundamental da efici\u00eancia energ\u00e9tica em cidades inteligentes"},"content":{"rendered":"<p>Medidores inteligentes est\u00e3o se mostrando a chave para transformar cidades em ambientes inteligentes e eficientes. De acordo com o especialista em transi\u00e7\u00e3o energ\u00e9tica Rick Rys, consultor s\u00eanior do ARC Advisory Group, esses dispositivos modernos oferecem benef\u00edcios consider\u00e1veis para concession\u00e1rias de servi\u00e7os p\u00fablicos, consumidores e gestores municipais. Neste artigo, exploramos o papel\u2026 <\/p>\n<div class=\"pmpro_content_message\">Artigo dispon\u00edvel somente para assinantes.<br \/><a href=\"https:\/\/territorialchallenges.com\/wp-login.php\">Conecte-se<\/a><br \/><a href=\"https:\/\/territorialchallenges.com\/pt\/wp-login.php\/?action=register\">Registrar<\/a><\/div>","protected":false},"excerpt":{"rendered":"<p>Les compteurs intelligents se r\u00e9v\u00e8lent \u00eatre la cl\u00e9 pour transformer les villes en environnements intelligents et efficients. Selon l&rsquo;expert en transition \u00e9nerg\u00e9tique, Rick Rys, Senior Consultant chez ARC Advisory Group, ces dispositifs modernes offrent des avantages consid\u00e9rables pour les services publics, les consommateurs et les gestionnaires de ville. Dans cet article, nous explorons le r\u00f4le... <\/p>\n<div class=\"pmpro_content_message\">Artigo dispon\u00edvel somente para assinantes.<br \/><a href=\"https:\/\/territorialchallenges.com\/wp-login.php\">Conecte-se<\/a><br \/><a href=\"https:\/\/territorialchallenges.com\/pt\/wp-login.php\/?action=register\">Registrar<\/a><\/div>","protected":false},"author":11,"featured_media":122354,"comment_status":"closed","ping_status":"closed","sticky":true,"template":"","format":"standard","meta":{"pmpro_default_level":0,"footnotes":""},"categories":[18,124],"tags":[],"blocksy_meta":"","yoast_head":"<!-- This site is optimized with the Yoast SEO plugin v21.5 - https:\/\/yoast.com\/wordpress\/plugins\/seo\/ -->\n<title>Les compteurs intelligents : un pilier essentiel de l&#039;efficacit\u00e9 \u00e9nerg\u00e9tique dans les villes intelligentes - Territorial Challenges<\/title>\n<meta name=\"robots\" content=\"index, follow, max-snippet:-1, max-image-preview:large, max-video-preview:-1\" \/>\n<link rel=\"canonical\" href=\"https:\/\/territorialchallenges.com\/pt\/2024\/02\/26\/les-compteurs-intelligents-un-pilier-essentiel-de-lefficacite-energetique-dans-les-villes-intelligentes\/122353\/\" \/>\n<meta property=\"og:locale\" content=\"pt_PT\" \/>\n<meta property=\"og:type\" content=\"article\" \/>\n<meta property=\"og:title\" content=\"Les compteurs intelligents : un pilier essentiel de l&#039;efficacit\u00e9 \u00e9nerg\u00e9tique dans les villes intelligentes - Territorial Challenges\" \/>\n<meta property=\"og:description\" content=\"Les compteurs intelligents se r\u00e9v\u00e8lent \u00eatre la cl\u00e9 pour transformer les villes en environnements intelligents et efficients. Selon l&rsquo;expert en transition \u00e9nerg\u00e9tique, Rick Rys, Senior Consultant chez ARC Advisory Group, ces dispositifs modernes offrent des avantages consid\u00e9rables pour les services publics, les consommateurs et les gestionnaires de ville. Dans cet article, nous explorons le r\u00f4le [&hellip;]\" \/>\n<meta property=\"og:url\" content=\"https:\/\/territorialchallenges.com\/pt\/2024\/02\/26\/les-compteurs-intelligents-un-pilier-essentiel-de-lefficacite-energetique-dans-les-villes-intelligentes\/122353\/\" \/>\n<meta property=\"og:site_name\" content=\"Territorial Challenges\" \/>\n<meta property=\"article:published_time\" content=\"2024-02-26T20:02:53+00:00\" \/>\n<meta property=\"article:modified_time\" content=\"2024-02-26T20:02:54+00:00\" \/>\n<meta property=\"og:image\" content=\"https:\/\/territorialchallenges.com\/wp-content\/uploads\/2024\/02\/transitionenergetiquePhoto-1.jpg\" \/>\n\t<meta property=\"og:image:width\" content=\"1280\" \/>\n\t<meta property=\"og:image:height\" content=\"960\" \/>\n\t<meta property=\"og:image:type\" content=\"image\/jpeg\" \/>\n<meta name=\"author\" content=\"ni.abdi\" \/>\n<meta name=\"twitter:card\" content=\"summary_large_image\" \/>\n<meta name=\"twitter:creator\" content=\"@Ni.abdi\" \/>\n<meta name=\"twitter:label1\" content=\"Escrito por\" \/>\n\t<meta name=\"twitter:data1\" content=\"ni.abdi\" \/>\n\t<meta name=\"twitter:label2\" content=\"Tempo estimado de leitura\" \/>\n\t<meta name=\"twitter:data2\" content=\"3 minutos\" \/>\n<script type=\"application\/ld+json\" class=\"yoast-schema-graph\">{\"@context\":\"https:\/\/schema.org\",\"@graph\":[{\"@type\":\"Article\",\"@id\":\"https:\/\/territorialchallenges.com\/2024\/02\/26\/les-compteurs-intelligents-un-pilier-essentiel-de-lefficacite-energetique-dans-les-villes-intelligentes\/122353\/#article\",\"isPartOf\":{\"@id\":\"https:\/\/territorialchallenges.com\/2024\/02\/26\/les-compteurs-intelligents-un-pilier-essentiel-de-lefficacite-energetique-dans-les-villes-intelligentes\/122353\/\"},\"author\":{\"name\":\"ni.abdi\",\"@id\":\"https:\/\/territorialchallenges.com\/#\/schema\/person\/098f145c7c61a021c425e010f840080f\"},\"headline\":\"Les compteurs intelligents : un pilier essentiel de l&rsquo;efficacit\u00e9 \u00e9nerg\u00e9tique dans les villes intelligentes\",\"datePublished\":\"2024-02-26T20:02:53+00:00\",\"dateModified\":\"2024-02-26T20:02:54+00:00\",\"mainEntityOfPage\":{\"@id\":\"https:\/\/territorialchallenges.com\/2024\/02\/26\/les-compteurs-intelligents-un-pilier-essentiel-de-lefficacite-energetique-dans-les-villes-intelligentes\/122353\/\"},\"wordCount\":579,\"publisher\":{\"@id\":\"https:\/\/territorialchallenges.com\/#organization\"},\"articleSection\":[\"Transition \u00c9nerg\u00e9tique\",\"Actualit\u00e9 internationale\"],\"inLanguage\":\"pt-PT\"},{\"@type\":\"WebPage\",\"@id\":\"https:\/\/territorialchallenges.com\/2024\/02\/26\/les-compteurs-intelligents-un-pilier-essentiel-de-lefficacite-energetique-dans-les-villes-intelligentes\/122353\/\",\"url\":\"https:\/\/territorialchallenges.com\/2024\/02\/26\/les-compteurs-intelligents-un-pilier-essentiel-de-lefficacite-energetique-dans-les-villes-intelligentes\/122353\/\",\"name\":\"Les compteurs intelligents : un pilier essentiel de l'efficacit\u00e9 \u00e9nerg\u00e9tique dans les villes intelligentes - Territorial Challenges\",\"isPartOf\":{\"@id\":\"https:\/\/territorialchallenges.com\/#website\"},\"datePublished\":\"2024-02-26T20:02:53+00:00\",\"dateModified\":\"2024-02-26T20:02:54+00:00\",\"breadcrumb\":{\"@id\":\"https:\/\/territorialchallenges.com\/2024\/02\/26\/les-compteurs-intelligents-un-pilier-essentiel-de-lefficacite-energetique-dans-les-villes-intelligentes\/122353\/#breadcrumb\"},\"inLanguage\":\"pt-PT\",\"potentialAction\":[{\"@type\":\"ReadAction\",\"target\":[\"https:\/\/territorialchallenges.com\/2024\/02\/26\/les-compteurs-intelligents-un-pilier-essentiel-de-lefficacite-energetique-dans-les-villes-intelligentes\/122353\/\"]}]},{\"@type\":\"BreadcrumbList\",\"@id\":\"https:\/\/territorialchallenges.com\/2024\/02\/26\/les-compteurs-intelligents-un-pilier-essentiel-de-lefficacite-energetique-dans-les-villes-intelligentes\/122353\/#breadcrumb\",\"itemListElement\":[{\"@type\":\"ListItem\",\"position\":1,\"name\":\"Home\",\"item\":\"https:\/\/territorialchallenges.com\/\"},{\"@type\":\"ListItem\",\"position\":2,\"name\":\"Les compteurs intelligents : un pilier essentiel de l&rsquo;efficacit\u00e9 \u00e9nerg\u00e9tique dans les villes intelligentes\"}]},{\"@type\":\"WebSite\",\"@id\":\"https:\/\/territorialchallenges.com\/#website\",\"url\":\"https:\/\/territorialchallenges.com\/\",\"name\":\"Territorial Challenges\",\"description\":\"Veille Internationale - Strat\u00e9gie Intelligentes - Bonnes pratiques\",\"publisher\":{\"@id\":\"https:\/\/territorialchallenges.com\/#organization\"},\"potentialAction\":[{\"@type\":\"SearchAction\",\"target\":{\"@type\":\"EntryPoint\",\"urlTemplate\":\"https:\/\/territorialchallenges.com\/?s={search_term_string}\"},\"query-input\":\"required name=search_term_string\"}],\"inLanguage\":\"pt-PT\"},{\"@type\":\"Organization\",\"@id\":\"https:\/\/territorialchallenges.com\/#organization\",\"name\":\"Territorial Challenges\",\"url\":\"https:\/\/territorialchallenges.com\/\",\"logo\":{\"@type\":\"ImageObject\",\"inLanguage\":\"pt-PT\",\"@id\":\"https:\/\/territorialchallenges.com\/#\/schema\/logo\/image\/\",\"url\":\"https:\/\/territorialchallenges.com\/wp-content\/uploads\/2023\/10\/logo-1.png\",\"contentUrl\":\"https:\/\/territorialchallenges.com\/wp-content\/uploads\/2023\/10\/logo-1.png\",\"width\":1832,\"height\":576,\"caption\":\"Territorial Challenges\"},\"image\":{\"@id\":\"https:\/\/territorialchallenges.com\/#\/schema\/logo\/image\/\"}},{\"@type\":\"Person\",\"@id\":\"https:\/\/territorialchallenges.com\/#\/schema\/person\/098f145c7c61a021c425e010f840080f\",\"name\":\"ni.abdi\",\"image\":{\"@type\":\"ImageObject\",\"inLanguage\":\"pt-PT\",\"@id\":\"https:\/\/territorialchallenges.com\/#\/schema\/person\/image\/\",\"url\":\"https:\/\/secure.gravatar.com\/avatar\/2a2f2491f3c80039986ba989b1e4b510?s=96&d=identicon&r=g\",\"contentUrl\":\"https:\/\/secure.gravatar.com\/avatar\/2a2f2491f3c80039986ba989b1e4b510?s=96&d=identicon&r=g\",\"caption\":\"ni.abdi\"},\"sameAs\":[\"https:\/\/twitter.com\/Ni.abdi\"],\"url\":\"https:\/\/territorialchallenges.com\/pt\/author\/ni-abdi\/\"}]}<\/script>\n<!-- \/ Yoast SEO plugin. -->","yoast_head_json":{"title":"Les compteurs intelligents : un pilier essentiel de l'efficacit\u00e9 \u00e9nerg\u00e9tique dans les villes intelligentes - Territorial Challenges","robots":{"index":"index","follow":"follow","max-snippet":"max-snippet:-1","max-image-preview":"max-image-preview:large","max-video-preview":"max-video-preview:-1"},"canonical":"https:\/\/territorialchallenges.com\/pt\/2024\/02\/26\/les-compteurs-intelligents-un-pilier-essentiel-de-lefficacite-energetique-dans-les-villes-intelligentes\/122353\/","og_locale":"pt_PT","og_type":"article","og_title":"Les compteurs intelligents : un pilier essentiel de l'efficacit\u00e9 \u00e9nerg\u00e9tique dans les villes intelligentes - Territorial Challenges","og_description":"Les compteurs intelligents se r\u00e9v\u00e8lent \u00eatre la cl\u00e9 pour transformer les villes en environnements intelligents et efficients. Selon l&rsquo;expert en transition \u00e9nerg\u00e9tique, Rick Rys, Senior Consultant chez ARC Advisory Group, ces dispositifs modernes offrent des avantages consid\u00e9rables pour les services publics, les consommateurs et les gestionnaires de ville. Dans cet article, nous explorons le r\u00f4le [&hellip;]","og_url":"https:\/\/territorialchallenges.com\/pt\/2024\/02\/26\/les-compteurs-intelligents-un-pilier-essentiel-de-lefficacite-energetique-dans-les-villes-intelligentes\/122353\/","og_site_name":"Territorial Challenges","article_published_time":"2024-02-26T20:02:53+00:00","article_modified_time":"2024-02-26T20:02:54+00:00","og_image":[{"width":1280,"height":960,"url":"https:\/\/territorialchallenges.com\/wp-content\/uploads\/2024\/02\/transitionenergetiquePhoto-1.jpg","type":"image\/jpeg"}],"author":"ni.abdi","twitter_card":"summary_large_image","twitter_creator":"@Ni.abdi","twitter_misc":{"Escrito por":"ni.abdi","Tempo estimado de leitura":"3 minutos"},"schema":{"@context":"https:\/\/schema.org","@graph":[{"@type":"Article","@id":"https:\/\/territorialchallenges.com\/2024\/02\/26\/les-compteurs-intelligents-un-pilier-essentiel-de-lefficacite-energetique-dans-les-villes-intelligentes\/122353\/#article","isPartOf":{"@id":"https:\/\/territorialchallenges.com\/2024\/02\/26\/les-compteurs-intelligents-un-pilier-essentiel-de-lefficacite-energetique-dans-les-villes-intelligentes\/122353\/"},"author":{"name":"ni.abdi","@id":"https:\/\/territorialchallenges.com\/#\/schema\/person\/098f145c7c61a021c425e010f840080f"},"headline":"Les compteurs intelligents : un pilier essentiel de l&rsquo;efficacit\u00e9 \u00e9nerg\u00e9tique dans les villes intelligentes","datePublished":"2024-02-26T20:02:53+00:00","dateModified":"2024-02-26T20:02:54+00:00","mainEntityOfPage":{"@id":"https:\/\/territorialchallenges.com\/2024\/02\/26\/les-compteurs-intelligents-un-pilier-essentiel-de-lefficacite-energetique-dans-les-villes-intelligentes\/122353\/"},"wordCount":579,"publisher":{"@id":"https:\/\/territorialchallenges.com\/#organization"},"articleSection":["Transition \u00c9nerg\u00e9tique","Actualit\u00e9 internationale"],"inLanguage":"pt-PT"},{"@type":"WebPage","@id":"https:\/\/territorialchallenges.com\/2024\/02\/26\/les-compteurs-intelligents-un-pilier-essentiel-de-lefficacite-energetique-dans-les-villes-intelligentes\/122353\/","url":"https:\/\/territorialchallenges.com\/2024\/02\/26\/les-compteurs-intelligents-un-pilier-essentiel-de-lefficacite-energetique-dans-les-villes-intelligentes\/122353\/","name":"Les compteurs intelligents : un pilier essentiel de l'efficacit\u00e9 \u00e9nerg\u00e9tique dans les villes intelligentes - Territorial Challenges","isPartOf":{"@id":"https:\/\/territorialchallenges.com\/#website"},"datePublished":"2024-02-26T20:02:53+00:00","dateModified":"2024-02-26T20:02:54+00:00","breadcrumb":{"@id":"https:\/\/territorialchallenges.com\/2024\/02\/26\/les-compteurs-intelligents-un-pilier-essentiel-de-lefficacite-energetique-dans-les-villes-intelligentes\/122353\/#breadcrumb"},"inLanguage":"pt-PT","potentialAction":[{"@type":"ReadAction","target":["https:\/\/territorialchallenges.com\/2024\/02\/26\/les-compteurs-intelligents-un-pilier-essentiel-de-lefficacite-energetique-dans-les-villes-intelligentes\/122353\/"]}]},{"@type":"BreadcrumbList","@id":"https:\/\/territorialchallenges.com\/2024\/02\/26\/les-compteurs-intelligents-un-pilier-essentiel-de-lefficacite-energetique-dans-les-villes-intelligentes\/122353\/#breadcrumb","itemListElement":[{"@type":"ListItem","position":1,"name":"Home","item":"https:\/\/territorialchallenges.com\/"},{"@type":"ListItem","position":2,"name":"Les compteurs intelligents : un pilier essentiel de l&rsquo;efficacit\u00e9 \u00e9nerg\u00e9tique dans les villes intelligentes"}]},{"@type":"WebSite","@id":"https:\/\/territorialchallenges.com\/#website","url":"https:\/\/territorialchallenges.com\/","name":"Desafios territoriais","description":"Monitoramento Internacional - Estrat\u00e9gias Inteligentes - Melhores Pr\u00e1ticas","publisher":{"@id":"https:\/\/territorialchallenges.com\/#organization"},"potentialAction":[{"@type":"SearchAction","target":{"@type":"EntryPoint","urlTemplate":"https:\/\/territorialchallenges.com\/?s={search_term_string}"},"query-input":"required name=search_term_string"}],"inLanguage":"pt-PT"},{"@type":"Organization","@id":"https:\/\/territorialchallenges.com\/#organization","name":"Desafios territoriais","url":"https:\/\/territorialchallenges.com\/","logo":{"@type":"ImageObject","inLanguage":"pt-PT","@id":"https:\/\/territorialchallenges.com\/#\/schema\/logo\/image\/","url":"https:\/\/territorialchallenges.com\/wp-content\/uploads\/2023\/10\/logo-1.png","contentUrl":"https:\/\/territorialchallenges.com\/wp-content\/uploads\/2023\/10\/logo-1.png","width":1832,"height":576,"caption":"Territorial Challenges"},"image":{"@id":"https:\/\/territorialchallenges.com\/#\/schema\/logo\/image\/"}},{"@type":"Person","@id":"https:\/\/territorialchallenges.com\/#\/schema\/person\/098f145c7c61a021c425e010f840080f","name":"ni.abdi","image":{"@type":"ImageObject","inLanguage":"pt-PT","@id":"https:\/\/territorialchallenges.com\/#\/schema\/person\/image\/","url":"https:\/\/secure.gravatar.com\/avatar\/2a2f2491f3c80039986ba989b1e4b510?s=96&d=identicon&r=g","contentUrl":"https:\/\/secure.gravatar.com\/avatar\/2a2f2491f3c80039986ba989b1e4b510?s=96&d=identicon&r=g","caption":"ni.abdi"},"sameAs":["https:\/\/twitter.com\/Ni.abdi"],"url":"https:\/\/territorialchallenges.com\/pt\/author\/ni-abdi\/"}]}},"_links":{"self":[{"href":"https:\/\/territorialchallenges.com\/pt\/wp-json\/wp\/v2\/posts\/122353"}],"collection":[{"href":"https:\/\/territorialchallenges.com\/pt\/wp-json\/wp\/v2\/posts"}],"about":[{"href":"https:\/\/territorialchallenges.com\/pt\/wp-json\/wp\/v2\/types\/post"}],"author":[{"embeddable":true,"href":"https:\/\/territorialchallenges.com\/pt\/wp-json\/wp\/v2\/users\/11"}],"replies":[{"embeddable":true,"href":"https:\/\/territorialchallenges.com\/pt\/wp-json\/wp\/v2\/comments?post=122353"}],"version-history":[{"count":1,"href":"https:\/\/territorialchallenges.com\/pt\/wp-json\/wp\/v2\/posts\/122353\/revisions"}],"predecessor-version":[{"id":122355,"href":"https:\/\/territorialchallenges.com\/pt\/wp-json\/wp\/v2\/posts\/122353\/revisions\/122355"}],"wp:featuredmedia":[{"embeddable":true,"href":"https:\/\/territorialchallenges.com\/pt\/wp-json\/wp\/v2\/media\/122354"}],"wp:attachment":[{"href":"https:\/\/territorialchallenges.com\/pt\/wp-json\/wp\/v2\/media?parent=122353"}],"wp:term":[{"taxonomy":"category","embeddable":true,"href":"https:\/\/territorialchallenges.com\/pt\/wp-json\/wp\/v2\/categories?post=122353"},{"taxonomy":"post_tag","embeddable":true,"href":"https:\/\/territorialchallenges.com\/pt\/wp-json\/wp\/v2\/tags?post=122353"}],"curies":[{"name":"wp","href":"https:\/\/api.w.org\/{rel}","templated":true}]}}