{"id":122315,"date":"2024-02-19T23:26:48","date_gmt":"2024-02-19T22:26:48","guid":{"rendered":"https:\/\/territorialchallenges.com\/?p=122315"},"modified":"2024-02-19T23:26:49","modified_gmt":"2024-02-19T22:26:49","slug":"la-tour-infinity-de-lisbonne-et-sa-solution-de-recharge-electrique-personnalisee-de-siemens","status":"publish","type":"post","link":"https:\/\/territorialchallenges.com\/pt\/2024\/02\/19\/la-tour-infinity-de-lisbonne-et-sa-solution-de-recharge-electrique-personnalisee-de-siemens\/122315\/","title":{"rendered":"A Infinity Tower de Lisboa e a sua solu\u00e7\u00e3o de carregamento el\u00e9trico personalizada da Siemens"},"content":{"rendered":"<p>A Siemens revelou recentemente a sua contribui\u00e7\u00e3o para a transi\u00e7\u00e3o energ\u00e9tica ao instalar uma solu\u00e7\u00e3o de carregamento de ve\u00edculos el\u00e9tricos personalizada na prestigiada Torre Infinity, em Lisboa. Esta ic\u00f3nica torre residencial, j\u00e1 reconhecida como o edif\u00edcio residencial mais alto da cidade, est\u00e1 agora a tornar-se um modelo de inova\u00e7\u00e3o em gest\u00e3o integrada de energia. <\/p>\n<div class=\"pmpro_content_message\">Artigo dispon\u00edvel somente para assinantes.<br \/><a href=\"https:\/\/territorialchallenges.com\/wp-login.php\">Conecte-se<\/a><br \/><a href=\"https:\/\/territorialchallenges.com\/pt\/wp-login.php\/?action=register\">Registrar<\/a><\/div>","protected":false},"excerpt":{"rendered":"<p>Siemens a r\u00e9cemment d\u00e9voil\u00e9 sa contribution \u00e0 la transition \u00e9nerg\u00e9tique en installant une solution de recharge de v\u00e9hicules \u00e9lectriques sur mesure dans la prestigieuse Tour Infinity de Lisbonne. Cette tour r\u00e9sidentielle embl\u00e9matique, d\u00e9j\u00e0 reconnue comme le plus haut \u00e9difice r\u00e9sidentiel de la ville, devient d\u00e9sormais un mod\u00e8le d&rsquo;innovation en mati\u00e8re de gestion int\u00e9gr\u00e9e de la... <\/p>\n<div class=\"pmpro_content_message\">Artigo dispon\u00edvel somente para assinantes.<br \/><a href=\"https:\/\/territorialchallenges.com\/wp-login.php\">Conecte-se<\/a><br \/><a href=\"https:\/\/territorialchallenges.com\/pt\/wp-login.php\/?action=register\">Registrar<\/a><\/div>","protected":false},"author":11,"featured_media":122316,"comment_status":"closed","ping_status":"closed","sticky":true,"template":"","format":"standard","meta":{"pmpro_default_level":0,"footnotes":""},"categories":[18,127],"tags":[],"blocksy_meta":"","yoast_head":"<!-- This site is optimized with the Yoast SEO plugin v21.5 - https:\/\/yoast.com\/wordpress\/plugins\/seo\/ -->\n<title>La Tour Infinity de Lisbonne et sa solution de recharge \u00e9lectrique personnalis\u00e9e de Siemens - Territorial Challenges<\/title>\n<meta name=\"robots\" content=\"index, follow, max-snippet:-1, max-image-preview:large, max-video-preview:-1\" \/>\n<link rel=\"canonical\" href=\"https:\/\/territorialchallenges.com\/pt\/2024\/02\/19\/la-tour-infinity-de-lisbonne-et-sa-solution-de-recharge-electrique-personnalisee-de-siemens\/122315\/\" \/>\n<meta property=\"og:locale\" content=\"pt_PT\" \/>\n<meta property=\"og:type\" content=\"article\" \/>\n<meta property=\"og:title\" content=\"La Tour Infinity de Lisbonne et sa solution de recharge \u00e9lectrique personnalis\u00e9e de Siemens - Territorial Challenges\" \/>\n<meta property=\"og:description\" content=\"Siemens a r\u00e9cemment d\u00e9voil\u00e9 sa contribution \u00e0 la transition \u00e9nerg\u00e9tique en installant une solution de recharge de v\u00e9hicules \u00e9lectriques sur mesure dans la prestigieuse Tour Infinity de Lisbonne. Cette tour r\u00e9sidentielle embl\u00e9matique, d\u00e9j\u00e0 reconnue comme le plus haut \u00e9difice r\u00e9sidentiel de la ville, devient d\u00e9sormais un mod\u00e8le d&rsquo;innovation en mati\u00e8re de gestion int\u00e9gr\u00e9e de la [&hellip;]\" \/>\n<meta property=\"og:url\" content=\"https:\/\/territorialchallenges.com\/pt\/2024\/02\/19\/la-tour-infinity-de-lisbonne-et-sa-solution-de-recharge-electrique-personnalisee-de-siemens\/122315\/\" \/>\n<meta property=\"og:site_name\" content=\"Territorial Challenges\" \/>\n<meta property=\"article:published_time\" content=\"2024-02-19T22:26:48+00:00\" \/>\n<meta property=\"article:modified_time\" content=\"2024-02-19T22:26:49+00:00\" \/>\n<meta property=\"og:image\" content=\"https:\/\/territorialchallenges.com\/wp-content\/uploads\/2024\/02\/transitionenergetiquePhoto.jpg\" \/>\n\t<meta property=\"og:image:width\" content=\"1792\" \/>\n\t<meta property=\"og:image:height\" content=\"1024\" \/>\n\t<meta property=\"og:image:type\" content=\"image\/jpeg\" \/>\n<meta name=\"author\" content=\"ni.abdi\" \/>\n<meta name=\"twitter:card\" content=\"summary_large_image\" \/>\n<meta name=\"twitter:creator\" content=\"@Ni.abdi\" \/>\n<meta name=\"twitter:label1\" content=\"Escrito por\" \/>\n\t<meta name=\"twitter:data1\" content=\"ni.abdi\" \/>\n\t<meta name=\"twitter:label2\" content=\"Tempo estimado de leitura\" \/>\n\t<meta name=\"twitter:data2\" content=\"4 minutos\" \/>\n<script type=\"application\/ld+json\" class=\"yoast-schema-graph\">{\"@context\":\"https:\/\/schema.org\",\"@graph\":[{\"@type\":\"Article\",\"@id\":\"https:\/\/territorialchallenges.com\/2024\/02\/19\/la-tour-infinity-de-lisbonne-et-sa-solution-de-recharge-electrique-personnalisee-de-siemens\/122315\/#article\",\"isPartOf\":{\"@id\":\"https:\/\/territorialchallenges.com\/2024\/02\/19\/la-tour-infinity-de-lisbonne-et-sa-solution-de-recharge-electrique-personnalisee-de-siemens\/122315\/\"},\"author\":{\"name\":\"ni.abdi\",\"@id\":\"https:\/\/territorialchallenges.com\/#\/schema\/person\/098f145c7c61a021c425e010f840080f\"},\"headline\":\"La Tour Infinity de Lisbonne et sa solution de recharge \u00e9lectrique personnalis\u00e9e de Siemens\",\"datePublished\":\"2024-02-19T22:26:48+00:00\",\"dateModified\":\"2024-02-19T22:26:49+00:00\",\"mainEntityOfPage\":{\"@id\":\"https:\/\/territorialchallenges.com\/2024\/02\/19\/la-tour-infinity-de-lisbonne-et-sa-solution-de-recharge-electrique-personnalisee-de-siemens\/122315\/\"},\"wordCount\":766,\"publisher\":{\"@id\":\"https:\/\/territorialchallenges.com\/#organization\"},\"articleSection\":[\"Transition \u00c9nerg\u00e9tique\",\"Actualit\u00e9 Europe\"],\"inLanguage\":\"pt-PT\"},{\"@type\":\"WebPage\",\"@id\":\"https:\/\/territorialchallenges.com\/2024\/02\/19\/la-tour-infinity-de-lisbonne-et-sa-solution-de-recharge-electrique-personnalisee-de-siemens\/122315\/\",\"url\":\"https:\/\/territorialchallenges.com\/2024\/02\/19\/la-tour-infinity-de-lisbonne-et-sa-solution-de-recharge-electrique-personnalisee-de-siemens\/122315\/\",\"name\":\"La Tour Infinity de Lisbonne et sa solution de recharge \u00e9lectrique personnalis\u00e9e de Siemens - Territorial Challenges\",\"isPartOf\":{\"@id\":\"https:\/\/territorialchallenges.com\/#website\"},\"datePublished\":\"2024-02-19T22:26:48+00:00\",\"dateModified\":\"2024-02-19T22:26:49+00:00\",\"breadcrumb\":{\"@id\":\"https:\/\/territorialchallenges.com\/2024\/02\/19\/la-tour-infinity-de-lisbonne-et-sa-solution-de-recharge-electrique-personnalisee-de-siemens\/122315\/#breadcrumb\"},\"inLanguage\":\"pt-PT\",\"potentialAction\":[{\"@type\":\"ReadAction\",\"target\":[\"https:\/\/territorialchallenges.com\/2024\/02\/19\/la-tour-infinity-de-lisbonne-et-sa-solution-de-recharge-electrique-personnalisee-de-siemens\/122315\/\"]}]},{\"@type\":\"BreadcrumbList\",\"@id\":\"https:\/\/territorialchallenges.com\/2024\/02\/19\/la-tour-infinity-de-lisbonne-et-sa-solution-de-recharge-electrique-personnalisee-de-siemens\/122315\/#breadcrumb\",\"itemListElement\":[{\"@type\":\"ListItem\",\"position\":1,\"name\":\"Home\",\"item\":\"https:\/\/territorialchallenges.com\/\"},{\"@type\":\"ListItem\",\"position\":2,\"name\":\"La Tour Infinity de Lisbonne et sa solution de recharge \u00e9lectrique personnalis\u00e9e de Siemens\"}]},{\"@type\":\"WebSite\",\"@id\":\"https:\/\/territorialchallenges.com\/#website\",\"url\":\"https:\/\/territorialchallenges.com\/\",\"name\":\"Territorial Challenges\",\"description\":\"Veille Internationale - Strat\u00e9gie Intelligentes - Bonnes pratiques\",\"publisher\":{\"@id\":\"https:\/\/territorialchallenges.com\/#organization\"},\"potentialAction\":[{\"@type\":\"SearchAction\",\"target\":{\"@type\":\"EntryPoint\",\"urlTemplate\":\"https:\/\/territorialchallenges.com\/?s={search_term_string}\"},\"query-input\":\"required name=search_term_string\"}],\"inLanguage\":\"pt-PT\"},{\"@type\":\"Organization\",\"@id\":\"https:\/\/territorialchallenges.com\/#organization\",\"name\":\"Territorial Challenges\",\"url\":\"https:\/\/territorialchallenges.com\/\",\"logo\":{\"@type\":\"ImageObject\",\"inLanguage\":\"pt-PT\",\"@id\":\"https:\/\/territorialchallenges.com\/#\/schema\/logo\/image\/\",\"url\":\"https:\/\/territorialchallenges.com\/wp-content\/uploads\/2023\/10\/logo-1.png\",\"contentUrl\":\"https:\/\/territorialchallenges.com\/wp-content\/uploads\/2023\/10\/logo-1.png\",\"width\":1832,\"height\":576,\"caption\":\"Territorial Challenges\"},\"image\":{\"@id\":\"https:\/\/territorialchallenges.com\/#\/schema\/logo\/image\/\"}},{\"@type\":\"Person\",\"@id\":\"https:\/\/territorialchallenges.com\/#\/schema\/person\/098f145c7c61a021c425e010f840080f\",\"name\":\"ni.abdi\",\"image\":{\"@type\":\"ImageObject\",\"inLanguage\":\"pt-PT\",\"@id\":\"https:\/\/territorialchallenges.com\/#\/schema\/person\/image\/\",\"url\":\"https:\/\/secure.gravatar.com\/avatar\/2a2f2491f3c80039986ba989b1e4b510?s=96&d=identicon&r=g\",\"contentUrl\":\"https:\/\/secure.gravatar.com\/avatar\/2a2f2491f3c80039986ba989b1e4b510?s=96&d=identicon&r=g\",\"caption\":\"ni.abdi\"},\"sameAs\":[\"https:\/\/twitter.com\/Ni.abdi\"],\"url\":\"https:\/\/territorialchallenges.com\/pt\/author\/ni-abdi\/\"}]}<\/script>\n<!-- \/ Yoast SEO plugin. -->","yoast_head_json":{"title":"La Tour Infinity de Lisbonne et sa solution de recharge \u00e9lectrique personnalis\u00e9e de Siemens - Territorial Challenges","robots":{"index":"index","follow":"follow","max-snippet":"max-snippet:-1","max-image-preview":"max-image-preview:large","max-video-preview":"max-video-preview:-1"},"canonical":"https:\/\/territorialchallenges.com\/pt\/2024\/02\/19\/la-tour-infinity-de-lisbonne-et-sa-solution-de-recharge-electrique-personnalisee-de-siemens\/122315\/","og_locale":"pt_PT","og_type":"article","og_title":"La Tour Infinity de Lisbonne et sa solution de recharge \u00e9lectrique personnalis\u00e9e de Siemens - Territorial Challenges","og_description":"Siemens a r\u00e9cemment d\u00e9voil\u00e9 sa contribution \u00e0 la transition \u00e9nerg\u00e9tique en installant une solution de recharge de v\u00e9hicules \u00e9lectriques sur mesure dans la prestigieuse Tour Infinity de Lisbonne. Cette tour r\u00e9sidentielle embl\u00e9matique, d\u00e9j\u00e0 reconnue comme le plus haut \u00e9difice r\u00e9sidentiel de la ville, devient d\u00e9sormais un mod\u00e8le d&rsquo;innovation en mati\u00e8re de gestion int\u00e9gr\u00e9e de la [&hellip;]","og_url":"https:\/\/territorialchallenges.com\/pt\/2024\/02\/19\/la-tour-infinity-de-lisbonne-et-sa-solution-de-recharge-electrique-personnalisee-de-siemens\/122315\/","og_site_name":"Territorial Challenges","article_published_time":"2024-02-19T22:26:48+00:00","article_modified_time":"2024-02-19T22:26:49+00:00","og_image":[{"width":1792,"height":1024,"url":"https:\/\/territorialchallenges.com\/wp-content\/uploads\/2024\/02\/transitionenergetiquePhoto.jpg","type":"image\/jpeg"}],"author":"ni.abdi","twitter_card":"summary_large_image","twitter_creator":"@Ni.abdi","twitter_misc":{"Escrito por":"ni.abdi","Tempo estimado de leitura":"4 minutos"},"schema":{"@context":"https:\/\/schema.org","@graph":[{"@type":"Article","@id":"https:\/\/territorialchallenges.com\/2024\/02\/19\/la-tour-infinity-de-lisbonne-et-sa-solution-de-recharge-electrique-personnalisee-de-siemens\/122315\/#article","isPartOf":{"@id":"https:\/\/territorialchallenges.com\/2024\/02\/19\/la-tour-infinity-de-lisbonne-et-sa-solution-de-recharge-electrique-personnalisee-de-siemens\/122315\/"},"author":{"name":"ni.abdi","@id":"https:\/\/territorialchallenges.com\/#\/schema\/person\/098f145c7c61a021c425e010f840080f"},"headline":"La Tour Infinity de Lisbonne et sa solution de recharge \u00e9lectrique personnalis\u00e9e de Siemens","datePublished":"2024-02-19T22:26:48+00:00","dateModified":"2024-02-19T22:26:49+00:00","mainEntityOfPage":{"@id":"https:\/\/territorialchallenges.com\/2024\/02\/19\/la-tour-infinity-de-lisbonne-et-sa-solution-de-recharge-electrique-personnalisee-de-siemens\/122315\/"},"wordCount":766,"publisher":{"@id":"https:\/\/territorialchallenges.com\/#organization"},"articleSection":["Transition \u00c9nerg\u00e9tique","Actualit\u00e9 Europe"],"inLanguage":"pt-PT"},{"@type":"WebPage","@id":"https:\/\/territorialchallenges.com\/2024\/02\/19\/la-tour-infinity-de-lisbonne-et-sa-solution-de-recharge-electrique-personnalisee-de-siemens\/122315\/","url":"https:\/\/territorialchallenges.com\/2024\/02\/19\/la-tour-infinity-de-lisbonne-et-sa-solution-de-recharge-electrique-personnalisee-de-siemens\/122315\/","name":"La Tour Infinity de Lisbonne et sa solution de recharge \u00e9lectrique personnalis\u00e9e de Siemens - Territorial Challenges","isPartOf":{"@id":"https:\/\/territorialchallenges.com\/#website"},"datePublished":"2024-02-19T22:26:48+00:00","dateModified":"2024-02-19T22:26:49+00:00","breadcrumb":{"@id":"https:\/\/territorialchallenges.com\/2024\/02\/19\/la-tour-infinity-de-lisbonne-et-sa-solution-de-recharge-electrique-personnalisee-de-siemens\/122315\/#breadcrumb"},"inLanguage":"pt-PT","potentialAction":[{"@type":"ReadAction","target":["https:\/\/territorialchallenges.com\/2024\/02\/19\/la-tour-infinity-de-lisbonne-et-sa-solution-de-recharge-electrique-personnalisee-de-siemens\/122315\/"]}]},{"@type":"BreadcrumbList","@id":"https:\/\/territorialchallenges.com\/2024\/02\/19\/la-tour-infinity-de-lisbonne-et-sa-solution-de-recharge-electrique-personnalisee-de-siemens\/122315\/#breadcrumb","itemListElement":[{"@type":"ListItem","position":1,"name":"Home","item":"https:\/\/territorialchallenges.com\/"},{"@type":"ListItem","position":2,"name":"La Tour Infinity de Lisbonne et sa solution de recharge \u00e9lectrique personnalis\u00e9e de Siemens"}]},{"@type":"WebSite","@id":"https:\/\/territorialchallenges.com\/#website","url":"https:\/\/territorialchallenges.com\/","name":"Desafios territoriais","description":"Monitoramento Internacional - Estrat\u00e9gias Inteligentes - Melhores Pr\u00e1ticas","publisher":{"@id":"https:\/\/territorialchallenges.com\/#organization"},"potentialAction":[{"@type":"SearchAction","target":{"@type":"EntryPoint","urlTemplate":"https:\/\/territorialchallenges.com\/?s={search_term_string}"},"query-input":"required name=search_term_string"}],"inLanguage":"pt-PT"},{"@type":"Organization","@id":"https:\/\/territorialchallenges.com\/#organization","name":"Desafios territoriais","url":"https:\/\/territorialchallenges.com\/","logo":{"@type":"ImageObject","inLanguage":"pt-PT","@id":"https:\/\/territorialchallenges.com\/#\/schema\/logo\/image\/","url":"https:\/\/territorialchallenges.com\/wp-content\/uploads\/2023\/10\/logo-1.png","contentUrl":"https:\/\/territorialchallenges.com\/wp-content\/uploads\/2023\/10\/logo-1.png","width":1832,"height":576,"caption":"Territorial Challenges"},"image":{"@id":"https:\/\/territorialchallenges.com\/#\/schema\/logo\/image\/"}},{"@type":"Person","@id":"https:\/\/territorialchallenges.com\/#\/schema\/person\/098f145c7c61a021c425e010f840080f","name":"ni.abdi","image":{"@type":"ImageObject","inLanguage":"pt-PT","@id":"https:\/\/territorialchallenges.com\/#\/schema\/person\/image\/","url":"https:\/\/secure.gravatar.com\/avatar\/2a2f2491f3c80039986ba989b1e4b510?s=96&d=identicon&r=g","contentUrl":"https:\/\/secure.gravatar.com\/avatar\/2a2f2491f3c80039986ba989b1e4b510?s=96&d=identicon&r=g","caption":"ni.abdi"},"sameAs":["https:\/\/twitter.com\/Ni.abdi"],"url":"https:\/\/territorialchallenges.com\/pt\/author\/ni-abdi\/"}]}},"_links":{"self":[{"href":"https:\/\/territorialchallenges.com\/pt\/wp-json\/wp\/v2\/posts\/122315"}],"collection":[{"href":"https:\/\/territorialchallenges.com\/pt\/wp-json\/wp\/v2\/posts"}],"about":[{"href":"https:\/\/territorialchallenges.com\/pt\/wp-json\/wp\/v2\/types\/post"}],"author":[{"embeddable":true,"href":"https:\/\/territorialchallenges.com\/pt\/wp-json\/wp\/v2\/users\/11"}],"replies":[{"embeddable":true,"href":"https:\/\/territorialchallenges.com\/pt\/wp-json\/wp\/v2\/comments?post=122315"}],"version-history":[{"count":1,"href":"https:\/\/territorialchallenges.com\/pt\/wp-json\/wp\/v2\/posts\/122315\/revisions"}],"predecessor-version":[{"id":122317,"href":"https:\/\/territorialchallenges.com\/pt\/wp-json\/wp\/v2\/posts\/122315\/revisions\/122317"}],"wp:featuredmedia":[{"embeddable":true,"href":"https:\/\/territorialchallenges.com\/pt\/wp-json\/wp\/v2\/media\/122316"}],"wp:attachment":[{"href":"https:\/\/territorialchallenges.com\/pt\/wp-json\/wp\/v2\/media?parent=122315"}],"wp:term":[{"taxonomy":"category","embeddable":true,"href":"https:\/\/territorialchallenges.com\/pt\/wp-json\/wp\/v2\/categories?post=122315"},{"taxonomy":"post_tag","embeddable":true,"href":"https:\/\/territorialchallenges.com\/pt\/wp-json\/wp\/v2\/tags?post=122315"}],"curies":[{"name":"wp","href":"https:\/\/api.w.org\/{rel}","templated":true}]}}