{"id":122098,"date":"2024-01-08T12:34:28","date_gmt":"2024-01-08T11:34:28","guid":{"rendered":"https:\/\/territorialchallenges.com\/?p=122098"},"modified":"2024-01-08T12:34:30","modified_gmt":"2024-01-08T11:34:30","slug":"aracaju-bresil-lintelligence-artificielle-revolutionne-leducation-pour-32-000-eleves","status":"publish","type":"post","link":"https:\/\/territorialchallenges.com\/pt\/2024\/01\/08\/aracaju-bresil-lintelligence-artificielle-revolutionne-leducation-pour-32-000-eleves\/122098\/","title":{"rendered":"Aracaju, Brasil: Intelig\u00eancia artificial revoluciona educa\u00e7\u00e3o de 32 mil alunos"},"content":{"rendered":"<p>O munic\u00edpio de Aracaju, na costa atl\u00e2ntica do Brasil, est\u00e1 firmemente comprometido com o futuro da educa\u00e7\u00e3o ao adotar a intelig\u00eancia artificial. A Secretaria Municipal de Educa\u00e7\u00e3o est\u00e1 integrando essa tecnologia de ponta para analisar dados sobre seus 32.000 alunos em tempo real, abrindo caminho para interven\u00e7\u00f5es direcionadas e melhoria cont\u00ednua. <\/p>\n<div class=\"pmpro_content_message\">Artigo dispon\u00edvel somente para assinantes.<br \/><a href=\"https:\/\/territorialchallenges.com\/wp-login.php\">Conecte-se<\/a><br \/><a href=\"https:\/\/territorialchallenges.com\/pt\/wp-login.php\/?action=register\">Registrar<\/a><\/div>","protected":false},"excerpt":{"rendered":"<p>La municipalit\u00e9 d&rsquo;Aracaju, sur la c\u00f4te atlantique du Br\u00e9sil, s&rsquo;engage r\u00e9solument dans l&rsquo;avenir de l&rsquo;\u00e9ducation en adoptant l&rsquo;intelligence artificielle. Le D\u00e9partement municipal de l&rsquo;\u00e9ducation int\u00e8gre cette technologie de pointe pour analyser en temps r\u00e9el les donn\u00e9es de ses 32 000 \u00e9l\u00e8ves, ouvrant ainsi la voie \u00e0 des interventions cibl\u00e9es et \u00e0 une am\u00e9lioration continue des... <\/p>\n<div class=\"pmpro_content_message\">Artigo dispon\u00edvel somente para assinantes.<br \/><a href=\"https:\/\/territorialchallenges.com\/wp-login.php\">Conecte-se<\/a><br \/><a href=\"https:\/\/territorialchallenges.com\/pt\/wp-login.php\/?action=register\">Registrar<\/a><\/div>","protected":false},"author":11,"featured_media":122100,"comment_status":"closed","ping_status":"closed","sticky":true,"template":"","format":"standard","meta":{"pmpro_default_level":0,"footnotes":""},"categories":[120,117],"tags":[],"blocksy_meta":"","yoast_head":"<!-- This site is optimized with the Yoast SEO plugin v21.5 - https:\/\/yoast.com\/wordpress\/plugins\/seo\/ -->\n<title>Aracaju, Br\u00e9sil : L&#039;intelligence artificielle r\u00e9volutionne l&#039;\u00e9ducation pour 32 000 \u00e9l\u00e8ves - Territorial Challenges<\/title>\n<meta name=\"robots\" content=\"index, follow, max-snippet:-1, max-image-preview:large, max-video-preview:-1\" \/>\n<link rel=\"canonical\" href=\"https:\/\/territorialchallenges.com\/pt\/2024\/01\/08\/aracaju-bresil-lintelligence-artificielle-revolutionne-leducation-pour-32-000-eleves\/122098\/\" \/>\n<meta property=\"og:locale\" content=\"pt_PT\" \/>\n<meta property=\"og:type\" content=\"article\" \/>\n<meta property=\"og:title\" content=\"Aracaju, Br\u00e9sil : L&#039;intelligence artificielle r\u00e9volutionne l&#039;\u00e9ducation pour 32 000 \u00e9l\u00e8ves - Territorial Challenges\" \/>\n<meta property=\"og:description\" content=\"La municipalit\u00e9 d&rsquo;Aracaju, sur la c\u00f4te atlantique du Br\u00e9sil, s&rsquo;engage r\u00e9solument dans l&rsquo;avenir de l&rsquo;\u00e9ducation en adoptant l&rsquo;intelligence artificielle. Le D\u00e9partement municipal de l&rsquo;\u00e9ducation int\u00e8gre cette technologie de pointe pour analyser en temps r\u00e9el les donn\u00e9es de ses 32 000 \u00e9l\u00e8ves, ouvrant ainsi la voie \u00e0 des interventions cibl\u00e9es et \u00e0 une am\u00e9lioration continue des [&hellip;]\" \/>\n<meta property=\"og:url\" content=\"https:\/\/territorialchallenges.com\/pt\/2024\/01\/08\/aracaju-bresil-lintelligence-artificielle-revolutionne-leducation-pour-32-000-eleves\/122098\/\" \/>\n<meta property=\"og:site_name\" content=\"Territorial Challenges\" \/>\n<meta property=\"article:published_time\" content=\"2024-01-08T11:34:28+00:00\" \/>\n<meta property=\"article:modified_time\" content=\"2024-01-08T11:34:30+00:00\" \/>\n<meta property=\"og:image\" content=\"https:\/\/territorialchallenges.com\/wp-content\/uploads\/2024\/01\/ilsestpasseaAracaju.jpg\" \/>\n\t<meta property=\"og:image:width\" content=\"1024\" \/>\n\t<meta property=\"og:image:height\" content=\"576\" \/>\n\t<meta property=\"og:image:type\" content=\"image\/jpeg\" \/>\n<meta name=\"author\" content=\"ni.abdi\" \/>\n<meta name=\"twitter:card\" content=\"summary_large_image\" \/>\n<meta name=\"twitter:creator\" content=\"@Ni.abdi\" \/>\n<meta name=\"twitter:label1\" content=\"Escrito por\" \/>\n\t<meta name=\"twitter:data1\" content=\"ni.abdi\" \/>\n\t<meta name=\"twitter:label2\" content=\"Tempo estimado de leitura\" \/>\n\t<meta name=\"twitter:data2\" content=\"3 minutos\" \/>\n<script type=\"application\/ld+json\" class=\"yoast-schema-graph\">{\"@context\":\"https:\/\/schema.org\",\"@graph\":[{\"@type\":\"Article\",\"@id\":\"https:\/\/territorialchallenges.com\/2024\/01\/08\/aracaju-bresil-lintelligence-artificielle-revolutionne-leducation-pour-32-000-eleves\/122098\/#article\",\"isPartOf\":{\"@id\":\"https:\/\/territorialchallenges.com\/2024\/01\/08\/aracaju-bresil-lintelligence-artificielle-revolutionne-leducation-pour-32-000-eleves\/122098\/\"},\"author\":{\"name\":\"ni.abdi\",\"@id\":\"https:\/\/territorialchallenges.com\/#\/schema\/person\/098f145c7c61a021c425e010f840080f\"},\"headline\":\"Aracaju, Br\u00e9sil : L&rsquo;intelligence artificielle r\u00e9volutionne l&rsquo;\u00e9ducation pour 32 000 \u00e9l\u00e8ves\",\"datePublished\":\"2024-01-08T11:34:28+00:00\",\"dateModified\":\"2024-01-08T11:34:30+00:00\",\"mainEntityOfPage\":{\"@id\":\"https:\/\/territorialchallenges.com\/2024\/01\/08\/aracaju-bresil-lintelligence-artificielle-revolutionne-leducation-pour-32-000-eleves\/122098\/\"},\"wordCount\":575,\"publisher\":{\"@id\":\"https:\/\/territorialchallenges.com\/#organization\"},\"articleSection\":[\"Il s'est pass\u00e9 \u00e0\",\"\u00c9cosyst\u00e8me\"],\"inLanguage\":\"pt-PT\"},{\"@type\":\"WebPage\",\"@id\":\"https:\/\/territorialchallenges.com\/2024\/01\/08\/aracaju-bresil-lintelligence-artificielle-revolutionne-leducation-pour-32-000-eleves\/122098\/\",\"url\":\"https:\/\/territorialchallenges.com\/2024\/01\/08\/aracaju-bresil-lintelligence-artificielle-revolutionne-leducation-pour-32-000-eleves\/122098\/\",\"name\":\"Aracaju, Br\u00e9sil : L'intelligence artificielle r\u00e9volutionne l'\u00e9ducation pour 32 000 \u00e9l\u00e8ves - Territorial Challenges\",\"isPartOf\":{\"@id\":\"https:\/\/territorialchallenges.com\/#website\"},\"datePublished\":\"2024-01-08T11:34:28+00:00\",\"dateModified\":\"2024-01-08T11:34:30+00:00\",\"breadcrumb\":{\"@id\":\"https:\/\/territorialchallenges.com\/2024\/01\/08\/aracaju-bresil-lintelligence-artificielle-revolutionne-leducation-pour-32-000-eleves\/122098\/#breadcrumb\"},\"inLanguage\":\"pt-PT\",\"potentialAction\":[{\"@type\":\"ReadAction\",\"target\":[\"https:\/\/territorialchallenges.com\/2024\/01\/08\/aracaju-bresil-lintelligence-artificielle-revolutionne-leducation-pour-32-000-eleves\/122098\/\"]}]},{\"@type\":\"BreadcrumbList\",\"@id\":\"https:\/\/territorialchallenges.com\/2024\/01\/08\/aracaju-bresil-lintelligence-artificielle-revolutionne-leducation-pour-32-000-eleves\/122098\/#breadcrumb\",\"itemListElement\":[{\"@type\":\"ListItem\",\"position\":1,\"name\":\"Home\",\"item\":\"https:\/\/territorialchallenges.com\/\"},{\"@type\":\"ListItem\",\"position\":2,\"name\":\"Aracaju, Br\u00e9sil : L&rsquo;intelligence artificielle r\u00e9volutionne l&rsquo;\u00e9ducation pour 32 000 \u00e9l\u00e8ves\"}]},{\"@type\":\"WebSite\",\"@id\":\"https:\/\/territorialchallenges.com\/#website\",\"url\":\"https:\/\/territorialchallenges.com\/\",\"name\":\"Territorial Challenges\",\"description\":\"Veille Internationale - Strat\u00e9gie Intelligentes - Bonnes pratiques\",\"publisher\":{\"@id\":\"https:\/\/territorialchallenges.com\/#organization\"},\"potentialAction\":[{\"@type\":\"SearchAction\",\"target\":{\"@type\":\"EntryPoint\",\"urlTemplate\":\"https:\/\/territorialchallenges.com\/?s={search_term_string}\"},\"query-input\":\"required name=search_term_string\"}],\"inLanguage\":\"pt-PT\"},{\"@type\":\"Organization\",\"@id\":\"https:\/\/territorialchallenges.com\/#organization\",\"name\":\"Territorial Challenges\",\"url\":\"https:\/\/territorialchallenges.com\/\",\"logo\":{\"@type\":\"ImageObject\",\"inLanguage\":\"pt-PT\",\"@id\":\"https:\/\/territorialchallenges.com\/#\/schema\/logo\/image\/\",\"url\":\"https:\/\/territorialchallenges.com\/wp-content\/uploads\/2023\/10\/logo-1.png\",\"contentUrl\":\"https:\/\/territorialchallenges.com\/wp-content\/uploads\/2023\/10\/logo-1.png\",\"width\":1832,\"height\":576,\"caption\":\"Territorial Challenges\"},\"image\":{\"@id\":\"https:\/\/territorialchallenges.com\/#\/schema\/logo\/image\/\"}},{\"@type\":\"Person\",\"@id\":\"https:\/\/territorialchallenges.com\/#\/schema\/person\/098f145c7c61a021c425e010f840080f\",\"name\":\"ni.abdi\",\"image\":{\"@type\":\"ImageObject\",\"inLanguage\":\"pt-PT\",\"@id\":\"https:\/\/territorialchallenges.com\/#\/schema\/person\/image\/\",\"url\":\"https:\/\/secure.gravatar.com\/avatar\/2a2f2491f3c80039986ba989b1e4b510?s=96&d=identicon&r=g\",\"contentUrl\":\"https:\/\/secure.gravatar.com\/avatar\/2a2f2491f3c80039986ba989b1e4b510?s=96&d=identicon&r=g\",\"caption\":\"ni.abdi\"},\"sameAs\":[\"https:\/\/twitter.com\/Ni.abdi\"],\"url\":\"https:\/\/territorialchallenges.com\/pt\/author\/ni-abdi\/\"}]}<\/script>\n<!-- \/ Yoast SEO plugin. -->","yoast_head_json":{"title":"Aracaju, Br\u00e9sil : L'intelligence artificielle r\u00e9volutionne l'\u00e9ducation pour 32 000 \u00e9l\u00e8ves - Territorial Challenges","robots":{"index":"index","follow":"follow","max-snippet":"max-snippet:-1","max-image-preview":"max-image-preview:large","max-video-preview":"max-video-preview:-1"},"canonical":"https:\/\/territorialchallenges.com\/pt\/2024\/01\/08\/aracaju-bresil-lintelligence-artificielle-revolutionne-leducation-pour-32-000-eleves\/122098\/","og_locale":"pt_PT","og_type":"article","og_title":"Aracaju, Br\u00e9sil : L'intelligence artificielle r\u00e9volutionne l'\u00e9ducation pour 32 000 \u00e9l\u00e8ves - Territorial Challenges","og_description":"La municipalit\u00e9 d&rsquo;Aracaju, sur la c\u00f4te atlantique du Br\u00e9sil, s&rsquo;engage r\u00e9solument dans l&rsquo;avenir de l&rsquo;\u00e9ducation en adoptant l&rsquo;intelligence artificielle. Le D\u00e9partement municipal de l&rsquo;\u00e9ducation int\u00e8gre cette technologie de pointe pour analyser en temps r\u00e9el les donn\u00e9es de ses 32 000 \u00e9l\u00e8ves, ouvrant ainsi la voie \u00e0 des interventions cibl\u00e9es et \u00e0 une am\u00e9lioration continue des [&hellip;]","og_url":"https:\/\/territorialchallenges.com\/pt\/2024\/01\/08\/aracaju-bresil-lintelligence-artificielle-revolutionne-leducation-pour-32-000-eleves\/122098\/","og_site_name":"Territorial Challenges","article_published_time":"2024-01-08T11:34:28+00:00","article_modified_time":"2024-01-08T11:34:30+00:00","og_image":[{"width":1024,"height":576,"url":"https:\/\/territorialchallenges.com\/wp-content\/uploads\/2024\/01\/ilsestpasseaAracaju.jpg","type":"image\/jpeg"}],"author":"ni.abdi","twitter_card":"summary_large_image","twitter_creator":"@Ni.abdi","twitter_misc":{"Escrito por":"ni.abdi","Tempo estimado de leitura":"3 minutos"},"schema":{"@context":"https:\/\/schema.org","@graph":[{"@type":"Article","@id":"https:\/\/territorialchallenges.com\/2024\/01\/08\/aracaju-bresil-lintelligence-artificielle-revolutionne-leducation-pour-32-000-eleves\/122098\/#article","isPartOf":{"@id":"https:\/\/territorialchallenges.com\/2024\/01\/08\/aracaju-bresil-lintelligence-artificielle-revolutionne-leducation-pour-32-000-eleves\/122098\/"},"author":{"name":"ni.abdi","@id":"https:\/\/territorialchallenges.com\/#\/schema\/person\/098f145c7c61a021c425e010f840080f"},"headline":"Aracaju, Br\u00e9sil : L&rsquo;intelligence artificielle r\u00e9volutionne l&rsquo;\u00e9ducation pour 32 000 \u00e9l\u00e8ves","datePublished":"2024-01-08T11:34:28+00:00","dateModified":"2024-01-08T11:34:30+00:00","mainEntityOfPage":{"@id":"https:\/\/territorialchallenges.com\/2024\/01\/08\/aracaju-bresil-lintelligence-artificielle-revolutionne-leducation-pour-32-000-eleves\/122098\/"},"wordCount":575,"publisher":{"@id":"https:\/\/territorialchallenges.com\/#organization"},"articleSection":["Il s'est pass\u00e9 \u00e0","\u00c9cosyst\u00e8me"],"inLanguage":"pt-PT"},{"@type":"WebPage","@id":"https:\/\/territorialchallenges.com\/2024\/01\/08\/aracaju-bresil-lintelligence-artificielle-revolutionne-leducation-pour-32-000-eleves\/122098\/","url":"https:\/\/territorialchallenges.com\/2024\/01\/08\/aracaju-bresil-lintelligence-artificielle-revolutionne-leducation-pour-32-000-eleves\/122098\/","name":"Aracaju, Br\u00e9sil : L'intelligence artificielle r\u00e9volutionne l'\u00e9ducation pour 32 000 \u00e9l\u00e8ves - Territorial Challenges","isPartOf":{"@id":"https:\/\/territorialchallenges.com\/#website"},"datePublished":"2024-01-08T11:34:28+00:00","dateModified":"2024-01-08T11:34:30+00:00","breadcrumb":{"@id":"https:\/\/territorialchallenges.com\/2024\/01\/08\/aracaju-bresil-lintelligence-artificielle-revolutionne-leducation-pour-32-000-eleves\/122098\/#breadcrumb"},"inLanguage":"pt-PT","potentialAction":[{"@type":"ReadAction","target":["https:\/\/territorialchallenges.com\/2024\/01\/08\/aracaju-bresil-lintelligence-artificielle-revolutionne-leducation-pour-32-000-eleves\/122098\/"]}]},{"@type":"BreadcrumbList","@id":"https:\/\/territorialchallenges.com\/2024\/01\/08\/aracaju-bresil-lintelligence-artificielle-revolutionne-leducation-pour-32-000-eleves\/122098\/#breadcrumb","itemListElement":[{"@type":"ListItem","position":1,"name":"Home","item":"https:\/\/territorialchallenges.com\/"},{"@type":"ListItem","position":2,"name":"Aracaju, Br\u00e9sil : L&rsquo;intelligence artificielle r\u00e9volutionne l&rsquo;\u00e9ducation pour 32 000 \u00e9l\u00e8ves"}]},{"@type":"WebSite","@id":"https:\/\/territorialchallenges.com\/#website","url":"https:\/\/territorialchallenges.com\/","name":"Desafios territoriais","description":"Monitoramento Internacional - Estrat\u00e9gias Inteligentes - Melhores Pr\u00e1ticas","publisher":{"@id":"https:\/\/territorialchallenges.com\/#organization"},"potentialAction":[{"@type":"SearchAction","target":{"@type":"EntryPoint","urlTemplate":"https:\/\/territorialchallenges.com\/?s={search_term_string}"},"query-input":"required name=search_term_string"}],"inLanguage":"pt-PT"},{"@type":"Organization","@id":"https:\/\/territorialchallenges.com\/#organization","name":"Desafios territoriais","url":"https:\/\/territorialchallenges.com\/","logo":{"@type":"ImageObject","inLanguage":"pt-PT","@id":"https:\/\/territorialchallenges.com\/#\/schema\/logo\/image\/","url":"https:\/\/territorialchallenges.com\/wp-content\/uploads\/2023\/10\/logo-1.png","contentUrl":"https:\/\/territorialchallenges.com\/wp-content\/uploads\/2023\/10\/logo-1.png","width":1832,"height":576,"caption":"Territorial Challenges"},"image":{"@id":"https:\/\/territorialchallenges.com\/#\/schema\/logo\/image\/"}},{"@type":"Person","@id":"https:\/\/territorialchallenges.com\/#\/schema\/person\/098f145c7c61a021c425e010f840080f","name":"ni.abdi","image":{"@type":"ImageObject","inLanguage":"pt-PT","@id":"https:\/\/territorialchallenges.com\/#\/schema\/person\/image\/","url":"https:\/\/secure.gravatar.com\/avatar\/2a2f2491f3c80039986ba989b1e4b510?s=96&d=identicon&r=g","contentUrl":"https:\/\/secure.gravatar.com\/avatar\/2a2f2491f3c80039986ba989b1e4b510?s=96&d=identicon&r=g","caption":"ni.abdi"},"sameAs":["https:\/\/twitter.com\/Ni.abdi"],"url":"https:\/\/territorialchallenges.com\/pt\/author\/ni-abdi\/"}]}},"_links":{"self":[{"href":"https:\/\/territorialchallenges.com\/pt\/wp-json\/wp\/v2\/posts\/122098"}],"collection":[{"href":"https:\/\/territorialchallenges.com\/pt\/wp-json\/wp\/v2\/posts"}],"about":[{"href":"https:\/\/territorialchallenges.com\/pt\/wp-json\/wp\/v2\/types\/post"}],"author":[{"embeddable":true,"href":"https:\/\/territorialchallenges.com\/pt\/wp-json\/wp\/v2\/users\/11"}],"replies":[{"embeddable":true,"href":"https:\/\/territorialchallenges.com\/pt\/wp-json\/wp\/v2\/comments?post=122098"}],"version-history":[{"count":1,"href":"https:\/\/territorialchallenges.com\/pt\/wp-json\/wp\/v2\/posts\/122098\/revisions"}],"predecessor-version":[{"id":122101,"href":"https:\/\/territorialchallenges.com\/pt\/wp-json\/wp\/v2\/posts\/122098\/revisions\/122101"}],"wp:featuredmedia":[{"embeddable":true,"href":"https:\/\/territorialchallenges.com\/pt\/wp-json\/wp\/v2\/media\/122100"}],"wp:attachment":[{"href":"https:\/\/territorialchallenges.com\/pt\/wp-json\/wp\/v2\/media?parent=122098"}],"wp:term":[{"taxonomy":"category","embeddable":true,"href":"https:\/\/territorialchallenges.com\/pt\/wp-json\/wp\/v2\/categories?post=122098"},{"taxonomy":"post_tag","embeddable":true,"href":"https:\/\/territorialchallenges.com\/pt\/wp-json\/wp\/v2\/tags?post=122098"}],"curies":[{"name":"wp","href":"https:\/\/api.w.org\/{rel}","templated":true}]}}