{"id":121974,"date":"2023-12-17T22:13:01","date_gmt":"2023-12-17T21:13:01","guid":{"rendered":"https:\/\/territorialchallenges.com\/?p=121974"},"modified":"2023-12-17T22:13:02","modified_gmt":"2023-12-17T21:13:02","slug":"paterna-ville-intelligente-espagnole-recompensee-pour-son-projet-innovant","status":"publish","type":"post","link":"https:\/\/territorialchallenges.com\/pt\/2023\/12\/17\/paterna-ville-intelligente-espagnole-recompensee-pour-son-projet-innovant\/121974\/","title":{"rendered":"Paterna: cidade inteligente espanhola premiada por seu projeto inovador"},"content":{"rendered":"<p>Paterna, uma cidade de 70.000 habitantes localizada na prov\u00edncia de Val\u00eancia, Espanha, foi recentemente reconhecida pela Rede Espanhola de Cidades Inteligentes (RECI) pelo seu projeto inovador intitulado &quot;Paterna en movimiento&quot;. Este reconhecimento atesta os esfor\u00e7os do munic\u00edpio para transformar a cidade num modelo de inova\u00e7\u00e3o,\u2026 <\/p>\n<div class=\"pmpro_content_message\">Artigo dispon\u00edvel somente para assinantes.<br \/><a href=\"https:\/\/territorialchallenges.com\/wp-login.php\">Conecte-se<\/a><br \/><a href=\"https:\/\/territorialchallenges.com\/pt\/wp-login.php\/?action=register\">Registrar<\/a><\/div>","protected":false},"excerpt":{"rendered":"<p>Paterna, une ville de 70 000 habitants situ\u00e9e dans la province de Valence, en Espagne, a r\u00e9cemment \u00e9t\u00e9 distingu\u00e9e par le R\u00e9seau espagnol des villes intelligentes (RECI) pour son projet novateur intitul\u00e9 \u00ab Paterna en movimiento \u00bb. Cette reconnaissance atteste des efforts d\u00e9ploy\u00e9s par la municipalit\u00e9 pour transformer la ville en un mod\u00e8le d&rsquo;innovation, de... <\/p>\n<div class=\"pmpro_content_message\">Artigo dispon\u00edvel somente para assinantes.<br \/><a href=\"https:\/\/territorialchallenges.com\/wp-login.php\">Conecte-se<\/a><br \/><a href=\"https:\/\/territorialchallenges.com\/pt\/wp-login.php\/?action=register\">Registrar<\/a><\/div>","protected":false},"author":11,"featured_media":121975,"comment_status":"closed","ping_status":"closed","sticky":true,"template":"","format":"standard","meta":{"pmpro_default_level":0,"footnotes":""},"categories":[19,127],"tags":[],"blocksy_meta":"","yoast_head":"<!-- This site is optimized with the Yoast SEO plugin v21.5 - https:\/\/yoast.com\/wordpress\/plugins\/seo\/ -->\n<title>Paterna: ville intelligente espagnole r\u00e9compens\u00e9e pour son projet innovant - Territorial Challenges<\/title>\n<meta name=\"robots\" content=\"index, follow, max-snippet:-1, max-image-preview:large, max-video-preview:-1\" \/>\n<link rel=\"canonical\" href=\"https:\/\/territorialchallenges.com\/pt\/2023\/12\/17\/paterna-ville-intelligente-espagnole-recompensee-pour-son-projet-innovant\/121974\/\" \/>\n<meta property=\"og:locale\" content=\"pt_PT\" \/>\n<meta property=\"og:type\" content=\"article\" \/>\n<meta property=\"og:title\" content=\"Paterna: ville intelligente espagnole r\u00e9compens\u00e9e pour son projet innovant - Territorial Challenges\" \/>\n<meta property=\"og:description\" content=\"Paterna, une ville de 70 000 habitants situ\u00e9e dans la province de Valence, en Espagne, a r\u00e9cemment \u00e9t\u00e9 distingu\u00e9e par le R\u00e9seau espagnol des villes intelligentes (RECI) pour son projet novateur intitul\u00e9 \u00ab Paterna en movimiento \u00bb. Cette reconnaissance atteste des efforts d\u00e9ploy\u00e9s par la municipalit\u00e9 pour transformer la ville en un mod\u00e8le d&rsquo;innovation, de [&hellip;]\" \/>\n<meta property=\"og:url\" content=\"https:\/\/territorialchallenges.com\/pt\/2023\/12\/17\/paterna-ville-intelligente-espagnole-recompensee-pour-son-projet-innovant\/121974\/\" \/>\n<meta property=\"og:site_name\" content=\"Territorial Challenges\" \/>\n<meta property=\"article:published_time\" content=\"2023-12-17T21:13:01+00:00\" \/>\n<meta property=\"article:modified_time\" content=\"2023-12-17T21:13:02+00:00\" \/>\n<meta property=\"og:image\" content=\"https:\/\/territorialchallenges.com\/wp-content\/uploads\/2023\/12\/territoiresintelligentsPhoto-1.jpg\" \/>\n\t<meta property=\"og:image:width\" content=\"768\" \/>\n\t<meta property=\"og:image:height\" content=\"500\" \/>\n\t<meta property=\"og:image:type\" content=\"image\/jpeg\" \/>\n<meta name=\"author\" content=\"ni.abdi\" \/>\n<meta name=\"twitter:card\" content=\"summary_large_image\" \/>\n<meta name=\"twitter:creator\" content=\"@Ni.abdi\" \/>\n<meta name=\"twitter:label1\" content=\"Escrito por\" \/>\n\t<meta name=\"twitter:data1\" content=\"ni.abdi\" \/>\n\t<meta name=\"twitter:label2\" content=\"Tempo estimado de leitura\" \/>\n\t<meta name=\"twitter:data2\" content=\"3 minutos\" \/>\n<script type=\"application\/ld+json\" class=\"yoast-schema-graph\">{\"@context\":\"https:\/\/schema.org\",\"@graph\":[{\"@type\":\"Article\",\"@id\":\"https:\/\/territorialchallenges.com\/2023\/12\/17\/paterna-ville-intelligente-espagnole-recompensee-pour-son-projet-innovant\/121974\/#article\",\"isPartOf\":{\"@id\":\"https:\/\/territorialchallenges.com\/2023\/12\/17\/paterna-ville-intelligente-espagnole-recompensee-pour-son-projet-innovant\/121974\/\"},\"author\":{\"name\":\"ni.abdi\",\"@id\":\"https:\/\/territorialchallenges.com\/#\/schema\/person\/098f145c7c61a021c425e010f840080f\"},\"headline\":\"Paterna: ville intelligente espagnole r\u00e9compens\u00e9e pour son projet innovant\",\"datePublished\":\"2023-12-17T21:13:01+00:00\",\"dateModified\":\"2023-12-17T21:13:02+00:00\",\"mainEntityOfPage\":{\"@id\":\"https:\/\/territorialchallenges.com\/2023\/12\/17\/paterna-ville-intelligente-espagnole-recompensee-pour-son-projet-innovant\/121974\/\"},\"wordCount\":605,\"publisher\":{\"@id\":\"https:\/\/territorialchallenges.com\/#organization\"},\"articleSection\":[\"Territoires Intelligents\",\"Actualit\u00e9 Europe\"],\"inLanguage\":\"pt-PT\"},{\"@type\":\"WebPage\",\"@id\":\"https:\/\/territorialchallenges.com\/2023\/12\/17\/paterna-ville-intelligente-espagnole-recompensee-pour-son-projet-innovant\/121974\/\",\"url\":\"https:\/\/territorialchallenges.com\/2023\/12\/17\/paterna-ville-intelligente-espagnole-recompensee-pour-son-projet-innovant\/121974\/\",\"name\":\"Paterna: ville intelligente espagnole r\u00e9compens\u00e9e pour son projet innovant - Territorial Challenges\",\"isPartOf\":{\"@id\":\"https:\/\/territorialchallenges.com\/#website\"},\"datePublished\":\"2023-12-17T21:13:01+00:00\",\"dateModified\":\"2023-12-17T21:13:02+00:00\",\"breadcrumb\":{\"@id\":\"https:\/\/territorialchallenges.com\/2023\/12\/17\/paterna-ville-intelligente-espagnole-recompensee-pour-son-projet-innovant\/121974\/#breadcrumb\"},\"inLanguage\":\"pt-PT\",\"potentialAction\":[{\"@type\":\"ReadAction\",\"target\":[\"https:\/\/territorialchallenges.com\/2023\/12\/17\/paterna-ville-intelligente-espagnole-recompensee-pour-son-projet-innovant\/121974\/\"]}]},{\"@type\":\"BreadcrumbList\",\"@id\":\"https:\/\/territorialchallenges.com\/2023\/12\/17\/paterna-ville-intelligente-espagnole-recompensee-pour-son-projet-innovant\/121974\/#breadcrumb\",\"itemListElement\":[{\"@type\":\"ListItem\",\"position\":1,\"name\":\"Home\",\"item\":\"https:\/\/territorialchallenges.com\/\"},{\"@type\":\"ListItem\",\"position\":2,\"name\":\"Paterna: ville intelligente espagnole r\u00e9compens\u00e9e pour son projet innovant\"}]},{\"@type\":\"WebSite\",\"@id\":\"https:\/\/territorialchallenges.com\/#website\",\"url\":\"https:\/\/territorialchallenges.com\/\",\"name\":\"Territorial Challenges\",\"description\":\"Veille Internationale - Strat\u00e9gie Intelligentes - Bonnes pratiques\",\"publisher\":{\"@id\":\"https:\/\/territorialchallenges.com\/#organization\"},\"potentialAction\":[{\"@type\":\"SearchAction\",\"target\":{\"@type\":\"EntryPoint\",\"urlTemplate\":\"https:\/\/territorialchallenges.com\/?s={search_term_string}\"},\"query-input\":\"required name=search_term_string\"}],\"inLanguage\":\"pt-PT\"},{\"@type\":\"Organization\",\"@id\":\"https:\/\/territorialchallenges.com\/#organization\",\"name\":\"Territorial Challenges\",\"url\":\"https:\/\/territorialchallenges.com\/\",\"logo\":{\"@type\":\"ImageObject\",\"inLanguage\":\"pt-PT\",\"@id\":\"https:\/\/territorialchallenges.com\/#\/schema\/logo\/image\/\",\"url\":\"https:\/\/territorialchallenges.com\/wp-content\/uploads\/2023\/10\/logo-1.png\",\"contentUrl\":\"https:\/\/territorialchallenges.com\/wp-content\/uploads\/2023\/10\/logo-1.png\",\"width\":1832,\"height\":576,\"caption\":\"Territorial Challenges\"},\"image\":{\"@id\":\"https:\/\/territorialchallenges.com\/#\/schema\/logo\/image\/\"}},{\"@type\":\"Person\",\"@id\":\"https:\/\/territorialchallenges.com\/#\/schema\/person\/098f145c7c61a021c425e010f840080f\",\"name\":\"ni.abdi\",\"image\":{\"@type\":\"ImageObject\",\"inLanguage\":\"pt-PT\",\"@id\":\"https:\/\/territorialchallenges.com\/#\/schema\/person\/image\/\",\"url\":\"https:\/\/secure.gravatar.com\/avatar\/2a2f2491f3c80039986ba989b1e4b510?s=96&d=identicon&r=g\",\"contentUrl\":\"https:\/\/secure.gravatar.com\/avatar\/2a2f2491f3c80039986ba989b1e4b510?s=96&d=identicon&r=g\",\"caption\":\"ni.abdi\"},\"sameAs\":[\"https:\/\/twitter.com\/Ni.abdi\"],\"url\":\"https:\/\/territorialchallenges.com\/pt\/author\/ni-abdi\/\"}]}<\/script>\n<!-- \/ Yoast SEO plugin. -->","yoast_head_json":{"title":"Paterna: ville intelligente espagnole r\u00e9compens\u00e9e pour son projet innovant - Territorial Challenges","robots":{"index":"index","follow":"follow","max-snippet":"max-snippet:-1","max-image-preview":"max-image-preview:large","max-video-preview":"max-video-preview:-1"},"canonical":"https:\/\/territorialchallenges.com\/pt\/2023\/12\/17\/paterna-ville-intelligente-espagnole-recompensee-pour-son-projet-innovant\/121974\/","og_locale":"pt_PT","og_type":"article","og_title":"Paterna: ville intelligente espagnole r\u00e9compens\u00e9e pour son projet innovant - Territorial Challenges","og_description":"Paterna, une ville de 70 000 habitants situ\u00e9e dans la province de Valence, en Espagne, a r\u00e9cemment \u00e9t\u00e9 distingu\u00e9e par le R\u00e9seau espagnol des villes intelligentes (RECI) pour son projet novateur intitul\u00e9 \u00ab Paterna en movimiento \u00bb. Cette reconnaissance atteste des efforts d\u00e9ploy\u00e9s par la municipalit\u00e9 pour transformer la ville en un mod\u00e8le d&rsquo;innovation, de [&hellip;]","og_url":"https:\/\/territorialchallenges.com\/pt\/2023\/12\/17\/paterna-ville-intelligente-espagnole-recompensee-pour-son-projet-innovant\/121974\/","og_site_name":"Territorial Challenges","article_published_time":"2023-12-17T21:13:01+00:00","article_modified_time":"2023-12-17T21:13:02+00:00","og_image":[{"width":768,"height":500,"url":"https:\/\/territorialchallenges.com\/wp-content\/uploads\/2023\/12\/territoiresintelligentsPhoto-1.jpg","type":"image\/jpeg"}],"author":"ni.abdi","twitter_card":"summary_large_image","twitter_creator":"@Ni.abdi","twitter_misc":{"Escrito por":"ni.abdi","Tempo estimado de leitura":"3 minutos"},"schema":{"@context":"https:\/\/schema.org","@graph":[{"@type":"Article","@id":"https:\/\/territorialchallenges.com\/2023\/12\/17\/paterna-ville-intelligente-espagnole-recompensee-pour-son-projet-innovant\/121974\/#article","isPartOf":{"@id":"https:\/\/territorialchallenges.com\/2023\/12\/17\/paterna-ville-intelligente-espagnole-recompensee-pour-son-projet-innovant\/121974\/"},"author":{"name":"ni.abdi","@id":"https:\/\/territorialchallenges.com\/#\/schema\/person\/098f145c7c61a021c425e010f840080f"},"headline":"Paterna: ville intelligente espagnole r\u00e9compens\u00e9e pour son projet innovant","datePublished":"2023-12-17T21:13:01+00:00","dateModified":"2023-12-17T21:13:02+00:00","mainEntityOfPage":{"@id":"https:\/\/territorialchallenges.com\/2023\/12\/17\/paterna-ville-intelligente-espagnole-recompensee-pour-son-projet-innovant\/121974\/"},"wordCount":605,"publisher":{"@id":"https:\/\/territorialchallenges.com\/#organization"},"articleSection":["Territoires Intelligents","Actualit\u00e9 Europe"],"inLanguage":"pt-PT"},{"@type":"WebPage","@id":"https:\/\/territorialchallenges.com\/2023\/12\/17\/paterna-ville-intelligente-espagnole-recompensee-pour-son-projet-innovant\/121974\/","url":"https:\/\/territorialchallenges.com\/2023\/12\/17\/paterna-ville-intelligente-espagnole-recompensee-pour-son-projet-innovant\/121974\/","name":"Paterna: ville intelligente espagnole r\u00e9compens\u00e9e pour son projet innovant - Territorial Challenges","isPartOf":{"@id":"https:\/\/territorialchallenges.com\/#website"},"datePublished":"2023-12-17T21:13:01+00:00","dateModified":"2023-12-17T21:13:02+00:00","breadcrumb":{"@id":"https:\/\/territorialchallenges.com\/2023\/12\/17\/paterna-ville-intelligente-espagnole-recompensee-pour-son-projet-innovant\/121974\/#breadcrumb"},"inLanguage":"pt-PT","potentialAction":[{"@type":"ReadAction","target":["https:\/\/territorialchallenges.com\/2023\/12\/17\/paterna-ville-intelligente-espagnole-recompensee-pour-son-projet-innovant\/121974\/"]}]},{"@type":"BreadcrumbList","@id":"https:\/\/territorialchallenges.com\/2023\/12\/17\/paterna-ville-intelligente-espagnole-recompensee-pour-son-projet-innovant\/121974\/#breadcrumb","itemListElement":[{"@type":"ListItem","position":1,"name":"Home","item":"https:\/\/territorialchallenges.com\/"},{"@type":"ListItem","position":2,"name":"Paterna: ville intelligente espagnole r\u00e9compens\u00e9e pour son projet innovant"}]},{"@type":"WebSite","@id":"https:\/\/territorialchallenges.com\/#website","url":"https:\/\/territorialchallenges.com\/","name":"Desafios territoriais","description":"Monitoramento Internacional - Estrat\u00e9gias Inteligentes - Melhores Pr\u00e1ticas","publisher":{"@id":"https:\/\/territorialchallenges.com\/#organization"},"potentialAction":[{"@type":"SearchAction","target":{"@type":"EntryPoint","urlTemplate":"https:\/\/territorialchallenges.com\/?s={search_term_string}"},"query-input":"required name=search_term_string"}],"inLanguage":"pt-PT"},{"@type":"Organization","@id":"https:\/\/territorialchallenges.com\/#organization","name":"Desafios territoriais","url":"https:\/\/territorialchallenges.com\/","logo":{"@type":"ImageObject","inLanguage":"pt-PT","@id":"https:\/\/territorialchallenges.com\/#\/schema\/logo\/image\/","url":"https:\/\/territorialchallenges.com\/wp-content\/uploads\/2023\/10\/logo-1.png","contentUrl":"https:\/\/territorialchallenges.com\/wp-content\/uploads\/2023\/10\/logo-1.png","width":1832,"height":576,"caption":"Territorial Challenges"},"image":{"@id":"https:\/\/territorialchallenges.com\/#\/schema\/logo\/image\/"}},{"@type":"Person","@id":"https:\/\/territorialchallenges.com\/#\/schema\/person\/098f145c7c61a021c425e010f840080f","name":"ni.abdi","image":{"@type":"ImageObject","inLanguage":"pt-PT","@id":"https:\/\/territorialchallenges.com\/#\/schema\/person\/image\/","url":"https:\/\/secure.gravatar.com\/avatar\/2a2f2491f3c80039986ba989b1e4b510?s=96&d=identicon&r=g","contentUrl":"https:\/\/secure.gravatar.com\/avatar\/2a2f2491f3c80039986ba989b1e4b510?s=96&d=identicon&r=g","caption":"ni.abdi"},"sameAs":["https:\/\/twitter.com\/Ni.abdi"],"url":"https:\/\/territorialchallenges.com\/pt\/author\/ni-abdi\/"}]}},"_links":{"self":[{"href":"https:\/\/territorialchallenges.com\/pt\/wp-json\/wp\/v2\/posts\/121974"}],"collection":[{"href":"https:\/\/territorialchallenges.com\/pt\/wp-json\/wp\/v2\/posts"}],"about":[{"href":"https:\/\/territorialchallenges.com\/pt\/wp-json\/wp\/v2\/types\/post"}],"author":[{"embeddable":true,"href":"https:\/\/territorialchallenges.com\/pt\/wp-json\/wp\/v2\/users\/11"}],"replies":[{"embeddable":true,"href":"https:\/\/territorialchallenges.com\/pt\/wp-json\/wp\/v2\/comments?post=121974"}],"version-history":[{"count":1,"href":"https:\/\/territorialchallenges.com\/pt\/wp-json\/wp\/v2\/posts\/121974\/revisions"}],"predecessor-version":[{"id":121976,"href":"https:\/\/territorialchallenges.com\/pt\/wp-json\/wp\/v2\/posts\/121974\/revisions\/121976"}],"wp:featuredmedia":[{"embeddable":true,"href":"https:\/\/territorialchallenges.com\/pt\/wp-json\/wp\/v2\/media\/121975"}],"wp:attachment":[{"href":"https:\/\/territorialchallenges.com\/pt\/wp-json\/wp\/v2\/media?parent=121974"}],"wp:term":[{"taxonomy":"category","embeddable":true,"href":"https:\/\/territorialchallenges.com\/pt\/wp-json\/wp\/v2\/categories?post=121974"},{"taxonomy":"post_tag","embeddable":true,"href":"https:\/\/territorialchallenges.com\/pt\/wp-json\/wp\/v2\/tags?post=121974"}],"curies":[{"name":"wp","href":"https:\/\/api.w.org\/{rel}","templated":true}]}}