{"id":121900,"date":"2023-12-03T23:20:33","date_gmt":"2023-12-03T22:20:33","guid":{"rendered":"https:\/\/territorialchallenges.com\/?p=121900"},"modified":"2023-12-03T23:20:34","modified_gmt":"2023-12-03T22:20:34","slug":"le-salon-des-maires-et-lurgence-francaise-de-la-collaboration-entre-collectivites-locales-et-universites","status":"publish","type":"post","link":"https:\/\/territorialchallenges.com\/pt\/2023\/12\/03\/le-salon-des-maires-et-lurgence-francaise-de-la-collaboration-entre-collectivites-locales-et-universites\/121900\/","title":{"rendered":"A Feira dos Prefeitos e a urg\u00eancia francesa da colabora\u00e7\u00e3o entre autoridades locais e universidades"},"content":{"rendered":"<p>A recente Feira de Prefeitos (21 a 23 de novembro) destacou uma observa\u00e7\u00e3o alarmante: a falta de conex\u00f5es significativas entre munic\u00edpios e institui\u00e7\u00f5es acad\u00eamicas especializadas em ci\u00eancias da engenharia, particularmente na \u00e1rea digital. Diante dos crescentes desafios do crime cibern\u00e9tico e da ascens\u00e3o da intelig\u00eancia artificial,\u2026 <\/p>\n<div class=\"pmpro_content_message\">Artigo dispon\u00edvel somente para assinantes.<br \/><a href=\"https:\/\/territorialchallenges.com\/wp-login.php\">Conecte-se<\/a><br \/><a href=\"https:\/\/territorialchallenges.com\/pt\/wp-login.php\/?action=register\">Registrar<\/a><\/div>","protected":false},"excerpt":{"rendered":"<p>Le r\u00e9cent Salon des Maires (21 au 23 novembre) a mis en lumi\u00e8re un constat alarmant : l&rsquo;absence de liens significatifs entre les municipalit\u00e9s et les institutions acad\u00e9miques sp\u00e9cialis\u00e9es en sciences de l&rsquo;ing\u00e9nieur, en particulier dans le domaine num\u00e9rique. Face aux d\u00e9fis croissants de la cybercriminalit\u00e9 et \u00e0 la mont\u00e9e en puissance de l&rsquo;intelligence artificielle,... <\/p>\n<div class=\"pmpro_content_message\">Artigo dispon\u00edvel somente para assinantes.<br \/><a href=\"https:\/\/territorialchallenges.com\/wp-login.php\">Conecte-se<\/a><br \/><a href=\"https:\/\/territorialchallenges.com\/pt\/wp-login.php\/?action=register\">Registrar<\/a><\/div>","protected":false},"author":11,"featured_media":121901,"comment_status":"closed","ping_status":"closed","sticky":true,"template":"","format":"standard","meta":{"pmpro_default_level":0,"footnotes":""},"categories":[130,117],"tags":[],"blocksy_meta":"","yoast_head":"<!-- This site is optimized with the Yoast SEO plugin v21.5 - https:\/\/yoast.com\/wordpress\/plugins\/seo\/ -->\n<title>Le Salon des Maires et l&#039;urgence fran\u00e7aise de la collaboration entre collectivit\u00e9s locales et universit\u00e9s - Territorial Challenges<\/title>\n<meta name=\"robots\" content=\"index, follow, max-snippet:-1, max-image-preview:large, max-video-preview:-1\" \/>\n<link rel=\"canonical\" href=\"https:\/\/territorialchallenges.com\/pt\/2023\/12\/03\/le-salon-des-maires-et-lurgence-francaise-de-la-collaboration-entre-collectivites-locales-et-universites\/121900\/\" \/>\n<meta property=\"og:locale\" content=\"pt_PT\" \/>\n<meta property=\"og:type\" content=\"article\" \/>\n<meta property=\"og:title\" content=\"Le Salon des Maires et l&#039;urgence fran\u00e7aise de la collaboration entre collectivit\u00e9s locales et universit\u00e9s - Territorial Challenges\" \/>\n<meta property=\"og:description\" content=\"Le r\u00e9cent Salon des Maires (21 au 23 novembre) a mis en lumi\u00e8re un constat alarmant : l&rsquo;absence de liens significatifs entre les municipalit\u00e9s et les institutions acad\u00e9miques sp\u00e9cialis\u00e9es en sciences de l&rsquo;ing\u00e9nieur, en particulier dans le domaine num\u00e9rique. Face aux d\u00e9fis croissants de la cybercriminalit\u00e9 et \u00e0 la mont\u00e9e en puissance de l&rsquo;intelligence artificielle, [&hellip;]\" \/>\n<meta property=\"og:url\" content=\"https:\/\/territorialchallenges.com\/pt\/2023\/12\/03\/le-salon-des-maires-et-lurgence-francaise-de-la-collaboration-entre-collectivites-locales-et-universites\/121900\/\" \/>\n<meta property=\"og:site_name\" content=\"Territorial Challenges\" \/>\n<meta property=\"article:published_time\" content=\"2023-12-03T22:20:33+00:00\" \/>\n<meta property=\"article:modified_time\" content=\"2023-12-03T22:20:34+00:00\" \/>\n<meta property=\"og:image\" content=\"https:\/\/territorialchallenges.com\/wp-content\/uploads\/2023\/12\/reflexionfaite4.12.23.Photo_.jpg\" \/>\n\t<meta property=\"og:image:width\" content=\"1280\" \/>\n\t<meta property=\"og:image:height\" content=\"853\" \/>\n\t<meta property=\"og:image:type\" content=\"image\/jpeg\" \/>\n<meta name=\"author\" content=\"ni.abdi\" \/>\n<meta name=\"twitter:card\" content=\"summary_large_image\" \/>\n<meta name=\"twitter:creator\" content=\"@Ni.abdi\" \/>\n<meta name=\"twitter:label1\" content=\"Escrito por\" \/>\n\t<meta name=\"twitter:data1\" content=\"ni.abdi\" \/>\n\t<meta name=\"twitter:label2\" content=\"Tempo estimado de leitura\" \/>\n\t<meta name=\"twitter:data2\" content=\"3 minutos\" \/>\n<script type=\"application\/ld+json\" class=\"yoast-schema-graph\">{\"@context\":\"https:\/\/schema.org\",\"@graph\":[{\"@type\":\"Article\",\"@id\":\"https:\/\/territorialchallenges.com\/2023\/12\/03\/le-salon-des-maires-et-lurgence-francaise-de-la-collaboration-entre-collectivites-locales-et-universites\/121900\/#article\",\"isPartOf\":{\"@id\":\"https:\/\/territorialchallenges.com\/2023\/12\/03\/le-salon-des-maires-et-lurgence-francaise-de-la-collaboration-entre-collectivites-locales-et-universites\/121900\/\"},\"author\":{\"name\":\"ni.abdi\",\"@id\":\"https:\/\/territorialchallenges.com\/#\/schema\/person\/098f145c7c61a021c425e010f840080f\"},\"headline\":\"Le Salon des Maires et l&rsquo;urgence fran\u00e7aise de la collaboration entre collectivit\u00e9s locales et universit\u00e9s\",\"datePublished\":\"2023-12-03T22:20:33+00:00\",\"dateModified\":\"2023-12-03T22:20:34+00:00\",\"mainEntityOfPage\":{\"@id\":\"https:\/\/territorialchallenges.com\/2023\/12\/03\/le-salon-des-maires-et-lurgence-francaise-de-la-collaboration-entre-collectivites-locales-et-universites\/121900\/\"},\"wordCount\":655,\"publisher\":{\"@id\":\"https:\/\/territorialchallenges.com\/#organization\"},\"articleSection\":[\"R\u00e9flexion faite\",\"\u00c9cosyst\u00e8me\"],\"inLanguage\":\"pt-PT\"},{\"@type\":\"WebPage\",\"@id\":\"https:\/\/territorialchallenges.com\/2023\/12\/03\/le-salon-des-maires-et-lurgence-francaise-de-la-collaboration-entre-collectivites-locales-et-universites\/121900\/\",\"url\":\"https:\/\/territorialchallenges.com\/2023\/12\/03\/le-salon-des-maires-et-lurgence-francaise-de-la-collaboration-entre-collectivites-locales-et-universites\/121900\/\",\"name\":\"Le Salon des Maires et l'urgence fran\u00e7aise de la collaboration entre collectivit\u00e9s locales et universit\u00e9s - Territorial Challenges\",\"isPartOf\":{\"@id\":\"https:\/\/territorialchallenges.com\/#website\"},\"datePublished\":\"2023-12-03T22:20:33+00:00\",\"dateModified\":\"2023-12-03T22:20:34+00:00\",\"breadcrumb\":{\"@id\":\"https:\/\/territorialchallenges.com\/2023\/12\/03\/le-salon-des-maires-et-lurgence-francaise-de-la-collaboration-entre-collectivites-locales-et-universites\/121900\/#breadcrumb\"},\"inLanguage\":\"pt-PT\",\"potentialAction\":[{\"@type\":\"ReadAction\",\"target\":[\"https:\/\/territorialchallenges.com\/2023\/12\/03\/le-salon-des-maires-et-lurgence-francaise-de-la-collaboration-entre-collectivites-locales-et-universites\/121900\/\"]}]},{\"@type\":\"BreadcrumbList\",\"@id\":\"https:\/\/territorialchallenges.com\/2023\/12\/03\/le-salon-des-maires-et-lurgence-francaise-de-la-collaboration-entre-collectivites-locales-et-universites\/121900\/#breadcrumb\",\"itemListElement\":[{\"@type\":\"ListItem\",\"position\":1,\"name\":\"Home\",\"item\":\"https:\/\/territorialchallenges.com\/\"},{\"@type\":\"ListItem\",\"position\":2,\"name\":\"Le Salon des Maires et l&rsquo;urgence fran\u00e7aise de la collaboration entre collectivit\u00e9s locales et universit\u00e9s\"}]},{\"@type\":\"WebSite\",\"@id\":\"https:\/\/territorialchallenges.com\/#website\",\"url\":\"https:\/\/territorialchallenges.com\/\",\"name\":\"Territorial Challenges\",\"description\":\"Veille Internationale - Strat\u00e9gie Intelligentes - Bonnes pratiques\",\"publisher\":{\"@id\":\"https:\/\/territorialchallenges.com\/#organization\"},\"potentialAction\":[{\"@type\":\"SearchAction\",\"target\":{\"@type\":\"EntryPoint\",\"urlTemplate\":\"https:\/\/territorialchallenges.com\/?s={search_term_string}\"},\"query-input\":\"required name=search_term_string\"}],\"inLanguage\":\"pt-PT\"},{\"@type\":\"Organization\",\"@id\":\"https:\/\/territorialchallenges.com\/#organization\",\"name\":\"Territorial Challenges\",\"url\":\"https:\/\/territorialchallenges.com\/\",\"logo\":{\"@type\":\"ImageObject\",\"inLanguage\":\"pt-PT\",\"@id\":\"https:\/\/territorialchallenges.com\/#\/schema\/logo\/image\/\",\"url\":\"https:\/\/territorialchallenges.com\/wp-content\/uploads\/2023\/10\/logo-1.png\",\"contentUrl\":\"https:\/\/territorialchallenges.com\/wp-content\/uploads\/2023\/10\/logo-1.png\",\"width\":1832,\"height\":576,\"caption\":\"Territorial Challenges\"},\"image\":{\"@id\":\"https:\/\/territorialchallenges.com\/#\/schema\/logo\/image\/\"}},{\"@type\":\"Person\",\"@id\":\"https:\/\/territorialchallenges.com\/#\/schema\/person\/098f145c7c61a021c425e010f840080f\",\"name\":\"ni.abdi\",\"image\":{\"@type\":\"ImageObject\",\"inLanguage\":\"pt-PT\",\"@id\":\"https:\/\/territorialchallenges.com\/#\/schema\/person\/image\/\",\"url\":\"https:\/\/secure.gravatar.com\/avatar\/2a2f2491f3c80039986ba989b1e4b510?s=96&d=identicon&r=g\",\"contentUrl\":\"https:\/\/secure.gravatar.com\/avatar\/2a2f2491f3c80039986ba989b1e4b510?s=96&d=identicon&r=g\",\"caption\":\"ni.abdi\"},\"sameAs\":[\"https:\/\/twitter.com\/Ni.abdi\"],\"url\":\"https:\/\/territorialchallenges.com\/pt\/author\/ni-abdi\/\"}]}<\/script>\n<!-- \/ Yoast SEO plugin. -->","yoast_head_json":{"title":"Le Salon des Maires et l'urgence fran\u00e7aise de la collaboration entre collectivit\u00e9s locales et universit\u00e9s - Territorial Challenges","robots":{"index":"index","follow":"follow","max-snippet":"max-snippet:-1","max-image-preview":"max-image-preview:large","max-video-preview":"max-video-preview:-1"},"canonical":"https:\/\/territorialchallenges.com\/pt\/2023\/12\/03\/le-salon-des-maires-et-lurgence-francaise-de-la-collaboration-entre-collectivites-locales-et-universites\/121900\/","og_locale":"pt_PT","og_type":"article","og_title":"Le Salon des Maires et l'urgence fran\u00e7aise de la collaboration entre collectivit\u00e9s locales et universit\u00e9s - Territorial Challenges","og_description":"Le r\u00e9cent Salon des Maires (21 au 23 novembre) a mis en lumi\u00e8re un constat alarmant : l&rsquo;absence de liens significatifs entre les municipalit\u00e9s et les institutions acad\u00e9miques sp\u00e9cialis\u00e9es en sciences de l&rsquo;ing\u00e9nieur, en particulier dans le domaine num\u00e9rique. Face aux d\u00e9fis croissants de la cybercriminalit\u00e9 et \u00e0 la mont\u00e9e en puissance de l&rsquo;intelligence artificielle, [&hellip;]","og_url":"https:\/\/territorialchallenges.com\/pt\/2023\/12\/03\/le-salon-des-maires-et-lurgence-francaise-de-la-collaboration-entre-collectivites-locales-et-universites\/121900\/","og_site_name":"Territorial Challenges","article_published_time":"2023-12-03T22:20:33+00:00","article_modified_time":"2023-12-03T22:20:34+00:00","og_image":[{"width":1280,"height":853,"url":"https:\/\/territorialchallenges.com\/wp-content\/uploads\/2023\/12\/reflexionfaite4.12.23.Photo_.jpg","type":"image\/jpeg"}],"author":"ni.abdi","twitter_card":"summary_large_image","twitter_creator":"@Ni.abdi","twitter_misc":{"Escrito por":"ni.abdi","Tempo estimado de leitura":"3 minutos"},"schema":{"@context":"https:\/\/schema.org","@graph":[{"@type":"Article","@id":"https:\/\/territorialchallenges.com\/2023\/12\/03\/le-salon-des-maires-et-lurgence-francaise-de-la-collaboration-entre-collectivites-locales-et-universites\/121900\/#article","isPartOf":{"@id":"https:\/\/territorialchallenges.com\/2023\/12\/03\/le-salon-des-maires-et-lurgence-francaise-de-la-collaboration-entre-collectivites-locales-et-universites\/121900\/"},"author":{"name":"ni.abdi","@id":"https:\/\/territorialchallenges.com\/#\/schema\/person\/098f145c7c61a021c425e010f840080f"},"headline":"Le Salon des Maires et l&rsquo;urgence fran\u00e7aise de la collaboration entre collectivit\u00e9s locales et universit\u00e9s","datePublished":"2023-12-03T22:20:33+00:00","dateModified":"2023-12-03T22:20:34+00:00","mainEntityOfPage":{"@id":"https:\/\/territorialchallenges.com\/2023\/12\/03\/le-salon-des-maires-et-lurgence-francaise-de-la-collaboration-entre-collectivites-locales-et-universites\/121900\/"},"wordCount":655,"publisher":{"@id":"https:\/\/territorialchallenges.com\/#organization"},"articleSection":["R\u00e9flexion faite","\u00c9cosyst\u00e8me"],"inLanguage":"pt-PT"},{"@type":"WebPage","@id":"https:\/\/territorialchallenges.com\/2023\/12\/03\/le-salon-des-maires-et-lurgence-francaise-de-la-collaboration-entre-collectivites-locales-et-universites\/121900\/","url":"https:\/\/territorialchallenges.com\/2023\/12\/03\/le-salon-des-maires-et-lurgence-francaise-de-la-collaboration-entre-collectivites-locales-et-universites\/121900\/","name":"Le Salon des Maires et l'urgence fran\u00e7aise de la collaboration entre collectivit\u00e9s locales et universit\u00e9s - Territorial Challenges","isPartOf":{"@id":"https:\/\/territorialchallenges.com\/#website"},"datePublished":"2023-12-03T22:20:33+00:00","dateModified":"2023-12-03T22:20:34+00:00","breadcrumb":{"@id":"https:\/\/territorialchallenges.com\/2023\/12\/03\/le-salon-des-maires-et-lurgence-francaise-de-la-collaboration-entre-collectivites-locales-et-universites\/121900\/#breadcrumb"},"inLanguage":"pt-PT","potentialAction":[{"@type":"ReadAction","target":["https:\/\/territorialchallenges.com\/2023\/12\/03\/le-salon-des-maires-et-lurgence-francaise-de-la-collaboration-entre-collectivites-locales-et-universites\/121900\/"]}]},{"@type":"BreadcrumbList","@id":"https:\/\/territorialchallenges.com\/2023\/12\/03\/le-salon-des-maires-et-lurgence-francaise-de-la-collaboration-entre-collectivites-locales-et-universites\/121900\/#breadcrumb","itemListElement":[{"@type":"ListItem","position":1,"name":"Home","item":"https:\/\/territorialchallenges.com\/"},{"@type":"ListItem","position":2,"name":"Le Salon des Maires et l&rsquo;urgence fran\u00e7aise de la collaboration entre collectivit\u00e9s locales et universit\u00e9s"}]},{"@type":"WebSite","@id":"https:\/\/territorialchallenges.com\/#website","url":"https:\/\/territorialchallenges.com\/","name":"Desafios territoriais","description":"Monitoramento Internacional - Estrat\u00e9gias Inteligentes - Melhores Pr\u00e1ticas","publisher":{"@id":"https:\/\/territorialchallenges.com\/#organization"},"potentialAction":[{"@type":"SearchAction","target":{"@type":"EntryPoint","urlTemplate":"https:\/\/territorialchallenges.com\/?s={search_term_string}"},"query-input":"required name=search_term_string"}],"inLanguage":"pt-PT"},{"@type":"Organization","@id":"https:\/\/territorialchallenges.com\/#organization","name":"Desafios territoriais","url":"https:\/\/territorialchallenges.com\/","logo":{"@type":"ImageObject","inLanguage":"pt-PT","@id":"https:\/\/territorialchallenges.com\/#\/schema\/logo\/image\/","url":"https:\/\/territorialchallenges.com\/wp-content\/uploads\/2023\/10\/logo-1.png","contentUrl":"https:\/\/territorialchallenges.com\/wp-content\/uploads\/2023\/10\/logo-1.png","width":1832,"height":576,"caption":"Territorial Challenges"},"image":{"@id":"https:\/\/territorialchallenges.com\/#\/schema\/logo\/image\/"}},{"@type":"Person","@id":"https:\/\/territorialchallenges.com\/#\/schema\/person\/098f145c7c61a021c425e010f840080f","name":"ni.abdi","image":{"@type":"ImageObject","inLanguage":"pt-PT","@id":"https:\/\/territorialchallenges.com\/#\/schema\/person\/image\/","url":"https:\/\/secure.gravatar.com\/avatar\/2a2f2491f3c80039986ba989b1e4b510?s=96&d=identicon&r=g","contentUrl":"https:\/\/secure.gravatar.com\/avatar\/2a2f2491f3c80039986ba989b1e4b510?s=96&d=identicon&r=g","caption":"ni.abdi"},"sameAs":["https:\/\/twitter.com\/Ni.abdi"],"url":"https:\/\/territorialchallenges.com\/pt\/author\/ni-abdi\/"}]}},"_links":{"self":[{"href":"https:\/\/territorialchallenges.com\/pt\/wp-json\/wp\/v2\/posts\/121900"}],"collection":[{"href":"https:\/\/territorialchallenges.com\/pt\/wp-json\/wp\/v2\/posts"}],"about":[{"href":"https:\/\/territorialchallenges.com\/pt\/wp-json\/wp\/v2\/types\/post"}],"author":[{"embeddable":true,"href":"https:\/\/territorialchallenges.com\/pt\/wp-json\/wp\/v2\/users\/11"}],"replies":[{"embeddable":true,"href":"https:\/\/territorialchallenges.com\/pt\/wp-json\/wp\/v2\/comments?post=121900"}],"version-history":[{"count":1,"href":"https:\/\/territorialchallenges.com\/pt\/wp-json\/wp\/v2\/posts\/121900\/revisions"}],"predecessor-version":[{"id":121902,"href":"https:\/\/territorialchallenges.com\/pt\/wp-json\/wp\/v2\/posts\/121900\/revisions\/121902"}],"wp:featuredmedia":[{"embeddable":true,"href":"https:\/\/territorialchallenges.com\/pt\/wp-json\/wp\/v2\/media\/121901"}],"wp:attachment":[{"href":"https:\/\/territorialchallenges.com\/pt\/wp-json\/wp\/v2\/media?parent=121900"}],"wp:term":[{"taxonomy":"category","embeddable":true,"href":"https:\/\/territorialchallenges.com\/pt\/wp-json\/wp\/v2\/categories?post=121900"},{"taxonomy":"post_tag","embeddable":true,"href":"https:\/\/territorialchallenges.com\/pt\/wp-json\/wp\/v2\/tags?post=121900"}],"curies":[{"name":"wp","href":"https:\/\/api.w.org\/{rel}","templated":true}]}}