{"id":121746,"date":"2023-11-13T13:14:00","date_gmt":"2023-11-13T12:14:00","guid":{"rendered":"https:\/\/territorialchallenges.com\/?p=121746"},"modified":"2023-11-13T13:14:02","modified_gmt":"2023-11-13T12:14:02","slug":"slavicin-pionniere-de-la-transition-energetique-municipale-en-republique-tcheque","status":"publish","type":"post","link":"https:\/\/territorialchallenges.com\/pt\/2023\/11\/13\/slavicin-pionniere-de-la-transition-energetique-municipale-en-republique-tcheque\/121746\/","title":{"rendered":"Slavi\u010d\u00edn: Pioneiro da transi\u00e7\u00e3o energ\u00e9tica municipal na Rep\u00fablica Tcheca"},"content":{"rendered":"<p>Em Slavi\u010d\u00edn, um pequeno munic\u00edpio no sudeste da Rep\u00fablica Tcheca, a vis\u00e3o ousada de se tornar uma &quot;cidade inteligente&quot; orienta a implementa\u00e7\u00e3o de uma estrat\u00e9gia energ\u00e9tica inovadora. Enquanto a maioria dos munic\u00edpios tchecos luta para adotar conceitos energ\u00e9ticos, Slavi\u010d\u00edn se destaca pela integra\u00e7\u00e3o de projetos ecol\u00f3gicos e inteligentes, demonstrando seu compromisso\u2026 <\/p>\n<div class=\"pmpro_content_message\">Artigo dispon\u00edvel somente para assinantes.<br \/><a href=\"https:\/\/territorialchallenges.com\/wp-login.php\">Conecte-se<\/a><br \/><a href=\"https:\/\/territorialchallenges.com\/pt\/wp-login.php\/?action=register\">Registrar<\/a><\/div>","protected":false},"excerpt":{"rendered":"<p>\u00c0 Slavi\u010d\u00edn, une petite municipalit\u00e9 du sud-est de la R\u00e9publique tch\u00e8que, la vision audacieuse de devenir une \u00ab\u00a0ville intelligente\u00a0\u00bb guide la mise en \u0153uvre d&rsquo;une strat\u00e9gie \u00e9nerg\u00e9tique novatrice. Alors que la plupart des municipalit\u00e9s tch\u00e8ques peinent \u00e0 adopter des concepts \u00e9nerg\u00e9tiques, Slavi\u010d\u00edn se d\u00e9marque en int\u00e9grant des projets \u00e9cologiques et intelligents, t\u00e9moignant de son engagement... <\/p>\n<div class=\"pmpro_content_message\">Artigo dispon\u00edvel somente para assinantes.<br \/><a href=\"https:\/\/territorialchallenges.com\/wp-login.php\">Conecte-se<\/a><br \/><a href=\"https:\/\/territorialchallenges.com\/pt\/wp-login.php\/?action=register\">Registrar<\/a><\/div>","protected":false},"author":11,"featured_media":121747,"comment_status":"open","ping_status":"open","sticky":true,"template":"","format":"standard","meta":{"pmpro_default_level":0,"footnotes":""},"categories":[18,127],"tags":[],"blocksy_meta":"","yoast_head":"<!-- This site is optimized with the Yoast SEO plugin v21.5 - https:\/\/yoast.com\/wordpress\/plugins\/seo\/ -->\n<title>Slavi\u010d\u00edn : pionni\u00e8re de la transition \u00e9nerg\u00e9tique municipale en R\u00e9publique tch\u00e8que - Territorial Challenges<\/title>\n<meta name=\"robots\" content=\"index, follow, max-snippet:-1, max-image-preview:large, max-video-preview:-1\" \/>\n<link rel=\"canonical\" href=\"https:\/\/territorialchallenges.com\/pt\/2023\/11\/13\/slavicin-pionniere-de-la-transition-energetique-municipale-en-republique-tcheque\/121746\/\" \/>\n<meta property=\"og:locale\" content=\"pt_PT\" \/>\n<meta property=\"og:type\" content=\"article\" \/>\n<meta property=\"og:title\" content=\"Slavi\u010d\u00edn : pionni\u00e8re de la transition \u00e9nerg\u00e9tique municipale en R\u00e9publique tch\u00e8que - Territorial Challenges\" \/>\n<meta property=\"og:description\" content=\"\u00c0 Slavi\u010d\u00edn, une petite municipalit\u00e9 du sud-est de la R\u00e9publique tch\u00e8que, la vision audacieuse de devenir une \u00ab\u00a0ville intelligente\u00a0\u00bb guide la mise en \u0153uvre d&rsquo;une strat\u00e9gie \u00e9nerg\u00e9tique novatrice. Alors que la plupart des municipalit\u00e9s tch\u00e8ques peinent \u00e0 adopter des concepts \u00e9nerg\u00e9tiques, Slavi\u010d\u00edn se d\u00e9marque en int\u00e9grant des projets \u00e9cologiques et intelligents, t\u00e9moignant de son engagement [&hellip;]\" \/>\n<meta property=\"og:url\" content=\"https:\/\/territorialchallenges.com\/pt\/2023\/11\/13\/slavicin-pionniere-de-la-transition-energetique-municipale-en-republique-tcheque\/121746\/\" \/>\n<meta property=\"og:site_name\" content=\"Territorial Challenges\" \/>\n<meta property=\"article:published_time\" content=\"2023-11-13T12:14:00+00:00\" \/>\n<meta property=\"article:modified_time\" content=\"2023-11-13T12:14:02+00:00\" \/>\n<meta property=\"og:image\" content=\"https:\/\/territorialchallenges.com\/wp-content\/uploads\/2023\/11\/transitionenergetique13.11Photo.jpg\" \/>\n\t<meta property=\"og:image:width\" content=\"1920\" \/>\n\t<meta property=\"og:image:height\" content=\"807\" \/>\n\t<meta property=\"og:image:type\" content=\"image\/jpeg\" \/>\n<meta name=\"author\" content=\"ni.abdi\" \/>\n<meta name=\"twitter:card\" content=\"summary_large_image\" \/>\n<meta name=\"twitter:creator\" content=\"@Ni.abdi\" \/>\n<meta name=\"twitter:label1\" content=\"Escrito por\" \/>\n\t<meta name=\"twitter:data1\" content=\"ni.abdi\" \/>\n\t<meta name=\"twitter:label2\" content=\"Tempo estimado de leitura\" \/>\n\t<meta name=\"twitter:data2\" content=\"3 minutos\" \/>\n<script type=\"application\/ld+json\" class=\"yoast-schema-graph\">{\"@context\":\"https:\/\/schema.org\",\"@graph\":[{\"@type\":\"Article\",\"@id\":\"https:\/\/territorialchallenges.com\/2023\/11\/13\/slavicin-pionniere-de-la-transition-energetique-municipale-en-republique-tcheque\/121746\/#article\",\"isPartOf\":{\"@id\":\"https:\/\/territorialchallenges.com\/2023\/11\/13\/slavicin-pionniere-de-la-transition-energetique-municipale-en-republique-tcheque\/121746\/\"},\"author\":{\"name\":\"ni.abdi\",\"@id\":\"https:\/\/territorialchallenges.com\/#\/schema\/person\/098f145c7c61a021c425e010f840080f\"},\"headline\":\"Slavi\u010d\u00edn : pionni\u00e8re de la transition \u00e9nerg\u00e9tique municipale en R\u00e9publique tch\u00e8que\",\"datePublished\":\"2023-11-13T12:14:00+00:00\",\"dateModified\":\"2023-11-13T12:14:02+00:00\",\"mainEntityOfPage\":{\"@id\":\"https:\/\/territorialchallenges.com\/2023\/11\/13\/slavicin-pionniere-de-la-transition-energetique-municipale-en-republique-tcheque\/121746\/\"},\"wordCount\":574,\"commentCount\":0,\"publisher\":{\"@id\":\"https:\/\/territorialchallenges.com\/#organization\"},\"articleSection\":[\"Transition \u00c9nerg\u00e9tique\",\"Actualit\u00e9 Europe\"],\"inLanguage\":\"pt-PT\"},{\"@type\":\"WebPage\",\"@id\":\"https:\/\/territorialchallenges.com\/2023\/11\/13\/slavicin-pionniere-de-la-transition-energetique-municipale-en-republique-tcheque\/121746\/\",\"url\":\"https:\/\/territorialchallenges.com\/2023\/11\/13\/slavicin-pionniere-de-la-transition-energetique-municipale-en-republique-tcheque\/121746\/\",\"name\":\"Slavi\u010d\u00edn : pionni\u00e8re de la transition \u00e9nerg\u00e9tique municipale en R\u00e9publique tch\u00e8que - Territorial Challenges\",\"isPartOf\":{\"@id\":\"https:\/\/territorialchallenges.com\/#website\"},\"datePublished\":\"2023-11-13T12:14:00+00:00\",\"dateModified\":\"2023-11-13T12:14:02+00:00\",\"breadcrumb\":{\"@id\":\"https:\/\/territorialchallenges.com\/2023\/11\/13\/slavicin-pionniere-de-la-transition-energetique-municipale-en-republique-tcheque\/121746\/#breadcrumb\"},\"inLanguage\":\"pt-PT\",\"potentialAction\":[{\"@type\":\"ReadAction\",\"target\":[\"https:\/\/territorialchallenges.com\/2023\/11\/13\/slavicin-pionniere-de-la-transition-energetique-municipale-en-republique-tcheque\/121746\/\"]}]},{\"@type\":\"BreadcrumbList\",\"@id\":\"https:\/\/territorialchallenges.com\/2023\/11\/13\/slavicin-pionniere-de-la-transition-energetique-municipale-en-republique-tcheque\/121746\/#breadcrumb\",\"itemListElement\":[{\"@type\":\"ListItem\",\"position\":1,\"name\":\"Home\",\"item\":\"https:\/\/territorialchallenges.com\/\"},{\"@type\":\"ListItem\",\"position\":2,\"name\":\"Slavi\u010d\u00edn : pionni\u00e8re de la transition \u00e9nerg\u00e9tique municipale en R\u00e9publique tch\u00e8que\"}]},{\"@type\":\"WebSite\",\"@id\":\"https:\/\/territorialchallenges.com\/#website\",\"url\":\"https:\/\/territorialchallenges.com\/\",\"name\":\"Territorial Challenges\",\"description\":\"Veille Internationale - Strat\u00e9gie Intelligentes - Bonnes pratiques\",\"publisher\":{\"@id\":\"https:\/\/territorialchallenges.com\/#organization\"},\"potentialAction\":[{\"@type\":\"SearchAction\",\"target\":{\"@type\":\"EntryPoint\",\"urlTemplate\":\"https:\/\/territorialchallenges.com\/?s={search_term_string}\"},\"query-input\":\"required name=search_term_string\"}],\"inLanguage\":\"pt-PT\"},{\"@type\":\"Organization\",\"@id\":\"https:\/\/territorialchallenges.com\/#organization\",\"name\":\"Territorial Challenges\",\"url\":\"https:\/\/territorialchallenges.com\/\",\"logo\":{\"@type\":\"ImageObject\",\"inLanguage\":\"pt-PT\",\"@id\":\"https:\/\/territorialchallenges.com\/#\/schema\/logo\/image\/\",\"url\":\"https:\/\/territorialchallenges.com\/wp-content\/uploads\/2023\/10\/logo-1.png\",\"contentUrl\":\"https:\/\/territorialchallenges.com\/wp-content\/uploads\/2023\/10\/logo-1.png\",\"width\":1832,\"height\":576,\"caption\":\"Territorial Challenges\"},\"image\":{\"@id\":\"https:\/\/territorialchallenges.com\/#\/schema\/logo\/image\/\"}},{\"@type\":\"Person\",\"@id\":\"https:\/\/territorialchallenges.com\/#\/schema\/person\/098f145c7c61a021c425e010f840080f\",\"name\":\"ni.abdi\",\"image\":{\"@type\":\"ImageObject\",\"inLanguage\":\"pt-PT\",\"@id\":\"https:\/\/territorialchallenges.com\/#\/schema\/person\/image\/\",\"url\":\"https:\/\/secure.gravatar.com\/avatar\/2a2f2491f3c80039986ba989b1e4b510?s=96&d=identicon&r=g\",\"contentUrl\":\"https:\/\/secure.gravatar.com\/avatar\/2a2f2491f3c80039986ba989b1e4b510?s=96&d=identicon&r=g\",\"caption\":\"ni.abdi\"},\"sameAs\":[\"https:\/\/twitter.com\/Ni.abdi\"],\"url\":\"https:\/\/territorialchallenges.com\/pt\/author\/ni-abdi\/\"}]}<\/script>\n<!-- \/ Yoast SEO plugin. -->","yoast_head_json":{"title":"Slavi\u010d\u00edn : pionni\u00e8re de la transition \u00e9nerg\u00e9tique municipale en R\u00e9publique tch\u00e8que - Territorial Challenges","robots":{"index":"index","follow":"follow","max-snippet":"max-snippet:-1","max-image-preview":"max-image-preview:large","max-video-preview":"max-video-preview:-1"},"canonical":"https:\/\/territorialchallenges.com\/pt\/2023\/11\/13\/slavicin-pionniere-de-la-transition-energetique-municipale-en-republique-tcheque\/121746\/","og_locale":"pt_PT","og_type":"article","og_title":"Slavi\u010d\u00edn : pionni\u00e8re de la transition \u00e9nerg\u00e9tique municipale en R\u00e9publique tch\u00e8que - Territorial Challenges","og_description":"\u00c0 Slavi\u010d\u00edn, une petite municipalit\u00e9 du sud-est de la R\u00e9publique tch\u00e8que, la vision audacieuse de devenir une \u00ab\u00a0ville intelligente\u00a0\u00bb guide la mise en \u0153uvre d&rsquo;une strat\u00e9gie \u00e9nerg\u00e9tique novatrice. Alors que la plupart des municipalit\u00e9s tch\u00e8ques peinent \u00e0 adopter des concepts \u00e9nerg\u00e9tiques, Slavi\u010d\u00edn se d\u00e9marque en int\u00e9grant des projets \u00e9cologiques et intelligents, t\u00e9moignant de son engagement [&hellip;]","og_url":"https:\/\/territorialchallenges.com\/pt\/2023\/11\/13\/slavicin-pionniere-de-la-transition-energetique-municipale-en-republique-tcheque\/121746\/","og_site_name":"Territorial Challenges","article_published_time":"2023-11-13T12:14:00+00:00","article_modified_time":"2023-11-13T12:14:02+00:00","og_image":[{"width":1920,"height":807,"url":"https:\/\/territorialchallenges.com\/wp-content\/uploads\/2023\/11\/transitionenergetique13.11Photo.jpg","type":"image\/jpeg"}],"author":"ni.abdi","twitter_card":"summary_large_image","twitter_creator":"@Ni.abdi","twitter_misc":{"Escrito por":"ni.abdi","Tempo estimado de leitura":"3 minutos"},"schema":{"@context":"https:\/\/schema.org","@graph":[{"@type":"Article","@id":"https:\/\/territorialchallenges.com\/2023\/11\/13\/slavicin-pionniere-de-la-transition-energetique-municipale-en-republique-tcheque\/121746\/#article","isPartOf":{"@id":"https:\/\/territorialchallenges.com\/2023\/11\/13\/slavicin-pionniere-de-la-transition-energetique-municipale-en-republique-tcheque\/121746\/"},"author":{"name":"ni.abdi","@id":"https:\/\/territorialchallenges.com\/#\/schema\/person\/098f145c7c61a021c425e010f840080f"},"headline":"Slavi\u010d\u00edn : pionni\u00e8re de la transition \u00e9nerg\u00e9tique municipale en R\u00e9publique tch\u00e8que","datePublished":"2023-11-13T12:14:00+00:00","dateModified":"2023-11-13T12:14:02+00:00","mainEntityOfPage":{"@id":"https:\/\/territorialchallenges.com\/2023\/11\/13\/slavicin-pionniere-de-la-transition-energetique-municipale-en-republique-tcheque\/121746\/"},"wordCount":574,"commentCount":0,"publisher":{"@id":"https:\/\/territorialchallenges.com\/#organization"},"articleSection":["Transition \u00c9nerg\u00e9tique","Actualit\u00e9 Europe"],"inLanguage":"pt-PT"},{"@type":"WebPage","@id":"https:\/\/territorialchallenges.com\/2023\/11\/13\/slavicin-pionniere-de-la-transition-energetique-municipale-en-republique-tcheque\/121746\/","url":"https:\/\/territorialchallenges.com\/2023\/11\/13\/slavicin-pionniere-de-la-transition-energetique-municipale-en-republique-tcheque\/121746\/","name":"Slavi\u010d\u00edn : pionni\u00e8re de la transition \u00e9nerg\u00e9tique municipale en R\u00e9publique tch\u00e8que - Territorial Challenges","isPartOf":{"@id":"https:\/\/territorialchallenges.com\/#website"},"datePublished":"2023-11-13T12:14:00+00:00","dateModified":"2023-11-13T12:14:02+00:00","breadcrumb":{"@id":"https:\/\/territorialchallenges.com\/2023\/11\/13\/slavicin-pionniere-de-la-transition-energetique-municipale-en-republique-tcheque\/121746\/#breadcrumb"},"inLanguage":"pt-PT","potentialAction":[{"@type":"ReadAction","target":["https:\/\/territorialchallenges.com\/2023\/11\/13\/slavicin-pionniere-de-la-transition-energetique-municipale-en-republique-tcheque\/121746\/"]}]},{"@type":"BreadcrumbList","@id":"https:\/\/territorialchallenges.com\/2023\/11\/13\/slavicin-pionniere-de-la-transition-energetique-municipale-en-republique-tcheque\/121746\/#breadcrumb","itemListElement":[{"@type":"ListItem","position":1,"name":"Home","item":"https:\/\/territorialchallenges.com\/"},{"@type":"ListItem","position":2,"name":"Slavi\u010d\u00edn : pionni\u00e8re de la transition \u00e9nerg\u00e9tique municipale en R\u00e9publique tch\u00e8que"}]},{"@type":"WebSite","@id":"https:\/\/territorialchallenges.com\/#website","url":"https:\/\/territorialchallenges.com\/","name":"Desafios territoriais","description":"Monitoramento Internacional - Estrat\u00e9gias Inteligentes - Melhores Pr\u00e1ticas","publisher":{"@id":"https:\/\/territorialchallenges.com\/#organization"},"potentialAction":[{"@type":"SearchAction","target":{"@type":"EntryPoint","urlTemplate":"https:\/\/territorialchallenges.com\/?s={search_term_string}"},"query-input":"required name=search_term_string"}],"inLanguage":"pt-PT"},{"@type":"Organization","@id":"https:\/\/territorialchallenges.com\/#organization","name":"Desafios territoriais","url":"https:\/\/territorialchallenges.com\/","logo":{"@type":"ImageObject","inLanguage":"pt-PT","@id":"https:\/\/territorialchallenges.com\/#\/schema\/logo\/image\/","url":"https:\/\/territorialchallenges.com\/wp-content\/uploads\/2023\/10\/logo-1.png","contentUrl":"https:\/\/territorialchallenges.com\/wp-content\/uploads\/2023\/10\/logo-1.png","width":1832,"height":576,"caption":"Territorial Challenges"},"image":{"@id":"https:\/\/territorialchallenges.com\/#\/schema\/logo\/image\/"}},{"@type":"Person","@id":"https:\/\/territorialchallenges.com\/#\/schema\/person\/098f145c7c61a021c425e010f840080f","name":"ni.abdi","image":{"@type":"ImageObject","inLanguage":"pt-PT","@id":"https:\/\/territorialchallenges.com\/#\/schema\/person\/image\/","url":"https:\/\/secure.gravatar.com\/avatar\/2a2f2491f3c80039986ba989b1e4b510?s=96&d=identicon&r=g","contentUrl":"https:\/\/secure.gravatar.com\/avatar\/2a2f2491f3c80039986ba989b1e4b510?s=96&d=identicon&r=g","caption":"ni.abdi"},"sameAs":["https:\/\/twitter.com\/Ni.abdi"],"url":"https:\/\/territorialchallenges.com\/pt\/author\/ni-abdi\/"}]}},"_links":{"self":[{"href":"https:\/\/territorialchallenges.com\/pt\/wp-json\/wp\/v2\/posts\/121746"}],"collection":[{"href":"https:\/\/territorialchallenges.com\/pt\/wp-json\/wp\/v2\/posts"}],"about":[{"href":"https:\/\/territorialchallenges.com\/pt\/wp-json\/wp\/v2\/types\/post"}],"author":[{"embeddable":true,"href":"https:\/\/territorialchallenges.com\/pt\/wp-json\/wp\/v2\/users\/11"}],"replies":[{"embeddable":true,"href":"https:\/\/territorialchallenges.com\/pt\/wp-json\/wp\/v2\/comments?post=121746"}],"version-history":[{"count":1,"href":"https:\/\/territorialchallenges.com\/pt\/wp-json\/wp\/v2\/posts\/121746\/revisions"}],"predecessor-version":[{"id":121748,"href":"https:\/\/territorialchallenges.com\/pt\/wp-json\/wp\/v2\/posts\/121746\/revisions\/121748"}],"wp:featuredmedia":[{"embeddable":true,"href":"https:\/\/territorialchallenges.com\/pt\/wp-json\/wp\/v2\/media\/121747"}],"wp:attachment":[{"href":"https:\/\/territorialchallenges.com\/pt\/wp-json\/wp\/v2\/media?parent=121746"}],"wp:term":[{"taxonomy":"category","embeddable":true,"href":"https:\/\/territorialchallenges.com\/pt\/wp-json\/wp\/v2\/categories?post=121746"},{"taxonomy":"post_tag","embeddable":true,"href":"https:\/\/territorialchallenges.com\/pt\/wp-json\/wp\/v2\/tags?post=121746"}],"curies":[{"name":"wp","href":"https:\/\/api.w.org\/{rel}","templated":true}]}}