{"id":121694,"date":"2023-11-06T11:37:15","date_gmt":"2023-11-06T10:37:15","guid":{"rendered":"https:\/\/territorialchallenges.com\/?p=121694"},"modified":"2023-11-06T11:37:17","modified_gmt":"2023-11-06T10:37:17","slug":"pays-bas-le-modele-economique-de-la-recharge-des-voitures-electriques-a-laeroport-de-schiphol","status":"publish","type":"post","link":"https:\/\/territorialchallenges.com\/pt\/2023\/11\/06\/pays-bas-le-modele-economique-de-la-recharge-des-voitures-electriques-a-laeroport-de-schiphol\/121694\/","title":{"rendered":"Holanda: O modelo econ\u00f4mico para carregar carros el\u00e9tricos no Aeroporto de Schiphol"},"content":{"rendered":"<p>O Aeroporto de Schiphol, em Amsterd\u00e3, na Holanda, oferece uma solu\u00e7\u00e3o de carregamento conveniente para quem viaja de carro el\u00e9trico. Voc\u00ea pode sair dirigindo com a bateria totalmente carregada sem se preocupar com o tempo de recarga. Neste artigo, exploraremos o modelo de neg\u00f3cios deste servi\u00e7o, as tarifas de recarga, a localiza\u00e7\u00e3o dos postos de recarga e muito mais. <\/p>\n<div class=\"pmpro_content_message\">Artigo dispon\u00edvel somente para assinantes.<br \/><a href=\"https:\/\/territorialchallenges.com\/wp-login.php\">Conecte-se<\/a><br \/><a href=\"https:\/\/territorialchallenges.com\/pt\/wp-login.php\/?action=register\">Registrar<\/a><\/div>","protected":false},"excerpt":{"rendered":"<p>L&rsquo;a\u00e9roport de Schiphol \u00e0 Amsterdam, aux Pays-Bas, offre une solution de recharge pratique pour les voyageurs en voiture \u00e9lectrique. Vous pouvez repartir avec votre batterie compl\u00e8tement charg\u00e9e sans vous soucier du temps de charge. Dans cet article, nous explorerons le mod\u00e8le \u00e9conomique de cette offre, les tarifs de recharge, les emplacements des bornes de recharge... <\/p>\n<div class=\"pmpro_content_message\">Artigo dispon\u00edvel somente para assinantes.<br \/><a href=\"https:\/\/territorialchallenges.com\/wp-login.php\">Conecte-se<\/a><br \/><a href=\"https:\/\/territorialchallenges.com\/pt\/wp-login.php\/?action=register\">Registrar<\/a><\/div>","protected":false},"author":11,"featured_media":121696,"comment_status":"open","ping_status":"open","sticky":true,"template":"","format":"standard","meta":{"pmpro_default_level":0,"footnotes":""},"categories":[18,127],"tags":[],"blocksy_meta":"","yoast_head":"<!-- This site is optimized with the Yoast SEO plugin v21.5 - https:\/\/yoast.com\/wordpress\/plugins\/seo\/ -->\n<title>Pays-Bas: Le mod\u00e8le \u00e9conomique de la recharge des voitures \u00e9lectriques \u00e0 l&#039;a\u00e9roport de Schiphol - Territorial Challenges<\/title>\n<meta name=\"robots\" content=\"index, follow, max-snippet:-1, max-image-preview:large, max-video-preview:-1\" \/>\n<link rel=\"canonical\" href=\"https:\/\/territorialchallenges.com\/pt\/2023\/11\/06\/pays-bas-le-modele-economique-de-la-recharge-des-voitures-electriques-a-laeroport-de-schiphol\/121694\/\" \/>\n<meta property=\"og:locale\" content=\"pt_PT\" \/>\n<meta property=\"og:type\" content=\"article\" \/>\n<meta property=\"og:title\" content=\"Pays-Bas: Le mod\u00e8le \u00e9conomique de la recharge des voitures \u00e9lectriques \u00e0 l&#039;a\u00e9roport de Schiphol - Territorial Challenges\" \/>\n<meta property=\"og:description\" content=\"L&rsquo;a\u00e9roport de Schiphol \u00e0 Amsterdam, aux Pays-Bas, offre une solution de recharge pratique pour les voyageurs en voiture \u00e9lectrique. Vous pouvez repartir avec votre batterie compl\u00e8tement charg\u00e9e sans vous soucier du temps de charge. Dans cet article, nous explorerons le mod\u00e8le \u00e9conomique de cette offre, les tarifs de recharge, les emplacements des bornes de recharge [&hellip;]\" \/>\n<meta property=\"og:url\" content=\"https:\/\/territorialchallenges.com\/pt\/2023\/11\/06\/pays-bas-le-modele-economique-de-la-recharge-des-voitures-electriques-a-laeroport-de-schiphol\/121694\/\" \/>\n<meta property=\"og:site_name\" content=\"Territorial Challenges\" \/>\n<meta property=\"article:published_time\" content=\"2023-11-06T10:37:15+00:00\" \/>\n<meta property=\"article:modified_time\" content=\"2023-11-06T10:37:17+00:00\" \/>\n<meta property=\"og:image\" content=\"https:\/\/territorialchallenges.com\/wp-content\/uploads\/2023\/11\/Transitionenergieschiphol.jpg\" \/>\n\t<meta property=\"og:image:width\" content=\"1280\" \/>\n\t<meta property=\"og:image:height\" content=\"851\" \/>\n\t<meta property=\"og:image:type\" content=\"image\/jpeg\" \/>\n<meta name=\"author\" content=\"ni.abdi\" \/>\n<meta name=\"twitter:card\" content=\"summary_large_image\" \/>\n<meta name=\"twitter:creator\" content=\"@Ni.abdi\" \/>\n<meta name=\"twitter:label1\" content=\"Escrito por\" \/>\n\t<meta name=\"twitter:data1\" content=\"ni.abdi\" \/>\n\t<meta name=\"twitter:label2\" content=\"Tempo estimado de leitura\" \/>\n\t<meta name=\"twitter:data2\" content=\"4 minutos\" \/>\n<script type=\"application\/ld+json\" class=\"yoast-schema-graph\">{\"@context\":\"https:\/\/schema.org\",\"@graph\":[{\"@type\":\"Article\",\"@id\":\"https:\/\/territorialchallenges.com\/2023\/11\/06\/pays-bas-le-modele-economique-de-la-recharge-des-voitures-electriques-a-laeroport-de-schiphol\/121694\/#article\",\"isPartOf\":{\"@id\":\"https:\/\/territorialchallenges.com\/2023\/11\/06\/pays-bas-le-modele-economique-de-la-recharge-des-voitures-electriques-a-laeroport-de-schiphol\/121694\/\"},\"author\":{\"name\":\"ni.abdi\",\"@id\":\"https:\/\/territorialchallenges.com\/#\/schema\/person\/098f145c7c61a021c425e010f840080f\"},\"headline\":\"Pays-Bas: Le mod\u00e8le \u00e9conomique de la recharge des voitures \u00e9lectriques \u00e0 l&rsquo;a\u00e9roport de Schiphol\",\"datePublished\":\"2023-11-06T10:37:15+00:00\",\"dateModified\":\"2023-11-06T10:37:17+00:00\",\"mainEntityOfPage\":{\"@id\":\"https:\/\/territorialchallenges.com\/2023\/11\/06\/pays-bas-le-modele-economique-de-la-recharge-des-voitures-electriques-a-laeroport-de-schiphol\/121694\/\"},\"wordCount\":806,\"commentCount\":0,\"publisher\":{\"@id\":\"https:\/\/territorialchallenges.com\/#organization\"},\"articleSection\":[\"Transition \u00c9nerg\u00e9tique\",\"Actualit\u00e9 Europe\"],\"inLanguage\":\"pt-PT\"},{\"@type\":\"WebPage\",\"@id\":\"https:\/\/territorialchallenges.com\/2023\/11\/06\/pays-bas-le-modele-economique-de-la-recharge-des-voitures-electriques-a-laeroport-de-schiphol\/121694\/\",\"url\":\"https:\/\/territorialchallenges.com\/2023\/11\/06\/pays-bas-le-modele-economique-de-la-recharge-des-voitures-electriques-a-laeroport-de-schiphol\/121694\/\",\"name\":\"Pays-Bas: Le mod\u00e8le \u00e9conomique de la recharge des voitures \u00e9lectriques \u00e0 l'a\u00e9roport de Schiphol - Territorial Challenges\",\"isPartOf\":{\"@id\":\"https:\/\/territorialchallenges.com\/#website\"},\"datePublished\":\"2023-11-06T10:37:15+00:00\",\"dateModified\":\"2023-11-06T10:37:17+00:00\",\"breadcrumb\":{\"@id\":\"https:\/\/territorialchallenges.com\/2023\/11\/06\/pays-bas-le-modele-economique-de-la-recharge-des-voitures-electriques-a-laeroport-de-schiphol\/121694\/#breadcrumb\"},\"inLanguage\":\"pt-PT\",\"potentialAction\":[{\"@type\":\"ReadAction\",\"target\":[\"https:\/\/territorialchallenges.com\/2023\/11\/06\/pays-bas-le-modele-economique-de-la-recharge-des-voitures-electriques-a-laeroport-de-schiphol\/121694\/\"]}]},{\"@type\":\"BreadcrumbList\",\"@id\":\"https:\/\/territorialchallenges.com\/2023\/11\/06\/pays-bas-le-modele-economique-de-la-recharge-des-voitures-electriques-a-laeroport-de-schiphol\/121694\/#breadcrumb\",\"itemListElement\":[{\"@type\":\"ListItem\",\"position\":1,\"name\":\"Home\",\"item\":\"https:\/\/territorialchallenges.com\/\"},{\"@type\":\"ListItem\",\"position\":2,\"name\":\"Pays-Bas: Le mod\u00e8le \u00e9conomique de la recharge des voitures \u00e9lectriques \u00e0 l&rsquo;a\u00e9roport de Schiphol\"}]},{\"@type\":\"WebSite\",\"@id\":\"https:\/\/territorialchallenges.com\/#website\",\"url\":\"https:\/\/territorialchallenges.com\/\",\"name\":\"Territorial Challenges\",\"description\":\"Veille Internationale - Strat\u00e9gie Intelligentes - Bonnes pratiques\",\"publisher\":{\"@id\":\"https:\/\/territorialchallenges.com\/#organization\"},\"potentialAction\":[{\"@type\":\"SearchAction\",\"target\":{\"@type\":\"EntryPoint\",\"urlTemplate\":\"https:\/\/territorialchallenges.com\/?s={search_term_string}\"},\"query-input\":\"required name=search_term_string\"}],\"inLanguage\":\"pt-PT\"},{\"@type\":\"Organization\",\"@id\":\"https:\/\/territorialchallenges.com\/#organization\",\"name\":\"Territorial Challenges\",\"url\":\"https:\/\/territorialchallenges.com\/\",\"logo\":{\"@type\":\"ImageObject\",\"inLanguage\":\"pt-PT\",\"@id\":\"https:\/\/territorialchallenges.com\/#\/schema\/logo\/image\/\",\"url\":\"https:\/\/territorialchallenges.com\/wp-content\/uploads\/2023\/10\/logo-1.png\",\"contentUrl\":\"https:\/\/territorialchallenges.com\/wp-content\/uploads\/2023\/10\/logo-1.png\",\"width\":1832,\"height\":576,\"caption\":\"Territorial Challenges\"},\"image\":{\"@id\":\"https:\/\/territorialchallenges.com\/#\/schema\/logo\/image\/\"}},{\"@type\":\"Person\",\"@id\":\"https:\/\/territorialchallenges.com\/#\/schema\/person\/098f145c7c61a021c425e010f840080f\",\"name\":\"ni.abdi\",\"image\":{\"@type\":\"ImageObject\",\"inLanguage\":\"pt-PT\",\"@id\":\"https:\/\/territorialchallenges.com\/#\/schema\/person\/image\/\",\"url\":\"https:\/\/secure.gravatar.com\/avatar\/2a2f2491f3c80039986ba989b1e4b510?s=96&d=identicon&r=g\",\"contentUrl\":\"https:\/\/secure.gravatar.com\/avatar\/2a2f2491f3c80039986ba989b1e4b510?s=96&d=identicon&r=g\",\"caption\":\"ni.abdi\"},\"sameAs\":[\"https:\/\/twitter.com\/Ni.abdi\"],\"url\":\"https:\/\/territorialchallenges.com\/pt\/author\/ni-abdi\/\"}]}<\/script>\n<!-- \/ Yoast SEO plugin. -->","yoast_head_json":{"title":"Pays-Bas: Le mod\u00e8le \u00e9conomique de la recharge des voitures \u00e9lectriques \u00e0 l'a\u00e9roport de Schiphol - Territorial Challenges","robots":{"index":"index","follow":"follow","max-snippet":"max-snippet:-1","max-image-preview":"max-image-preview:large","max-video-preview":"max-video-preview:-1"},"canonical":"https:\/\/territorialchallenges.com\/pt\/2023\/11\/06\/pays-bas-le-modele-economique-de-la-recharge-des-voitures-electriques-a-laeroport-de-schiphol\/121694\/","og_locale":"pt_PT","og_type":"article","og_title":"Pays-Bas: Le mod\u00e8le \u00e9conomique de la recharge des voitures \u00e9lectriques \u00e0 l'a\u00e9roport de Schiphol - Territorial Challenges","og_description":"L&rsquo;a\u00e9roport de Schiphol \u00e0 Amsterdam, aux Pays-Bas, offre une solution de recharge pratique pour les voyageurs en voiture \u00e9lectrique. Vous pouvez repartir avec votre batterie compl\u00e8tement charg\u00e9e sans vous soucier du temps de charge. Dans cet article, nous explorerons le mod\u00e8le \u00e9conomique de cette offre, les tarifs de recharge, les emplacements des bornes de recharge [&hellip;]","og_url":"https:\/\/territorialchallenges.com\/pt\/2023\/11\/06\/pays-bas-le-modele-economique-de-la-recharge-des-voitures-electriques-a-laeroport-de-schiphol\/121694\/","og_site_name":"Territorial Challenges","article_published_time":"2023-11-06T10:37:15+00:00","article_modified_time":"2023-11-06T10:37:17+00:00","og_image":[{"width":1280,"height":851,"url":"https:\/\/territorialchallenges.com\/wp-content\/uploads\/2023\/11\/Transitionenergieschiphol.jpg","type":"image\/jpeg"}],"author":"ni.abdi","twitter_card":"summary_large_image","twitter_creator":"@Ni.abdi","twitter_misc":{"Escrito por":"ni.abdi","Tempo estimado de leitura":"4 minutos"},"schema":{"@context":"https:\/\/schema.org","@graph":[{"@type":"Article","@id":"https:\/\/territorialchallenges.com\/2023\/11\/06\/pays-bas-le-modele-economique-de-la-recharge-des-voitures-electriques-a-laeroport-de-schiphol\/121694\/#article","isPartOf":{"@id":"https:\/\/territorialchallenges.com\/2023\/11\/06\/pays-bas-le-modele-economique-de-la-recharge-des-voitures-electriques-a-laeroport-de-schiphol\/121694\/"},"author":{"name":"ni.abdi","@id":"https:\/\/territorialchallenges.com\/#\/schema\/person\/098f145c7c61a021c425e010f840080f"},"headline":"Pays-Bas: Le mod\u00e8le \u00e9conomique de la recharge des voitures \u00e9lectriques \u00e0 l&rsquo;a\u00e9roport de Schiphol","datePublished":"2023-11-06T10:37:15+00:00","dateModified":"2023-11-06T10:37:17+00:00","mainEntityOfPage":{"@id":"https:\/\/territorialchallenges.com\/2023\/11\/06\/pays-bas-le-modele-economique-de-la-recharge-des-voitures-electriques-a-laeroport-de-schiphol\/121694\/"},"wordCount":806,"commentCount":0,"publisher":{"@id":"https:\/\/territorialchallenges.com\/#organization"},"articleSection":["Transition \u00c9nerg\u00e9tique","Actualit\u00e9 Europe"],"inLanguage":"pt-PT"},{"@type":"WebPage","@id":"https:\/\/territorialchallenges.com\/2023\/11\/06\/pays-bas-le-modele-economique-de-la-recharge-des-voitures-electriques-a-laeroport-de-schiphol\/121694\/","url":"https:\/\/territorialchallenges.com\/2023\/11\/06\/pays-bas-le-modele-economique-de-la-recharge-des-voitures-electriques-a-laeroport-de-schiphol\/121694\/","name":"Pays-Bas: Le mod\u00e8le \u00e9conomique de la recharge des voitures \u00e9lectriques \u00e0 l'a\u00e9roport de Schiphol - Territorial Challenges","isPartOf":{"@id":"https:\/\/territorialchallenges.com\/#website"},"datePublished":"2023-11-06T10:37:15+00:00","dateModified":"2023-11-06T10:37:17+00:00","breadcrumb":{"@id":"https:\/\/territorialchallenges.com\/2023\/11\/06\/pays-bas-le-modele-economique-de-la-recharge-des-voitures-electriques-a-laeroport-de-schiphol\/121694\/#breadcrumb"},"inLanguage":"pt-PT","potentialAction":[{"@type":"ReadAction","target":["https:\/\/territorialchallenges.com\/2023\/11\/06\/pays-bas-le-modele-economique-de-la-recharge-des-voitures-electriques-a-laeroport-de-schiphol\/121694\/"]}]},{"@type":"BreadcrumbList","@id":"https:\/\/territorialchallenges.com\/2023\/11\/06\/pays-bas-le-modele-economique-de-la-recharge-des-voitures-electriques-a-laeroport-de-schiphol\/121694\/#breadcrumb","itemListElement":[{"@type":"ListItem","position":1,"name":"Home","item":"https:\/\/territorialchallenges.com\/"},{"@type":"ListItem","position":2,"name":"Pays-Bas: Le mod\u00e8le \u00e9conomique de la recharge des voitures \u00e9lectriques \u00e0 l&rsquo;a\u00e9roport de Schiphol"}]},{"@type":"WebSite","@id":"https:\/\/territorialchallenges.com\/#website","url":"https:\/\/territorialchallenges.com\/","name":"Desafios territoriais","description":"Monitoramento Internacional - Estrat\u00e9gias Inteligentes - Melhores Pr\u00e1ticas","publisher":{"@id":"https:\/\/territorialchallenges.com\/#organization"},"potentialAction":[{"@type":"SearchAction","target":{"@type":"EntryPoint","urlTemplate":"https:\/\/territorialchallenges.com\/?s={search_term_string}"},"query-input":"required name=search_term_string"}],"inLanguage":"pt-PT"},{"@type":"Organization","@id":"https:\/\/territorialchallenges.com\/#organization","name":"Desafios territoriais","url":"https:\/\/territorialchallenges.com\/","logo":{"@type":"ImageObject","inLanguage":"pt-PT","@id":"https:\/\/territorialchallenges.com\/#\/schema\/logo\/image\/","url":"https:\/\/territorialchallenges.com\/wp-content\/uploads\/2023\/10\/logo-1.png","contentUrl":"https:\/\/territorialchallenges.com\/wp-content\/uploads\/2023\/10\/logo-1.png","width":1832,"height":576,"caption":"Territorial Challenges"},"image":{"@id":"https:\/\/territorialchallenges.com\/#\/schema\/logo\/image\/"}},{"@type":"Person","@id":"https:\/\/territorialchallenges.com\/#\/schema\/person\/098f145c7c61a021c425e010f840080f","name":"ni.abdi","image":{"@type":"ImageObject","inLanguage":"pt-PT","@id":"https:\/\/territorialchallenges.com\/#\/schema\/person\/image\/","url":"https:\/\/secure.gravatar.com\/avatar\/2a2f2491f3c80039986ba989b1e4b510?s=96&d=identicon&r=g","contentUrl":"https:\/\/secure.gravatar.com\/avatar\/2a2f2491f3c80039986ba989b1e4b510?s=96&d=identicon&r=g","caption":"ni.abdi"},"sameAs":["https:\/\/twitter.com\/Ni.abdi"],"url":"https:\/\/territorialchallenges.com\/pt\/author\/ni-abdi\/"}]}},"_links":{"self":[{"href":"https:\/\/territorialchallenges.com\/pt\/wp-json\/wp\/v2\/posts\/121694"}],"collection":[{"href":"https:\/\/territorialchallenges.com\/pt\/wp-json\/wp\/v2\/posts"}],"about":[{"href":"https:\/\/territorialchallenges.com\/pt\/wp-json\/wp\/v2\/types\/post"}],"author":[{"embeddable":true,"href":"https:\/\/territorialchallenges.com\/pt\/wp-json\/wp\/v2\/users\/11"}],"replies":[{"embeddable":true,"href":"https:\/\/territorialchallenges.com\/pt\/wp-json\/wp\/v2\/comments?post=121694"}],"version-history":[{"count":1,"href":"https:\/\/territorialchallenges.com\/pt\/wp-json\/wp\/v2\/posts\/121694\/revisions"}],"predecessor-version":[{"id":121697,"href":"https:\/\/territorialchallenges.com\/pt\/wp-json\/wp\/v2\/posts\/121694\/revisions\/121697"}],"wp:featuredmedia":[{"embeddable":true,"href":"https:\/\/territorialchallenges.com\/pt\/wp-json\/wp\/v2\/media\/121696"}],"wp:attachment":[{"href":"https:\/\/territorialchallenges.com\/pt\/wp-json\/wp\/v2\/media?parent=121694"}],"wp:term":[{"taxonomy":"category","embeddable":true,"href":"https:\/\/territorialchallenges.com\/pt\/wp-json\/wp\/v2\/categories?post=121694"},{"taxonomy":"post_tag","embeddable":true,"href":"https:\/\/territorialchallenges.com\/pt\/wp-json\/wp\/v2\/tags?post=121694"}],"curies":[{"name":"wp","href":"https:\/\/api.w.org\/{rel}","templated":true}]}}