{"id":121648,"date":"2023-10-27T22:12:41","date_gmt":"2023-10-27T20:12:41","guid":{"rendered":"https:\/\/territorialchallenges.com\/?p=121648"},"modified":"2023-10-27T22:12:42","modified_gmt":"2023-10-27T20:12:42","slug":"le-salon-smart-city-expo-world-congress-2023-linnovation-urbaine-a-lhonneur","status":"publish","type":"post","link":"https:\/\/territorialchallenges.com\/pt\/2023\/10\/27\/le-salon-smart-city-expo-world-congress-2023-linnovation-urbaine-a-lhonneur\/121648\/","title":{"rendered":"Smart City Expo World Congress 2023: Inova\u00e7\u00e3o Urbana em Destaque"},"content":{"rendered":"<p>De 7 a 9 de novembro de 2023, Barcelona sediar\u00e1 a maior vitrine mundial de inova\u00e7\u00e3o urbana, o Smart City Expo World Congress. Com um n\u00famero recorde de expositores, palestrantes renomados e solu\u00e7\u00f5es inovadoras, este evento promete ser um catalisador para a transforma\u00e7\u00e3o das cidades rumo a um futuro mais sustent\u00e1vel e prazeroso. O Smart City Expo\u2026 <\/p>\n<div class=\"pmpro_content_message\">Artigo dispon\u00edvel somente para assinantes.<br \/><a href=\"https:\/\/territorialchallenges.com\/wp-login.php\">Conecte-se<\/a><br \/><a href=\"https:\/\/territorialchallenges.com\/pt\/wp-login.php\/?action=register\">Registrar<\/a><\/div>","protected":false},"excerpt":{"rendered":"<p>Du 7 au 9 novembre 2023, Barcelone accueille la plus grande vitrine mondiale de l&rsquo;innovation urbaine, le Smart City Expo World Congress. Avec un record d&rsquo;exposants, de conf\u00e9renciers de renom et des solutions novatrices, cet \u00e9v\u00e9nement promet d&rsquo;\u00eatre un catalyseur pour la transformation des villes vers un avenir plus durable et agr\u00e9able. Le salon Smart... <\/p>\n<div class=\"pmpro_content_message\">Artigo dispon\u00edvel somente para assinantes.<br \/><a href=\"https:\/\/territorialchallenges.com\/wp-login.php\">Conecte-se<\/a><br \/><a href=\"https:\/\/territorialchallenges.com\/pt\/wp-login.php\/?action=register\">Registrar<\/a><\/div>","protected":false},"author":11,"featured_media":121649,"comment_status":"open","ping_status":"open","sticky":true,"template":"","format":"standard","meta":{"pmpro_default_level":0,"footnotes":""},"categories":[19,127],"tags":[],"blocksy_meta":"","yoast_head":"<!-- This site is optimized with the Yoast SEO plugin v21.5 - https:\/\/yoast.com\/wordpress\/plugins\/seo\/ -->\n<title>Le Salon Smart City Expo World Congress 2023 : L&#039;innovation urbaine \u00e0 l&#039;honneur - Territorial Challenges<\/title>\n<meta name=\"robots\" content=\"index, follow, max-snippet:-1, max-image-preview:large, max-video-preview:-1\" \/>\n<link rel=\"canonical\" href=\"https:\/\/territorialchallenges.com\/pt\/2023\/10\/27\/le-salon-smart-city-expo-world-congress-2023-linnovation-urbaine-a-lhonneur\/121648\/\" \/>\n<meta property=\"og:locale\" content=\"pt_PT\" \/>\n<meta property=\"og:type\" content=\"article\" \/>\n<meta property=\"og:title\" content=\"Le Salon Smart City Expo World Congress 2023 : L&#039;innovation urbaine \u00e0 l&#039;honneur - Territorial Challenges\" \/>\n<meta property=\"og:description\" content=\"Du 7 au 9 novembre 2023, Barcelone accueille la plus grande vitrine mondiale de l&rsquo;innovation urbaine, le Smart City Expo World Congress. Avec un record d&rsquo;exposants, de conf\u00e9renciers de renom et des solutions novatrices, cet \u00e9v\u00e9nement promet d&rsquo;\u00eatre un catalyseur pour la transformation des villes vers un avenir plus durable et agr\u00e9able. Le salon Smart [&hellip;]\" \/>\n<meta property=\"og:url\" content=\"https:\/\/territorialchallenges.com\/pt\/2023\/10\/27\/le-salon-smart-city-expo-world-congress-2023-linnovation-urbaine-a-lhonneur\/121648\/\" \/>\n<meta property=\"og:site_name\" content=\"Territorial Challenges\" \/>\n<meta property=\"article:published_time\" content=\"2023-10-27T20:12:41+00:00\" \/>\n<meta property=\"article:modified_time\" content=\"2023-10-27T20:12:42+00:00\" \/>\n<meta property=\"og:image\" content=\"https:\/\/territorialchallenges.com\/wp-content\/uploads\/2023\/10\/smartcitiesCongressBarcelona.photo_.jpg\" \/>\n\t<meta property=\"og:image:width\" content=\"1920\" \/>\n\t<meta property=\"og:image:height\" content=\"1280\" \/>\n\t<meta property=\"og:image:type\" content=\"image\/jpeg\" \/>\n<meta name=\"author\" content=\"ni.abdi\" \/>\n<meta name=\"twitter:card\" content=\"summary_large_image\" \/>\n<meta name=\"twitter:creator\" content=\"@Ni.abdi\" \/>\n<meta name=\"twitter:label1\" content=\"Escrito por\" \/>\n\t<meta name=\"twitter:data1\" content=\"ni.abdi\" \/>\n\t<meta name=\"twitter:label2\" content=\"Tempo estimado de leitura\" \/>\n\t<meta name=\"twitter:data2\" content=\"4 minutos\" \/>\n<script type=\"application\/ld+json\" class=\"yoast-schema-graph\">{\"@context\":\"https:\/\/schema.org\",\"@graph\":[{\"@type\":\"Article\",\"@id\":\"https:\/\/territorialchallenges.com\/2023\/10\/27\/le-salon-smart-city-expo-world-congress-2023-linnovation-urbaine-a-lhonneur\/121648\/#article\",\"isPartOf\":{\"@id\":\"https:\/\/territorialchallenges.com\/2023\/10\/27\/le-salon-smart-city-expo-world-congress-2023-linnovation-urbaine-a-lhonneur\/121648\/\"},\"author\":{\"name\":\"ni.abdi\",\"@id\":\"https:\/\/territorialchallenges.com\/#\/schema\/person\/098f145c7c61a021c425e010f840080f\"},\"headline\":\"Le Salon Smart City Expo World Congress 2023 : L&rsquo;innovation urbaine \u00e0 l&rsquo;honneur\",\"datePublished\":\"2023-10-27T20:12:41+00:00\",\"dateModified\":\"2023-10-27T20:12:42+00:00\",\"mainEntityOfPage\":{\"@id\":\"https:\/\/territorialchallenges.com\/2023\/10\/27\/le-salon-smart-city-expo-world-congress-2023-linnovation-urbaine-a-lhonneur\/121648\/\"},\"wordCount\":764,\"commentCount\":0,\"publisher\":{\"@id\":\"https:\/\/territorialchallenges.com\/#organization\"},\"articleSection\":[\"Territoires Intelligents\",\"Actualit\u00e9 Europe\"],\"inLanguage\":\"pt-PT\"},{\"@type\":\"WebPage\",\"@id\":\"https:\/\/territorialchallenges.com\/2023\/10\/27\/le-salon-smart-city-expo-world-congress-2023-linnovation-urbaine-a-lhonneur\/121648\/\",\"url\":\"https:\/\/territorialchallenges.com\/2023\/10\/27\/le-salon-smart-city-expo-world-congress-2023-linnovation-urbaine-a-lhonneur\/121648\/\",\"name\":\"Le Salon Smart City Expo World Congress 2023 : L'innovation urbaine \u00e0 l'honneur - Territorial Challenges\",\"isPartOf\":{\"@id\":\"https:\/\/territorialchallenges.com\/#website\"},\"datePublished\":\"2023-10-27T20:12:41+00:00\",\"dateModified\":\"2023-10-27T20:12:42+00:00\",\"breadcrumb\":{\"@id\":\"https:\/\/territorialchallenges.com\/2023\/10\/27\/le-salon-smart-city-expo-world-congress-2023-linnovation-urbaine-a-lhonneur\/121648\/#breadcrumb\"},\"inLanguage\":\"pt-PT\",\"potentialAction\":[{\"@type\":\"ReadAction\",\"target\":[\"https:\/\/territorialchallenges.com\/2023\/10\/27\/le-salon-smart-city-expo-world-congress-2023-linnovation-urbaine-a-lhonneur\/121648\/\"]}]},{\"@type\":\"BreadcrumbList\",\"@id\":\"https:\/\/territorialchallenges.com\/2023\/10\/27\/le-salon-smart-city-expo-world-congress-2023-linnovation-urbaine-a-lhonneur\/121648\/#breadcrumb\",\"itemListElement\":[{\"@type\":\"ListItem\",\"position\":1,\"name\":\"Home\",\"item\":\"https:\/\/territorialchallenges.com\/\"},{\"@type\":\"ListItem\",\"position\":2,\"name\":\"Le Salon Smart City Expo World Congress 2023 : L&rsquo;innovation urbaine \u00e0 l&rsquo;honneur\"}]},{\"@type\":\"WebSite\",\"@id\":\"https:\/\/territorialchallenges.com\/#website\",\"url\":\"https:\/\/territorialchallenges.com\/\",\"name\":\"Territorial Challenges\",\"description\":\"Veille Internationale - Strat\u00e9gie Intelligentes - Bonnes pratiques\",\"publisher\":{\"@id\":\"https:\/\/territorialchallenges.com\/#organization\"},\"potentialAction\":[{\"@type\":\"SearchAction\",\"target\":{\"@type\":\"EntryPoint\",\"urlTemplate\":\"https:\/\/territorialchallenges.com\/?s={search_term_string}\"},\"query-input\":\"required name=search_term_string\"}],\"inLanguage\":\"pt-PT\"},{\"@type\":\"Organization\",\"@id\":\"https:\/\/territorialchallenges.com\/#organization\",\"name\":\"Territorial Challenges\",\"url\":\"https:\/\/territorialchallenges.com\/\",\"logo\":{\"@type\":\"ImageObject\",\"inLanguage\":\"pt-PT\",\"@id\":\"https:\/\/territorialchallenges.com\/#\/schema\/logo\/image\/\",\"url\":\"https:\/\/territorialchallenges.com\/wp-content\/uploads\/2023\/10\/logo-1.png\",\"contentUrl\":\"https:\/\/territorialchallenges.com\/wp-content\/uploads\/2023\/10\/logo-1.png\",\"width\":1832,\"height\":576,\"caption\":\"Territorial Challenges\"},\"image\":{\"@id\":\"https:\/\/territorialchallenges.com\/#\/schema\/logo\/image\/\"}},{\"@type\":\"Person\",\"@id\":\"https:\/\/territorialchallenges.com\/#\/schema\/person\/098f145c7c61a021c425e010f840080f\",\"name\":\"ni.abdi\",\"image\":{\"@type\":\"ImageObject\",\"inLanguage\":\"pt-PT\",\"@id\":\"https:\/\/territorialchallenges.com\/#\/schema\/person\/image\/\",\"url\":\"https:\/\/secure.gravatar.com\/avatar\/2a2f2491f3c80039986ba989b1e4b510?s=96&d=identicon&r=g\",\"contentUrl\":\"https:\/\/secure.gravatar.com\/avatar\/2a2f2491f3c80039986ba989b1e4b510?s=96&d=identicon&r=g\",\"caption\":\"ni.abdi\"},\"sameAs\":[\"https:\/\/twitter.com\/Ni.abdi\"],\"url\":\"https:\/\/territorialchallenges.com\/pt\/author\/ni-abdi\/\"}]}<\/script>\n<!-- \/ Yoast SEO plugin. -->","yoast_head_json":{"title":"Le Salon Smart City Expo World Congress 2023 : L'innovation urbaine \u00e0 l'honneur - Territorial Challenges","robots":{"index":"index","follow":"follow","max-snippet":"max-snippet:-1","max-image-preview":"max-image-preview:large","max-video-preview":"max-video-preview:-1"},"canonical":"https:\/\/territorialchallenges.com\/pt\/2023\/10\/27\/le-salon-smart-city-expo-world-congress-2023-linnovation-urbaine-a-lhonneur\/121648\/","og_locale":"pt_PT","og_type":"article","og_title":"Le Salon Smart City Expo World Congress 2023 : L'innovation urbaine \u00e0 l'honneur - Territorial Challenges","og_description":"Du 7 au 9 novembre 2023, Barcelone accueille la plus grande vitrine mondiale de l&rsquo;innovation urbaine, le Smart City Expo World Congress. Avec un record d&rsquo;exposants, de conf\u00e9renciers de renom et des solutions novatrices, cet \u00e9v\u00e9nement promet d&rsquo;\u00eatre un catalyseur pour la transformation des villes vers un avenir plus durable et agr\u00e9able. Le salon Smart [&hellip;]","og_url":"https:\/\/territorialchallenges.com\/pt\/2023\/10\/27\/le-salon-smart-city-expo-world-congress-2023-linnovation-urbaine-a-lhonneur\/121648\/","og_site_name":"Territorial Challenges","article_published_time":"2023-10-27T20:12:41+00:00","article_modified_time":"2023-10-27T20:12:42+00:00","og_image":[{"width":1920,"height":1280,"url":"https:\/\/territorialchallenges.com\/wp-content\/uploads\/2023\/10\/smartcitiesCongressBarcelona.photo_.jpg","type":"image\/jpeg"}],"author":"ni.abdi","twitter_card":"summary_large_image","twitter_creator":"@Ni.abdi","twitter_misc":{"Escrito por":"ni.abdi","Tempo estimado de leitura":"4 minutos"},"schema":{"@context":"https:\/\/schema.org","@graph":[{"@type":"Article","@id":"https:\/\/territorialchallenges.com\/2023\/10\/27\/le-salon-smart-city-expo-world-congress-2023-linnovation-urbaine-a-lhonneur\/121648\/#article","isPartOf":{"@id":"https:\/\/territorialchallenges.com\/2023\/10\/27\/le-salon-smart-city-expo-world-congress-2023-linnovation-urbaine-a-lhonneur\/121648\/"},"author":{"name":"ni.abdi","@id":"https:\/\/territorialchallenges.com\/#\/schema\/person\/098f145c7c61a021c425e010f840080f"},"headline":"Le Salon Smart City Expo World Congress 2023 : L&rsquo;innovation urbaine \u00e0 l&rsquo;honneur","datePublished":"2023-10-27T20:12:41+00:00","dateModified":"2023-10-27T20:12:42+00:00","mainEntityOfPage":{"@id":"https:\/\/territorialchallenges.com\/2023\/10\/27\/le-salon-smart-city-expo-world-congress-2023-linnovation-urbaine-a-lhonneur\/121648\/"},"wordCount":764,"commentCount":0,"publisher":{"@id":"https:\/\/territorialchallenges.com\/#organization"},"articleSection":["Territoires Intelligents","Actualit\u00e9 Europe"],"inLanguage":"pt-PT"},{"@type":"WebPage","@id":"https:\/\/territorialchallenges.com\/2023\/10\/27\/le-salon-smart-city-expo-world-congress-2023-linnovation-urbaine-a-lhonneur\/121648\/","url":"https:\/\/territorialchallenges.com\/2023\/10\/27\/le-salon-smart-city-expo-world-congress-2023-linnovation-urbaine-a-lhonneur\/121648\/","name":"Le Salon Smart City Expo World Congress 2023 : L'innovation urbaine \u00e0 l'honneur - Territorial Challenges","isPartOf":{"@id":"https:\/\/territorialchallenges.com\/#website"},"datePublished":"2023-10-27T20:12:41+00:00","dateModified":"2023-10-27T20:12:42+00:00","breadcrumb":{"@id":"https:\/\/territorialchallenges.com\/2023\/10\/27\/le-salon-smart-city-expo-world-congress-2023-linnovation-urbaine-a-lhonneur\/121648\/#breadcrumb"},"inLanguage":"pt-PT","potentialAction":[{"@type":"ReadAction","target":["https:\/\/territorialchallenges.com\/2023\/10\/27\/le-salon-smart-city-expo-world-congress-2023-linnovation-urbaine-a-lhonneur\/121648\/"]}]},{"@type":"BreadcrumbList","@id":"https:\/\/territorialchallenges.com\/2023\/10\/27\/le-salon-smart-city-expo-world-congress-2023-linnovation-urbaine-a-lhonneur\/121648\/#breadcrumb","itemListElement":[{"@type":"ListItem","position":1,"name":"Home","item":"https:\/\/territorialchallenges.com\/"},{"@type":"ListItem","position":2,"name":"Le Salon Smart City Expo World Congress 2023 : L&rsquo;innovation urbaine \u00e0 l&rsquo;honneur"}]},{"@type":"WebSite","@id":"https:\/\/territorialchallenges.com\/#website","url":"https:\/\/territorialchallenges.com\/","name":"Desafios territoriais","description":"Monitoramento Internacional - Estrat\u00e9gias Inteligentes - Melhores Pr\u00e1ticas","publisher":{"@id":"https:\/\/territorialchallenges.com\/#organization"},"potentialAction":[{"@type":"SearchAction","target":{"@type":"EntryPoint","urlTemplate":"https:\/\/territorialchallenges.com\/?s={search_term_string}"},"query-input":"required name=search_term_string"}],"inLanguage":"pt-PT"},{"@type":"Organization","@id":"https:\/\/territorialchallenges.com\/#organization","name":"Desafios territoriais","url":"https:\/\/territorialchallenges.com\/","logo":{"@type":"ImageObject","inLanguage":"pt-PT","@id":"https:\/\/territorialchallenges.com\/#\/schema\/logo\/image\/","url":"https:\/\/territorialchallenges.com\/wp-content\/uploads\/2023\/10\/logo-1.png","contentUrl":"https:\/\/territorialchallenges.com\/wp-content\/uploads\/2023\/10\/logo-1.png","width":1832,"height":576,"caption":"Territorial Challenges"},"image":{"@id":"https:\/\/territorialchallenges.com\/#\/schema\/logo\/image\/"}},{"@type":"Person","@id":"https:\/\/territorialchallenges.com\/#\/schema\/person\/098f145c7c61a021c425e010f840080f","name":"ni.abdi","image":{"@type":"ImageObject","inLanguage":"pt-PT","@id":"https:\/\/territorialchallenges.com\/#\/schema\/person\/image\/","url":"https:\/\/secure.gravatar.com\/avatar\/2a2f2491f3c80039986ba989b1e4b510?s=96&d=identicon&r=g","contentUrl":"https:\/\/secure.gravatar.com\/avatar\/2a2f2491f3c80039986ba989b1e4b510?s=96&d=identicon&r=g","caption":"ni.abdi"},"sameAs":["https:\/\/twitter.com\/Ni.abdi"],"url":"https:\/\/territorialchallenges.com\/pt\/author\/ni-abdi\/"}]}},"_links":{"self":[{"href":"https:\/\/territorialchallenges.com\/pt\/wp-json\/wp\/v2\/posts\/121648"}],"collection":[{"href":"https:\/\/territorialchallenges.com\/pt\/wp-json\/wp\/v2\/posts"}],"about":[{"href":"https:\/\/territorialchallenges.com\/pt\/wp-json\/wp\/v2\/types\/post"}],"author":[{"embeddable":true,"href":"https:\/\/territorialchallenges.com\/pt\/wp-json\/wp\/v2\/users\/11"}],"replies":[{"embeddable":true,"href":"https:\/\/territorialchallenges.com\/pt\/wp-json\/wp\/v2\/comments?post=121648"}],"version-history":[{"count":1,"href":"https:\/\/territorialchallenges.com\/pt\/wp-json\/wp\/v2\/posts\/121648\/revisions"}],"predecessor-version":[{"id":121650,"href":"https:\/\/territorialchallenges.com\/pt\/wp-json\/wp\/v2\/posts\/121648\/revisions\/121650"}],"wp:featuredmedia":[{"embeddable":true,"href":"https:\/\/territorialchallenges.com\/pt\/wp-json\/wp\/v2\/media\/121649"}],"wp:attachment":[{"href":"https:\/\/territorialchallenges.com\/pt\/wp-json\/wp\/v2\/media?parent=121648"}],"wp:term":[{"taxonomy":"category","embeddable":true,"href":"https:\/\/territorialchallenges.com\/pt\/wp-json\/wp\/v2\/categories?post=121648"},{"taxonomy":"post_tag","embeddable":true,"href":"https:\/\/territorialchallenges.com\/pt\/wp-json\/wp\/v2\/tags?post=121648"}],"curies":[{"name":"wp","href":"https:\/\/api.w.org\/{rel}","templated":true}]}}