{"id":121642,"date":"2023-10-27T22:07:23","date_gmt":"2023-10-27T20:07:23","guid":{"rendered":"https:\/\/territorialchallenges.com\/?p=121642"},"modified":"2023-10-27T22:07:25","modified_gmt":"2023-10-27T20:07:25","slug":"moratoire-sur-lenergie-renouvelable-en-alberta-les-municipalites-sopposent-a-la-decision-du-gouvernement","status":"publish","type":"post","link":"https:\/\/territorialchallenges.com\/pt\/2023\/10\/27\/moratoire-sur-lenergie-renouvelable-en-alberta-les-municipalites-sopposent-a-la-decision-du-gouvernement\/121642\/","title":{"rendered":"Morat\u00f3ria de energia renov\u00e1vel em Alberta: Munic\u00edpios se op\u00f5em \u00e0 decis\u00e3o do governo"},"content":{"rendered":"<p>Munic\u00edpios no sul de Alberta est\u00e3o se mobilizando para se opor \u00e0 morat\u00f3ria governamental de seis meses sobre novos projetos de energia renov\u00e1vel. Uma an\u00e1lise revela que esses munic\u00edpios est\u00e3o arrecadando milh\u00f5es de d\u00f3lares em impostos com esses projetos, destacando sua import\u00e2ncia para as comunidades locais. Alberta, a prov\u00edncia canadense no\u2026 <\/p>\n<div class=\"pmpro_content_message\">Artigo dispon\u00edvel somente para assinantes.<br \/><a href=\"https:\/\/territorialchallenges.com\/wp-login.php\">Conecte-se<\/a><br \/><a href=\"https:\/\/territorialchallenges.com\/pt\/wp-login.php\/?action=register\">Registrar<\/a><\/div>","protected":false},"excerpt":{"rendered":"<p>Les municipalit\u00e9s du sud de l&rsquo;Alberta se mobilisent pour s&rsquo;opposer au moratoire de six mois impos\u00e9 par le gouvernement sur les nouveaux projets d&rsquo;\u00e9nergie renouvelable. Une analyse r\u00e9v\u00e8le que ces municipalit\u00e9s per\u00e7oivent des millions de dollars en taxes gr\u00e2ce \u00e0 ces projets, faisant ainsi valoir leur importance pour les collectivit\u00e9s locales. L&rsquo;Alberta, province canadienne au... <\/p>\n<div class=\"pmpro_content_message\">Artigo dispon\u00edvel somente para assinantes.<br \/><a href=\"https:\/\/territorialchallenges.com\/wp-login.php\">Conecte-se<\/a><br \/><a href=\"https:\/\/territorialchallenges.com\/pt\/wp-login.php\/?action=register\">Registrar<\/a><\/div>","protected":false},"author":11,"featured_media":121645,"comment_status":"open","ping_status":"open","sticky":true,"template":"","format":"standard","meta":{"pmpro_default_level":0,"footnotes":""},"categories":[18,124],"tags":[],"blocksy_meta":"","yoast_head":"<!-- This site is optimized with the Yoast SEO plugin v21.5 - https:\/\/yoast.com\/wordpress\/plugins\/seo\/ -->\n<title>Moratoire sur l&#039;\u00e9nergie renouvelable en Alberta : les municipalit\u00e9s s&#039;opposent \u00e0 la d\u00e9cision du gouvernement - Territorial Challenges<\/title>\n<meta name=\"robots\" content=\"index, follow, max-snippet:-1, max-image-preview:large, max-video-preview:-1\" \/>\n<link rel=\"canonical\" href=\"https:\/\/territorialchallenges.com\/pt\/2023\/10\/27\/moratoire-sur-lenergie-renouvelable-en-alberta-les-municipalites-sopposent-a-la-decision-du-gouvernement\/121642\/\" \/>\n<meta property=\"og:locale\" content=\"pt_PT\" \/>\n<meta property=\"og:type\" content=\"article\" \/>\n<meta property=\"og:title\" content=\"Moratoire sur l&#039;\u00e9nergie renouvelable en Alberta : les municipalit\u00e9s s&#039;opposent \u00e0 la d\u00e9cision du gouvernement - Territorial Challenges\" \/>\n<meta property=\"og:description\" content=\"Les municipalit\u00e9s du sud de l&rsquo;Alberta se mobilisent pour s&rsquo;opposer au moratoire de six mois impos\u00e9 par le gouvernement sur les nouveaux projets d&rsquo;\u00e9nergie renouvelable. Une analyse r\u00e9v\u00e8le que ces municipalit\u00e9s per\u00e7oivent des millions de dollars en taxes gr\u00e2ce \u00e0 ces projets, faisant ainsi valoir leur importance pour les collectivit\u00e9s locales. L&rsquo;Alberta, province canadienne au [&hellip;]\" \/>\n<meta property=\"og:url\" content=\"https:\/\/territorialchallenges.com\/pt\/2023\/10\/27\/moratoire-sur-lenergie-renouvelable-en-alberta-les-municipalites-sopposent-a-la-decision-du-gouvernement\/121642\/\" \/>\n<meta property=\"og:site_name\" content=\"Territorial Challenges\" \/>\n<meta property=\"article:published_time\" content=\"2023-10-27T20:07:23+00:00\" \/>\n<meta property=\"article:modified_time\" content=\"2023-10-27T20:07:25+00:00\" \/>\n<meta property=\"og:image\" content=\"https:\/\/territorialchallenges.com\/wp-content\/uploads\/2023\/10\/transitionenergetique25.10Alberta.jpg\" \/>\n\t<meta property=\"og:image:width\" content=\"1280\" \/>\n\t<meta property=\"og:image:height\" content=\"629\" \/>\n\t<meta property=\"og:image:type\" content=\"image\/jpeg\" \/>\n<meta name=\"author\" content=\"ni.abdi\" \/>\n<meta name=\"twitter:card\" content=\"summary_large_image\" \/>\n<meta name=\"twitter:creator\" content=\"@Ni.abdi\" \/>\n<meta name=\"twitter:label1\" content=\"Escrito por\" \/>\n\t<meta name=\"twitter:data1\" content=\"ni.abdi\" \/>\n\t<meta name=\"twitter:label2\" content=\"Tempo estimado de leitura\" \/>\n\t<meta name=\"twitter:data2\" content=\"4 minutos\" \/>\n<script type=\"application\/ld+json\" class=\"yoast-schema-graph\">{\"@context\":\"https:\/\/schema.org\",\"@graph\":[{\"@type\":\"Article\",\"@id\":\"https:\/\/territorialchallenges.com\/2023\/10\/27\/moratoire-sur-lenergie-renouvelable-en-alberta-les-municipalites-sopposent-a-la-decision-du-gouvernement\/121642\/#article\",\"isPartOf\":{\"@id\":\"https:\/\/territorialchallenges.com\/2023\/10\/27\/moratoire-sur-lenergie-renouvelable-en-alberta-les-municipalites-sopposent-a-la-decision-du-gouvernement\/121642\/\"},\"author\":{\"name\":\"ni.abdi\",\"@id\":\"https:\/\/territorialchallenges.com\/#\/schema\/person\/098f145c7c61a021c425e010f840080f\"},\"headline\":\"Moratoire sur l&rsquo;\u00e9nergie renouvelable en Alberta : les municipalit\u00e9s s&rsquo;opposent \u00e0 la d\u00e9cision du gouvernement\",\"datePublished\":\"2023-10-27T20:07:23+00:00\",\"dateModified\":\"2023-10-27T20:07:25+00:00\",\"mainEntityOfPage\":{\"@id\":\"https:\/\/territorialchallenges.com\/2023\/10\/27\/moratoire-sur-lenergie-renouvelable-en-alberta-les-municipalites-sopposent-a-la-decision-du-gouvernement\/121642\/\"},\"wordCount\":683,\"commentCount\":0,\"publisher\":{\"@id\":\"https:\/\/territorialchallenges.com\/#organization\"},\"articleSection\":[\"Transition \u00c9nerg\u00e9tique\",\"Actualit\u00e9 internationale\"],\"inLanguage\":\"pt-PT\"},{\"@type\":\"WebPage\",\"@id\":\"https:\/\/territorialchallenges.com\/2023\/10\/27\/moratoire-sur-lenergie-renouvelable-en-alberta-les-municipalites-sopposent-a-la-decision-du-gouvernement\/121642\/\",\"url\":\"https:\/\/territorialchallenges.com\/2023\/10\/27\/moratoire-sur-lenergie-renouvelable-en-alberta-les-municipalites-sopposent-a-la-decision-du-gouvernement\/121642\/\",\"name\":\"Moratoire sur l'\u00e9nergie renouvelable en Alberta : les municipalit\u00e9s s'opposent \u00e0 la d\u00e9cision du gouvernement - Territorial Challenges\",\"isPartOf\":{\"@id\":\"https:\/\/territorialchallenges.com\/#website\"},\"datePublished\":\"2023-10-27T20:07:23+00:00\",\"dateModified\":\"2023-10-27T20:07:25+00:00\",\"breadcrumb\":{\"@id\":\"https:\/\/territorialchallenges.com\/2023\/10\/27\/moratoire-sur-lenergie-renouvelable-en-alberta-les-municipalites-sopposent-a-la-decision-du-gouvernement\/121642\/#breadcrumb\"},\"inLanguage\":\"pt-PT\",\"potentialAction\":[{\"@type\":\"ReadAction\",\"target\":[\"https:\/\/territorialchallenges.com\/2023\/10\/27\/moratoire-sur-lenergie-renouvelable-en-alberta-les-municipalites-sopposent-a-la-decision-du-gouvernement\/121642\/\"]}]},{\"@type\":\"BreadcrumbList\",\"@id\":\"https:\/\/territorialchallenges.com\/2023\/10\/27\/moratoire-sur-lenergie-renouvelable-en-alberta-les-municipalites-sopposent-a-la-decision-du-gouvernement\/121642\/#breadcrumb\",\"itemListElement\":[{\"@type\":\"ListItem\",\"position\":1,\"name\":\"Home\",\"item\":\"https:\/\/territorialchallenges.com\/\"},{\"@type\":\"ListItem\",\"position\":2,\"name\":\"Moratoire sur l&rsquo;\u00e9nergie renouvelable en Alberta : les municipalit\u00e9s s&rsquo;opposent \u00e0 la d\u00e9cision du gouvernement\"}]},{\"@type\":\"WebSite\",\"@id\":\"https:\/\/territorialchallenges.com\/#website\",\"url\":\"https:\/\/territorialchallenges.com\/\",\"name\":\"Territorial Challenges\",\"description\":\"Veille Internationale - Strat\u00e9gie Intelligentes - Bonnes pratiques\",\"publisher\":{\"@id\":\"https:\/\/territorialchallenges.com\/#organization\"},\"potentialAction\":[{\"@type\":\"SearchAction\",\"target\":{\"@type\":\"EntryPoint\",\"urlTemplate\":\"https:\/\/territorialchallenges.com\/?s={search_term_string}\"},\"query-input\":\"required name=search_term_string\"}],\"inLanguage\":\"pt-PT\"},{\"@type\":\"Organization\",\"@id\":\"https:\/\/territorialchallenges.com\/#organization\",\"name\":\"Territorial Challenges\",\"url\":\"https:\/\/territorialchallenges.com\/\",\"logo\":{\"@type\":\"ImageObject\",\"inLanguage\":\"pt-PT\",\"@id\":\"https:\/\/territorialchallenges.com\/#\/schema\/logo\/image\/\",\"url\":\"https:\/\/territorialchallenges.com\/wp-content\/uploads\/2023\/10\/logo-1.png\",\"contentUrl\":\"https:\/\/territorialchallenges.com\/wp-content\/uploads\/2023\/10\/logo-1.png\",\"width\":1832,\"height\":576,\"caption\":\"Territorial Challenges\"},\"image\":{\"@id\":\"https:\/\/territorialchallenges.com\/#\/schema\/logo\/image\/\"}},{\"@type\":\"Person\",\"@id\":\"https:\/\/territorialchallenges.com\/#\/schema\/person\/098f145c7c61a021c425e010f840080f\",\"name\":\"ni.abdi\",\"image\":{\"@type\":\"ImageObject\",\"inLanguage\":\"pt-PT\",\"@id\":\"https:\/\/territorialchallenges.com\/#\/schema\/person\/image\/\",\"url\":\"https:\/\/secure.gravatar.com\/avatar\/2a2f2491f3c80039986ba989b1e4b510?s=96&d=identicon&r=g\",\"contentUrl\":\"https:\/\/secure.gravatar.com\/avatar\/2a2f2491f3c80039986ba989b1e4b510?s=96&d=identicon&r=g\",\"caption\":\"ni.abdi\"},\"sameAs\":[\"https:\/\/twitter.com\/Ni.abdi\"],\"url\":\"https:\/\/territorialchallenges.com\/pt\/author\/ni-abdi\/\"}]}<\/script>\n<!-- \/ Yoast SEO plugin. -->","yoast_head_json":{"title":"Moratoire sur l'\u00e9nergie renouvelable en Alberta : les municipalit\u00e9s s'opposent \u00e0 la d\u00e9cision du gouvernement - Territorial Challenges","robots":{"index":"index","follow":"follow","max-snippet":"max-snippet:-1","max-image-preview":"max-image-preview:large","max-video-preview":"max-video-preview:-1"},"canonical":"https:\/\/territorialchallenges.com\/pt\/2023\/10\/27\/moratoire-sur-lenergie-renouvelable-en-alberta-les-municipalites-sopposent-a-la-decision-du-gouvernement\/121642\/","og_locale":"pt_PT","og_type":"article","og_title":"Moratoire sur l'\u00e9nergie renouvelable en Alberta : les municipalit\u00e9s s'opposent \u00e0 la d\u00e9cision du gouvernement - Territorial Challenges","og_description":"Les municipalit\u00e9s du sud de l&rsquo;Alberta se mobilisent pour s&rsquo;opposer au moratoire de six mois impos\u00e9 par le gouvernement sur les nouveaux projets d&rsquo;\u00e9nergie renouvelable. Une analyse r\u00e9v\u00e8le que ces municipalit\u00e9s per\u00e7oivent des millions de dollars en taxes gr\u00e2ce \u00e0 ces projets, faisant ainsi valoir leur importance pour les collectivit\u00e9s locales. L&rsquo;Alberta, province canadienne au [&hellip;]","og_url":"https:\/\/territorialchallenges.com\/pt\/2023\/10\/27\/moratoire-sur-lenergie-renouvelable-en-alberta-les-municipalites-sopposent-a-la-decision-du-gouvernement\/121642\/","og_site_name":"Territorial Challenges","article_published_time":"2023-10-27T20:07:23+00:00","article_modified_time":"2023-10-27T20:07:25+00:00","og_image":[{"width":1280,"height":629,"url":"https:\/\/territorialchallenges.com\/wp-content\/uploads\/2023\/10\/transitionenergetique25.10Alberta.jpg","type":"image\/jpeg"}],"author":"ni.abdi","twitter_card":"summary_large_image","twitter_creator":"@Ni.abdi","twitter_misc":{"Escrito por":"ni.abdi","Tempo estimado de leitura":"4 minutos"},"schema":{"@context":"https:\/\/schema.org","@graph":[{"@type":"Article","@id":"https:\/\/territorialchallenges.com\/2023\/10\/27\/moratoire-sur-lenergie-renouvelable-en-alberta-les-municipalites-sopposent-a-la-decision-du-gouvernement\/121642\/#article","isPartOf":{"@id":"https:\/\/territorialchallenges.com\/2023\/10\/27\/moratoire-sur-lenergie-renouvelable-en-alberta-les-municipalites-sopposent-a-la-decision-du-gouvernement\/121642\/"},"author":{"name":"ni.abdi","@id":"https:\/\/territorialchallenges.com\/#\/schema\/person\/098f145c7c61a021c425e010f840080f"},"headline":"Moratoire sur l&rsquo;\u00e9nergie renouvelable en Alberta : les municipalit\u00e9s s&rsquo;opposent \u00e0 la d\u00e9cision du gouvernement","datePublished":"2023-10-27T20:07:23+00:00","dateModified":"2023-10-27T20:07:25+00:00","mainEntityOfPage":{"@id":"https:\/\/territorialchallenges.com\/2023\/10\/27\/moratoire-sur-lenergie-renouvelable-en-alberta-les-municipalites-sopposent-a-la-decision-du-gouvernement\/121642\/"},"wordCount":683,"commentCount":0,"publisher":{"@id":"https:\/\/territorialchallenges.com\/#organization"},"articleSection":["Transition \u00c9nerg\u00e9tique","Actualit\u00e9 internationale"],"inLanguage":"pt-PT"},{"@type":"WebPage","@id":"https:\/\/territorialchallenges.com\/2023\/10\/27\/moratoire-sur-lenergie-renouvelable-en-alberta-les-municipalites-sopposent-a-la-decision-du-gouvernement\/121642\/","url":"https:\/\/territorialchallenges.com\/2023\/10\/27\/moratoire-sur-lenergie-renouvelable-en-alberta-les-municipalites-sopposent-a-la-decision-du-gouvernement\/121642\/","name":"Moratoire sur l'\u00e9nergie renouvelable en Alberta : les municipalit\u00e9s s'opposent \u00e0 la d\u00e9cision du gouvernement - Territorial Challenges","isPartOf":{"@id":"https:\/\/territorialchallenges.com\/#website"},"datePublished":"2023-10-27T20:07:23+00:00","dateModified":"2023-10-27T20:07:25+00:00","breadcrumb":{"@id":"https:\/\/territorialchallenges.com\/2023\/10\/27\/moratoire-sur-lenergie-renouvelable-en-alberta-les-municipalites-sopposent-a-la-decision-du-gouvernement\/121642\/#breadcrumb"},"inLanguage":"pt-PT","potentialAction":[{"@type":"ReadAction","target":["https:\/\/territorialchallenges.com\/2023\/10\/27\/moratoire-sur-lenergie-renouvelable-en-alberta-les-municipalites-sopposent-a-la-decision-du-gouvernement\/121642\/"]}]},{"@type":"BreadcrumbList","@id":"https:\/\/territorialchallenges.com\/2023\/10\/27\/moratoire-sur-lenergie-renouvelable-en-alberta-les-municipalites-sopposent-a-la-decision-du-gouvernement\/121642\/#breadcrumb","itemListElement":[{"@type":"ListItem","position":1,"name":"Home","item":"https:\/\/territorialchallenges.com\/"},{"@type":"ListItem","position":2,"name":"Moratoire sur l&rsquo;\u00e9nergie renouvelable en Alberta : les municipalit\u00e9s s&rsquo;opposent \u00e0 la d\u00e9cision du gouvernement"}]},{"@type":"WebSite","@id":"https:\/\/territorialchallenges.com\/#website","url":"https:\/\/territorialchallenges.com\/","name":"Desafios territoriais","description":"Monitoramento Internacional - Estrat\u00e9gias Inteligentes - Melhores Pr\u00e1ticas","publisher":{"@id":"https:\/\/territorialchallenges.com\/#organization"},"potentialAction":[{"@type":"SearchAction","target":{"@type":"EntryPoint","urlTemplate":"https:\/\/territorialchallenges.com\/?s={search_term_string}"},"query-input":"required name=search_term_string"}],"inLanguage":"pt-PT"},{"@type":"Organization","@id":"https:\/\/territorialchallenges.com\/#organization","name":"Desafios territoriais","url":"https:\/\/territorialchallenges.com\/","logo":{"@type":"ImageObject","inLanguage":"pt-PT","@id":"https:\/\/territorialchallenges.com\/#\/schema\/logo\/image\/","url":"https:\/\/territorialchallenges.com\/wp-content\/uploads\/2023\/10\/logo-1.png","contentUrl":"https:\/\/territorialchallenges.com\/wp-content\/uploads\/2023\/10\/logo-1.png","width":1832,"height":576,"caption":"Territorial Challenges"},"image":{"@id":"https:\/\/territorialchallenges.com\/#\/schema\/logo\/image\/"}},{"@type":"Person","@id":"https:\/\/territorialchallenges.com\/#\/schema\/person\/098f145c7c61a021c425e010f840080f","name":"ni.abdi","image":{"@type":"ImageObject","inLanguage":"pt-PT","@id":"https:\/\/territorialchallenges.com\/#\/schema\/person\/image\/","url":"https:\/\/secure.gravatar.com\/avatar\/2a2f2491f3c80039986ba989b1e4b510?s=96&d=identicon&r=g","contentUrl":"https:\/\/secure.gravatar.com\/avatar\/2a2f2491f3c80039986ba989b1e4b510?s=96&d=identicon&r=g","caption":"ni.abdi"},"sameAs":["https:\/\/twitter.com\/Ni.abdi"],"url":"https:\/\/territorialchallenges.com\/pt\/author\/ni-abdi\/"}]}},"_links":{"self":[{"href":"https:\/\/territorialchallenges.com\/pt\/wp-json\/wp\/v2\/posts\/121642"}],"collection":[{"href":"https:\/\/territorialchallenges.com\/pt\/wp-json\/wp\/v2\/posts"}],"about":[{"href":"https:\/\/territorialchallenges.com\/pt\/wp-json\/wp\/v2\/types\/post"}],"author":[{"embeddable":true,"href":"https:\/\/territorialchallenges.com\/pt\/wp-json\/wp\/v2\/users\/11"}],"replies":[{"embeddable":true,"href":"https:\/\/territorialchallenges.com\/pt\/wp-json\/wp\/v2\/comments?post=121642"}],"version-history":[{"count":1,"href":"https:\/\/territorialchallenges.com\/pt\/wp-json\/wp\/v2\/posts\/121642\/revisions"}],"predecessor-version":[{"id":121646,"href":"https:\/\/territorialchallenges.com\/pt\/wp-json\/wp\/v2\/posts\/121642\/revisions\/121646"}],"wp:featuredmedia":[{"embeddable":true,"href":"https:\/\/territorialchallenges.com\/pt\/wp-json\/wp\/v2\/media\/121645"}],"wp:attachment":[{"href":"https:\/\/territorialchallenges.com\/pt\/wp-json\/wp\/v2\/media?parent=121642"}],"wp:term":[{"taxonomy":"category","embeddable":true,"href":"https:\/\/territorialchallenges.com\/pt\/wp-json\/wp\/v2\/categories?post=121642"},{"taxonomy":"post_tag","embeddable":true,"href":"https:\/\/territorialchallenges.com\/pt\/wp-json\/wp\/v2\/tags?post=121642"}],"curies":[{"name":"wp","href":"https:\/\/api.w.org\/{rel}","templated":true}]}}