{"id":120887,"date":"2023-08-07T19:06:46","date_gmt":"2023-08-07T17:06:46","guid":{"rendered":"https:\/\/territorialchallenges.com\/?p=120887"},"modified":"2023-08-07T19:06:46","modified_gmt":"2023-08-07T17:06:46","slug":"securite-et-vie-privee-dans-les-villes-intelligentes-concilier-innovation-technologique-et-preoccupations-citoyennes","status":"publish","type":"post","link":"https:\/\/territorialchallenges.com\/pt\/2023\/08\/07\/securite-et-vie-privee-dans-les-villes-intelligentes-concilier-innovation-technologique-et-preoccupations-citoyennes\/120887\/","title":{"rendered":"Seguran\u00e7a e Privacidade em Cidades Inteligentes: Conciliando Inova\u00e7\u00e3o Tecnol\u00f3gica e Preocupa\u00e7\u00f5es dos Cidad\u00e3os"},"content":{"rendered":"<p>Cidades inteligentes representam o futuro da urbaniza\u00e7\u00e3o, com avan\u00e7os tecnol\u00f3gicos promissores para melhorar a qualidade de vida dos cidad\u00e3os. No entanto, a crescente ado\u00e7\u00e3o de tecnologias inteligentes levanta quest\u00f5es leg\u00edtimas em rela\u00e7\u00e3o \u00e0 seguran\u00e7a urbana e \u00e0 prote\u00e7\u00e3o da privacidade dos moradores. Equilibrar a inova\u00e7\u00e3o tecnol\u00f3gica e as preocupa\u00e7\u00f5es dos cidad\u00e3os \u00e9 uma tarefa complexa,\u2026 <\/p>\n<div class=\"pmpro_content_message\">Artigo dispon\u00edvel somente para assinantes.<br \/><a href=\"https:\/\/territorialchallenges.com\/wp-login.php\">Conecte-se<\/a><br \/><a href=\"https:\/\/territorialchallenges.com\/pt\/wp-login.php\/?action=register\">Registrar<\/a><\/div>","protected":false},"excerpt":{"rendered":"<p>Les villes intelligentes repr\u00e9sentent l&rsquo;avenir de l&rsquo;urbanisation, avec des avanc\u00e9es technologiques qui promettent d&rsquo;am\u00e9liorer la qualit\u00e9 de vie des citoyens. Cependant, l&rsquo;adoption croissante de la technologie intelligente soul\u00e8ve des questions l\u00e9gitimes concernant la s\u00e9curit\u00e9 urbaine et la protection de la vie priv\u00e9e des r\u00e9sidents. Concilier l&rsquo;innovation technologique et les pr\u00e9occupations citoyennes est une t\u00e2che complexe,... <\/p>\n<div class=\"pmpro_content_message\">Artigo dispon\u00edvel somente para assinantes.<br \/><a href=\"https:\/\/territorialchallenges.com\/wp-login.php\">Conecte-se<\/a><br \/><a href=\"https:\/\/territorialchallenges.com\/pt\/wp-login.php\/?action=register\">Registrar<\/a><\/div>","protected":false},"author":11,"featured_media":120888,"comment_status":"open","ping_status":"open","sticky":true,"template":"","format":"standard","meta":{"pmpro_default_level":0,"footnotes":""},"categories":[130,117],"tags":[],"blocksy_meta":"","yoast_head":"<!-- This site is optimized with the Yoast SEO plugin v21.5 - https:\/\/yoast.com\/wordpress\/plugins\/seo\/ -->\n<title>S\u00e9curit\u00e9 et vie priv\u00e9e dans les villes intelligentes : Concilier innovation technologique et pr\u00e9occupations citoyennes - Territorial Challenges<\/title>\n<meta name=\"robots\" content=\"index, follow, max-snippet:-1, max-image-preview:large, max-video-preview:-1\" \/>\n<link rel=\"canonical\" href=\"https:\/\/territorialchallenges.com\/pt\/2023\/08\/07\/securite-et-vie-privee-dans-les-villes-intelligentes-concilier-innovation-technologique-et-preoccupations-citoyennes\/120887\/\" \/>\n<meta property=\"og:locale\" content=\"pt_PT\" \/>\n<meta property=\"og:type\" content=\"article\" \/>\n<meta property=\"og:title\" content=\"S\u00e9curit\u00e9 et vie priv\u00e9e dans les villes intelligentes : Concilier innovation technologique et pr\u00e9occupations citoyennes - Territorial Challenges\" \/>\n<meta property=\"og:description\" content=\"Les villes intelligentes repr\u00e9sentent l&rsquo;avenir de l&rsquo;urbanisation, avec des avanc\u00e9es technologiques qui promettent d&rsquo;am\u00e9liorer la qualit\u00e9 de vie des citoyens. Cependant, l&rsquo;adoption croissante de la technologie intelligente soul\u00e8ve des questions l\u00e9gitimes concernant la s\u00e9curit\u00e9 urbaine et la protection de la vie priv\u00e9e des r\u00e9sidents. Concilier l&rsquo;innovation technologique et les pr\u00e9occupations citoyennes est une t\u00e2che complexe, [&hellip;]\" \/>\n<meta property=\"og:url\" content=\"https:\/\/territorialchallenges.com\/pt\/2023\/08\/07\/securite-et-vie-privee-dans-les-villes-intelligentes-concilier-innovation-technologique-et-preoccupations-citoyennes\/120887\/\" \/>\n<meta property=\"og:site_name\" content=\"Territorial Challenges\" \/>\n<meta property=\"article:published_time\" content=\"2023-08-07T17:06:46+00:00\" \/>\n<meta property=\"og:image\" content=\"https:\/\/territorialchallenges.com\/wp-content\/uploads\/2023\/08\/editosecuriteResiliencephoto.jpg\" \/>\n\t<meta property=\"og:image:width\" content=\"1280\" \/>\n\t<meta property=\"og:image:height\" content=\"583\" \/>\n\t<meta property=\"og:image:type\" content=\"image\/jpeg\" \/>\n<meta name=\"author\" content=\"ni.abdi\" \/>\n<meta name=\"twitter:card\" content=\"summary_large_image\" \/>\n<meta name=\"twitter:creator\" content=\"@Ni.abdi\" \/>\n<meta name=\"twitter:label1\" content=\"Escrito por\" \/>\n\t<meta name=\"twitter:data1\" content=\"ni.abdi\" \/>\n\t<meta name=\"twitter:label2\" content=\"Tempo estimado de leitura\" \/>\n\t<meta name=\"twitter:data2\" content=\"3 minutos\" \/>\n<script type=\"application\/ld+json\" class=\"yoast-schema-graph\">{\"@context\":\"https:\/\/schema.org\",\"@graph\":[{\"@type\":\"Article\",\"@id\":\"https:\/\/territorialchallenges.com\/2023\/08\/07\/securite-et-vie-privee-dans-les-villes-intelligentes-concilier-innovation-technologique-et-preoccupations-citoyennes\/120887\/#article\",\"isPartOf\":{\"@id\":\"https:\/\/territorialchallenges.com\/2023\/08\/07\/securite-et-vie-privee-dans-les-villes-intelligentes-concilier-innovation-technologique-et-preoccupations-citoyennes\/120887\/\"},\"author\":{\"name\":\"ni.abdi\",\"@id\":\"https:\/\/territorialchallenges.com\/#\/schema\/person\/098f145c7c61a021c425e010f840080f\"},\"headline\":\"S\u00e9curit\u00e9 et vie priv\u00e9e dans les villes intelligentes : Concilier innovation technologique et pr\u00e9occupations citoyennes\",\"datePublished\":\"2023-08-07T17:06:46+00:00\",\"dateModified\":\"2023-08-07T17:06:46+00:00\",\"mainEntityOfPage\":{\"@id\":\"https:\/\/territorialchallenges.com\/2023\/08\/07\/securite-et-vie-privee-dans-les-villes-intelligentes-concilier-innovation-technologique-et-preoccupations-citoyennes\/120887\/\"},\"wordCount\":676,\"commentCount\":0,\"publisher\":{\"@id\":\"https:\/\/territorialchallenges.com\/#organization\"},\"articleSection\":[\"R\u00e9flexion faite\",\"\u00c9cosyst\u00e8me\"],\"inLanguage\":\"pt-PT\"},{\"@type\":\"WebPage\",\"@id\":\"https:\/\/territorialchallenges.com\/2023\/08\/07\/securite-et-vie-privee-dans-les-villes-intelligentes-concilier-innovation-technologique-et-preoccupations-citoyennes\/120887\/\",\"url\":\"https:\/\/territorialchallenges.com\/2023\/08\/07\/securite-et-vie-privee-dans-les-villes-intelligentes-concilier-innovation-technologique-et-preoccupations-citoyennes\/120887\/\",\"name\":\"S\u00e9curit\u00e9 et vie priv\u00e9e dans les villes intelligentes : Concilier innovation technologique et pr\u00e9occupations citoyennes - Territorial Challenges\",\"isPartOf\":{\"@id\":\"https:\/\/territorialchallenges.com\/#website\"},\"datePublished\":\"2023-08-07T17:06:46+00:00\",\"dateModified\":\"2023-08-07T17:06:46+00:00\",\"breadcrumb\":{\"@id\":\"https:\/\/territorialchallenges.com\/2023\/08\/07\/securite-et-vie-privee-dans-les-villes-intelligentes-concilier-innovation-technologique-et-preoccupations-citoyennes\/120887\/#breadcrumb\"},\"inLanguage\":\"pt-PT\",\"potentialAction\":[{\"@type\":\"ReadAction\",\"target\":[\"https:\/\/territorialchallenges.com\/2023\/08\/07\/securite-et-vie-privee-dans-les-villes-intelligentes-concilier-innovation-technologique-et-preoccupations-citoyennes\/120887\/\"]}]},{\"@type\":\"BreadcrumbList\",\"@id\":\"https:\/\/territorialchallenges.com\/2023\/08\/07\/securite-et-vie-privee-dans-les-villes-intelligentes-concilier-innovation-technologique-et-preoccupations-citoyennes\/120887\/#breadcrumb\",\"itemListElement\":[{\"@type\":\"ListItem\",\"position\":1,\"name\":\"Home\",\"item\":\"https:\/\/territorialchallenges.com\/\"},{\"@type\":\"ListItem\",\"position\":2,\"name\":\"S\u00e9curit\u00e9 et vie priv\u00e9e dans les villes intelligentes : Concilier innovation technologique et pr\u00e9occupations citoyennes\"}]},{\"@type\":\"WebSite\",\"@id\":\"https:\/\/territorialchallenges.com\/#website\",\"url\":\"https:\/\/territorialchallenges.com\/\",\"name\":\"Territorial Challenges\",\"description\":\"Veille Internationale - Strat\u00e9gie Intelligentes - Bonnes pratiques\",\"publisher\":{\"@id\":\"https:\/\/territorialchallenges.com\/#organization\"},\"potentialAction\":[{\"@type\":\"SearchAction\",\"target\":{\"@type\":\"EntryPoint\",\"urlTemplate\":\"https:\/\/territorialchallenges.com\/?s={search_term_string}\"},\"query-input\":\"required name=search_term_string\"}],\"inLanguage\":\"pt-PT\"},{\"@type\":\"Organization\",\"@id\":\"https:\/\/territorialchallenges.com\/#organization\",\"name\":\"Territorial Challenges\",\"url\":\"https:\/\/territorialchallenges.com\/\",\"logo\":{\"@type\":\"ImageObject\",\"inLanguage\":\"pt-PT\",\"@id\":\"https:\/\/territorialchallenges.com\/#\/schema\/logo\/image\/\",\"url\":\"https:\/\/territorialchallenges.com\/wp-content\/uploads\/2023\/10\/logo-1.png\",\"contentUrl\":\"https:\/\/territorialchallenges.com\/wp-content\/uploads\/2023\/10\/logo-1.png\",\"width\":1832,\"height\":576,\"caption\":\"Territorial Challenges\"},\"image\":{\"@id\":\"https:\/\/territorialchallenges.com\/#\/schema\/logo\/image\/\"}},{\"@type\":\"Person\",\"@id\":\"https:\/\/territorialchallenges.com\/#\/schema\/person\/098f145c7c61a021c425e010f840080f\",\"name\":\"ni.abdi\",\"image\":{\"@type\":\"ImageObject\",\"inLanguage\":\"pt-PT\",\"@id\":\"https:\/\/territorialchallenges.com\/#\/schema\/person\/image\/\",\"url\":\"https:\/\/secure.gravatar.com\/avatar\/2a2f2491f3c80039986ba989b1e4b510?s=96&d=identicon&r=g\",\"contentUrl\":\"https:\/\/secure.gravatar.com\/avatar\/2a2f2491f3c80039986ba989b1e4b510?s=96&d=identicon&r=g\",\"caption\":\"ni.abdi\"},\"sameAs\":[\"https:\/\/twitter.com\/Ni.abdi\"],\"url\":\"https:\/\/territorialchallenges.com\/pt\/author\/ni-abdi\/\"}]}<\/script>\n<!-- \/ Yoast SEO plugin. -->","yoast_head_json":{"title":"S\u00e9curit\u00e9 et vie priv\u00e9e dans les villes intelligentes : Concilier innovation technologique et pr\u00e9occupations citoyennes - Territorial Challenges","robots":{"index":"index","follow":"follow","max-snippet":"max-snippet:-1","max-image-preview":"max-image-preview:large","max-video-preview":"max-video-preview:-1"},"canonical":"https:\/\/territorialchallenges.com\/pt\/2023\/08\/07\/securite-et-vie-privee-dans-les-villes-intelligentes-concilier-innovation-technologique-et-preoccupations-citoyennes\/120887\/","og_locale":"pt_PT","og_type":"article","og_title":"S\u00e9curit\u00e9 et vie priv\u00e9e dans les villes intelligentes : Concilier innovation technologique et pr\u00e9occupations citoyennes - Territorial Challenges","og_description":"Les villes intelligentes repr\u00e9sentent l&rsquo;avenir de l&rsquo;urbanisation, avec des avanc\u00e9es technologiques qui promettent d&rsquo;am\u00e9liorer la qualit\u00e9 de vie des citoyens. Cependant, l&rsquo;adoption croissante de la technologie intelligente soul\u00e8ve des questions l\u00e9gitimes concernant la s\u00e9curit\u00e9 urbaine et la protection de la vie priv\u00e9e des r\u00e9sidents. Concilier l&rsquo;innovation technologique et les pr\u00e9occupations citoyennes est une t\u00e2che complexe, [&hellip;]","og_url":"https:\/\/territorialchallenges.com\/pt\/2023\/08\/07\/securite-et-vie-privee-dans-les-villes-intelligentes-concilier-innovation-technologique-et-preoccupations-citoyennes\/120887\/","og_site_name":"Territorial Challenges","article_published_time":"2023-08-07T17:06:46+00:00","og_image":[{"width":1280,"height":583,"url":"https:\/\/territorialchallenges.com\/wp-content\/uploads\/2023\/08\/editosecuriteResiliencephoto.jpg","type":"image\/jpeg"}],"author":"ni.abdi","twitter_card":"summary_large_image","twitter_creator":"@Ni.abdi","twitter_misc":{"Escrito por":"ni.abdi","Tempo estimado de leitura":"3 minutos"},"schema":{"@context":"https:\/\/schema.org","@graph":[{"@type":"Article","@id":"https:\/\/territorialchallenges.com\/2023\/08\/07\/securite-et-vie-privee-dans-les-villes-intelligentes-concilier-innovation-technologique-et-preoccupations-citoyennes\/120887\/#article","isPartOf":{"@id":"https:\/\/territorialchallenges.com\/2023\/08\/07\/securite-et-vie-privee-dans-les-villes-intelligentes-concilier-innovation-technologique-et-preoccupations-citoyennes\/120887\/"},"author":{"name":"ni.abdi","@id":"https:\/\/territorialchallenges.com\/#\/schema\/person\/098f145c7c61a021c425e010f840080f"},"headline":"S\u00e9curit\u00e9 et vie priv\u00e9e dans les villes intelligentes : Concilier innovation technologique et pr\u00e9occupations citoyennes","datePublished":"2023-08-07T17:06:46+00:00","dateModified":"2023-08-07T17:06:46+00:00","mainEntityOfPage":{"@id":"https:\/\/territorialchallenges.com\/2023\/08\/07\/securite-et-vie-privee-dans-les-villes-intelligentes-concilier-innovation-technologique-et-preoccupations-citoyennes\/120887\/"},"wordCount":676,"commentCount":0,"publisher":{"@id":"https:\/\/territorialchallenges.com\/#organization"},"articleSection":["R\u00e9flexion faite","\u00c9cosyst\u00e8me"],"inLanguage":"pt-PT"},{"@type":"WebPage","@id":"https:\/\/territorialchallenges.com\/2023\/08\/07\/securite-et-vie-privee-dans-les-villes-intelligentes-concilier-innovation-technologique-et-preoccupations-citoyennes\/120887\/","url":"https:\/\/territorialchallenges.com\/2023\/08\/07\/securite-et-vie-privee-dans-les-villes-intelligentes-concilier-innovation-technologique-et-preoccupations-citoyennes\/120887\/","name":"S\u00e9curit\u00e9 et vie priv\u00e9e dans les villes intelligentes : Concilier innovation technologique et pr\u00e9occupations citoyennes - Territorial Challenges","isPartOf":{"@id":"https:\/\/territorialchallenges.com\/#website"},"datePublished":"2023-08-07T17:06:46+00:00","dateModified":"2023-08-07T17:06:46+00:00","breadcrumb":{"@id":"https:\/\/territorialchallenges.com\/2023\/08\/07\/securite-et-vie-privee-dans-les-villes-intelligentes-concilier-innovation-technologique-et-preoccupations-citoyennes\/120887\/#breadcrumb"},"inLanguage":"pt-PT","potentialAction":[{"@type":"ReadAction","target":["https:\/\/territorialchallenges.com\/2023\/08\/07\/securite-et-vie-privee-dans-les-villes-intelligentes-concilier-innovation-technologique-et-preoccupations-citoyennes\/120887\/"]}]},{"@type":"BreadcrumbList","@id":"https:\/\/territorialchallenges.com\/2023\/08\/07\/securite-et-vie-privee-dans-les-villes-intelligentes-concilier-innovation-technologique-et-preoccupations-citoyennes\/120887\/#breadcrumb","itemListElement":[{"@type":"ListItem","position":1,"name":"Home","item":"https:\/\/territorialchallenges.com\/"},{"@type":"ListItem","position":2,"name":"S\u00e9curit\u00e9 et vie priv\u00e9e dans les villes intelligentes : Concilier innovation technologique et pr\u00e9occupations citoyennes"}]},{"@type":"WebSite","@id":"https:\/\/territorialchallenges.com\/#website","url":"https:\/\/territorialchallenges.com\/","name":"Desafios territoriais","description":"Monitoramento Internacional - Estrat\u00e9gias Inteligentes - Melhores Pr\u00e1ticas","publisher":{"@id":"https:\/\/territorialchallenges.com\/#organization"},"potentialAction":[{"@type":"SearchAction","target":{"@type":"EntryPoint","urlTemplate":"https:\/\/territorialchallenges.com\/?s={search_term_string}"},"query-input":"required name=search_term_string"}],"inLanguage":"pt-PT"},{"@type":"Organization","@id":"https:\/\/territorialchallenges.com\/#organization","name":"Desafios territoriais","url":"https:\/\/territorialchallenges.com\/","logo":{"@type":"ImageObject","inLanguage":"pt-PT","@id":"https:\/\/territorialchallenges.com\/#\/schema\/logo\/image\/","url":"https:\/\/territorialchallenges.com\/wp-content\/uploads\/2023\/10\/logo-1.png","contentUrl":"https:\/\/territorialchallenges.com\/wp-content\/uploads\/2023\/10\/logo-1.png","width":1832,"height":576,"caption":"Territorial Challenges"},"image":{"@id":"https:\/\/territorialchallenges.com\/#\/schema\/logo\/image\/"}},{"@type":"Person","@id":"https:\/\/territorialchallenges.com\/#\/schema\/person\/098f145c7c61a021c425e010f840080f","name":"ni.abdi","image":{"@type":"ImageObject","inLanguage":"pt-PT","@id":"https:\/\/territorialchallenges.com\/#\/schema\/person\/image\/","url":"https:\/\/secure.gravatar.com\/avatar\/2a2f2491f3c80039986ba989b1e4b510?s=96&d=identicon&r=g","contentUrl":"https:\/\/secure.gravatar.com\/avatar\/2a2f2491f3c80039986ba989b1e4b510?s=96&d=identicon&r=g","caption":"ni.abdi"},"sameAs":["https:\/\/twitter.com\/Ni.abdi"],"url":"https:\/\/territorialchallenges.com\/pt\/author\/ni-abdi\/"}]}},"_links":{"self":[{"href":"https:\/\/territorialchallenges.com\/pt\/wp-json\/wp\/v2\/posts\/120887"}],"collection":[{"href":"https:\/\/territorialchallenges.com\/pt\/wp-json\/wp\/v2\/posts"}],"about":[{"href":"https:\/\/territorialchallenges.com\/pt\/wp-json\/wp\/v2\/types\/post"}],"author":[{"embeddable":true,"href":"https:\/\/territorialchallenges.com\/pt\/wp-json\/wp\/v2\/users\/11"}],"replies":[{"embeddable":true,"href":"https:\/\/territorialchallenges.com\/pt\/wp-json\/wp\/v2\/comments?post=120887"}],"version-history":[{"count":1,"href":"https:\/\/territorialchallenges.com\/pt\/wp-json\/wp\/v2\/posts\/120887\/revisions"}],"predecessor-version":[{"id":120892,"href":"https:\/\/territorialchallenges.com\/pt\/wp-json\/wp\/v2\/posts\/120887\/revisions\/120892"}],"wp:featuredmedia":[{"embeddable":true,"href":"https:\/\/territorialchallenges.com\/pt\/wp-json\/wp\/v2\/media\/120888"}],"wp:attachment":[{"href":"https:\/\/territorialchallenges.com\/pt\/wp-json\/wp\/v2\/media?parent=120887"}],"wp:term":[{"taxonomy":"category","embeddable":true,"href":"https:\/\/territorialchallenges.com\/pt\/wp-json\/wp\/v2\/categories?post=120887"},{"taxonomy":"post_tag","embeddable":true,"href":"https:\/\/territorialchallenges.com\/pt\/wp-json\/wp\/v2\/tags?post=120887"}],"curies":[{"name":"wp","href":"https:\/\/api.w.org\/{rel}","templated":true}]}}