{"id":120798,"date":"2023-07-25T08:27:54","date_gmt":"2023-07-25T06:27:54","guid":{"rendered":"https:\/\/territorialchallenges.com\/?p=120798"},"modified":"2023-07-30T19:45:05","modified_gmt":"2023-07-30T17:45:05","slug":"gareth-morgan-ou-lintegration-et-linstitutionnalisation-de-la-resilience-urbaine","status":"publish","type":"post","link":"https:\/\/territorialchallenges.com\/pt\/2023\/07\/25\/gareth-morgan-ou-lintegration-et-linstitutionnalisation-de-la-resilience-urbaine\/120798\/","title":{"rendered":"Gareth Morgan ou a integra\u00e7\u00e3o e institucionaliza\u00e7\u00e3o da resili\u00eancia urbana"},"content":{"rendered":"<p>Gareth Morgan, Diretor Executivo de Planejamento Futuro e Resili\u00eancia da Cidade do Cabo, na \u00c1frica do Sul, participou recentemente do podcast Urban Exchange para discutir seus esfor\u00e7os para tornar a resili\u00eancia um aspecto central de todos os esfor\u00e7os da cidade. O podcast, apresentado por Lauren Sorkin, Diretora\u2026 <\/p>\n<div class=\"pmpro_content_message\">Artigo dispon\u00edvel somente para assinantes.<br \/><a href=\"https:\/\/territorialchallenges.com\/wp-login.php\">Conecte-se<\/a><br \/><a href=\"https:\/\/territorialchallenges.com\/pt\/wp-login.php\/?action=register\">Registrar<\/a><\/div>","protected":false},"excerpt":{"rendered":"<p>Gareth Morgan, directeur ex\u00e9cutif de la planification future et de la r\u00e9silience de la ville du Cap en Afrique du Sud, a r\u00e9cemment rejoint le podcast Urban Exchange pour discuter de ses efforts pour faire de la r\u00e9silience un aspect central de tous les efforts de la ville. Le podcast, anim\u00e9 par Lauren Sorkin, directrice... <\/p>\n<div class=\"pmpro_content_message\">Artigo dispon\u00edvel somente para assinantes.<br \/><a href=\"https:\/\/territorialchallenges.com\/wp-login.php\">Conecte-se<\/a><br \/><a href=\"https:\/\/territorialchallenges.com\/pt\/wp-login.php\/?action=register\">Registrar<\/a><\/div>","protected":false},"author":11,"featured_media":120799,"comment_status":"open","ping_status":"open","sticky":true,"template":"","format":"standard","meta":{"pmpro_default_level":0,"footnotes":""},"categories":[126,117],"tags":[],"blocksy_meta":"","yoast_head":"<!-- This site is optimized with the Yoast SEO plugin v21.5 - https:\/\/yoast.com\/wordpress\/plugins\/seo\/ -->\n<title>Gareth Morgan ou l&#039;int\u00e9gration et l&#039;institutionnalisation de la r\u00e9silience urbaine - Territorial Challenges<\/title>\n<meta name=\"robots\" content=\"index, follow, max-snippet:-1, max-image-preview:large, max-video-preview:-1\" \/>\n<link rel=\"canonical\" href=\"https:\/\/territorialchallenges.com\/pt\/2023\/07\/25\/gareth-morgan-ou-lintegration-et-linstitutionnalisation-de-la-resilience-urbaine\/120798\/\" \/>\n<meta property=\"og:locale\" content=\"pt_PT\" \/>\n<meta property=\"og:type\" content=\"article\" \/>\n<meta property=\"og:title\" content=\"Gareth Morgan ou l&#039;int\u00e9gration et l&#039;institutionnalisation de la r\u00e9silience urbaine - Territorial Challenges\" \/>\n<meta property=\"og:description\" content=\"Gareth Morgan, directeur ex\u00e9cutif de la planification future et de la r\u00e9silience de la ville du Cap en Afrique du Sud, a r\u00e9cemment rejoint le podcast Urban Exchange pour discuter de ses efforts pour faire de la r\u00e9silience un aspect central de tous les efforts de la ville. Le podcast, anim\u00e9 par Lauren Sorkin, directrice [&hellip;]\" \/>\n<meta property=\"og:url\" content=\"https:\/\/territorialchallenges.com\/pt\/2023\/07\/25\/gareth-morgan-ou-lintegration-et-linstitutionnalisation-de-la-resilience-urbaine\/120798\/\" \/>\n<meta property=\"og:site_name\" content=\"Territorial Challenges\" \/>\n<meta property=\"article:published_time\" content=\"2023-07-25T06:27:54+00:00\" \/>\n<meta property=\"article:modified_time\" content=\"2023-07-30T17:45:05+00:00\" \/>\n<meta property=\"og:image\" content=\"https:\/\/territorialchallenges.com\/wp-content\/uploads\/2023\/07\/onparledeuxGareth-Morgan.jpg\" \/>\n\t<meta property=\"og:image:width\" content=\"600\" \/>\n\t<meta property=\"og:image:height\" content=\"288\" \/>\n\t<meta property=\"og:image:type\" content=\"image\/jpeg\" \/>\n<meta name=\"author\" content=\"ni.abdi\" \/>\n<meta name=\"twitter:card\" content=\"summary_large_image\" \/>\n<meta name=\"twitter:creator\" content=\"@Ni.abdi\" \/>\n<meta name=\"twitter:label1\" content=\"Escrito por\" \/>\n\t<meta name=\"twitter:data1\" content=\"ni.abdi\" \/>\n\t<meta name=\"twitter:label2\" content=\"Tempo estimado de leitura\" \/>\n\t<meta name=\"twitter:data2\" content=\"3 minutos\" \/>\n<script type=\"application\/ld+json\" class=\"yoast-schema-graph\">{\"@context\":\"https:\/\/schema.org\",\"@graph\":[{\"@type\":\"Article\",\"@id\":\"https:\/\/territorialchallenges.com\/2023\/07\/25\/gareth-morgan-ou-lintegration-et-linstitutionnalisation-de-la-resilience-urbaine\/120798\/#article\",\"isPartOf\":{\"@id\":\"https:\/\/territorialchallenges.com\/2023\/07\/25\/gareth-morgan-ou-lintegration-et-linstitutionnalisation-de-la-resilience-urbaine\/120798\/\"},\"author\":{\"name\":\"ni.abdi\",\"@id\":\"https:\/\/territorialchallenges.com\/#\/schema\/person\/098f145c7c61a021c425e010f840080f\"},\"headline\":\"Gareth Morgan ou l&rsquo;int\u00e9gration et l&rsquo;institutionnalisation de la r\u00e9silience urbaine\",\"datePublished\":\"2023-07-25T06:27:54+00:00\",\"dateModified\":\"2023-07-30T17:45:05+00:00\",\"mainEntityOfPage\":{\"@id\":\"https:\/\/territorialchallenges.com\/2023\/07\/25\/gareth-morgan-ou-lintegration-et-linstitutionnalisation-de-la-resilience-urbaine\/120798\/\"},\"wordCount\":715,\"commentCount\":0,\"publisher\":{\"@id\":\"https:\/\/territorialchallenges.com\/#organization\"},\"articleSection\":[\"On parle d'eux\",\"\u00c9cosyst\u00e8me\"],\"inLanguage\":\"pt-PT\"},{\"@type\":\"WebPage\",\"@id\":\"https:\/\/territorialchallenges.com\/2023\/07\/25\/gareth-morgan-ou-lintegration-et-linstitutionnalisation-de-la-resilience-urbaine\/120798\/\",\"url\":\"https:\/\/territorialchallenges.com\/2023\/07\/25\/gareth-morgan-ou-lintegration-et-linstitutionnalisation-de-la-resilience-urbaine\/120798\/\",\"name\":\"Gareth Morgan ou l'int\u00e9gration et l'institutionnalisation de la r\u00e9silience urbaine - Territorial Challenges\",\"isPartOf\":{\"@id\":\"https:\/\/territorialchallenges.com\/#website\"},\"datePublished\":\"2023-07-25T06:27:54+00:00\",\"dateModified\":\"2023-07-30T17:45:05+00:00\",\"breadcrumb\":{\"@id\":\"https:\/\/territorialchallenges.com\/2023\/07\/25\/gareth-morgan-ou-lintegration-et-linstitutionnalisation-de-la-resilience-urbaine\/120798\/#breadcrumb\"},\"inLanguage\":\"pt-PT\",\"potentialAction\":[{\"@type\":\"ReadAction\",\"target\":[\"https:\/\/territorialchallenges.com\/2023\/07\/25\/gareth-morgan-ou-lintegration-et-linstitutionnalisation-de-la-resilience-urbaine\/120798\/\"]}]},{\"@type\":\"BreadcrumbList\",\"@id\":\"https:\/\/territorialchallenges.com\/2023\/07\/25\/gareth-morgan-ou-lintegration-et-linstitutionnalisation-de-la-resilience-urbaine\/120798\/#breadcrumb\",\"itemListElement\":[{\"@type\":\"ListItem\",\"position\":1,\"name\":\"Home\",\"item\":\"https:\/\/territorialchallenges.com\/\"},{\"@type\":\"ListItem\",\"position\":2,\"name\":\"Gareth Morgan ou l&rsquo;int\u00e9gration et l&rsquo;institutionnalisation de la r\u00e9silience urbaine\"}]},{\"@type\":\"WebSite\",\"@id\":\"https:\/\/territorialchallenges.com\/#website\",\"url\":\"https:\/\/territorialchallenges.com\/\",\"name\":\"Territorial Challenges\",\"description\":\"Veille Internationale - Strat\u00e9gie Intelligentes - Bonnes pratiques\",\"publisher\":{\"@id\":\"https:\/\/territorialchallenges.com\/#organization\"},\"potentialAction\":[{\"@type\":\"SearchAction\",\"target\":{\"@type\":\"EntryPoint\",\"urlTemplate\":\"https:\/\/territorialchallenges.com\/?s={search_term_string}\"},\"query-input\":\"required name=search_term_string\"}],\"inLanguage\":\"pt-PT\"},{\"@type\":\"Organization\",\"@id\":\"https:\/\/territorialchallenges.com\/#organization\",\"name\":\"Territorial Challenges\",\"url\":\"https:\/\/territorialchallenges.com\/\",\"logo\":{\"@type\":\"ImageObject\",\"inLanguage\":\"pt-PT\",\"@id\":\"https:\/\/territorialchallenges.com\/#\/schema\/logo\/image\/\",\"url\":\"https:\/\/territorialchallenges.com\/wp-content\/uploads\/2023\/10\/logo-1.png\",\"contentUrl\":\"https:\/\/territorialchallenges.com\/wp-content\/uploads\/2023\/10\/logo-1.png\",\"width\":1832,\"height\":576,\"caption\":\"Territorial Challenges\"},\"image\":{\"@id\":\"https:\/\/territorialchallenges.com\/#\/schema\/logo\/image\/\"}},{\"@type\":\"Person\",\"@id\":\"https:\/\/territorialchallenges.com\/#\/schema\/person\/098f145c7c61a021c425e010f840080f\",\"name\":\"ni.abdi\",\"image\":{\"@type\":\"ImageObject\",\"inLanguage\":\"pt-PT\",\"@id\":\"https:\/\/territorialchallenges.com\/#\/schema\/person\/image\/\",\"url\":\"https:\/\/secure.gravatar.com\/avatar\/2a2f2491f3c80039986ba989b1e4b510?s=96&d=identicon&r=g\",\"contentUrl\":\"https:\/\/secure.gravatar.com\/avatar\/2a2f2491f3c80039986ba989b1e4b510?s=96&d=identicon&r=g\",\"caption\":\"ni.abdi\"},\"sameAs\":[\"https:\/\/twitter.com\/Ni.abdi\"],\"url\":\"https:\/\/territorialchallenges.com\/pt\/author\/ni-abdi\/\"}]}<\/script>\n<!-- \/ Yoast SEO plugin. -->","yoast_head_json":{"title":"Gareth Morgan ou l'int\u00e9gration et l'institutionnalisation de la r\u00e9silience urbaine - Territorial Challenges","robots":{"index":"index","follow":"follow","max-snippet":"max-snippet:-1","max-image-preview":"max-image-preview:large","max-video-preview":"max-video-preview:-1"},"canonical":"https:\/\/territorialchallenges.com\/pt\/2023\/07\/25\/gareth-morgan-ou-lintegration-et-linstitutionnalisation-de-la-resilience-urbaine\/120798\/","og_locale":"pt_PT","og_type":"article","og_title":"Gareth Morgan ou l'int\u00e9gration et l'institutionnalisation de la r\u00e9silience urbaine - Territorial Challenges","og_description":"Gareth Morgan, directeur ex\u00e9cutif de la planification future et de la r\u00e9silience de la ville du Cap en Afrique du Sud, a r\u00e9cemment rejoint le podcast Urban Exchange pour discuter de ses efforts pour faire de la r\u00e9silience un aspect central de tous les efforts de la ville. Le podcast, anim\u00e9 par Lauren Sorkin, directrice [&hellip;]","og_url":"https:\/\/territorialchallenges.com\/pt\/2023\/07\/25\/gareth-morgan-ou-lintegration-et-linstitutionnalisation-de-la-resilience-urbaine\/120798\/","og_site_name":"Territorial Challenges","article_published_time":"2023-07-25T06:27:54+00:00","article_modified_time":"2023-07-30T17:45:05+00:00","og_image":[{"width":600,"height":288,"url":"https:\/\/territorialchallenges.com\/wp-content\/uploads\/2023\/07\/onparledeuxGareth-Morgan.jpg","type":"image\/jpeg"}],"author":"ni.abdi","twitter_card":"summary_large_image","twitter_creator":"@Ni.abdi","twitter_misc":{"Escrito por":"ni.abdi","Tempo estimado de leitura":"3 minutos"},"schema":{"@context":"https:\/\/schema.org","@graph":[{"@type":"Article","@id":"https:\/\/territorialchallenges.com\/2023\/07\/25\/gareth-morgan-ou-lintegration-et-linstitutionnalisation-de-la-resilience-urbaine\/120798\/#article","isPartOf":{"@id":"https:\/\/territorialchallenges.com\/2023\/07\/25\/gareth-morgan-ou-lintegration-et-linstitutionnalisation-de-la-resilience-urbaine\/120798\/"},"author":{"name":"ni.abdi","@id":"https:\/\/territorialchallenges.com\/#\/schema\/person\/098f145c7c61a021c425e010f840080f"},"headline":"Gareth Morgan ou l&rsquo;int\u00e9gration et l&rsquo;institutionnalisation de la r\u00e9silience urbaine","datePublished":"2023-07-25T06:27:54+00:00","dateModified":"2023-07-30T17:45:05+00:00","mainEntityOfPage":{"@id":"https:\/\/territorialchallenges.com\/2023\/07\/25\/gareth-morgan-ou-lintegration-et-linstitutionnalisation-de-la-resilience-urbaine\/120798\/"},"wordCount":715,"commentCount":0,"publisher":{"@id":"https:\/\/territorialchallenges.com\/#organization"},"articleSection":["On parle d'eux","\u00c9cosyst\u00e8me"],"inLanguage":"pt-PT"},{"@type":"WebPage","@id":"https:\/\/territorialchallenges.com\/2023\/07\/25\/gareth-morgan-ou-lintegration-et-linstitutionnalisation-de-la-resilience-urbaine\/120798\/","url":"https:\/\/territorialchallenges.com\/2023\/07\/25\/gareth-morgan-ou-lintegration-et-linstitutionnalisation-de-la-resilience-urbaine\/120798\/","name":"Gareth Morgan ou l'int\u00e9gration et l'institutionnalisation de la r\u00e9silience urbaine - Territorial Challenges","isPartOf":{"@id":"https:\/\/territorialchallenges.com\/#website"},"datePublished":"2023-07-25T06:27:54+00:00","dateModified":"2023-07-30T17:45:05+00:00","breadcrumb":{"@id":"https:\/\/territorialchallenges.com\/2023\/07\/25\/gareth-morgan-ou-lintegration-et-linstitutionnalisation-de-la-resilience-urbaine\/120798\/#breadcrumb"},"inLanguage":"pt-PT","potentialAction":[{"@type":"ReadAction","target":["https:\/\/territorialchallenges.com\/2023\/07\/25\/gareth-morgan-ou-lintegration-et-linstitutionnalisation-de-la-resilience-urbaine\/120798\/"]}]},{"@type":"BreadcrumbList","@id":"https:\/\/territorialchallenges.com\/2023\/07\/25\/gareth-morgan-ou-lintegration-et-linstitutionnalisation-de-la-resilience-urbaine\/120798\/#breadcrumb","itemListElement":[{"@type":"ListItem","position":1,"name":"Home","item":"https:\/\/territorialchallenges.com\/"},{"@type":"ListItem","position":2,"name":"Gareth Morgan ou l&rsquo;int\u00e9gration et l&rsquo;institutionnalisation de la r\u00e9silience urbaine"}]},{"@type":"WebSite","@id":"https:\/\/territorialchallenges.com\/#website","url":"https:\/\/territorialchallenges.com\/","name":"Desafios territoriais","description":"Monitoramento Internacional - Estrat\u00e9gias Inteligentes - Melhores Pr\u00e1ticas","publisher":{"@id":"https:\/\/territorialchallenges.com\/#organization"},"potentialAction":[{"@type":"SearchAction","target":{"@type":"EntryPoint","urlTemplate":"https:\/\/territorialchallenges.com\/?s={search_term_string}"},"query-input":"required name=search_term_string"}],"inLanguage":"pt-PT"},{"@type":"Organization","@id":"https:\/\/territorialchallenges.com\/#organization","name":"Desafios territoriais","url":"https:\/\/territorialchallenges.com\/","logo":{"@type":"ImageObject","inLanguage":"pt-PT","@id":"https:\/\/territorialchallenges.com\/#\/schema\/logo\/image\/","url":"https:\/\/territorialchallenges.com\/wp-content\/uploads\/2023\/10\/logo-1.png","contentUrl":"https:\/\/territorialchallenges.com\/wp-content\/uploads\/2023\/10\/logo-1.png","width":1832,"height":576,"caption":"Territorial Challenges"},"image":{"@id":"https:\/\/territorialchallenges.com\/#\/schema\/logo\/image\/"}},{"@type":"Person","@id":"https:\/\/territorialchallenges.com\/#\/schema\/person\/098f145c7c61a021c425e010f840080f","name":"ni.abdi","image":{"@type":"ImageObject","inLanguage":"pt-PT","@id":"https:\/\/territorialchallenges.com\/#\/schema\/person\/image\/","url":"https:\/\/secure.gravatar.com\/avatar\/2a2f2491f3c80039986ba989b1e4b510?s=96&d=identicon&r=g","contentUrl":"https:\/\/secure.gravatar.com\/avatar\/2a2f2491f3c80039986ba989b1e4b510?s=96&d=identicon&r=g","caption":"ni.abdi"},"sameAs":["https:\/\/twitter.com\/Ni.abdi"],"url":"https:\/\/territorialchallenges.com\/pt\/author\/ni-abdi\/"}]}},"_links":{"self":[{"href":"https:\/\/territorialchallenges.com\/pt\/wp-json\/wp\/v2\/posts\/120798"}],"collection":[{"href":"https:\/\/territorialchallenges.com\/pt\/wp-json\/wp\/v2\/posts"}],"about":[{"href":"https:\/\/territorialchallenges.com\/pt\/wp-json\/wp\/v2\/types\/post"}],"author":[{"embeddable":true,"href":"https:\/\/territorialchallenges.com\/pt\/wp-json\/wp\/v2\/users\/11"}],"replies":[{"embeddable":true,"href":"https:\/\/territorialchallenges.com\/pt\/wp-json\/wp\/v2\/comments?post=120798"}],"version-history":[{"count":2,"href":"https:\/\/territorialchallenges.com\/pt\/wp-json\/wp\/v2\/posts\/120798\/revisions"}],"predecessor-version":[{"id":120839,"href":"https:\/\/territorialchallenges.com\/pt\/wp-json\/wp\/v2\/posts\/120798\/revisions\/120839"}],"wp:featuredmedia":[{"embeddable":true,"href":"https:\/\/territorialchallenges.com\/pt\/wp-json\/wp\/v2\/media\/120799"}],"wp:attachment":[{"href":"https:\/\/territorialchallenges.com\/pt\/wp-json\/wp\/v2\/media?parent=120798"}],"wp:term":[{"taxonomy":"category","embeddable":true,"href":"https:\/\/territorialchallenges.com\/pt\/wp-json\/wp\/v2\/categories?post=120798"},{"taxonomy":"post_tag","embeddable":true,"href":"https:\/\/territorialchallenges.com\/pt\/wp-json\/wp\/v2\/tags?post=120798"}],"curies":[{"name":"wp","href":"https:\/\/api.w.org\/{rel}","templated":true}]}}