{"id":120686,"date":"2023-07-04T09:22:47","date_gmt":"2023-07-04T07:22:47","guid":{"rendered":"https:\/\/territorialchallenges.com\/?p=120686"},"modified":"2023-07-04T09:22:47","modified_gmt":"2023-07-04T07:22:47","slug":"bruxelles-recompense-les-projets-innovants-de-la-smart-city-2023","status":"publish","type":"post","link":"https:\/\/territorialchallenges.com\/pt\/2023\/07\/04\/bruxelles-recompense-les-projets-innovants-de-la-smart-city-2023\/120686\/","title":{"rendered":"Bruxelas premia projetos inovadores da Smart City 2023"},"content":{"rendered":"<p>Em 30 de junho, a Prefeitura de Bruxelas anunciou os vencedores do edital &quot;Smart City \u2013 IoT &amp; Smart Data&quot; para 2023. Esta iniciativa visa apoiar projetos inovadores que abordem os desafios tecnol\u00f3gicos, de resili\u00eancia e de sustentabilidade da cidade. Os quatro projetos selecionados refletem a diversidade\u2026 <\/p>\n<div class=\"pmpro_content_message\">Artigo dispon\u00edvel somente para assinantes.<br \/><a href=\"https:\/\/territorialchallenges.com\/wp-login.php\">Conecte-se<\/a><br \/><a href=\"https:\/\/territorialchallenges.com\/pt\/wp-login.php\/?action=register\">Registrar<\/a><\/div>","protected":false},"excerpt":{"rendered":"<p>La Ville de Bruxelles a annonc\u00e9 le 30 juin, les laur\u00e9ats de son appel \u00e0 projets \u00ab\u00a0Smart City &#8211; IoT &amp; Smart Data\u00a0\u00bb pour l&rsquo;ann\u00e9e 2023. Cette initiative vise \u00e0 soutenir des projets novateurs qui r\u00e9pondent aux enjeux technologiques, de r\u00e9silience et de durabilit\u00e9 de la ville. Les quatre projets s\u00e9lectionn\u00e9s refl\u00e8tent la diversit\u00e9 des... <\/p>\n<div class=\"pmpro_content_message\">Artigo dispon\u00edvel somente para assinantes.<br \/><a href=\"https:\/\/territorialchallenges.com\/wp-login.php\">Conecte-se<\/a><br \/><a href=\"https:\/\/territorialchallenges.com\/pt\/wp-login.php\/?action=register\">Registrar<\/a><\/div>","protected":false},"author":11,"featured_media":120687,"comment_status":"open","ping_status":"open","sticky":true,"template":"","format":"standard","meta":{"pmpro_default_level":0,"footnotes":""},"categories":[16,127],"tags":[],"blocksy_meta":"","yoast_head":"<!-- This site is optimized with the Yoast SEO plugin v21.5 - https:\/\/yoast.com\/wordpress\/plugins\/seo\/ -->\n<title>Bruxelles r\u00e9compense les projets innovants de la Smart City 2023 - Territorial Challenges<\/title>\n<meta name=\"robots\" content=\"index, follow, max-snippet:-1, max-image-preview:large, max-video-preview:-1\" \/>\n<link rel=\"canonical\" href=\"https:\/\/territorialchallenges.com\/pt\/2023\/07\/04\/bruxelles-recompense-les-projets-innovants-de-la-smart-city-2023\/120686\/\" \/>\n<meta property=\"og:locale\" content=\"pt_PT\" \/>\n<meta property=\"og:type\" content=\"article\" \/>\n<meta property=\"og:title\" content=\"Bruxelles r\u00e9compense les projets innovants de la Smart City 2023 - Territorial Challenges\" \/>\n<meta property=\"og:description\" content=\"La Ville de Bruxelles a annonc\u00e9 le 30 juin, les laur\u00e9ats de son appel \u00e0 projets \u00ab\u00a0Smart City &#8211; IoT &amp; Smart Data\u00a0\u00bb pour l&rsquo;ann\u00e9e 2023. Cette initiative vise \u00e0 soutenir des projets novateurs qui r\u00e9pondent aux enjeux technologiques, de r\u00e9silience et de durabilit\u00e9 de la ville. Les quatre projets s\u00e9lectionn\u00e9s refl\u00e8tent la diversit\u00e9 des [&hellip;]\" \/>\n<meta property=\"og:url\" content=\"https:\/\/territorialchallenges.com\/pt\/2023\/07\/04\/bruxelles-recompense-les-projets-innovants-de-la-smart-city-2023\/120686\/\" \/>\n<meta property=\"og:site_name\" content=\"Territorial Challenges\" \/>\n<meta property=\"article:published_time\" content=\"2023-07-04T07:22:47+00:00\" \/>\n<meta property=\"og:image\" content=\"https:\/\/territorialchallenges.com\/wp-content\/uploads\/2023\/07\/bruxelles.jpg\" \/>\n\t<meta property=\"og:image:width\" content=\"1280\" \/>\n\t<meta property=\"og:image:height\" content=\"549\" \/>\n\t<meta property=\"og:image:type\" content=\"image\/jpeg\" \/>\n<meta name=\"author\" content=\"ni.abdi\" \/>\n<meta name=\"twitter:card\" content=\"summary_large_image\" \/>\n<meta name=\"twitter:creator\" content=\"@Ni.abdi\" \/>\n<meta name=\"twitter:label1\" content=\"Escrito por\" \/>\n\t<meta name=\"twitter:data1\" content=\"ni.abdi\" \/>\n\t<meta name=\"twitter:label2\" content=\"Tempo estimado de leitura\" \/>\n\t<meta name=\"twitter:data2\" content=\"3 minutos\" \/>\n<script type=\"application\/ld+json\" class=\"yoast-schema-graph\">{\"@context\":\"https:\/\/schema.org\",\"@graph\":[{\"@type\":\"Article\",\"@id\":\"https:\/\/territorialchallenges.com\/2023\/07\/04\/bruxelles-recompense-les-projets-innovants-de-la-smart-city-2023\/120686\/#article\",\"isPartOf\":{\"@id\":\"https:\/\/territorialchallenges.com\/2023\/07\/04\/bruxelles-recompense-les-projets-innovants-de-la-smart-city-2023\/120686\/\"},\"author\":{\"name\":\"ni.abdi\",\"@id\":\"https:\/\/territorialchallenges.com\/#\/schema\/person\/098f145c7c61a021c425e010f840080f\"},\"headline\":\"Bruxelles r\u00e9compense les projets innovants de la Smart City 2023\",\"datePublished\":\"2023-07-04T07:22:47+00:00\",\"dateModified\":\"2023-07-04T07:22:47+00:00\",\"mainEntityOfPage\":{\"@id\":\"https:\/\/territorialchallenges.com\/2023\/07\/04\/bruxelles-recompense-les-projets-innovants-de-la-smart-city-2023\/120686\/\"},\"wordCount\":534,\"commentCount\":0,\"publisher\":{\"@id\":\"https:\/\/territorialchallenges.com\/#organization\"},\"articleSection\":[\"Donn\u00e9es\/Objets Connect\u00e9s\",\"Actualit\u00e9 Europe\"],\"inLanguage\":\"pt-PT\"},{\"@type\":\"WebPage\",\"@id\":\"https:\/\/territorialchallenges.com\/2023\/07\/04\/bruxelles-recompense-les-projets-innovants-de-la-smart-city-2023\/120686\/\",\"url\":\"https:\/\/territorialchallenges.com\/2023\/07\/04\/bruxelles-recompense-les-projets-innovants-de-la-smart-city-2023\/120686\/\",\"name\":\"Bruxelles r\u00e9compense les projets innovants de la Smart City 2023 - Territorial Challenges\",\"isPartOf\":{\"@id\":\"https:\/\/territorialchallenges.com\/#website\"},\"datePublished\":\"2023-07-04T07:22:47+00:00\",\"dateModified\":\"2023-07-04T07:22:47+00:00\",\"breadcrumb\":{\"@id\":\"https:\/\/territorialchallenges.com\/2023\/07\/04\/bruxelles-recompense-les-projets-innovants-de-la-smart-city-2023\/120686\/#breadcrumb\"},\"inLanguage\":\"pt-PT\",\"potentialAction\":[{\"@type\":\"ReadAction\",\"target\":[\"https:\/\/territorialchallenges.com\/2023\/07\/04\/bruxelles-recompense-les-projets-innovants-de-la-smart-city-2023\/120686\/\"]}]},{\"@type\":\"BreadcrumbList\",\"@id\":\"https:\/\/territorialchallenges.com\/2023\/07\/04\/bruxelles-recompense-les-projets-innovants-de-la-smart-city-2023\/120686\/#breadcrumb\",\"itemListElement\":[{\"@type\":\"ListItem\",\"position\":1,\"name\":\"Home\",\"item\":\"https:\/\/territorialchallenges.com\/\"},{\"@type\":\"ListItem\",\"position\":2,\"name\":\"Bruxelles r\u00e9compense les projets innovants de la Smart City 2023\"}]},{\"@type\":\"WebSite\",\"@id\":\"https:\/\/territorialchallenges.com\/#website\",\"url\":\"https:\/\/territorialchallenges.com\/\",\"name\":\"Territorial Challenges\",\"description\":\"Veille Internationale - Strat\u00e9gie Intelligentes - Bonnes pratiques\",\"publisher\":{\"@id\":\"https:\/\/territorialchallenges.com\/#organization\"},\"potentialAction\":[{\"@type\":\"SearchAction\",\"target\":{\"@type\":\"EntryPoint\",\"urlTemplate\":\"https:\/\/territorialchallenges.com\/?s={search_term_string}\"},\"query-input\":\"required name=search_term_string\"}],\"inLanguage\":\"pt-PT\"},{\"@type\":\"Organization\",\"@id\":\"https:\/\/territorialchallenges.com\/#organization\",\"name\":\"Territorial Challenges\",\"url\":\"https:\/\/territorialchallenges.com\/\",\"logo\":{\"@type\":\"ImageObject\",\"inLanguage\":\"pt-PT\",\"@id\":\"https:\/\/territorialchallenges.com\/#\/schema\/logo\/image\/\",\"url\":\"https:\/\/territorialchallenges.com\/wp-content\/uploads\/2023\/10\/logo-1.png\",\"contentUrl\":\"https:\/\/territorialchallenges.com\/wp-content\/uploads\/2023\/10\/logo-1.png\",\"width\":1832,\"height\":576,\"caption\":\"Territorial Challenges\"},\"image\":{\"@id\":\"https:\/\/territorialchallenges.com\/#\/schema\/logo\/image\/\"}},{\"@type\":\"Person\",\"@id\":\"https:\/\/territorialchallenges.com\/#\/schema\/person\/098f145c7c61a021c425e010f840080f\",\"name\":\"ni.abdi\",\"image\":{\"@type\":\"ImageObject\",\"inLanguage\":\"pt-PT\",\"@id\":\"https:\/\/territorialchallenges.com\/#\/schema\/person\/image\/\",\"url\":\"https:\/\/secure.gravatar.com\/avatar\/2a2f2491f3c80039986ba989b1e4b510?s=96&d=identicon&r=g\",\"contentUrl\":\"https:\/\/secure.gravatar.com\/avatar\/2a2f2491f3c80039986ba989b1e4b510?s=96&d=identicon&r=g\",\"caption\":\"ni.abdi\"},\"sameAs\":[\"https:\/\/twitter.com\/Ni.abdi\"],\"url\":\"https:\/\/territorialchallenges.com\/pt\/author\/ni-abdi\/\"}]}<\/script>\n<!-- \/ Yoast SEO plugin. -->","yoast_head_json":{"title":"Bruxelles r\u00e9compense les projets innovants de la Smart City 2023 - Territorial Challenges","robots":{"index":"index","follow":"follow","max-snippet":"max-snippet:-1","max-image-preview":"max-image-preview:large","max-video-preview":"max-video-preview:-1"},"canonical":"https:\/\/territorialchallenges.com\/pt\/2023\/07\/04\/bruxelles-recompense-les-projets-innovants-de-la-smart-city-2023\/120686\/","og_locale":"pt_PT","og_type":"article","og_title":"Bruxelles r\u00e9compense les projets innovants de la Smart City 2023 - Territorial Challenges","og_description":"La Ville de Bruxelles a annonc\u00e9 le 30 juin, les laur\u00e9ats de son appel \u00e0 projets \u00ab\u00a0Smart City &#8211; IoT &amp; Smart Data\u00a0\u00bb pour l&rsquo;ann\u00e9e 2023. Cette initiative vise \u00e0 soutenir des projets novateurs qui r\u00e9pondent aux enjeux technologiques, de r\u00e9silience et de durabilit\u00e9 de la ville. Les quatre projets s\u00e9lectionn\u00e9s refl\u00e8tent la diversit\u00e9 des [&hellip;]","og_url":"https:\/\/territorialchallenges.com\/pt\/2023\/07\/04\/bruxelles-recompense-les-projets-innovants-de-la-smart-city-2023\/120686\/","og_site_name":"Territorial Challenges","article_published_time":"2023-07-04T07:22:47+00:00","og_image":[{"width":1280,"height":549,"url":"https:\/\/territorialchallenges.com\/wp-content\/uploads\/2023\/07\/bruxelles.jpg","type":"image\/jpeg"}],"author":"ni.abdi","twitter_card":"summary_large_image","twitter_creator":"@Ni.abdi","twitter_misc":{"Escrito por":"ni.abdi","Tempo estimado de leitura":"3 minutos"},"schema":{"@context":"https:\/\/schema.org","@graph":[{"@type":"Article","@id":"https:\/\/territorialchallenges.com\/2023\/07\/04\/bruxelles-recompense-les-projets-innovants-de-la-smart-city-2023\/120686\/#article","isPartOf":{"@id":"https:\/\/territorialchallenges.com\/2023\/07\/04\/bruxelles-recompense-les-projets-innovants-de-la-smart-city-2023\/120686\/"},"author":{"name":"ni.abdi","@id":"https:\/\/territorialchallenges.com\/#\/schema\/person\/098f145c7c61a021c425e010f840080f"},"headline":"Bruxelles r\u00e9compense les projets innovants de la Smart City 2023","datePublished":"2023-07-04T07:22:47+00:00","dateModified":"2023-07-04T07:22:47+00:00","mainEntityOfPage":{"@id":"https:\/\/territorialchallenges.com\/2023\/07\/04\/bruxelles-recompense-les-projets-innovants-de-la-smart-city-2023\/120686\/"},"wordCount":534,"commentCount":0,"publisher":{"@id":"https:\/\/territorialchallenges.com\/#organization"},"articleSection":["Donn\u00e9es\/Objets Connect\u00e9s","Actualit\u00e9 Europe"],"inLanguage":"pt-PT"},{"@type":"WebPage","@id":"https:\/\/territorialchallenges.com\/2023\/07\/04\/bruxelles-recompense-les-projets-innovants-de-la-smart-city-2023\/120686\/","url":"https:\/\/territorialchallenges.com\/2023\/07\/04\/bruxelles-recompense-les-projets-innovants-de-la-smart-city-2023\/120686\/","name":"Bruxelles r\u00e9compense les projets innovants de la Smart City 2023 - Territorial Challenges","isPartOf":{"@id":"https:\/\/territorialchallenges.com\/#website"},"datePublished":"2023-07-04T07:22:47+00:00","dateModified":"2023-07-04T07:22:47+00:00","breadcrumb":{"@id":"https:\/\/territorialchallenges.com\/2023\/07\/04\/bruxelles-recompense-les-projets-innovants-de-la-smart-city-2023\/120686\/#breadcrumb"},"inLanguage":"pt-PT","potentialAction":[{"@type":"ReadAction","target":["https:\/\/territorialchallenges.com\/2023\/07\/04\/bruxelles-recompense-les-projets-innovants-de-la-smart-city-2023\/120686\/"]}]},{"@type":"BreadcrumbList","@id":"https:\/\/territorialchallenges.com\/2023\/07\/04\/bruxelles-recompense-les-projets-innovants-de-la-smart-city-2023\/120686\/#breadcrumb","itemListElement":[{"@type":"ListItem","position":1,"name":"Home","item":"https:\/\/territorialchallenges.com\/"},{"@type":"ListItem","position":2,"name":"Bruxelles r\u00e9compense les projets innovants de la Smart City 2023"}]},{"@type":"WebSite","@id":"https:\/\/territorialchallenges.com\/#website","url":"https:\/\/territorialchallenges.com\/","name":"Desafios territoriais","description":"Monitoramento Internacional - Estrat\u00e9gias Inteligentes - Melhores Pr\u00e1ticas","publisher":{"@id":"https:\/\/territorialchallenges.com\/#organization"},"potentialAction":[{"@type":"SearchAction","target":{"@type":"EntryPoint","urlTemplate":"https:\/\/territorialchallenges.com\/?s={search_term_string}"},"query-input":"required name=search_term_string"}],"inLanguage":"pt-PT"},{"@type":"Organization","@id":"https:\/\/territorialchallenges.com\/#organization","name":"Desafios territoriais","url":"https:\/\/territorialchallenges.com\/","logo":{"@type":"ImageObject","inLanguage":"pt-PT","@id":"https:\/\/territorialchallenges.com\/#\/schema\/logo\/image\/","url":"https:\/\/territorialchallenges.com\/wp-content\/uploads\/2023\/10\/logo-1.png","contentUrl":"https:\/\/territorialchallenges.com\/wp-content\/uploads\/2023\/10\/logo-1.png","width":1832,"height":576,"caption":"Territorial Challenges"},"image":{"@id":"https:\/\/territorialchallenges.com\/#\/schema\/logo\/image\/"}},{"@type":"Person","@id":"https:\/\/territorialchallenges.com\/#\/schema\/person\/098f145c7c61a021c425e010f840080f","name":"ni.abdi","image":{"@type":"ImageObject","inLanguage":"pt-PT","@id":"https:\/\/territorialchallenges.com\/#\/schema\/person\/image\/","url":"https:\/\/secure.gravatar.com\/avatar\/2a2f2491f3c80039986ba989b1e4b510?s=96&d=identicon&r=g","contentUrl":"https:\/\/secure.gravatar.com\/avatar\/2a2f2491f3c80039986ba989b1e4b510?s=96&d=identicon&r=g","caption":"ni.abdi"},"sameAs":["https:\/\/twitter.com\/Ni.abdi"],"url":"https:\/\/territorialchallenges.com\/pt\/author\/ni-abdi\/"}]}},"_links":{"self":[{"href":"https:\/\/territorialchallenges.com\/pt\/wp-json\/wp\/v2\/posts\/120686"}],"collection":[{"href":"https:\/\/territorialchallenges.com\/pt\/wp-json\/wp\/v2\/posts"}],"about":[{"href":"https:\/\/territorialchallenges.com\/pt\/wp-json\/wp\/v2\/types\/post"}],"author":[{"embeddable":true,"href":"https:\/\/territorialchallenges.com\/pt\/wp-json\/wp\/v2\/users\/11"}],"replies":[{"embeddable":true,"href":"https:\/\/territorialchallenges.com\/pt\/wp-json\/wp\/v2\/comments?post=120686"}],"version-history":[{"count":1,"href":"https:\/\/territorialchallenges.com\/pt\/wp-json\/wp\/v2\/posts\/120686\/revisions"}],"predecessor-version":[{"id":120691,"href":"https:\/\/territorialchallenges.com\/pt\/wp-json\/wp\/v2\/posts\/120686\/revisions\/120691"}],"wp:featuredmedia":[{"embeddable":true,"href":"https:\/\/territorialchallenges.com\/pt\/wp-json\/wp\/v2\/media\/120687"}],"wp:attachment":[{"href":"https:\/\/territorialchallenges.com\/pt\/wp-json\/wp\/v2\/media?parent=120686"}],"wp:term":[{"taxonomy":"category","embeddable":true,"href":"https:\/\/territorialchallenges.com\/pt\/wp-json\/wp\/v2\/categories?post=120686"},{"taxonomy":"post_tag","embeddable":true,"href":"https:\/\/territorialchallenges.com\/pt\/wp-json\/wp\/v2\/tags?post=120686"}],"curies":[{"name":"wp","href":"https:\/\/api.w.org\/{rel}","templated":true}]}}