{"id":120600,"date":"2023-06-27T10:05:12","date_gmt":"2023-06-27T08:05:12","guid":{"rendered":"https:\/\/territorialchallenges.com\/?p=120600"},"modified":"2023-06-27T20:30:25","modified_gmt":"2023-06-27T18:30:25","slug":"christian-macedonschi-porte-voix-de-la-ville-intelligente-roumaine","status":"publish","type":"post","link":"https:\/\/territorialchallenges.com\/pt\/2023\/06\/27\/christian-macedonschi-porte-voix-de-la-ville-intelligente-roumaine\/120600\/","title":{"rendered":"Christian Macedonschi, porta-voz da cidade inteligente romena"},"content":{"rendered":"<p>Christian Macedonschi, vereador de Brasov, Rom\u00eania, e empres\u00e1rio envolvido no setor de cidades inteligentes, \u00e9 uma figura proeminente no cen\u00e1rio empresarial romeno. Como presidente da associa\u00e7\u00e3o Smart City Brasov, ele desempenha um papel fundamental no desenvolvimento inteligente de Brasov, uma metr\u00f3pole com uma popula\u00e7\u00e3o de 237.590 habitantes na regi\u00e3o. <\/p>\n<div class=\"pmpro_content_message\">Artigo dispon\u00edvel somente para assinantes.<br \/><a href=\"https:\/\/territorialchallenges.com\/wp-login.php\">Conecte-se<\/a><br \/><a href=\"https:\/\/territorialchallenges.com\/pt\/wp-login.php\/?action=register\">Registrar<\/a><\/div>","protected":false},"excerpt":{"rendered":"<p>Christian Macedonschi, conseiller municipal de la ville de Brasov en Roumanie et homme d&rsquo;affaires engag\u00e9 dans le domaine de la ville intelligente, est une figure \u00e9minente de la sc\u00e8ne entrepreneuriale roumaine. Pr\u00e9sident de l&rsquo;association Smart City Brasov, il joue un r\u00f4le cl\u00e9 dans le d\u00e9veloppement intelligent de Brasov, m\u00e9tropole de 237590 habitants de la r\u00e9gion... <\/p>\n<div class=\"pmpro_content_message\">Artigo dispon\u00edvel somente para assinantes.<br \/><a href=\"https:\/\/territorialchallenges.com\/wp-login.php\">Conecte-se<\/a><br \/><a href=\"https:\/\/territorialchallenges.com\/pt\/wp-login.php\/?action=register\">Registrar<\/a><\/div>","protected":false},"author":11,"featured_media":120642,"comment_status":"open","ping_status":"open","sticky":true,"template":"","format":"standard","meta":{"pmpro_default_level":0,"footnotes":""},"categories":[126,117],"tags":[],"blocksy_meta":"","yoast_head":"<!-- This site is optimized with the Yoast SEO plugin v21.5 - https:\/\/yoast.com\/wordpress\/plugins\/seo\/ -->\n<title>Christian Macedonschi, porte-voix de la ville intelligente roumaine - Territorial Challenges<\/title>\n<meta name=\"robots\" content=\"index, follow, max-snippet:-1, max-image-preview:large, max-video-preview:-1\" \/>\n<link rel=\"canonical\" href=\"https:\/\/territorialchallenges.com\/pt\/2023\/06\/27\/christian-macedonschi-porte-voix-de-la-ville-intelligente-roumaine\/120600\/\" \/>\n<meta property=\"og:locale\" content=\"pt_PT\" \/>\n<meta property=\"og:type\" content=\"article\" \/>\n<meta property=\"og:title\" content=\"Christian Macedonschi, porte-voix de la ville intelligente roumaine - Territorial Challenges\" \/>\n<meta property=\"og:description\" content=\"Christian Macedonschi, conseiller municipal de la ville de Brasov en Roumanie et homme d&rsquo;affaires engag\u00e9 dans le domaine de la ville intelligente, est une figure \u00e9minente de la sc\u00e8ne entrepreneuriale roumaine. Pr\u00e9sident de l&rsquo;association Smart City Brasov, il joue un r\u00f4le cl\u00e9 dans le d\u00e9veloppement intelligent de Brasov, m\u00e9tropole de 237590 habitants de la r\u00e9gion [&hellip;]\" \/>\n<meta property=\"og:url\" content=\"https:\/\/territorialchallenges.com\/pt\/2023\/06\/27\/christian-macedonschi-porte-voix-de-la-ville-intelligente-roumaine\/120600\/\" \/>\n<meta property=\"og:site_name\" content=\"Territorial Challenges\" \/>\n<meta property=\"article:published_time\" content=\"2023-06-27T08:05:12+00:00\" \/>\n<meta property=\"article:modified_time\" content=\"2023-06-27T18:30:25+00:00\" \/>\n<meta property=\"og:image\" content=\"https:\/\/territorialchallenges.com\/wp-content\/uploads\/2023\/06\/onparledeuxBrasovromania.png\" \/>\n\t<meta property=\"og:image:width\" content=\"720\" \/>\n\t<meta property=\"og:image:height\" content=\"403\" \/>\n\t<meta property=\"og:image:type\" content=\"image\/png\" \/>\n<meta name=\"author\" content=\"ni.abdi\" \/>\n<meta name=\"twitter:card\" content=\"summary_large_image\" \/>\n<meta name=\"twitter:creator\" content=\"@Ni.abdi\" \/>\n<meta name=\"twitter:label1\" content=\"Escrito por\" \/>\n\t<meta name=\"twitter:data1\" content=\"ni.abdi\" \/>\n\t<meta name=\"twitter:label2\" content=\"Tempo estimado de leitura\" \/>\n\t<meta name=\"twitter:data2\" content=\"4 minutos\" \/>\n<script type=\"application\/ld+json\" class=\"yoast-schema-graph\">{\"@context\":\"https:\/\/schema.org\",\"@graph\":[{\"@type\":\"Article\",\"@id\":\"https:\/\/territorialchallenges.com\/2023\/06\/27\/christian-macedonschi-porte-voix-de-la-ville-intelligente-roumaine\/120600\/#article\",\"isPartOf\":{\"@id\":\"https:\/\/territorialchallenges.com\/2023\/06\/27\/christian-macedonschi-porte-voix-de-la-ville-intelligente-roumaine\/120600\/\"},\"author\":{\"name\":\"ni.abdi\",\"@id\":\"https:\/\/territorialchallenges.com\/#\/schema\/person\/098f145c7c61a021c425e010f840080f\"},\"headline\":\"Christian Macedonschi, porte-voix de la ville intelligente roumaine\",\"datePublished\":\"2023-06-27T08:05:12+00:00\",\"dateModified\":\"2023-06-27T18:30:25+00:00\",\"mainEntityOfPage\":{\"@id\":\"https:\/\/territorialchallenges.com\/2023\/06\/27\/christian-macedonschi-porte-voix-de-la-ville-intelligente-roumaine\/120600\/\"},\"wordCount\":729,\"commentCount\":0,\"publisher\":{\"@id\":\"https:\/\/territorialchallenges.com\/#organization\"},\"articleSection\":[\"On parle d'eux\",\"\u00c9cosyst\u00e8me\"],\"inLanguage\":\"pt-PT\"},{\"@type\":\"WebPage\",\"@id\":\"https:\/\/territorialchallenges.com\/2023\/06\/27\/christian-macedonschi-porte-voix-de-la-ville-intelligente-roumaine\/120600\/\",\"url\":\"https:\/\/territorialchallenges.com\/2023\/06\/27\/christian-macedonschi-porte-voix-de-la-ville-intelligente-roumaine\/120600\/\",\"name\":\"Christian Macedonschi, porte-voix de la ville intelligente roumaine - Territorial Challenges\",\"isPartOf\":{\"@id\":\"https:\/\/territorialchallenges.com\/#website\"},\"datePublished\":\"2023-06-27T08:05:12+00:00\",\"dateModified\":\"2023-06-27T18:30:25+00:00\",\"breadcrumb\":{\"@id\":\"https:\/\/territorialchallenges.com\/2023\/06\/27\/christian-macedonschi-porte-voix-de-la-ville-intelligente-roumaine\/120600\/#breadcrumb\"},\"inLanguage\":\"pt-PT\",\"potentialAction\":[{\"@type\":\"ReadAction\",\"target\":[\"https:\/\/territorialchallenges.com\/2023\/06\/27\/christian-macedonschi-porte-voix-de-la-ville-intelligente-roumaine\/120600\/\"]}]},{\"@type\":\"BreadcrumbList\",\"@id\":\"https:\/\/territorialchallenges.com\/2023\/06\/27\/christian-macedonschi-porte-voix-de-la-ville-intelligente-roumaine\/120600\/#breadcrumb\",\"itemListElement\":[{\"@type\":\"ListItem\",\"position\":1,\"name\":\"Home\",\"item\":\"https:\/\/territorialchallenges.com\/\"},{\"@type\":\"ListItem\",\"position\":2,\"name\":\"Christian Macedonschi, porte-voix de la ville intelligente roumaine\"}]},{\"@type\":\"WebSite\",\"@id\":\"https:\/\/territorialchallenges.com\/#website\",\"url\":\"https:\/\/territorialchallenges.com\/\",\"name\":\"Territorial Challenges\",\"description\":\"Veille Internationale - Strat\u00e9gie Intelligentes - Bonnes pratiques\",\"publisher\":{\"@id\":\"https:\/\/territorialchallenges.com\/#organization\"},\"potentialAction\":[{\"@type\":\"SearchAction\",\"target\":{\"@type\":\"EntryPoint\",\"urlTemplate\":\"https:\/\/territorialchallenges.com\/?s={search_term_string}\"},\"query-input\":\"required name=search_term_string\"}],\"inLanguage\":\"pt-PT\"},{\"@type\":\"Organization\",\"@id\":\"https:\/\/territorialchallenges.com\/#organization\",\"name\":\"Territorial Challenges\",\"url\":\"https:\/\/territorialchallenges.com\/\",\"logo\":{\"@type\":\"ImageObject\",\"inLanguage\":\"pt-PT\",\"@id\":\"https:\/\/territorialchallenges.com\/#\/schema\/logo\/image\/\",\"url\":\"https:\/\/territorialchallenges.com\/wp-content\/uploads\/2023\/10\/logo-1.png\",\"contentUrl\":\"https:\/\/territorialchallenges.com\/wp-content\/uploads\/2023\/10\/logo-1.png\",\"width\":1832,\"height\":576,\"caption\":\"Territorial Challenges\"},\"image\":{\"@id\":\"https:\/\/territorialchallenges.com\/#\/schema\/logo\/image\/\"}},{\"@type\":\"Person\",\"@id\":\"https:\/\/territorialchallenges.com\/#\/schema\/person\/098f145c7c61a021c425e010f840080f\",\"name\":\"ni.abdi\",\"image\":{\"@type\":\"ImageObject\",\"inLanguage\":\"pt-PT\",\"@id\":\"https:\/\/territorialchallenges.com\/#\/schema\/person\/image\/\",\"url\":\"https:\/\/secure.gravatar.com\/avatar\/2a2f2491f3c80039986ba989b1e4b510?s=96&d=identicon&r=g\",\"contentUrl\":\"https:\/\/secure.gravatar.com\/avatar\/2a2f2491f3c80039986ba989b1e4b510?s=96&d=identicon&r=g\",\"caption\":\"ni.abdi\"},\"sameAs\":[\"https:\/\/twitter.com\/Ni.abdi\"],\"url\":\"https:\/\/territorialchallenges.com\/pt\/author\/ni-abdi\/\"}]}<\/script>\n<!-- \/ Yoast SEO plugin. -->","yoast_head_json":{"title":"Christian Macedonschi, porte-voix de la ville intelligente roumaine - Territorial Challenges","robots":{"index":"index","follow":"follow","max-snippet":"max-snippet:-1","max-image-preview":"max-image-preview:large","max-video-preview":"max-video-preview:-1"},"canonical":"https:\/\/territorialchallenges.com\/pt\/2023\/06\/27\/christian-macedonschi-porte-voix-de-la-ville-intelligente-roumaine\/120600\/","og_locale":"pt_PT","og_type":"article","og_title":"Christian Macedonschi, porte-voix de la ville intelligente roumaine - Territorial Challenges","og_description":"Christian Macedonschi, conseiller municipal de la ville de Brasov en Roumanie et homme d&rsquo;affaires engag\u00e9 dans le domaine de la ville intelligente, est une figure \u00e9minente de la sc\u00e8ne entrepreneuriale roumaine. Pr\u00e9sident de l&rsquo;association Smart City Brasov, il joue un r\u00f4le cl\u00e9 dans le d\u00e9veloppement intelligent de Brasov, m\u00e9tropole de 237590 habitants de la r\u00e9gion [&hellip;]","og_url":"https:\/\/territorialchallenges.com\/pt\/2023\/06\/27\/christian-macedonschi-porte-voix-de-la-ville-intelligente-roumaine\/120600\/","og_site_name":"Territorial Challenges","article_published_time":"2023-06-27T08:05:12+00:00","article_modified_time":"2023-06-27T18:30:25+00:00","og_image":[{"width":720,"height":403,"url":"https:\/\/territorialchallenges.com\/wp-content\/uploads\/2023\/06\/onparledeuxBrasovromania.png","type":"image\/png"}],"author":"ni.abdi","twitter_card":"summary_large_image","twitter_creator":"@Ni.abdi","twitter_misc":{"Escrito por":"ni.abdi","Tempo estimado de leitura":"4 minutos"},"schema":{"@context":"https:\/\/schema.org","@graph":[{"@type":"Article","@id":"https:\/\/territorialchallenges.com\/2023\/06\/27\/christian-macedonschi-porte-voix-de-la-ville-intelligente-roumaine\/120600\/#article","isPartOf":{"@id":"https:\/\/territorialchallenges.com\/2023\/06\/27\/christian-macedonschi-porte-voix-de-la-ville-intelligente-roumaine\/120600\/"},"author":{"name":"ni.abdi","@id":"https:\/\/territorialchallenges.com\/#\/schema\/person\/098f145c7c61a021c425e010f840080f"},"headline":"Christian Macedonschi, porte-voix de la ville intelligente roumaine","datePublished":"2023-06-27T08:05:12+00:00","dateModified":"2023-06-27T18:30:25+00:00","mainEntityOfPage":{"@id":"https:\/\/territorialchallenges.com\/2023\/06\/27\/christian-macedonschi-porte-voix-de-la-ville-intelligente-roumaine\/120600\/"},"wordCount":729,"commentCount":0,"publisher":{"@id":"https:\/\/territorialchallenges.com\/#organization"},"articleSection":["On parle d'eux","\u00c9cosyst\u00e8me"],"inLanguage":"pt-PT"},{"@type":"WebPage","@id":"https:\/\/territorialchallenges.com\/2023\/06\/27\/christian-macedonschi-porte-voix-de-la-ville-intelligente-roumaine\/120600\/","url":"https:\/\/territorialchallenges.com\/2023\/06\/27\/christian-macedonschi-porte-voix-de-la-ville-intelligente-roumaine\/120600\/","name":"Christian Macedonschi, porte-voix de la ville intelligente roumaine - Territorial Challenges","isPartOf":{"@id":"https:\/\/territorialchallenges.com\/#website"},"datePublished":"2023-06-27T08:05:12+00:00","dateModified":"2023-06-27T18:30:25+00:00","breadcrumb":{"@id":"https:\/\/territorialchallenges.com\/2023\/06\/27\/christian-macedonschi-porte-voix-de-la-ville-intelligente-roumaine\/120600\/#breadcrumb"},"inLanguage":"pt-PT","potentialAction":[{"@type":"ReadAction","target":["https:\/\/territorialchallenges.com\/2023\/06\/27\/christian-macedonschi-porte-voix-de-la-ville-intelligente-roumaine\/120600\/"]}]},{"@type":"BreadcrumbList","@id":"https:\/\/territorialchallenges.com\/2023\/06\/27\/christian-macedonschi-porte-voix-de-la-ville-intelligente-roumaine\/120600\/#breadcrumb","itemListElement":[{"@type":"ListItem","position":1,"name":"Home","item":"https:\/\/territorialchallenges.com\/"},{"@type":"ListItem","position":2,"name":"Christian Macedonschi, porte-voix de la ville intelligente roumaine"}]},{"@type":"WebSite","@id":"https:\/\/territorialchallenges.com\/#website","url":"https:\/\/territorialchallenges.com\/","name":"Desafios territoriais","description":"Monitoramento Internacional - Estrat\u00e9gias Inteligentes - Melhores Pr\u00e1ticas","publisher":{"@id":"https:\/\/territorialchallenges.com\/#organization"},"potentialAction":[{"@type":"SearchAction","target":{"@type":"EntryPoint","urlTemplate":"https:\/\/territorialchallenges.com\/?s={search_term_string}"},"query-input":"required name=search_term_string"}],"inLanguage":"pt-PT"},{"@type":"Organization","@id":"https:\/\/territorialchallenges.com\/#organization","name":"Desafios territoriais","url":"https:\/\/territorialchallenges.com\/","logo":{"@type":"ImageObject","inLanguage":"pt-PT","@id":"https:\/\/territorialchallenges.com\/#\/schema\/logo\/image\/","url":"https:\/\/territorialchallenges.com\/wp-content\/uploads\/2023\/10\/logo-1.png","contentUrl":"https:\/\/territorialchallenges.com\/wp-content\/uploads\/2023\/10\/logo-1.png","width":1832,"height":576,"caption":"Territorial Challenges"},"image":{"@id":"https:\/\/territorialchallenges.com\/#\/schema\/logo\/image\/"}},{"@type":"Person","@id":"https:\/\/territorialchallenges.com\/#\/schema\/person\/098f145c7c61a021c425e010f840080f","name":"ni.abdi","image":{"@type":"ImageObject","inLanguage":"pt-PT","@id":"https:\/\/territorialchallenges.com\/#\/schema\/person\/image\/","url":"https:\/\/secure.gravatar.com\/avatar\/2a2f2491f3c80039986ba989b1e4b510?s=96&d=identicon&r=g","contentUrl":"https:\/\/secure.gravatar.com\/avatar\/2a2f2491f3c80039986ba989b1e4b510?s=96&d=identicon&r=g","caption":"ni.abdi"},"sameAs":["https:\/\/twitter.com\/Ni.abdi"],"url":"https:\/\/territorialchallenges.com\/pt\/author\/ni-abdi\/"}]}},"_links":{"self":[{"href":"https:\/\/territorialchallenges.com\/pt\/wp-json\/wp\/v2\/posts\/120600"}],"collection":[{"href":"https:\/\/territorialchallenges.com\/pt\/wp-json\/wp\/v2\/posts"}],"about":[{"href":"https:\/\/territorialchallenges.com\/pt\/wp-json\/wp\/v2\/types\/post"}],"author":[{"embeddable":true,"href":"https:\/\/territorialchallenges.com\/pt\/wp-json\/wp\/v2\/users\/11"}],"replies":[{"embeddable":true,"href":"https:\/\/territorialchallenges.com\/pt\/wp-json\/wp\/v2\/comments?post=120600"}],"version-history":[{"count":1,"href":"https:\/\/territorialchallenges.com\/pt\/wp-json\/wp\/v2\/posts\/120600\/revisions"}],"predecessor-version":[{"id":120606,"href":"https:\/\/territorialchallenges.com\/pt\/wp-json\/wp\/v2\/posts\/120600\/revisions\/120606"}],"wp:featuredmedia":[{"embeddable":true,"href":"https:\/\/territorialchallenges.com\/pt\/wp-json\/wp\/v2\/media\/120642"}],"wp:attachment":[{"href":"https:\/\/territorialchallenges.com\/pt\/wp-json\/wp\/v2\/media?parent=120600"}],"wp:term":[{"taxonomy":"category","embeddable":true,"href":"https:\/\/territorialchallenges.com\/pt\/wp-json\/wp\/v2\/categories?post=120600"},{"taxonomy":"post_tag","embeddable":true,"href":"https:\/\/territorialchallenges.com\/pt\/wp-json\/wp\/v2\/tags?post=120600"}],"curies":[{"name":"wp","href":"https:\/\/api.w.org\/{rel}","templated":true}]}}