{"id":89945,"date":"2021-12-22T12:27:35","date_gmt":"2021-12-22T11:27:35","guid":{"rendered":"https:\/\/territorialchallenges.com\/?p=89945"},"modified":"2022-05-02T21:52:22","modified_gmt":"2022-05-02T19:52:22","slug":"mexique-plan-strategique-dune-industrie-4-0-pour-le-sud-du-pays","status":"publish","type":"post","link":"https:\/\/territorialchallenges.com\/nl\/2021\/12\/22\/mexique-plan-strategique-dune-industrie-4-0-pour-le-sud-du-pays\/89945\/","title":{"rendered":"Mexico: Strategisch plan voor Industrie 4.0 voor het zuiden van het land"},"content":{"rendered":"<p>Er is een &quot;Industrie 4.0&quot;-agenda ontwikkeld voor de negen staten in Zuid- en Zuidoost-Mexico die deel uitmaken van het Oaxacapact; namelijk Campeche, Chiapas, Guerrero, Oaxaca, Puebla, Quintana Roo, Tabasco, Veracruz en Yucat\u00e1n. Het project wordt gepromoot door de Confederatie van Industri\u00eble Kamers van Koophandel van de Staten van Mexico (CONCAMIN), met methodologische ondersteuning van het Onderzoekscentrum\u2026 <\/p>\n<div class=\"pmpro_content_message\">Artikel alleen beschikbaar voor abonnees.<br \/><a href=\"https:\/\/territorialchallenges.com\/wp-login.php\">Login<\/a><br \/><a href=\"https:\/\/territorialchallenges.com\/nl\/wp-login.php\/?action=register\">Register<\/a><\/div>","protected":false},"excerpt":{"rendered":"<p>Un agenda \u00ab\u00a0Industrie 4.0\u00a0\u00bb a \u00e9t\u00e9 d\u00e9velopp\u00e9 pour les neuf \u00c9tats du sud et sud-est du Mexique qui composent le Pacte d&rsquo;Oaxaca;\u00a0c&rsquo;est-\u00e0-dire Campeche, Chiapas, Guerrero, Oaxaca, Puebla, Quintana Roo, Tabasco, Veracruz et Yucat\u00e1n. Le projet est promu par la Conf\u00e9d\u00e9ration des chambres industrielles des \u00c9tats du Mexique (CONCAMIN), avec le soutien m\u00e9thodologique du\u00a0Centre de recherche... <\/p>\n<div class=\"pmpro_content_message\">Artikel alleen beschikbaar voor abonnees.<br \/><a href=\"https:\/\/territorialchallenges.com\/wp-login.php\">Login<\/a><br \/><a href=\"https:\/\/territorialchallenges.com\/nl\/wp-login.php\/?action=register\">Register<\/a><\/div>","protected":false},"author":11,"featured_media":89946,"comment_status":"open","ping_status":"open","sticky":true,"template":"","format":"standard","meta":{"pmpro_default_level":0,"footnotes":""},"categories":[17,124],"tags":[],"blocksy_meta":"","yoast_head":"<!-- This site is optimized with the Yoast SEO plugin v21.5 - https:\/\/yoast.com\/wordpress\/plugins\/seo\/ -->\n<title>Mexique : Plan strat\u00e9gique d\u2019une industrie 4.0 pour le sud du pays - Territorial Challenges<\/title>\n<meta name=\"robots\" content=\"index, follow, max-snippet:-1, max-image-preview:large, max-video-preview:-1\" \/>\n<link rel=\"canonical\" href=\"https:\/\/territorialchallenges.com\/nl\/2021\/12\/22\/mexique-plan-strategique-dune-industrie-4-0-pour-le-sud-du-pays\/89945\/\" \/>\n<meta property=\"og:locale\" content=\"nl_NL\" \/>\n<meta property=\"og:type\" content=\"article\" \/>\n<meta property=\"og:title\" content=\"Mexique : Plan strat\u00e9gique d\u2019une industrie 4.0 pour le sud du pays - Territorial Challenges\" \/>\n<meta property=\"og:description\" content=\"Un agenda \u00ab\u00a0Industrie 4.0\u00a0\u00bb a \u00e9t\u00e9 d\u00e9velopp\u00e9 pour les neuf \u00c9tats du sud et sud-est du Mexique qui composent le Pacte d&rsquo;Oaxaca;\u00a0c&rsquo;est-\u00e0-dire Campeche, Chiapas, Guerrero, Oaxaca, Puebla, Quintana Roo, Tabasco, Veracruz et Yucat\u00e1n. Le projet est promu par la Conf\u00e9d\u00e9ration des chambres industrielles des \u00c9tats du Mexique (CONCAMIN), avec le soutien m\u00e9thodologique du\u00a0Centre de recherche [&hellip;]\" \/>\n<meta property=\"og:url\" content=\"https:\/\/territorialchallenges.com\/nl\/2021\/12\/22\/mexique-plan-strategique-dune-industrie-4-0-pour-le-sud-du-pays\/89945\/\" \/>\n<meta property=\"og:site_name\" content=\"Territorial Challenges\" \/>\n<meta property=\"article:published_time\" content=\"2021-12-22T11:27:35+00:00\" \/>\n<meta property=\"article:modified_time\" content=\"2022-05-02T19:52:22+00:00\" \/>\n<meta property=\"og:image\" content=\"https:\/\/territorialchallenges.com\/wp-content\/uploads\/2021\/03\/smartindustry4.0Mexique.jpg\" \/>\n\t<meta property=\"og:image:width\" content=\"958\" \/>\n\t<meta property=\"og:image:height\" content=\"447\" \/>\n\t<meta property=\"og:image:type\" content=\"image\/jpeg\" \/>\n<meta name=\"author\" content=\"ni.abdi\" \/>\n<meta name=\"twitter:card\" content=\"summary_large_image\" \/>\n<meta name=\"twitter:creator\" content=\"@Ni.abdi\" \/>\n<meta name=\"twitter:label1\" content=\"Geschreven door\" \/>\n\t<meta name=\"twitter:data1\" content=\"ni.abdi\" \/>\n\t<meta name=\"twitter:label2\" content=\"Geschatte leestijd\" \/>\n\t<meta name=\"twitter:data2\" content=\"4 minuten\" \/>\n<script type=\"application\/ld+json\" class=\"yoast-schema-graph\">{\"@context\":\"https:\/\/schema.org\",\"@graph\":[{\"@type\":\"Article\",\"@id\":\"https:\/\/territorialchallenges.com\/2021\/12\/22\/mexique-plan-strategique-dune-industrie-4-0-pour-le-sud-du-pays\/89945\/#article\",\"isPartOf\":{\"@id\":\"https:\/\/territorialchallenges.com\/2021\/12\/22\/mexique-plan-strategique-dune-industrie-4-0-pour-le-sud-du-pays\/89945\/\"},\"author\":{\"name\":\"ni.abdi\",\"@id\":\"https:\/\/territorialchallenges.com\/#\/schema\/person\/098f145c7c61a021c425e010f840080f\"},\"headline\":\"Mexique : Plan strat\u00e9gique d\u2019une industrie 4.0 pour le sud du pays\",\"datePublished\":\"2021-12-22T11:27:35+00:00\",\"dateModified\":\"2022-05-02T19:52:22+00:00\",\"mainEntityOfPage\":{\"@id\":\"https:\/\/territorialchallenges.com\/2021\/12\/22\/mexique-plan-strategique-dune-industrie-4-0-pour-le-sud-du-pays\/89945\/\"},\"wordCount\":835,\"commentCount\":0,\"publisher\":{\"@id\":\"https:\/\/territorialchallenges.com\/#organization\"},\"articleSection\":[\"Industrie 5.0\",\"Actualit\u00e9 internationale\"],\"inLanguage\":\"nl-NL\"},{\"@type\":\"WebPage\",\"@id\":\"https:\/\/territorialchallenges.com\/2021\/12\/22\/mexique-plan-strategique-dune-industrie-4-0-pour-le-sud-du-pays\/89945\/\",\"url\":\"https:\/\/territorialchallenges.com\/2021\/12\/22\/mexique-plan-strategique-dune-industrie-4-0-pour-le-sud-du-pays\/89945\/\",\"name\":\"Mexique : Plan strat\u00e9gique d\u2019une industrie 4.0 pour le sud du pays - Territorial Challenges\",\"isPartOf\":{\"@id\":\"https:\/\/territorialchallenges.com\/#website\"},\"datePublished\":\"2021-12-22T11:27:35+00:00\",\"dateModified\":\"2022-05-02T19:52:22+00:00\",\"breadcrumb\":{\"@id\":\"https:\/\/territorialchallenges.com\/2021\/12\/22\/mexique-plan-strategique-dune-industrie-4-0-pour-le-sud-du-pays\/89945\/#breadcrumb\"},\"inLanguage\":\"nl-NL\",\"potentialAction\":[{\"@type\":\"ReadAction\",\"target\":[\"https:\/\/territorialchallenges.com\/2021\/12\/22\/mexique-plan-strategique-dune-industrie-4-0-pour-le-sud-du-pays\/89945\/\"]}]},{\"@type\":\"BreadcrumbList\",\"@id\":\"https:\/\/territorialchallenges.com\/2021\/12\/22\/mexique-plan-strategique-dune-industrie-4-0-pour-le-sud-du-pays\/89945\/#breadcrumb\",\"itemListElement\":[{\"@type\":\"ListItem\",\"position\":1,\"name\":\"Home\",\"item\":\"https:\/\/territorialchallenges.com\/\"},{\"@type\":\"ListItem\",\"position\":2,\"name\":\"Mexique : Plan strat\u00e9gique d\u2019une industrie 4.0 pour le sud du pays\"}]},{\"@type\":\"WebSite\",\"@id\":\"https:\/\/territorialchallenges.com\/#website\",\"url\":\"https:\/\/territorialchallenges.com\/\",\"name\":\"Territorial Challenges\",\"description\":\"Veille Internationale - Strat\u00e9gie Intelligentes - Bonnes pratiques\",\"publisher\":{\"@id\":\"https:\/\/territorialchallenges.com\/#organization\"},\"potentialAction\":[{\"@type\":\"SearchAction\",\"target\":{\"@type\":\"EntryPoint\",\"urlTemplate\":\"https:\/\/territorialchallenges.com\/?s={search_term_string}\"},\"query-input\":\"required name=search_term_string\"}],\"inLanguage\":\"nl-NL\"},{\"@type\":\"Organization\",\"@id\":\"https:\/\/territorialchallenges.com\/#organization\",\"name\":\"Territorial Challenges\",\"url\":\"https:\/\/territorialchallenges.com\/\",\"logo\":{\"@type\":\"ImageObject\",\"inLanguage\":\"nl-NL\",\"@id\":\"https:\/\/territorialchallenges.com\/#\/schema\/logo\/image\/\",\"url\":\"https:\/\/territorialchallenges.com\/wp-content\/uploads\/2023\/10\/logo-1.png\",\"contentUrl\":\"https:\/\/territorialchallenges.com\/wp-content\/uploads\/2023\/10\/logo-1.png\",\"width\":1832,\"height\":576,\"caption\":\"Territorial Challenges\"},\"image\":{\"@id\":\"https:\/\/territorialchallenges.com\/#\/schema\/logo\/image\/\"}},{\"@type\":\"Person\",\"@id\":\"https:\/\/territorialchallenges.com\/#\/schema\/person\/098f145c7c61a021c425e010f840080f\",\"name\":\"ni.abdi\",\"image\":{\"@type\":\"ImageObject\",\"inLanguage\":\"nl-NL\",\"@id\":\"https:\/\/territorialchallenges.com\/#\/schema\/person\/image\/\",\"url\":\"https:\/\/secure.gravatar.com\/avatar\/2a2f2491f3c80039986ba989b1e4b510?s=96&d=identicon&r=g\",\"contentUrl\":\"https:\/\/secure.gravatar.com\/avatar\/2a2f2491f3c80039986ba989b1e4b510?s=96&d=identicon&r=g\",\"caption\":\"ni.abdi\"},\"sameAs\":[\"https:\/\/twitter.com\/Ni.abdi\"],\"url\":\"https:\/\/territorialchallenges.com\/nl\/author\/ni-abdi\/\"}]}<\/script>\n<!-- \/ Yoast SEO plugin. -->","yoast_head_json":{"title":"Mexique : Plan strat\u00e9gique d\u2019une industrie 4.0 pour le sud du pays - Territorial Challenges","robots":{"index":"index","follow":"follow","max-snippet":"max-snippet:-1","max-image-preview":"max-image-preview:large","max-video-preview":"max-video-preview:-1"},"canonical":"https:\/\/territorialchallenges.com\/nl\/2021\/12\/22\/mexique-plan-strategique-dune-industrie-4-0-pour-le-sud-du-pays\/89945\/","og_locale":"nl_NL","og_type":"article","og_title":"Mexique : Plan strat\u00e9gique d\u2019une industrie 4.0 pour le sud du pays - Territorial Challenges","og_description":"Un agenda \u00ab\u00a0Industrie 4.0\u00a0\u00bb a \u00e9t\u00e9 d\u00e9velopp\u00e9 pour les neuf \u00c9tats du sud et sud-est du Mexique qui composent le Pacte d&rsquo;Oaxaca;\u00a0c&rsquo;est-\u00e0-dire Campeche, Chiapas, Guerrero, Oaxaca, Puebla, Quintana Roo, Tabasco, Veracruz et Yucat\u00e1n. Le projet est promu par la Conf\u00e9d\u00e9ration des chambres industrielles des \u00c9tats du Mexique (CONCAMIN), avec le soutien m\u00e9thodologique du\u00a0Centre de recherche [&hellip;]","og_url":"https:\/\/territorialchallenges.com\/nl\/2021\/12\/22\/mexique-plan-strategique-dune-industrie-4-0-pour-le-sud-du-pays\/89945\/","og_site_name":"Territorial Challenges","article_published_time":"2021-12-22T11:27:35+00:00","article_modified_time":"2022-05-02T19:52:22+00:00","og_image":[{"width":958,"height":447,"url":"https:\/\/territorialchallenges.com\/wp-content\/uploads\/2021\/03\/smartindustry4.0Mexique.jpg","type":"image\/jpeg"}],"author":"ni.abdi","twitter_card":"summary_large_image","twitter_creator":"@Ni.abdi","twitter_misc":{"Geschreven door":"ni.abdi","Geschatte leestijd":"4 minuten"},"schema":{"@context":"https:\/\/schema.org","@graph":[{"@type":"Article","@id":"https:\/\/territorialchallenges.com\/2021\/12\/22\/mexique-plan-strategique-dune-industrie-4-0-pour-le-sud-du-pays\/89945\/#article","isPartOf":{"@id":"https:\/\/territorialchallenges.com\/2021\/12\/22\/mexique-plan-strategique-dune-industrie-4-0-pour-le-sud-du-pays\/89945\/"},"author":{"name":"ni.abdi","@id":"https:\/\/territorialchallenges.com\/#\/schema\/person\/098f145c7c61a021c425e010f840080f"},"headline":"Mexique : Plan strat\u00e9gique d\u2019une industrie 4.0 pour le sud du pays","datePublished":"2021-12-22T11:27:35+00:00","dateModified":"2022-05-02T19:52:22+00:00","mainEntityOfPage":{"@id":"https:\/\/territorialchallenges.com\/2021\/12\/22\/mexique-plan-strategique-dune-industrie-4-0-pour-le-sud-du-pays\/89945\/"},"wordCount":835,"commentCount":0,"publisher":{"@id":"https:\/\/territorialchallenges.com\/#organization"},"articleSection":["Industrie 5.0","Actualit\u00e9 internationale"],"inLanguage":"nl-NL"},{"@type":"WebPage","@id":"https:\/\/territorialchallenges.com\/2021\/12\/22\/mexique-plan-strategique-dune-industrie-4-0-pour-le-sud-du-pays\/89945\/","url":"https:\/\/territorialchallenges.com\/2021\/12\/22\/mexique-plan-strategique-dune-industrie-4-0-pour-le-sud-du-pays\/89945\/","name":"Mexique : Plan strat\u00e9gique d\u2019une industrie 4.0 pour le sud du pays - Territorial Challenges","isPartOf":{"@id":"https:\/\/territorialchallenges.com\/#website"},"datePublished":"2021-12-22T11:27:35+00:00","dateModified":"2022-05-02T19:52:22+00:00","breadcrumb":{"@id":"https:\/\/territorialchallenges.com\/2021\/12\/22\/mexique-plan-strategique-dune-industrie-4-0-pour-le-sud-du-pays\/89945\/#breadcrumb"},"inLanguage":"nl-NL","potentialAction":[{"@type":"ReadAction","target":["https:\/\/territorialchallenges.com\/2021\/12\/22\/mexique-plan-strategique-dune-industrie-4-0-pour-le-sud-du-pays\/89945\/"]}]},{"@type":"BreadcrumbList","@id":"https:\/\/territorialchallenges.com\/2021\/12\/22\/mexique-plan-strategique-dune-industrie-4-0-pour-le-sud-du-pays\/89945\/#breadcrumb","itemListElement":[{"@type":"ListItem","position":1,"name":"Home","item":"https:\/\/territorialchallenges.com\/"},{"@type":"ListItem","position":2,"name":"Mexique : Plan strat\u00e9gique d\u2019une industrie 4.0 pour le sud du pays"}]},{"@type":"WebSite","@id":"https:\/\/territorialchallenges.com\/#website","url":"https:\/\/territorialchallenges.com\/","name":"Territoriale uitdagingen","description":"Internationale monitoring - Slimme strategie\u00ebn - Beste praktijken","publisher":{"@id":"https:\/\/territorialchallenges.com\/#organization"},"potentialAction":[{"@type":"SearchAction","target":{"@type":"EntryPoint","urlTemplate":"https:\/\/territorialchallenges.com\/?s={search_term_string}"},"query-input":"required name=search_term_string"}],"inLanguage":"nl-NL"},{"@type":"Organization","@id":"https:\/\/territorialchallenges.com\/#organization","name":"Territoriale uitdagingen","url":"https:\/\/territorialchallenges.com\/","logo":{"@type":"ImageObject","inLanguage":"nl-NL","@id":"https:\/\/territorialchallenges.com\/#\/schema\/logo\/image\/","url":"https:\/\/territorialchallenges.com\/wp-content\/uploads\/2023\/10\/logo-1.png","contentUrl":"https:\/\/territorialchallenges.com\/wp-content\/uploads\/2023\/10\/logo-1.png","width":1832,"height":576,"caption":"Territorial Challenges"},"image":{"@id":"https:\/\/territorialchallenges.com\/#\/schema\/logo\/image\/"}},{"@type":"Person","@id":"https:\/\/territorialchallenges.com\/#\/schema\/person\/098f145c7c61a021c425e010f840080f","name":"ni.abdi","image":{"@type":"ImageObject","inLanguage":"nl-NL","@id":"https:\/\/territorialchallenges.com\/#\/schema\/person\/image\/","url":"https:\/\/secure.gravatar.com\/avatar\/2a2f2491f3c80039986ba989b1e4b510?s=96&d=identicon&r=g","contentUrl":"https:\/\/secure.gravatar.com\/avatar\/2a2f2491f3c80039986ba989b1e4b510?s=96&d=identicon&r=g","caption":"ni.abdi"},"sameAs":["https:\/\/twitter.com\/Ni.abdi"],"url":"https:\/\/territorialchallenges.com\/nl\/author\/ni-abdi\/"}]}},"_links":{"self":[{"href":"https:\/\/territorialchallenges.com\/nl\/wp-json\/wp\/v2\/posts\/89945"}],"collection":[{"href":"https:\/\/territorialchallenges.com\/nl\/wp-json\/wp\/v2\/posts"}],"about":[{"href":"https:\/\/territorialchallenges.com\/nl\/wp-json\/wp\/v2\/types\/post"}],"author":[{"embeddable":true,"href":"https:\/\/territorialchallenges.com\/nl\/wp-json\/wp\/v2\/users\/11"}],"replies":[{"embeddable":true,"href":"https:\/\/territorialchallenges.com\/nl\/wp-json\/wp\/v2\/comments?post=89945"}],"version-history":[{"count":1,"href":"https:\/\/territorialchallenges.com\/nl\/wp-json\/wp\/v2\/posts\/89945\/revisions"}],"predecessor-version":[{"id":89950,"href":"https:\/\/territorialchallenges.com\/nl\/wp-json\/wp\/v2\/posts\/89945\/revisions\/89950"}],"wp:featuredmedia":[{"embeddable":true,"href":"https:\/\/territorialchallenges.com\/nl\/wp-json\/wp\/v2\/media\/89946"}],"wp:attachment":[{"href":"https:\/\/territorialchallenges.com\/nl\/wp-json\/wp\/v2\/media?parent=89945"}],"wp:term":[{"taxonomy":"category","embeddable":true,"href":"https:\/\/territorialchallenges.com\/nl\/wp-json\/wp\/v2\/categories?post=89945"},{"taxonomy":"post_tag","embeddable":true,"href":"https:\/\/territorialchallenges.com\/nl\/wp-json\/wp\/v2\/tags?post=89945"}],"curies":[{"name":"wp","href":"https:\/\/api.w.org\/{rel}","templated":true}]}}