{"id":89896,"date":"2021-12-15T08:27:26","date_gmt":"2021-12-15T07:27:26","guid":{"rendered":"https:\/\/territorialchallenges.com\/?p=89896"},"modified":"2022-05-02T21:54:18","modified_gmt":"2022-05-02T19:54:18","slug":"cyberattaques-les-risques-de-la-5g-pour-les-villes-intelligentes","status":"publish","type":"post","link":"https:\/\/territorialchallenges.com\/nl\/2021\/12\/15\/cyberattaques-les-risques-de-la-5g-pour-les-villes-intelligentes\/89896\/","title":{"rendered":"Cyberaanvallen: de risico&#039;s van 5G voor slimme steden"},"content":{"rendered":"<p>De dreiging van ransomware-aanvallen op overheden en lokale overheden is de afgelopen jaren een wijdverbreide bedreiging geweest, een gevaar dat volgens experts zelfs nog is toegenomen. Bovendien zal de dreiging zich waarschijnlijk ontwikkelen tot een aanval op cloudproviders die publieke en lokale overheidsdiensten hosten. Dit is\u2026 <\/p>\n<div class=\"pmpro_content_message\">Artikel alleen beschikbaar voor abonnees.<br \/><a href=\"https:\/\/territorialchallenges.com\/wp-login.php\">Login<\/a><br \/><a href=\"https:\/\/territorialchallenges.com\/nl\/wp-login.php\/?action=register\">Register<\/a><\/div>","protected":false},"excerpt":{"rendered":"<p>La menace d&rsquo;attaques par ran\u00e7ongiciel pour les Etats et les collectivit\u00e9s territoriales a \u00e9t\u00e9 un p\u00e9ril omnipr\u00e9sent au cours des derni\u00e8res ann\u00e9es, un\u00a0 danger qui s\u2019est m\u00eame aggrav\u00e9 selon les experts. De plus, la menace va probablement \u00e9voluer pour attaquer les fournisseurs de solutions cloud qui h\u00e9bergent des services publics et de collectivit\u00e9s locales. C&rsquo;est... <\/p>\n<div class=\"pmpro_content_message\">Artikel alleen beschikbaar voor abonnees.<br \/><a href=\"https:\/\/territorialchallenges.com\/wp-login.php\">Login<\/a><br \/><a href=\"https:\/\/territorialchallenges.com\/nl\/wp-login.php\/?action=register\">Register<\/a><\/div>","protected":false},"author":11,"featured_media":89897,"comment_status":"open","ping_status":"open","sticky":true,"template":"","format":"standard","meta":{"pmpro_default_level":0,"footnotes":""},"categories":[16,124],"tags":[],"blocksy_meta":"","yoast_head":"<!-- This site is optimized with the Yoast SEO plugin v21.5 - https:\/\/yoast.com\/wordpress\/plugins\/seo\/ -->\n<title>Cyberattaques : Les risques de la 5G pour les villes intelligentes - Territorial Challenges<\/title>\n<meta name=\"robots\" content=\"index, follow, max-snippet:-1, max-image-preview:large, max-video-preview:-1\" \/>\n<link rel=\"canonical\" href=\"https:\/\/territorialchallenges.com\/nl\/2021\/12\/15\/cyberattaques-les-risques-de-la-5g-pour-les-villes-intelligentes\/89896\/\" \/>\n<meta property=\"og:locale\" content=\"nl_NL\" \/>\n<meta property=\"og:type\" content=\"article\" \/>\n<meta property=\"og:title\" content=\"Cyberattaques : Les risques de la 5G pour les villes intelligentes - Territorial Challenges\" \/>\n<meta property=\"og:description\" content=\"La menace d&rsquo;attaques par ran\u00e7ongiciel pour les Etats et les collectivit\u00e9s territoriales a \u00e9t\u00e9 un p\u00e9ril omnipr\u00e9sent au cours des derni\u00e8res ann\u00e9es, un\u00a0 danger qui s\u2019est m\u00eame aggrav\u00e9 selon les experts. De plus, la menace va probablement \u00e9voluer pour attaquer les fournisseurs de solutions cloud qui h\u00e9bergent des services publics et de collectivit\u00e9s locales. C&rsquo;est [&hellip;]\" \/>\n<meta property=\"og:url\" content=\"https:\/\/territorialchallenges.com\/nl\/2021\/12\/15\/cyberattaques-les-risques-de-la-5g-pour-les-villes-intelligentes\/89896\/\" \/>\n<meta property=\"og:site_name\" content=\"Territorial Challenges\" \/>\n<meta property=\"article:published_time\" content=\"2021-12-15T07:27:26+00:00\" \/>\n<meta property=\"article:modified_time\" content=\"2022-05-02T19:54:18+00:00\" \/>\n<meta property=\"og:image\" content=\"https:\/\/territorialchallenges.com\/wp-content\/uploads\/2021\/03\/iot150321image1.jpg\" \/>\n\t<meta property=\"og:image:width\" content=\"1280\" \/>\n\t<meta property=\"og:image:height\" content=\"566\" \/>\n\t<meta property=\"og:image:type\" content=\"image\/jpeg\" \/>\n<meta name=\"author\" content=\"ni.abdi\" \/>\n<meta name=\"twitter:card\" content=\"summary_large_image\" \/>\n<meta name=\"twitter:creator\" content=\"@Ni.abdi\" \/>\n<meta name=\"twitter:label1\" content=\"Geschreven door\" \/>\n\t<meta name=\"twitter:data1\" content=\"ni.abdi\" \/>\n\t<meta name=\"twitter:label2\" content=\"Geschatte leestijd\" \/>\n\t<meta name=\"twitter:data2\" content=\"5 minuten\" \/>\n<script type=\"application\/ld+json\" class=\"yoast-schema-graph\">{\"@context\":\"https:\/\/schema.org\",\"@graph\":[{\"@type\":\"Article\",\"@id\":\"https:\/\/territorialchallenges.com\/2021\/12\/15\/cyberattaques-les-risques-de-la-5g-pour-les-villes-intelligentes\/89896\/#article\",\"isPartOf\":{\"@id\":\"https:\/\/territorialchallenges.com\/2021\/12\/15\/cyberattaques-les-risques-de-la-5g-pour-les-villes-intelligentes\/89896\/\"},\"author\":{\"name\":\"ni.abdi\",\"@id\":\"https:\/\/territorialchallenges.com\/#\/schema\/person\/098f145c7c61a021c425e010f840080f\"},\"headline\":\"Cyberattaques : Les risques de la 5G pour les villes intelligentes\",\"datePublished\":\"2021-12-15T07:27:26+00:00\",\"dateModified\":\"2022-05-02T19:54:18+00:00\",\"mainEntityOfPage\":{\"@id\":\"https:\/\/territorialchallenges.com\/2021\/12\/15\/cyberattaques-les-risques-de-la-5g-pour-les-villes-intelligentes\/89896\/\"},\"wordCount\":991,\"commentCount\":0,\"publisher\":{\"@id\":\"https:\/\/territorialchallenges.com\/#organization\"},\"articleSection\":[\"Donn\u00e9es\/Objets Connect\u00e9s\",\"Actualit\u00e9 internationale\"],\"inLanguage\":\"nl-NL\"},{\"@type\":\"WebPage\",\"@id\":\"https:\/\/territorialchallenges.com\/2021\/12\/15\/cyberattaques-les-risques-de-la-5g-pour-les-villes-intelligentes\/89896\/\",\"url\":\"https:\/\/territorialchallenges.com\/2021\/12\/15\/cyberattaques-les-risques-de-la-5g-pour-les-villes-intelligentes\/89896\/\",\"name\":\"Cyberattaques : Les risques de la 5G pour les villes intelligentes - Territorial Challenges\",\"isPartOf\":{\"@id\":\"https:\/\/territorialchallenges.com\/#website\"},\"datePublished\":\"2021-12-15T07:27:26+00:00\",\"dateModified\":\"2022-05-02T19:54:18+00:00\",\"breadcrumb\":{\"@id\":\"https:\/\/territorialchallenges.com\/2021\/12\/15\/cyberattaques-les-risques-de-la-5g-pour-les-villes-intelligentes\/89896\/#breadcrumb\"},\"inLanguage\":\"nl-NL\",\"potentialAction\":[{\"@type\":\"ReadAction\",\"target\":[\"https:\/\/territorialchallenges.com\/2021\/12\/15\/cyberattaques-les-risques-de-la-5g-pour-les-villes-intelligentes\/89896\/\"]}]},{\"@type\":\"BreadcrumbList\",\"@id\":\"https:\/\/territorialchallenges.com\/2021\/12\/15\/cyberattaques-les-risques-de-la-5g-pour-les-villes-intelligentes\/89896\/#breadcrumb\",\"itemListElement\":[{\"@type\":\"ListItem\",\"position\":1,\"name\":\"Home\",\"item\":\"https:\/\/territorialchallenges.com\/\"},{\"@type\":\"ListItem\",\"position\":2,\"name\":\"Cyberattaques : Les risques de la 5G pour les villes intelligentes\"}]},{\"@type\":\"WebSite\",\"@id\":\"https:\/\/territorialchallenges.com\/#website\",\"url\":\"https:\/\/territorialchallenges.com\/\",\"name\":\"Territorial Challenges\",\"description\":\"Veille Internationale - Strat\u00e9gie Intelligentes - Bonnes pratiques\",\"publisher\":{\"@id\":\"https:\/\/territorialchallenges.com\/#organization\"},\"potentialAction\":[{\"@type\":\"SearchAction\",\"target\":{\"@type\":\"EntryPoint\",\"urlTemplate\":\"https:\/\/territorialchallenges.com\/?s={search_term_string}\"},\"query-input\":\"required name=search_term_string\"}],\"inLanguage\":\"nl-NL\"},{\"@type\":\"Organization\",\"@id\":\"https:\/\/territorialchallenges.com\/#organization\",\"name\":\"Territorial Challenges\",\"url\":\"https:\/\/territorialchallenges.com\/\",\"logo\":{\"@type\":\"ImageObject\",\"inLanguage\":\"nl-NL\",\"@id\":\"https:\/\/territorialchallenges.com\/#\/schema\/logo\/image\/\",\"url\":\"https:\/\/territorialchallenges.com\/wp-content\/uploads\/2023\/10\/logo-1.png\",\"contentUrl\":\"https:\/\/territorialchallenges.com\/wp-content\/uploads\/2023\/10\/logo-1.png\",\"width\":1832,\"height\":576,\"caption\":\"Territorial Challenges\"},\"image\":{\"@id\":\"https:\/\/territorialchallenges.com\/#\/schema\/logo\/image\/\"}},{\"@type\":\"Person\",\"@id\":\"https:\/\/territorialchallenges.com\/#\/schema\/person\/098f145c7c61a021c425e010f840080f\",\"name\":\"ni.abdi\",\"image\":{\"@type\":\"ImageObject\",\"inLanguage\":\"nl-NL\",\"@id\":\"https:\/\/territorialchallenges.com\/#\/schema\/person\/image\/\",\"url\":\"https:\/\/secure.gravatar.com\/avatar\/2a2f2491f3c80039986ba989b1e4b510?s=96&d=identicon&r=g\",\"contentUrl\":\"https:\/\/secure.gravatar.com\/avatar\/2a2f2491f3c80039986ba989b1e4b510?s=96&d=identicon&r=g\",\"caption\":\"ni.abdi\"},\"sameAs\":[\"https:\/\/twitter.com\/Ni.abdi\"],\"url\":\"https:\/\/territorialchallenges.com\/nl\/author\/ni-abdi\/\"}]}<\/script>\n<!-- \/ Yoast SEO plugin. -->","yoast_head_json":{"title":"Cyberattaques : Les risques de la 5G pour les villes intelligentes - Territorial Challenges","robots":{"index":"index","follow":"follow","max-snippet":"max-snippet:-1","max-image-preview":"max-image-preview:large","max-video-preview":"max-video-preview:-1"},"canonical":"https:\/\/territorialchallenges.com\/nl\/2021\/12\/15\/cyberattaques-les-risques-de-la-5g-pour-les-villes-intelligentes\/89896\/","og_locale":"nl_NL","og_type":"article","og_title":"Cyberattaques : Les risques de la 5G pour les villes intelligentes - Territorial Challenges","og_description":"La menace d&rsquo;attaques par ran\u00e7ongiciel pour les Etats et les collectivit\u00e9s territoriales a \u00e9t\u00e9 un p\u00e9ril omnipr\u00e9sent au cours des derni\u00e8res ann\u00e9es, un\u00a0 danger qui s\u2019est m\u00eame aggrav\u00e9 selon les experts. De plus, la menace va probablement \u00e9voluer pour attaquer les fournisseurs de solutions cloud qui h\u00e9bergent des services publics et de collectivit\u00e9s locales. C&rsquo;est [&hellip;]","og_url":"https:\/\/territorialchallenges.com\/nl\/2021\/12\/15\/cyberattaques-les-risques-de-la-5g-pour-les-villes-intelligentes\/89896\/","og_site_name":"Territorial Challenges","article_published_time":"2021-12-15T07:27:26+00:00","article_modified_time":"2022-05-02T19:54:18+00:00","og_image":[{"width":1280,"height":566,"url":"https:\/\/territorialchallenges.com\/wp-content\/uploads\/2021\/03\/iot150321image1.jpg","type":"image\/jpeg"}],"author":"ni.abdi","twitter_card":"summary_large_image","twitter_creator":"@Ni.abdi","twitter_misc":{"Geschreven door":"ni.abdi","Geschatte leestijd":"5 minuten"},"schema":{"@context":"https:\/\/schema.org","@graph":[{"@type":"Article","@id":"https:\/\/territorialchallenges.com\/2021\/12\/15\/cyberattaques-les-risques-de-la-5g-pour-les-villes-intelligentes\/89896\/#article","isPartOf":{"@id":"https:\/\/territorialchallenges.com\/2021\/12\/15\/cyberattaques-les-risques-de-la-5g-pour-les-villes-intelligentes\/89896\/"},"author":{"name":"ni.abdi","@id":"https:\/\/territorialchallenges.com\/#\/schema\/person\/098f145c7c61a021c425e010f840080f"},"headline":"Cyberattaques : Les risques de la 5G pour les villes intelligentes","datePublished":"2021-12-15T07:27:26+00:00","dateModified":"2022-05-02T19:54:18+00:00","mainEntityOfPage":{"@id":"https:\/\/territorialchallenges.com\/2021\/12\/15\/cyberattaques-les-risques-de-la-5g-pour-les-villes-intelligentes\/89896\/"},"wordCount":991,"commentCount":0,"publisher":{"@id":"https:\/\/territorialchallenges.com\/#organization"},"articleSection":["Donn\u00e9es\/Objets Connect\u00e9s","Actualit\u00e9 internationale"],"inLanguage":"nl-NL"},{"@type":"WebPage","@id":"https:\/\/territorialchallenges.com\/2021\/12\/15\/cyberattaques-les-risques-de-la-5g-pour-les-villes-intelligentes\/89896\/","url":"https:\/\/territorialchallenges.com\/2021\/12\/15\/cyberattaques-les-risques-de-la-5g-pour-les-villes-intelligentes\/89896\/","name":"Cyberattaques : Les risques de la 5G pour les villes intelligentes - Territorial Challenges","isPartOf":{"@id":"https:\/\/territorialchallenges.com\/#website"},"datePublished":"2021-12-15T07:27:26+00:00","dateModified":"2022-05-02T19:54:18+00:00","breadcrumb":{"@id":"https:\/\/territorialchallenges.com\/2021\/12\/15\/cyberattaques-les-risques-de-la-5g-pour-les-villes-intelligentes\/89896\/#breadcrumb"},"inLanguage":"nl-NL","potentialAction":[{"@type":"ReadAction","target":["https:\/\/territorialchallenges.com\/2021\/12\/15\/cyberattaques-les-risques-de-la-5g-pour-les-villes-intelligentes\/89896\/"]}]},{"@type":"BreadcrumbList","@id":"https:\/\/territorialchallenges.com\/2021\/12\/15\/cyberattaques-les-risques-de-la-5g-pour-les-villes-intelligentes\/89896\/#breadcrumb","itemListElement":[{"@type":"ListItem","position":1,"name":"Home","item":"https:\/\/territorialchallenges.com\/"},{"@type":"ListItem","position":2,"name":"Cyberattaques : Les risques de la 5G pour les villes intelligentes"}]},{"@type":"WebSite","@id":"https:\/\/territorialchallenges.com\/#website","url":"https:\/\/territorialchallenges.com\/","name":"Territoriale uitdagingen","description":"Internationale monitoring - Slimme strategie\u00ebn - Beste praktijken","publisher":{"@id":"https:\/\/territorialchallenges.com\/#organization"},"potentialAction":[{"@type":"SearchAction","target":{"@type":"EntryPoint","urlTemplate":"https:\/\/territorialchallenges.com\/?s={search_term_string}"},"query-input":"required name=search_term_string"}],"inLanguage":"nl-NL"},{"@type":"Organization","@id":"https:\/\/territorialchallenges.com\/#organization","name":"Territoriale uitdagingen","url":"https:\/\/territorialchallenges.com\/","logo":{"@type":"ImageObject","inLanguage":"nl-NL","@id":"https:\/\/territorialchallenges.com\/#\/schema\/logo\/image\/","url":"https:\/\/territorialchallenges.com\/wp-content\/uploads\/2023\/10\/logo-1.png","contentUrl":"https:\/\/territorialchallenges.com\/wp-content\/uploads\/2023\/10\/logo-1.png","width":1832,"height":576,"caption":"Territorial Challenges"},"image":{"@id":"https:\/\/territorialchallenges.com\/#\/schema\/logo\/image\/"}},{"@type":"Person","@id":"https:\/\/territorialchallenges.com\/#\/schema\/person\/098f145c7c61a021c425e010f840080f","name":"ni.abdi","image":{"@type":"ImageObject","inLanguage":"nl-NL","@id":"https:\/\/territorialchallenges.com\/#\/schema\/person\/image\/","url":"https:\/\/secure.gravatar.com\/avatar\/2a2f2491f3c80039986ba989b1e4b510?s=96&d=identicon&r=g","contentUrl":"https:\/\/secure.gravatar.com\/avatar\/2a2f2491f3c80039986ba989b1e4b510?s=96&d=identicon&r=g","caption":"ni.abdi"},"sameAs":["https:\/\/twitter.com\/Ni.abdi"],"url":"https:\/\/territorialchallenges.com\/nl\/author\/ni-abdi\/"}]}},"_links":{"self":[{"href":"https:\/\/territorialchallenges.com\/nl\/wp-json\/wp\/v2\/posts\/89896"}],"collection":[{"href":"https:\/\/territorialchallenges.com\/nl\/wp-json\/wp\/v2\/posts"}],"about":[{"href":"https:\/\/territorialchallenges.com\/nl\/wp-json\/wp\/v2\/types\/post"}],"author":[{"embeddable":true,"href":"https:\/\/territorialchallenges.com\/nl\/wp-json\/wp\/v2\/users\/11"}],"replies":[{"embeddable":true,"href":"https:\/\/territorialchallenges.com\/nl\/wp-json\/wp\/v2\/comments?post=89896"}],"version-history":[{"count":1,"href":"https:\/\/territorialchallenges.com\/nl\/wp-json\/wp\/v2\/posts\/89896\/revisions"}],"predecessor-version":[{"id":89901,"href":"https:\/\/territorialchallenges.com\/nl\/wp-json\/wp\/v2\/posts\/89896\/revisions\/89901"}],"wp:featuredmedia":[{"embeddable":true,"href":"https:\/\/territorialchallenges.com\/nl\/wp-json\/wp\/v2\/media\/89897"}],"wp:attachment":[{"href":"https:\/\/territorialchallenges.com\/nl\/wp-json\/wp\/v2\/media?parent=89896"}],"wp:term":[{"taxonomy":"category","embeddable":true,"href":"https:\/\/territorialchallenges.com\/nl\/wp-json\/wp\/v2\/categories?post=89896"},{"taxonomy":"post_tag","embeddable":true,"href":"https:\/\/territorialchallenges.com\/nl\/wp-json\/wp\/v2\/tags?post=89896"}],"curies":[{"name":"wp","href":"https:\/\/api.w.org\/{rel}","templated":true}]}}