{"id":89506,"date":"2021-11-23T20:21:08","date_gmt":"2021-11-23T19:21:08","guid":{"rendered":"https:\/\/territorialchallenges.com\/?p=89506"},"modified":"2022-05-02T21:57:43","modified_gmt":"2022-05-02T19:57:43","slug":"darmstadt-une-ville-allemande-a-la-pointe-de-la-gestion-des-donnees-urbaines","status":"publish","type":"post","link":"https:\/\/territorialchallenges.com\/nl\/2021\/11\/23\/darmstadt-une-ville-allemande-a-la-pointe-de-la-gestion-des-donnees-urbaines\/89506\/","title":{"rendered":"Darmstadt, een Duitse stad die vooroploopt in stedelijk databeheer"},"content":{"rendered":"<p>In Darmstadt, een stad met 160.000 inwoners en aangewezen als &quot;Stad van de Wetenschap&quot; in de deelstaat Hessen, is het eerste stedelijke dataplatform van Duitsland online gegaan, met toepassingen op het gebied van verkeer, milieu en afval. De gemeente maakt er een punt van om mee te doen... <\/p>\n<div class=\"pmpro_content_message\">Artikel alleen beschikbaar voor abonnees.<br \/><a href=\"https:\/\/territorialchallenges.com\/wp-login.php\">Login<\/a><br \/><a href=\"https:\/\/territorialchallenges.com\/nl\/wp-login.php\/?action=register\">Register<\/a><\/div>","protected":false},"excerpt":{"rendered":"<p>\u00c0 Darmstadt, cit\u00e9 de 160000 habitants, d\u00e9sign\u00e9e comme \u00e9tant \u00ab\u00a0la Ville de la Science\u00a0\u00bb et situ\u00e9e dans le Land de la Hesse, la premi\u00e8re plateforme de donn\u00e9es urbaines d&rsquo;Allemagne a \u00e9t\u00e9 mise en ligne, avec des applications sur le trafic, l&rsquo;environnement et les ordures. A cela, la municipalit\u00e9 fait un point d\u2019honneur sur la participation... <\/p>\n<div class=\"pmpro_content_message\">Artikel alleen beschikbaar voor abonnees.<br \/><a href=\"https:\/\/territorialchallenges.com\/wp-login.php\">Login<\/a><br \/><a href=\"https:\/\/territorialchallenges.com\/nl\/wp-login.php\/?action=register\">Register<\/a><\/div>","protected":false},"author":11,"featured_media":89507,"comment_status":"open","ping_status":"open","sticky":true,"template":"","format":"standard","meta":{"pmpro_default_level":0,"footnotes":""},"categories":[120,117],"tags":[],"blocksy_meta":"","yoast_head":"<!-- This site is optimized with the Yoast SEO plugin v21.5 - https:\/\/yoast.com\/wordpress\/plugins\/seo\/ -->\n<title>Darmstadt, une ville allemande \u00e0 la pointe de la gestion des donn\u00e9es urbaines - Territorial Challenges<\/title>\n<meta name=\"robots\" content=\"index, follow, max-snippet:-1, max-image-preview:large, max-video-preview:-1\" \/>\n<link rel=\"canonical\" href=\"https:\/\/territorialchallenges.com\/nl\/2021\/11\/23\/darmstadt-une-ville-allemande-a-la-pointe-de-la-gestion-des-donnees-urbaines\/89506\/\" \/>\n<meta property=\"og:locale\" content=\"nl_NL\" \/>\n<meta property=\"og:type\" content=\"article\" \/>\n<meta property=\"og:title\" content=\"Darmstadt, une ville allemande \u00e0 la pointe de la gestion des donn\u00e9es urbaines - Territorial Challenges\" \/>\n<meta property=\"og:description\" content=\"\u00c0 Darmstadt, cit\u00e9 de 160000 habitants, d\u00e9sign\u00e9e comme \u00e9tant \u00ab\u00a0la Ville de la Science\u00a0\u00bb et situ\u00e9e dans le Land de la Hesse, la premi\u00e8re plateforme de donn\u00e9es urbaines d&rsquo;Allemagne a \u00e9t\u00e9 mise en ligne, avec des applications sur le trafic, l&rsquo;environnement et les ordures. A cela, la municipalit\u00e9 fait un point d\u2019honneur sur la participation [&hellip;]\" \/>\n<meta property=\"og:url\" content=\"https:\/\/territorialchallenges.com\/nl\/2021\/11\/23\/darmstadt-une-ville-allemande-a-la-pointe-de-la-gestion-des-donnees-urbaines\/89506\/\" \/>\n<meta property=\"og:site_name\" content=\"Territorial Challenges\" \/>\n<meta property=\"article:published_time\" content=\"2021-11-23T19:21:08+00:00\" \/>\n<meta property=\"article:modified_time\" content=\"2022-05-02T19:57:43+00:00\" \/>\n<meta property=\"og:image\" content=\"https:\/\/territorialchallenges.com\/wp-content\/uploads\/2021\/02\/ilsestpasseaimagedarmstadt.jpg\" \/>\n\t<meta property=\"og:image:width\" content=\"1914\" \/>\n\t<meta property=\"og:image:height\" content=\"866\" \/>\n\t<meta property=\"og:image:type\" content=\"image\/jpeg\" \/>\n<meta name=\"author\" content=\"ni.abdi\" \/>\n<meta name=\"twitter:card\" content=\"summary_large_image\" \/>\n<meta name=\"twitter:creator\" content=\"@Ni.abdi\" \/>\n<meta name=\"twitter:label1\" content=\"Geschreven door\" \/>\n\t<meta name=\"twitter:data1\" content=\"ni.abdi\" \/>\n\t<meta name=\"twitter:label2\" content=\"Geschatte leestijd\" \/>\n\t<meta name=\"twitter:data2\" content=\"4 minuten\" \/>\n<script type=\"application\/ld+json\" class=\"yoast-schema-graph\">{\"@context\":\"https:\/\/schema.org\",\"@graph\":[{\"@type\":\"Article\",\"@id\":\"https:\/\/territorialchallenges.com\/2021\/11\/23\/darmstadt-une-ville-allemande-a-la-pointe-de-la-gestion-des-donnees-urbaines\/89506\/#article\",\"isPartOf\":{\"@id\":\"https:\/\/territorialchallenges.com\/2021\/11\/23\/darmstadt-une-ville-allemande-a-la-pointe-de-la-gestion-des-donnees-urbaines\/89506\/\"},\"author\":{\"name\":\"ni.abdi\",\"@id\":\"https:\/\/territorialchallenges.com\/#\/schema\/person\/098f145c7c61a021c425e010f840080f\"},\"headline\":\"Darmstadt, une ville allemande \u00e0 la pointe de la gestion des donn\u00e9es urbaines\",\"datePublished\":\"2021-11-23T19:21:08+00:00\",\"dateModified\":\"2022-05-02T19:57:43+00:00\",\"mainEntityOfPage\":{\"@id\":\"https:\/\/territorialchallenges.com\/2021\/11\/23\/darmstadt-une-ville-allemande-a-la-pointe-de-la-gestion-des-donnees-urbaines\/89506\/\"},\"wordCount\":749,\"commentCount\":0,\"publisher\":{\"@id\":\"https:\/\/territorialchallenges.com\/#organization\"},\"articleSection\":[\"Il s'est pass\u00e9 \u00e0\",\"\u00c9cosyst\u00e8me\"],\"inLanguage\":\"nl-NL\"},{\"@type\":\"WebPage\",\"@id\":\"https:\/\/territorialchallenges.com\/2021\/11\/23\/darmstadt-une-ville-allemande-a-la-pointe-de-la-gestion-des-donnees-urbaines\/89506\/\",\"url\":\"https:\/\/territorialchallenges.com\/2021\/11\/23\/darmstadt-une-ville-allemande-a-la-pointe-de-la-gestion-des-donnees-urbaines\/89506\/\",\"name\":\"Darmstadt, une ville allemande \u00e0 la pointe de la gestion des donn\u00e9es urbaines - Territorial Challenges\",\"isPartOf\":{\"@id\":\"https:\/\/territorialchallenges.com\/#website\"},\"datePublished\":\"2021-11-23T19:21:08+00:00\",\"dateModified\":\"2022-05-02T19:57:43+00:00\",\"breadcrumb\":{\"@id\":\"https:\/\/territorialchallenges.com\/2021\/11\/23\/darmstadt-une-ville-allemande-a-la-pointe-de-la-gestion-des-donnees-urbaines\/89506\/#breadcrumb\"},\"inLanguage\":\"nl-NL\",\"potentialAction\":[{\"@type\":\"ReadAction\",\"target\":[\"https:\/\/territorialchallenges.com\/2021\/11\/23\/darmstadt-une-ville-allemande-a-la-pointe-de-la-gestion-des-donnees-urbaines\/89506\/\"]}]},{\"@type\":\"BreadcrumbList\",\"@id\":\"https:\/\/territorialchallenges.com\/2021\/11\/23\/darmstadt-une-ville-allemande-a-la-pointe-de-la-gestion-des-donnees-urbaines\/89506\/#breadcrumb\",\"itemListElement\":[{\"@type\":\"ListItem\",\"position\":1,\"name\":\"Home\",\"item\":\"https:\/\/territorialchallenges.com\/\"},{\"@type\":\"ListItem\",\"position\":2,\"name\":\"Darmstadt, une ville allemande \u00e0 la pointe de la gestion des donn\u00e9es urbaines\"}]},{\"@type\":\"WebSite\",\"@id\":\"https:\/\/territorialchallenges.com\/#website\",\"url\":\"https:\/\/territorialchallenges.com\/\",\"name\":\"Territorial Challenges\",\"description\":\"Veille Internationale - Strat\u00e9gie Intelligentes - Bonnes pratiques\",\"publisher\":{\"@id\":\"https:\/\/territorialchallenges.com\/#organization\"},\"potentialAction\":[{\"@type\":\"SearchAction\",\"target\":{\"@type\":\"EntryPoint\",\"urlTemplate\":\"https:\/\/territorialchallenges.com\/?s={search_term_string}\"},\"query-input\":\"required name=search_term_string\"}],\"inLanguage\":\"nl-NL\"},{\"@type\":\"Organization\",\"@id\":\"https:\/\/territorialchallenges.com\/#organization\",\"name\":\"Territorial Challenges\",\"url\":\"https:\/\/territorialchallenges.com\/\",\"logo\":{\"@type\":\"ImageObject\",\"inLanguage\":\"nl-NL\",\"@id\":\"https:\/\/territorialchallenges.com\/#\/schema\/logo\/image\/\",\"url\":\"https:\/\/territorialchallenges.com\/wp-content\/uploads\/2023\/10\/logo-1.png\",\"contentUrl\":\"https:\/\/territorialchallenges.com\/wp-content\/uploads\/2023\/10\/logo-1.png\",\"width\":1832,\"height\":576,\"caption\":\"Territorial Challenges\"},\"image\":{\"@id\":\"https:\/\/territorialchallenges.com\/#\/schema\/logo\/image\/\"}},{\"@type\":\"Person\",\"@id\":\"https:\/\/territorialchallenges.com\/#\/schema\/person\/098f145c7c61a021c425e010f840080f\",\"name\":\"ni.abdi\",\"image\":{\"@type\":\"ImageObject\",\"inLanguage\":\"nl-NL\",\"@id\":\"https:\/\/territorialchallenges.com\/#\/schema\/person\/image\/\",\"url\":\"https:\/\/secure.gravatar.com\/avatar\/2a2f2491f3c80039986ba989b1e4b510?s=96&d=identicon&r=g\",\"contentUrl\":\"https:\/\/secure.gravatar.com\/avatar\/2a2f2491f3c80039986ba989b1e4b510?s=96&d=identicon&r=g\",\"caption\":\"ni.abdi\"},\"sameAs\":[\"https:\/\/twitter.com\/Ni.abdi\"],\"url\":\"https:\/\/territorialchallenges.com\/nl\/author\/ni-abdi\/\"}]}<\/script>\n<!-- \/ Yoast SEO plugin. -->","yoast_head_json":{"title":"Darmstadt, une ville allemande \u00e0 la pointe de la gestion des donn\u00e9es urbaines - Territorial Challenges","robots":{"index":"index","follow":"follow","max-snippet":"max-snippet:-1","max-image-preview":"max-image-preview:large","max-video-preview":"max-video-preview:-1"},"canonical":"https:\/\/territorialchallenges.com\/nl\/2021\/11\/23\/darmstadt-une-ville-allemande-a-la-pointe-de-la-gestion-des-donnees-urbaines\/89506\/","og_locale":"nl_NL","og_type":"article","og_title":"Darmstadt, une ville allemande \u00e0 la pointe de la gestion des donn\u00e9es urbaines - Territorial Challenges","og_description":"\u00c0 Darmstadt, cit\u00e9 de 160000 habitants, d\u00e9sign\u00e9e comme \u00e9tant \u00ab\u00a0la Ville de la Science\u00a0\u00bb et situ\u00e9e dans le Land de la Hesse, la premi\u00e8re plateforme de donn\u00e9es urbaines d&rsquo;Allemagne a \u00e9t\u00e9 mise en ligne, avec des applications sur le trafic, l&rsquo;environnement et les ordures. A cela, la municipalit\u00e9 fait un point d\u2019honneur sur la participation [&hellip;]","og_url":"https:\/\/territorialchallenges.com\/nl\/2021\/11\/23\/darmstadt-une-ville-allemande-a-la-pointe-de-la-gestion-des-donnees-urbaines\/89506\/","og_site_name":"Territorial Challenges","article_published_time":"2021-11-23T19:21:08+00:00","article_modified_time":"2022-05-02T19:57:43+00:00","og_image":[{"width":1914,"height":866,"url":"https:\/\/territorialchallenges.com\/wp-content\/uploads\/2021\/02\/ilsestpasseaimagedarmstadt.jpg","type":"image\/jpeg"}],"author":"ni.abdi","twitter_card":"summary_large_image","twitter_creator":"@Ni.abdi","twitter_misc":{"Geschreven door":"ni.abdi","Geschatte leestijd":"4 minuten"},"schema":{"@context":"https:\/\/schema.org","@graph":[{"@type":"Article","@id":"https:\/\/territorialchallenges.com\/2021\/11\/23\/darmstadt-une-ville-allemande-a-la-pointe-de-la-gestion-des-donnees-urbaines\/89506\/#article","isPartOf":{"@id":"https:\/\/territorialchallenges.com\/2021\/11\/23\/darmstadt-une-ville-allemande-a-la-pointe-de-la-gestion-des-donnees-urbaines\/89506\/"},"author":{"name":"ni.abdi","@id":"https:\/\/territorialchallenges.com\/#\/schema\/person\/098f145c7c61a021c425e010f840080f"},"headline":"Darmstadt, une ville allemande \u00e0 la pointe de la gestion des donn\u00e9es urbaines","datePublished":"2021-11-23T19:21:08+00:00","dateModified":"2022-05-02T19:57:43+00:00","mainEntityOfPage":{"@id":"https:\/\/territorialchallenges.com\/2021\/11\/23\/darmstadt-une-ville-allemande-a-la-pointe-de-la-gestion-des-donnees-urbaines\/89506\/"},"wordCount":749,"commentCount":0,"publisher":{"@id":"https:\/\/territorialchallenges.com\/#organization"},"articleSection":["Il s'est pass\u00e9 \u00e0","\u00c9cosyst\u00e8me"],"inLanguage":"nl-NL"},{"@type":"WebPage","@id":"https:\/\/territorialchallenges.com\/2021\/11\/23\/darmstadt-une-ville-allemande-a-la-pointe-de-la-gestion-des-donnees-urbaines\/89506\/","url":"https:\/\/territorialchallenges.com\/2021\/11\/23\/darmstadt-une-ville-allemande-a-la-pointe-de-la-gestion-des-donnees-urbaines\/89506\/","name":"Darmstadt, une ville allemande \u00e0 la pointe de la gestion des donn\u00e9es urbaines - Territorial Challenges","isPartOf":{"@id":"https:\/\/territorialchallenges.com\/#website"},"datePublished":"2021-11-23T19:21:08+00:00","dateModified":"2022-05-02T19:57:43+00:00","breadcrumb":{"@id":"https:\/\/territorialchallenges.com\/2021\/11\/23\/darmstadt-une-ville-allemande-a-la-pointe-de-la-gestion-des-donnees-urbaines\/89506\/#breadcrumb"},"inLanguage":"nl-NL","potentialAction":[{"@type":"ReadAction","target":["https:\/\/territorialchallenges.com\/2021\/11\/23\/darmstadt-une-ville-allemande-a-la-pointe-de-la-gestion-des-donnees-urbaines\/89506\/"]}]},{"@type":"BreadcrumbList","@id":"https:\/\/territorialchallenges.com\/2021\/11\/23\/darmstadt-une-ville-allemande-a-la-pointe-de-la-gestion-des-donnees-urbaines\/89506\/#breadcrumb","itemListElement":[{"@type":"ListItem","position":1,"name":"Home","item":"https:\/\/territorialchallenges.com\/"},{"@type":"ListItem","position":2,"name":"Darmstadt, une ville allemande \u00e0 la pointe de la gestion des donn\u00e9es urbaines"}]},{"@type":"WebSite","@id":"https:\/\/territorialchallenges.com\/#website","url":"https:\/\/territorialchallenges.com\/","name":"Territoriale uitdagingen","description":"Internationale monitoring - Slimme strategie\u00ebn - Beste praktijken","publisher":{"@id":"https:\/\/territorialchallenges.com\/#organization"},"potentialAction":[{"@type":"SearchAction","target":{"@type":"EntryPoint","urlTemplate":"https:\/\/territorialchallenges.com\/?s={search_term_string}"},"query-input":"required name=search_term_string"}],"inLanguage":"nl-NL"},{"@type":"Organization","@id":"https:\/\/territorialchallenges.com\/#organization","name":"Territoriale uitdagingen","url":"https:\/\/territorialchallenges.com\/","logo":{"@type":"ImageObject","inLanguage":"nl-NL","@id":"https:\/\/territorialchallenges.com\/#\/schema\/logo\/image\/","url":"https:\/\/territorialchallenges.com\/wp-content\/uploads\/2023\/10\/logo-1.png","contentUrl":"https:\/\/territorialchallenges.com\/wp-content\/uploads\/2023\/10\/logo-1.png","width":1832,"height":576,"caption":"Territorial Challenges"},"image":{"@id":"https:\/\/territorialchallenges.com\/#\/schema\/logo\/image\/"}},{"@type":"Person","@id":"https:\/\/territorialchallenges.com\/#\/schema\/person\/098f145c7c61a021c425e010f840080f","name":"ni.abdi","image":{"@type":"ImageObject","inLanguage":"nl-NL","@id":"https:\/\/territorialchallenges.com\/#\/schema\/person\/image\/","url":"https:\/\/secure.gravatar.com\/avatar\/2a2f2491f3c80039986ba989b1e4b510?s=96&d=identicon&r=g","contentUrl":"https:\/\/secure.gravatar.com\/avatar\/2a2f2491f3c80039986ba989b1e4b510?s=96&d=identicon&r=g","caption":"ni.abdi"},"sameAs":["https:\/\/twitter.com\/Ni.abdi"],"url":"https:\/\/territorialchallenges.com\/nl\/author\/ni-abdi\/"}]}},"_links":{"self":[{"href":"https:\/\/territorialchallenges.com\/nl\/wp-json\/wp\/v2\/posts\/89506"}],"collection":[{"href":"https:\/\/territorialchallenges.com\/nl\/wp-json\/wp\/v2\/posts"}],"about":[{"href":"https:\/\/territorialchallenges.com\/nl\/wp-json\/wp\/v2\/types\/post"}],"author":[{"embeddable":true,"href":"https:\/\/territorialchallenges.com\/nl\/wp-json\/wp\/v2\/users\/11"}],"replies":[{"embeddable":true,"href":"https:\/\/territorialchallenges.com\/nl\/wp-json\/wp\/v2\/comments?post=89506"}],"version-history":[{"count":1,"href":"https:\/\/territorialchallenges.com\/nl\/wp-json\/wp\/v2\/posts\/89506\/revisions"}],"predecessor-version":[{"id":89511,"href":"https:\/\/territorialchallenges.com\/nl\/wp-json\/wp\/v2\/posts\/89506\/revisions\/89511"}],"wp:featuredmedia":[{"embeddable":true,"href":"https:\/\/territorialchallenges.com\/nl\/wp-json\/wp\/v2\/media\/89507"}],"wp:attachment":[{"href":"https:\/\/territorialchallenges.com\/nl\/wp-json\/wp\/v2\/media?parent=89506"}],"wp:term":[{"taxonomy":"category","embeddable":true,"href":"https:\/\/territorialchallenges.com\/nl\/wp-json\/wp\/v2\/categories?post=89506"},{"taxonomy":"post_tag","embeddable":true,"href":"https:\/\/territorialchallenges.com\/nl\/wp-json\/wp\/v2\/tags?post=89506"}],"curies":[{"name":"wp","href":"https:\/\/api.w.org\/{rel}","templated":true}]}}