{"id":89484,"date":"2021-11-23T17:58:50","date_gmt":"2021-11-23T16:58:50","guid":{"rendered":"https:\/\/territorialchallenges.com\/?p=89484"},"modified":"2022-05-02T21:58:47","modified_gmt":"2022-05-02T19:58:47","slug":"reflexion-dun-universitaire-danois-au-sujet-de-lindustrie-4-0","status":"publish","type":"post","link":"https:\/\/territorialchallenges.com\/nl\/2021\/11\/23\/reflexion-dun-universitaire-danois-au-sujet-de-lindustrie-4-0\/89484\/","title":{"rendered":"De gedachten van een Deense academicus over Industrie 4.0"},"content":{"rendered":"<p>De groene transitie, digitalisering en Industrie 4.0 zijn sleutelwoorden voor de toekomst van de industrie in Denemarken. Dit is een onderwerp dat Anders Brandt, het nieuwe hoofd van de faculteit Werktuigbouwkunde en Productie aan de Universiteit van Aarhus, nauw aan het hart ligt. Hij hecht veel waarde aan onderzoek, ontwikkeling en samenwerking tussen universiteiten en bedrijven. <\/p>\n<div class=\"pmpro_content_message\">Artikel alleen beschikbaar voor abonnees.<br \/><a href=\"https:\/\/territorialchallenges.com\/wp-login.php\">Login<\/a><br \/><a href=\"https:\/\/territorialchallenges.com\/nl\/wp-login.php\/?action=register\">Register<\/a><\/div>","protected":false},"excerpt":{"rendered":"<p>La transition verte, la num\u00e9risation et l&rsquo;industrie 4.0 sont tous des mots cl\u00e9s pour l&rsquo;avenir de l&rsquo;industrie au Danemark.\u00a0C\u2019est un sujet cher \u00e0 Anders Brandt, nouveau chef du d\u00e9partement de m\u00e9canique et de production de l&rsquo;Universit\u00e9 d&rsquo;Aarhus qui accorde une grande importance \u00e0 la recherche, au d\u00e9veloppement et \u00e0 la collaboration entre universit\u00e9s et entreprises.... <\/p>\n<div class=\"pmpro_content_message\">Artikel alleen beschikbaar voor abonnees.<br \/><a href=\"https:\/\/territorialchallenges.com\/wp-login.php\">Login<\/a><br \/><a href=\"https:\/\/territorialchallenges.com\/nl\/wp-login.php\/?action=register\">Register<\/a><\/div>","protected":false},"author":11,"featured_media":89485,"comment_status":"open","ping_status":"open","sticky":true,"template":"","format":"standard","meta":{"pmpro_default_level":0,"footnotes":""},"categories":[17,127],"tags":[],"blocksy_meta":"","yoast_head":"<!-- This site is optimized with the Yoast SEO plugin v21.5 - https:\/\/yoast.com\/wordpress\/plugins\/seo\/ -->\n<title>R\u00e9flexion d\u2019un universitaire danois au sujet de l\u2019industrie 4.0 - Territorial Challenges<\/title>\n<meta name=\"robots\" content=\"index, follow, max-snippet:-1, max-image-preview:large, max-video-preview:-1\" \/>\n<link rel=\"canonical\" href=\"https:\/\/territorialchallenges.com\/nl\/2021\/11\/23\/reflexion-dun-universitaire-danois-au-sujet-de-lindustrie-4-0\/89484\/\" \/>\n<meta property=\"og:locale\" content=\"nl_NL\" \/>\n<meta property=\"og:type\" content=\"article\" \/>\n<meta property=\"og:title\" content=\"R\u00e9flexion d\u2019un universitaire danois au sujet de l\u2019industrie 4.0 - Territorial Challenges\" \/>\n<meta property=\"og:description\" content=\"La transition verte, la num\u00e9risation et l&rsquo;industrie 4.0 sont tous des mots cl\u00e9s pour l&rsquo;avenir de l&rsquo;industrie au Danemark.\u00a0C\u2019est un sujet cher \u00e0 Anders Brandt, nouveau chef du d\u00e9partement de m\u00e9canique et de production de l&rsquo;Universit\u00e9 d&rsquo;Aarhus qui accorde une grande importance \u00e0 la recherche, au d\u00e9veloppement et \u00e0 la collaboration entre universit\u00e9s et entreprises. [&hellip;]\" \/>\n<meta property=\"og:url\" content=\"https:\/\/territorialchallenges.com\/nl\/2021\/11\/23\/reflexion-dun-universitaire-danois-au-sujet-de-lindustrie-4-0\/89484\/\" \/>\n<meta property=\"og:site_name\" content=\"Territorial Challenges\" \/>\n<meta property=\"article:published_time\" content=\"2021-11-23T16:58:50+00:00\" \/>\n<meta property=\"article:modified_time\" content=\"2022-05-02T19:58:47+00:00\" \/>\n<meta property=\"og:image\" content=\"https:\/\/territorialchallenges.com\/wp-content\/uploads\/2021\/02\/smartindustryarhusimage.jpg\" \/>\n\t<meta property=\"og:image:width\" content=\"1920\" \/>\n\t<meta property=\"og:image:height\" content=\"1280\" \/>\n\t<meta property=\"og:image:type\" content=\"image\/jpeg\" \/>\n<meta name=\"author\" content=\"ni.abdi\" \/>\n<meta name=\"twitter:card\" content=\"summary_large_image\" \/>\n<meta name=\"twitter:creator\" content=\"@Ni.abdi\" \/>\n<meta name=\"twitter:label1\" content=\"Geschreven door\" \/>\n\t<meta name=\"twitter:data1\" content=\"ni.abdi\" \/>\n\t<meta name=\"twitter:label2\" content=\"Geschatte leestijd\" \/>\n\t<meta name=\"twitter:data2\" content=\"3 minuten\" \/>\n<script type=\"application\/ld+json\" class=\"yoast-schema-graph\">{\"@context\":\"https:\/\/schema.org\",\"@graph\":[{\"@type\":\"Article\",\"@id\":\"https:\/\/territorialchallenges.com\/2021\/11\/23\/reflexion-dun-universitaire-danois-au-sujet-de-lindustrie-4-0\/89484\/#article\",\"isPartOf\":{\"@id\":\"https:\/\/territorialchallenges.com\/2021\/11\/23\/reflexion-dun-universitaire-danois-au-sujet-de-lindustrie-4-0\/89484\/\"},\"author\":{\"name\":\"ni.abdi\",\"@id\":\"https:\/\/territorialchallenges.com\/#\/schema\/person\/098f145c7c61a021c425e010f840080f\"},\"headline\":\"R\u00e9flexion d\u2019un universitaire danois au sujet de l\u2019industrie 4.0\",\"datePublished\":\"2021-11-23T16:58:50+00:00\",\"dateModified\":\"2022-05-02T19:58:47+00:00\",\"mainEntityOfPage\":{\"@id\":\"https:\/\/territorialchallenges.com\/2021\/11\/23\/reflexion-dun-universitaire-danois-au-sujet-de-lindustrie-4-0\/89484\/\"},\"wordCount\":746,\"commentCount\":0,\"publisher\":{\"@id\":\"https:\/\/territorialchallenges.com\/#organization\"},\"articleSection\":[\"Industrie 5.0\",\"Actualit\u00e9 Europe\"],\"inLanguage\":\"nl-NL\"},{\"@type\":\"WebPage\",\"@id\":\"https:\/\/territorialchallenges.com\/2021\/11\/23\/reflexion-dun-universitaire-danois-au-sujet-de-lindustrie-4-0\/89484\/\",\"url\":\"https:\/\/territorialchallenges.com\/2021\/11\/23\/reflexion-dun-universitaire-danois-au-sujet-de-lindustrie-4-0\/89484\/\",\"name\":\"R\u00e9flexion d\u2019un universitaire danois au sujet de l\u2019industrie 4.0 - Territorial Challenges\",\"isPartOf\":{\"@id\":\"https:\/\/territorialchallenges.com\/#website\"},\"datePublished\":\"2021-11-23T16:58:50+00:00\",\"dateModified\":\"2022-05-02T19:58:47+00:00\",\"breadcrumb\":{\"@id\":\"https:\/\/territorialchallenges.com\/2021\/11\/23\/reflexion-dun-universitaire-danois-au-sujet-de-lindustrie-4-0\/89484\/#breadcrumb\"},\"inLanguage\":\"nl-NL\",\"potentialAction\":[{\"@type\":\"ReadAction\",\"target\":[\"https:\/\/territorialchallenges.com\/2021\/11\/23\/reflexion-dun-universitaire-danois-au-sujet-de-lindustrie-4-0\/89484\/\"]}]},{\"@type\":\"BreadcrumbList\",\"@id\":\"https:\/\/territorialchallenges.com\/2021\/11\/23\/reflexion-dun-universitaire-danois-au-sujet-de-lindustrie-4-0\/89484\/#breadcrumb\",\"itemListElement\":[{\"@type\":\"ListItem\",\"position\":1,\"name\":\"Home\",\"item\":\"https:\/\/territorialchallenges.com\/\"},{\"@type\":\"ListItem\",\"position\":2,\"name\":\"R\u00e9flexion d\u2019un universitaire danois au sujet de l\u2019industrie 4.0\"}]},{\"@type\":\"WebSite\",\"@id\":\"https:\/\/territorialchallenges.com\/#website\",\"url\":\"https:\/\/territorialchallenges.com\/\",\"name\":\"Territorial Challenges\",\"description\":\"Veille Internationale - Strat\u00e9gie Intelligentes - Bonnes pratiques\",\"publisher\":{\"@id\":\"https:\/\/territorialchallenges.com\/#organization\"},\"potentialAction\":[{\"@type\":\"SearchAction\",\"target\":{\"@type\":\"EntryPoint\",\"urlTemplate\":\"https:\/\/territorialchallenges.com\/?s={search_term_string}\"},\"query-input\":\"required name=search_term_string\"}],\"inLanguage\":\"nl-NL\"},{\"@type\":\"Organization\",\"@id\":\"https:\/\/territorialchallenges.com\/#organization\",\"name\":\"Territorial Challenges\",\"url\":\"https:\/\/territorialchallenges.com\/\",\"logo\":{\"@type\":\"ImageObject\",\"inLanguage\":\"nl-NL\",\"@id\":\"https:\/\/territorialchallenges.com\/#\/schema\/logo\/image\/\",\"url\":\"https:\/\/territorialchallenges.com\/wp-content\/uploads\/2023\/10\/logo-1.png\",\"contentUrl\":\"https:\/\/territorialchallenges.com\/wp-content\/uploads\/2023\/10\/logo-1.png\",\"width\":1832,\"height\":576,\"caption\":\"Territorial Challenges\"},\"image\":{\"@id\":\"https:\/\/territorialchallenges.com\/#\/schema\/logo\/image\/\"}},{\"@type\":\"Person\",\"@id\":\"https:\/\/territorialchallenges.com\/#\/schema\/person\/098f145c7c61a021c425e010f840080f\",\"name\":\"ni.abdi\",\"image\":{\"@type\":\"ImageObject\",\"inLanguage\":\"nl-NL\",\"@id\":\"https:\/\/territorialchallenges.com\/#\/schema\/person\/image\/\",\"url\":\"https:\/\/secure.gravatar.com\/avatar\/2a2f2491f3c80039986ba989b1e4b510?s=96&d=identicon&r=g\",\"contentUrl\":\"https:\/\/secure.gravatar.com\/avatar\/2a2f2491f3c80039986ba989b1e4b510?s=96&d=identicon&r=g\",\"caption\":\"ni.abdi\"},\"sameAs\":[\"https:\/\/twitter.com\/Ni.abdi\"],\"url\":\"https:\/\/territorialchallenges.com\/nl\/author\/ni-abdi\/\"}]}<\/script>\n<!-- \/ Yoast SEO plugin. -->","yoast_head_json":{"title":"R\u00e9flexion d\u2019un universitaire danois au sujet de l\u2019industrie 4.0 - Territorial Challenges","robots":{"index":"index","follow":"follow","max-snippet":"max-snippet:-1","max-image-preview":"max-image-preview:large","max-video-preview":"max-video-preview:-1"},"canonical":"https:\/\/territorialchallenges.com\/nl\/2021\/11\/23\/reflexion-dun-universitaire-danois-au-sujet-de-lindustrie-4-0\/89484\/","og_locale":"nl_NL","og_type":"article","og_title":"R\u00e9flexion d\u2019un universitaire danois au sujet de l\u2019industrie 4.0 - Territorial Challenges","og_description":"La transition verte, la num\u00e9risation et l&rsquo;industrie 4.0 sont tous des mots cl\u00e9s pour l&rsquo;avenir de l&rsquo;industrie au Danemark.\u00a0C\u2019est un sujet cher \u00e0 Anders Brandt, nouveau chef du d\u00e9partement de m\u00e9canique et de production de l&rsquo;Universit\u00e9 d&rsquo;Aarhus qui accorde une grande importance \u00e0 la recherche, au d\u00e9veloppement et \u00e0 la collaboration entre universit\u00e9s et entreprises. [&hellip;]","og_url":"https:\/\/territorialchallenges.com\/nl\/2021\/11\/23\/reflexion-dun-universitaire-danois-au-sujet-de-lindustrie-4-0\/89484\/","og_site_name":"Territorial Challenges","article_published_time":"2021-11-23T16:58:50+00:00","article_modified_time":"2022-05-02T19:58:47+00:00","og_image":[{"width":1920,"height":1280,"url":"https:\/\/territorialchallenges.com\/wp-content\/uploads\/2021\/02\/smartindustryarhusimage.jpg","type":"image\/jpeg"}],"author":"ni.abdi","twitter_card":"summary_large_image","twitter_creator":"@Ni.abdi","twitter_misc":{"Geschreven door":"ni.abdi","Geschatte leestijd":"3 minuten"},"schema":{"@context":"https:\/\/schema.org","@graph":[{"@type":"Article","@id":"https:\/\/territorialchallenges.com\/2021\/11\/23\/reflexion-dun-universitaire-danois-au-sujet-de-lindustrie-4-0\/89484\/#article","isPartOf":{"@id":"https:\/\/territorialchallenges.com\/2021\/11\/23\/reflexion-dun-universitaire-danois-au-sujet-de-lindustrie-4-0\/89484\/"},"author":{"name":"ni.abdi","@id":"https:\/\/territorialchallenges.com\/#\/schema\/person\/098f145c7c61a021c425e010f840080f"},"headline":"R\u00e9flexion d\u2019un universitaire danois au sujet de l\u2019industrie 4.0","datePublished":"2021-11-23T16:58:50+00:00","dateModified":"2022-05-02T19:58:47+00:00","mainEntityOfPage":{"@id":"https:\/\/territorialchallenges.com\/2021\/11\/23\/reflexion-dun-universitaire-danois-au-sujet-de-lindustrie-4-0\/89484\/"},"wordCount":746,"commentCount":0,"publisher":{"@id":"https:\/\/territorialchallenges.com\/#organization"},"articleSection":["Industrie 5.0","Actualit\u00e9 Europe"],"inLanguage":"nl-NL"},{"@type":"WebPage","@id":"https:\/\/territorialchallenges.com\/2021\/11\/23\/reflexion-dun-universitaire-danois-au-sujet-de-lindustrie-4-0\/89484\/","url":"https:\/\/territorialchallenges.com\/2021\/11\/23\/reflexion-dun-universitaire-danois-au-sujet-de-lindustrie-4-0\/89484\/","name":"R\u00e9flexion d\u2019un universitaire danois au sujet de l\u2019industrie 4.0 - Territorial Challenges","isPartOf":{"@id":"https:\/\/territorialchallenges.com\/#website"},"datePublished":"2021-11-23T16:58:50+00:00","dateModified":"2022-05-02T19:58:47+00:00","breadcrumb":{"@id":"https:\/\/territorialchallenges.com\/2021\/11\/23\/reflexion-dun-universitaire-danois-au-sujet-de-lindustrie-4-0\/89484\/#breadcrumb"},"inLanguage":"nl-NL","potentialAction":[{"@type":"ReadAction","target":["https:\/\/territorialchallenges.com\/2021\/11\/23\/reflexion-dun-universitaire-danois-au-sujet-de-lindustrie-4-0\/89484\/"]}]},{"@type":"BreadcrumbList","@id":"https:\/\/territorialchallenges.com\/2021\/11\/23\/reflexion-dun-universitaire-danois-au-sujet-de-lindustrie-4-0\/89484\/#breadcrumb","itemListElement":[{"@type":"ListItem","position":1,"name":"Home","item":"https:\/\/territorialchallenges.com\/"},{"@type":"ListItem","position":2,"name":"R\u00e9flexion d\u2019un universitaire danois au sujet de l\u2019industrie 4.0"}]},{"@type":"WebSite","@id":"https:\/\/territorialchallenges.com\/#website","url":"https:\/\/territorialchallenges.com\/","name":"Territoriale uitdagingen","description":"Internationale monitoring - Slimme strategie\u00ebn - Beste praktijken","publisher":{"@id":"https:\/\/territorialchallenges.com\/#organization"},"potentialAction":[{"@type":"SearchAction","target":{"@type":"EntryPoint","urlTemplate":"https:\/\/territorialchallenges.com\/?s={search_term_string}"},"query-input":"required name=search_term_string"}],"inLanguage":"nl-NL"},{"@type":"Organization","@id":"https:\/\/territorialchallenges.com\/#organization","name":"Territoriale uitdagingen","url":"https:\/\/territorialchallenges.com\/","logo":{"@type":"ImageObject","inLanguage":"nl-NL","@id":"https:\/\/territorialchallenges.com\/#\/schema\/logo\/image\/","url":"https:\/\/territorialchallenges.com\/wp-content\/uploads\/2023\/10\/logo-1.png","contentUrl":"https:\/\/territorialchallenges.com\/wp-content\/uploads\/2023\/10\/logo-1.png","width":1832,"height":576,"caption":"Territorial Challenges"},"image":{"@id":"https:\/\/territorialchallenges.com\/#\/schema\/logo\/image\/"}},{"@type":"Person","@id":"https:\/\/territorialchallenges.com\/#\/schema\/person\/098f145c7c61a021c425e010f840080f","name":"ni.abdi","image":{"@type":"ImageObject","inLanguage":"nl-NL","@id":"https:\/\/territorialchallenges.com\/#\/schema\/person\/image\/","url":"https:\/\/secure.gravatar.com\/avatar\/2a2f2491f3c80039986ba989b1e4b510?s=96&d=identicon&r=g","contentUrl":"https:\/\/secure.gravatar.com\/avatar\/2a2f2491f3c80039986ba989b1e4b510?s=96&d=identicon&r=g","caption":"ni.abdi"},"sameAs":["https:\/\/twitter.com\/Ni.abdi"],"url":"https:\/\/territorialchallenges.com\/nl\/author\/ni-abdi\/"}]}},"_links":{"self":[{"href":"https:\/\/territorialchallenges.com\/nl\/wp-json\/wp\/v2\/posts\/89484"}],"collection":[{"href":"https:\/\/territorialchallenges.com\/nl\/wp-json\/wp\/v2\/posts"}],"about":[{"href":"https:\/\/territorialchallenges.com\/nl\/wp-json\/wp\/v2\/types\/post"}],"author":[{"embeddable":true,"href":"https:\/\/territorialchallenges.com\/nl\/wp-json\/wp\/v2\/users\/11"}],"replies":[{"embeddable":true,"href":"https:\/\/territorialchallenges.com\/nl\/wp-json\/wp\/v2\/comments?post=89484"}],"version-history":[{"count":1,"href":"https:\/\/territorialchallenges.com\/nl\/wp-json\/wp\/v2\/posts\/89484\/revisions"}],"predecessor-version":[{"id":89489,"href":"https:\/\/territorialchallenges.com\/nl\/wp-json\/wp\/v2\/posts\/89484\/revisions\/89489"}],"wp:featuredmedia":[{"embeddable":true,"href":"https:\/\/territorialchallenges.com\/nl\/wp-json\/wp\/v2\/media\/89485"}],"wp:attachment":[{"href":"https:\/\/territorialchallenges.com\/nl\/wp-json\/wp\/v2\/media?parent=89484"}],"wp:term":[{"taxonomy":"category","embeddable":true,"href":"https:\/\/territorialchallenges.com\/nl\/wp-json\/wp\/v2\/categories?post=89484"},{"taxonomy":"post_tag","embeddable":true,"href":"https:\/\/territorialchallenges.com\/nl\/wp-json\/wp\/v2\/tags?post=89484"}],"curies":[{"name":"wp","href":"https:\/\/api.w.org\/{rel}","templated":true}]}}